{"id":2058,"date":"2017-03-14T13:49:30","date_gmt":"2017-03-14T16:49:30","guid":{"rendered":"https:\/\/pecorari-cloud72.pecoraricloud.com.br\/~sitsesporg\/em-sp-movimentos-irao-a-paulista-no-dia-15-para-defender-a-aposentadoria\/"},"modified":"2017-03-14T13:49:30","modified_gmt":"2017-03-14T16:49:30","slug":"em-sp-movimentos-irao-a-paulista-no-dia-15-para-defender-a-aposentadoria","status":"publish","type":"post","link":"https:\/\/www.sitsesp.org.br\/novo\/em-sp-movimentos-irao-a-paulista-no-dia-15-para-defender-a-aposentadoria\/","title":{"rendered":"Em SP, movimentos ir\u00e3o \u00e0 Paulista no dia 15 para defender a aposentadoria"},"content":{"rendered":"<p><!-- VideographyWP Plugin Message: Automatic video embedding prevented by plugin options. --><\/p>\n<p>A luta &#233; contra a Proposta de Emenda &#224; Constitui&#231;&#227;o (PEC) 287, que trata sobre a reforma da Previd&#234;ncia. Sem discuss&#227;o com a sociedade civil, a medida pretende igualar a idade m&#237;nima de 65 anos entre homens e mulheres e estabelece 49 anos de contribui&#231;&#227;o ininterrupta para o recebimento da aposentadoria integral.<\/p>\n<p>Paralisa&#231;&#245;es, assembleias nas portas dos locais de trabalho, atrasos na entrada, passeatas e manifesta&#231;&#245;es ocorrer&#227;o durante o dia em todo o Brasil. Em S&#227;o Paulo, os movimentos organizam a&#231;&#245;es na capital e no interior.<\/p>\n<p>Presidente da CUT S&#227;o Paulo, Douglas Izzo afirma que em 2017 as lutas ser&#227;o ampliadas e &#233; momento de mobilizar os trabalhadores para cruzarem os bra&#231;os em protesto contra as medidas retr&#243;gradas do governo ileg&#237;timo de Michel Temer (PMDB).<\/p>\n<p>&#8220;Estamos realizando audi&#234;ncias p&#250;blicas, plen&#225;rias nos sindicatos, panfletagens e todas as a&#231;&#245;es necess&#225;rias para alertar a classe trabalhadora e toda a sociedade contra os preju&#237;zos que a reforma da Previd&#234;ncia pode provocar. Estaremos nas ruas contra essa reforma perversa e cruel que os golpistas querem impor&#8221;, diz o dirigente.<\/p>\n","protected":false},"excerpt":{"rendered":"<p>A luta &#233; contra a Proposta de Emenda &#224; Constitui&#231;&#227;o (PEC) 287, que trata sobre a reforma da Previd&#234;ncia. Sem discuss&#227;o&hellip;<\/p>\n","protected":false},"author":1,"featured_media":0,"comment_status":"open","ping_status":"open","sticky":false,"template":"","format":"standard","meta":{"cybocfi_hide_featured_image":"","footnotes":""},"categories":[22],"tags":[],"yoast_head":"<!-- This site is optimized with the Yoast SEO plugin v22.8 - https:\/\/yoast.com\/wordpress\/plugins\/seo\/ -->\n<title>Em SP, movimentos ir\u00e3o \u00e0 Paulista no dia 15 para defender a aposentadoria - SITSESP<\/title>\n<meta name=\"robots\" content=\"index, follow, max-snippet:-1, max-image-preview:large, max-video-preview:-1\" \/>\n<link rel=\"canonical\" href=\"https:\/\/www.sitsesp.org.br\/novo\/em-sp-movimentos-irao-a-paulista-no-dia-15-para-defender-a-aposentadoria\/\" \/>\n<meta property=\"og:locale\" content=\"pt_BR\" \/>\n<meta property=\"og:type\" content=\"article\" \/>\n<meta property=\"og:title\" content=\"Em SP, movimentos ir\u00e3o \u00e0 Paulista no dia 15 para defender a aposentadoria - SITSESP\" \/>\n<meta property=\"og:description\" content=\"A luta &#233; contra a Proposta de Emenda &#224; Constitui&#231;&#227;o (PEC) 287, que trata sobre a reforma da Previd&#234;ncia. Sem discuss&#227;o&hellip;\" \/>\n<meta property=\"og:url\" content=\"https:\/\/www.sitsesp.org.br\/novo\/em-sp-movimentos-irao-a-paulista-no-dia-15-para-defender-a-aposentadoria\/\" \/>\n<meta property=\"og:site_name\" content=\"SITSESP\" \/>\n<meta property=\"article:published_time\" content=\"2017-03-14T16:49:30+00:00\" \/>\n<meta name=\"author\" content=\"mhais\" \/>\n<meta name=\"twitter:card\" content=\"summary_large_image\" \/>\n<meta name=\"twitter:label1\" content=\"Escrito por\" \/>\n\t<meta name=\"twitter:data1\" content=\"mhais\" \/>\n\t<meta name=\"twitter:label2\" content=\"Est. tempo de leitura\" \/>\n\t<meta name=\"twitter:data2\" content=\"1 minuto\" \/>\n<script type=\"application\/ld+json\" class=\"yoast-schema-graph\">{\"@context\":\"https:\/\/schema.org\",\"@graph\":[{\"@type\":\"Article\",\"@id\":\"https:\/\/www.sitsesp.org.br\/novo\/em-sp-movimentos-irao-a-paulista-no-dia-15-para-defender-a-aposentadoria\/#article\",\"isPartOf\":{\"@id\":\"https:\/\/www.sitsesp.org.br\/novo\/em-sp-movimentos-irao-a-paulista-no-dia-15-para-defender-a-aposentadoria\/\"},\"author\":{\"name\":\"mhais\",\"@id\":\"https:\/\/www.sitsesp.org.br\/novo\/#\/schema\/person\/2a4c180eb185645b3bef8657c75e305a\"},\"headline\":\"Em SP, movimentos ir\u00e3o \u00e0 Paulista no dia 15 para defender a aposentadoria\",\"datePublished\":\"2017-03-14T16:49:30+00:00\",\"dateModified\":\"2017-03-14T16:49:30+00:00\",\"mainEntityOfPage\":{\"@id\":\"https:\/\/www.sitsesp.org.br\/novo\/em-sp-movimentos-irao-a-paulista-no-dia-15-para-defender-a-aposentadoria\/\"},\"wordCount\":201,\"commentCount\":0,\"publisher\":{\"@id\":\"https:\/\/www.sitsesp.org.br\/novo\/#organization\"},\"articleSection\":[\"Noticias\"],\"inLanguage\":\"pt-BR\",\"potentialAction\":[{\"@type\":\"CommentAction\",\"name\":\"Comment\",\"target\":[\"https:\/\/www.sitsesp.org.br\/novo\/em-sp-movimentos-irao-a-paulista-no-dia-15-para-defender-a-aposentadoria\/#respond\"]}]},{\"@type\":\"WebPage\",\"@id\":\"https:\/\/www.sitsesp.org.br\/novo\/em-sp-movimentos-irao-a-paulista-no-dia-15-para-defender-a-aposentadoria\/\",\"url\":\"https:\/\/www.sitsesp.org.br\/novo\/em-sp-movimentos-irao-a-paulista-no-dia-15-para-defender-a-aposentadoria\/\",\"name\":\"Em SP, movimentos ir\u00e3o \u00e0 Paulista no dia 15 para defender a aposentadoria - SITSESP\",\"isPartOf\":{\"@id\":\"https:\/\/www.sitsesp.org.br\/novo\/#website\"},\"datePublished\":\"2017-03-14T16:49:30+00:00\",\"dateModified\":\"2017-03-14T16:49:30+00:00\",\"breadcrumb\":{\"@id\":\"https:\/\/www.sitsesp.org.br\/novo\/em-sp-movimentos-irao-a-paulista-no-dia-15-para-defender-a-aposentadoria\/#breadcrumb\"},\"inLanguage\":\"pt-BR\",\"potentialAction\":[{\"@type\":\"ReadAction\",\"target\":[\"https:\/\/www.sitsesp.org.br\/novo\/em-sp-movimentos-irao-a-paulista-no-dia-15-para-defender-a-aposentadoria\/\"]}]},{\"@type\":\"BreadcrumbList\",\"@id\":\"https:\/\/www.sitsesp.org.br\/novo\/em-sp-movimentos-irao-a-paulista-no-dia-15-para-defender-a-aposentadoria\/#breadcrumb\",\"itemListElement\":[{\"@type\":\"ListItem\",\"position\":1,\"name\":\"In\u00edcio\",\"item\":\"https:\/\/www.sitsesp.org.br\/novo\/\"},{\"@type\":\"ListItem\",\"position\":2,\"name\":\"Em SP, movimentos ir\u00e3o \u00e0 Paulista no dia 15 para defender a aposentadoria\"}]},{\"@type\":\"WebSite\",\"@id\":\"https:\/\/www.sitsesp.org.br\/novo\/#website\",\"url\":\"https:\/\/www.sitsesp.org.br\/novo\/\",\"name\":\"Sitsesp\",\"description\":\"SIndicato da Socioeduca\u00e7\u00e3o do Estado de S\u00e3o Paulo\",\"publisher\":{\"@id\":\"https:\/\/www.sitsesp.org.br\/novo\/#organization\"},\"potentialAction\":[{\"@type\":\"SearchAction\",\"target\":{\"@type\":\"EntryPoint\",\"urlTemplate\":\"https:\/\/www.sitsesp.org.br\/novo\/?s={search_term_string}\"},\"query-input\":\"required name=search_term_string\"}],\"inLanguage\":\"pt-BR\"},{\"@type\":\"Organization\",\"@id\":\"https:\/\/www.sitsesp.org.br\/novo\/#organization\",\"name\":\"Sitsesp\",\"url\":\"https:\/\/www.sitsesp.org.br\/novo\/\",\"logo\":{\"@type\":\"ImageObject\",\"inLanguage\":\"pt-BR\",\"@id\":\"https:\/\/www.sitsesp.org.br\/novo\/#\/schema\/logo\/image\/\",\"url\":\"https:\/\/www.sitsesp.org.br\/novo\/wp-content\/uploads\/2020\/09\/Design-sem-nome-1.jpg\",\"contentUrl\":\"https:\/\/www.sitsesp.org.br\/novo\/wp-content\/uploads\/2020\/09\/Design-sem-nome-1.jpg\",\"width\":300,\"height\":300,\"caption\":\"Sitsesp\"},\"image\":{\"@id\":\"https:\/\/www.sitsesp.org.br\/novo\/#\/schema\/logo\/image\/\"}},{\"@type\":\"Person\",\"@id\":\"https:\/\/www.sitsesp.org.br\/novo\/#\/schema\/person\/2a4c180eb185645b3bef8657c75e305a\",\"name\":\"mhais\",\"image\":{\"@type\":\"ImageObject\",\"inLanguage\":\"pt-BR\",\"@id\":\"https:\/\/www.sitsesp.org.br\/novo\/#\/schema\/person\/image\/\",\"url\":\"https:\/\/secure.gravatar.com\/avatar\/6f4eabe86990e81328cf702edfa92a60?s=96&d=mm&r=g\",\"contentUrl\":\"https:\/\/secure.gravatar.com\/avatar\/6f4eabe86990e81328cf702edfa92a60?s=96&d=mm&r=g\",\"caption\":\"mhais\"},\"sameAs\":[\"http:\/\/localhost\/sitsesp\"]}]}<\/script>\n<!-- \/ Yoast SEO plugin. -->","yoast_head_json":{"title":"Em SP, movimentos ir\u00e3o \u00e0 Paulista no dia 15 para defender a aposentadoria - SITSESP","robots":{"index":"index","follow":"follow","max-snippet":"max-snippet:-1","max-image-preview":"max-image-preview:large","max-video-preview":"max-video-preview:-1"},"canonical":"https:\/\/www.sitsesp.org.br\/novo\/em-sp-movimentos-irao-a-paulista-no-dia-15-para-defender-a-aposentadoria\/","og_locale":"pt_BR","og_type":"article","og_title":"Em SP, movimentos ir\u00e3o \u00e0 Paulista no dia 15 para defender a aposentadoria - SITSESP","og_description":"A luta &#233; contra a Proposta de Emenda &#224; Constitui&#231;&#227;o (PEC) 287, que trata sobre a reforma da Previd&#234;ncia. Sem discuss&#227;o&hellip;","og_url":"https:\/\/www.sitsesp.org.br\/novo\/em-sp-movimentos-irao-a-paulista-no-dia-15-para-defender-a-aposentadoria\/","og_site_name":"SITSESP","article_published_time":"2017-03-14T16:49:30+00:00","author":"mhais","twitter_card":"summary_large_image","twitter_misc":{"Escrito por":"mhais","Est. tempo de leitura":"1 minuto"},"schema":{"@context":"https:\/\/schema.org","@graph":[{"@type":"Article","@id":"https:\/\/www.sitsesp.org.br\/novo\/em-sp-movimentos-irao-a-paulista-no-dia-15-para-defender-a-aposentadoria\/#article","isPartOf":{"@id":"https:\/\/www.sitsesp.org.br\/novo\/em-sp-movimentos-irao-a-paulista-no-dia-15-para-defender-a-aposentadoria\/"},"author":{"name":"mhais","@id":"https:\/\/www.sitsesp.org.br\/novo\/#\/schema\/person\/2a4c180eb185645b3bef8657c75e305a"},"headline":"Em SP, movimentos ir\u00e3o \u00e0 Paulista no dia 15 para defender a aposentadoria","datePublished":"2017-03-14T16:49:30+00:00","dateModified":"2017-03-14T16:49:30+00:00","mainEntityOfPage":{"@id":"https:\/\/www.sitsesp.org.br\/novo\/em-sp-movimentos-irao-a-paulista-no-dia-15-para-defender-a-aposentadoria\/"},"wordCount":201,"commentCount":0,"publisher":{"@id":"https:\/\/www.sitsesp.org.br\/novo\/#organization"},"articleSection":["Noticias"],"inLanguage":"pt-BR","potentialAction":[{"@type":"CommentAction","name":"Comment","target":["https:\/\/www.sitsesp.org.br\/novo\/em-sp-movimentos-irao-a-paulista-no-dia-15-para-defender-a-aposentadoria\/#respond"]}]},{"@type":"WebPage","@id":"https:\/\/www.sitsesp.org.br\/novo\/em-sp-movimentos-irao-a-paulista-no-dia-15-para-defender-a-aposentadoria\/","url":"https:\/\/www.sitsesp.org.br\/novo\/em-sp-movimentos-irao-a-paulista-no-dia-15-para-defender-a-aposentadoria\/","name":"Em SP, movimentos ir\u00e3o \u00e0 Paulista no dia 15 para defender a aposentadoria - SITSESP","isPartOf":{"@id":"https:\/\/www.sitsesp.org.br\/novo\/#website"},"datePublished":"2017-03-14T16:49:30+00:00","dateModified":"2017-03-14T16:49:30+00:00","breadcrumb":{"@id":"https:\/\/www.sitsesp.org.br\/novo\/em-sp-movimentos-irao-a-paulista-no-dia-15-para-defender-a-aposentadoria\/#breadcrumb"},"inLanguage":"pt-BR","potentialAction":[{"@type":"ReadAction","target":["https:\/\/www.sitsesp.org.br\/novo\/em-sp-movimentos-irao-a-paulista-no-dia-15-para-defender-a-aposentadoria\/"]}]},{"@type":"BreadcrumbList","@id":"https:\/\/www.sitsesp.org.br\/novo\/em-sp-movimentos-irao-a-paulista-no-dia-15-para-defender-a-aposentadoria\/#breadcrumb","itemListElement":[{"@type":"ListItem","position":1,"name":"In\u00edcio","item":"https:\/\/www.sitsesp.org.br\/novo\/"},{"@type":"ListItem","position":2,"name":"Em SP, movimentos ir\u00e3o \u00e0 Paulista no dia 15 para defender a aposentadoria"}]},{"@type":"WebSite","@id":"https:\/\/www.sitsesp.org.br\/novo\/#website","url":"https:\/\/www.sitsesp.org.br\/novo\/","name":"Sitsesp","description":"SIndicato da Socioeduca\u00e7\u00e3o do Estado de S\u00e3o Paulo","publisher":{"@id":"https:\/\/www.sitsesp.org.br\/novo\/#organization"},"potentialAction":[{"@type":"SearchAction","target":{"@type":"EntryPoint","urlTemplate":"https:\/\/www.sitsesp.org.br\/novo\/?s={search_term_string}"},"query-input":"required name=search_term_string"}],"inLanguage":"pt-BR"},{"@type":"Organization","@id":"https:\/\/www.sitsesp.org.br\/novo\/#organization","name":"Sitsesp","url":"https:\/\/www.sitsesp.org.br\/novo\/","logo":{"@type":"ImageObject","inLanguage":"pt-BR","@id":"https:\/\/www.sitsesp.org.br\/novo\/#\/schema\/logo\/image\/","url":"https:\/\/www.sitsesp.org.br\/novo\/wp-content\/uploads\/2020\/09\/Design-sem-nome-1.jpg","contentUrl":"https:\/\/www.sitsesp.org.br\/novo\/wp-content\/uploads\/2020\/09\/Design-sem-nome-1.jpg","width":300,"height":300,"caption":"Sitsesp"},"image":{"@id":"https:\/\/www.sitsesp.org.br\/novo\/#\/schema\/logo\/image\/"}},{"@type":"Person","@id":"https:\/\/www.sitsesp.org.br\/novo\/#\/schema\/person\/2a4c180eb185645b3bef8657c75e305a","name":"mhais","image":{"@type":"ImageObject","inLanguage":"pt-BR","@id":"https:\/\/www.sitsesp.org.br\/novo\/#\/schema\/person\/image\/","url":"https:\/\/secure.gravatar.com\/avatar\/6f4eabe86990e81328cf702edfa92a60?s=96&d=mm&r=g","contentUrl":"https:\/\/secure.gravatar.com\/avatar\/6f4eabe86990e81328cf702edfa92a60?s=96&d=mm&r=g","caption":"mhais"},"sameAs":["http:\/\/localhost\/sitsesp"]}]}},"_links":{"self":[{"href":"https:\/\/www.sitsesp.org.br\/novo\/wp-json\/wp\/v2\/posts\/2058"}],"collection":[{"href":"https:\/\/www.sitsesp.org.br\/novo\/wp-json\/wp\/v2\/posts"}],"about":[{"href":"https:\/\/www.sitsesp.org.br\/novo\/wp-json\/wp\/v2\/types\/post"}],"author":[{"embeddable":true,"href":"https:\/\/www.sitsesp.org.br\/novo\/wp-json\/wp\/v2\/users\/1"}],"replies":[{"embeddable":true,"href":"https:\/\/www.sitsesp.org.br\/novo\/wp-json\/wp\/v2\/comments?post=2058"}],"version-history":[{"count":0,"href":"https:\/\/www.sitsesp.org.br\/novo\/wp-json\/wp\/v2\/posts\/2058\/revisions"}],"wp:attachment":[{"href":"https:\/\/www.sitsesp.org.br\/novo\/wp-json\/wp\/v2\/media?parent=2058"}],"wp:term":[{"taxonomy":"category","embeddable":true,"href":"https:\/\/www.sitsesp.org.br\/novo\/wp-json\/wp\/v2\/categories?post=2058"},{"taxonomy":"post_tag","embeddable":true,"href":"https:\/\/www.sitsesp.org.br\/novo\/wp-json\/wp\/v2\/tags?post=2058"}],"curies":[{"name":"wp","href":"https:\/\/api.w.org\/{rel}","templated":true}]}}