{"id":2061,"date":"2017-03-22T13:20:06","date_gmt":"2017-03-22T16:20:06","guid":{"rendered":"https:\/\/pecorari-cloud72.pecoraricloud.com.br\/~sitsesporg\/vitoria-acao-de-cumprimento-do-dissidio-coletivo-de-2015\/"},"modified":"2017-03-22T13:20:06","modified_gmt":"2017-03-22T16:20:06","slug":"vitoria-acao-de-cumprimento-do-dissidio-coletivo-de-2015","status":"publish","type":"post","link":"https:\/\/www.sitsesp.org.br\/novo\/vitoria-acao-de-cumprimento-do-dissidio-coletivo-de-2015\/","title":{"rendered":"VIT\u00d3RIA!!!! A\u00e7\u00e3o de Cumprimento do Diss\u00eddio Coletivo de 2015"},"content":{"rendered":"<p><!-- VideographyWP Plugin Message: Automatic video embedding prevented by plugin options. --><\/p>\n<p>Isto porque, a partir do Comunicado DRH n&#176; 038\/2015, a Funda&#231;&#227;o se recusou a aplicar algumas conquistas que a categoria obteve a partir da greve. No entanto tivemos uma importante vit&#243;ria judicial, pois a Ju&#237;za reconheceu esses direitos. S&#227;o eles:<\/p>\n<ol>\n<li><strong>a)<\/strong> <u>3 folgas<\/u> por ano para os agentes de apoio socioeducativo e coordenadores de equipe na escala 2&#215;2, al&#233;m das 2 trocas de turno por m&#234;s;<\/li>\n<li><strong>b)<\/strong> incorpora&#231;&#227;o definitiva da <u>gratifica&#231;&#227;o de fun&#231;&#227;o<\/u> recebida por 10 ou mais anos, com reflexos nas demais verbas (13&#186;, f&#233;rias, FGTS e INSS);<\/li>\n<li><strong>c)<\/strong> <u>transporte gratuito<\/u> aos servidores que trabalham em unidades de dif&#237;cil acesso;<\/li>\n<li><strong>d)<\/strong> garantia no emprego para o <u>delegado sindical<\/u> &#8211; da elei&#231;&#227;o at&#233; um ano ap&#243;s o t&#233;rmino do mandato, na propor&#231;&#227;o de 1 delegado para cada 200 empregados);<\/li>\n<li><strong>e) <\/strong>a implementa&#231;&#227;o de uma rodada de negocia&#231;&#245;es com vistas &#224; formula&#231;&#227;o de uma proposta de participa&#231;&#227;o nos resultados.<\/li>\n<\/ol>\n<p>O aspecto negativo da senten&#231;a foi a delimita&#231;&#227;o dos benef&#237;cios somente aos associados do sindicato. No bojo da instru&#231;&#227;o processual, a Ju&#237;za entendeu que se aplica uma lei espec&#237;fica &#224; Funda&#231;&#227;o Casa (par&#225;grafo &#250;nico, artigo 2&#186;, Lei 9.494 de 1997), de modo que as a&#231;&#245;es coletivas teriam que discriminar os associados da entidade sindical, por cautela, juntamos a lista de associados at&#233; dezembro de 2016.<\/p>\n<p>&#160;<strong>No entanto o departamento jur&#237;dico por seus advogados solicitaram a reconsidera&#231;&#227;o desta exig&#234;ncia, por entenderem ser inconstitucionais. <\/strong><\/p>\n<p>Primeiramente, o Sindicato ingressar&#225; com Embargos de Declara&#231;&#227;o destinados a suprir omiss&#245;es e obscuridade, pois uma s&#233;rie de pedidos n&#227;o foi analisada, al&#233;m de n&#227;o ter ficado claro se esta decis&#227;o deve ser imediatamente cumprida, nos termos do nosso de pedido liminar.<\/p>\n<p><strong>Na sequ&#234;ncia, ingressaremos com um Recurso Ordin&#225;rio, uma vez que a decis&#227;o se limitou somente aos associados, sendo mais razo&#225;vel a extens&#227;o da vit&#243;ria a toda a categoria representada.<\/strong><\/p>\n<p>De todo modo, tivemos uma grande vit&#243;ria judicial, que demandar&#225; press&#227;o e organiza&#231;&#227;o constantes para exigirmos da Funda&#231;&#227;o a sua imediata aplica&#231;&#227;o.<\/p>\n<p>&#160;<\/p>\n<p>Veja aqui na integra a senten&#231;a<\/p>\n<p><img decoding=\"async\" src=\"images\/download\/1.jpg\" alt=\"\" \/><\/p>\n<p><img decoding=\"async\" src=\"images\/download\/2.jpg\" alt=\"\" \/><\/p>\n<p><img decoding=\"async\" src=\"images\/download\/3.jpg\" alt=\"\" \/><\/p>\n<p><img decoding=\"async\" src=\"images\/download\/4.jpg\" alt=\"\" \/><\/p>\n<p><img decoding=\"async\" src=\"images\/download\/5.jpg\" alt=\"\" \/><\/p>\n","protected":false},"excerpt":{"rendered":"<p>Isto porque, a partir do Comunicado DRH n&#176; 038\/2015, a Funda&#231;&#227;o se recusou a aplicar algumas conquistas que a categoria obteve&hellip;<\/p>\n","protected":false},"author":1,"featured_media":0,"comment_status":"open","ping_status":"open","sticky":false,"template":"","format":"standard","meta":{"cybocfi_hide_featured_image":"","footnotes":""},"categories":[22],"tags":[],"yoast_head":"<!-- This site is optimized with the Yoast SEO plugin v22.8 - https:\/\/yoast.com\/wordpress\/plugins\/seo\/ -->\n<title>VIT\u00d3RIA!!!! A\u00e7\u00e3o de Cumprimento do Diss\u00eddio Coletivo de 2015 - SITSESP<\/title>\n<meta name=\"robots\" content=\"index, follow, max-snippet:-1, max-image-preview:large, max-video-preview:-1\" \/>\n<link rel=\"canonical\" href=\"https:\/\/www.sitsesp.org.br\/novo\/vitoria-acao-de-cumprimento-do-dissidio-coletivo-de-2015\/\" \/>\n<meta property=\"og:locale\" content=\"pt_BR\" \/>\n<meta property=\"og:type\" content=\"article\" \/>\n<meta property=\"og:title\" content=\"VIT\u00d3RIA!!!! A\u00e7\u00e3o de Cumprimento do Diss\u00eddio Coletivo de 2015 - SITSESP\" \/>\n<meta property=\"og:description\" content=\"Isto porque, a partir do Comunicado DRH n&#176; 038\/2015, a Funda&#231;&#227;o se recusou a aplicar algumas conquistas que a categoria obteve&hellip;\" \/>\n<meta property=\"og:url\" content=\"https:\/\/www.sitsesp.org.br\/novo\/vitoria-acao-de-cumprimento-do-dissidio-coletivo-de-2015\/\" \/>\n<meta property=\"og:site_name\" content=\"SITSESP\" \/>\n<meta property=\"article:published_time\" content=\"2017-03-22T16:20:06+00:00\" \/>\n<meta property=\"og:image\" content=\"http:\/\/images\/download\/1.jpg\" \/>\n<meta name=\"author\" content=\"mhais\" \/>\n<meta name=\"twitter:card\" content=\"summary_large_image\" \/>\n<meta name=\"twitter:label1\" content=\"Escrito por\" \/>\n\t<meta name=\"twitter:data1\" content=\"mhais\" \/>\n\t<meta name=\"twitter:label2\" content=\"Est. tempo de leitura\" \/>\n\t<meta name=\"twitter:data2\" content=\"2 minutos\" \/>\n<script type=\"application\/ld+json\" class=\"yoast-schema-graph\">{\"@context\":\"https:\/\/schema.org\",\"@graph\":[{\"@type\":\"Article\",\"@id\":\"https:\/\/www.sitsesp.org.br\/novo\/vitoria-acao-de-cumprimento-do-dissidio-coletivo-de-2015\/#article\",\"isPartOf\":{\"@id\":\"https:\/\/www.sitsesp.org.br\/novo\/vitoria-acao-de-cumprimento-do-dissidio-coletivo-de-2015\/\"},\"author\":{\"name\":\"mhais\",\"@id\":\"https:\/\/www.sitsesp.org.br\/novo\/#\/schema\/person\/2a4c180eb185645b3bef8657c75e305a\"},\"headline\":\"VIT\u00d3RIA!!!! A\u00e7\u00e3o de Cumprimento do Diss\u00eddio Coletivo de 2015\",\"datePublished\":\"2017-03-22T16:20:06+00:00\",\"dateModified\":\"2017-03-22T16:20:06+00:00\",\"mainEntityOfPage\":{\"@id\":\"https:\/\/www.sitsesp.org.br\/novo\/vitoria-acao-de-cumprimento-do-dissidio-coletivo-de-2015\/\"},\"wordCount\":376,\"commentCount\":0,\"publisher\":{\"@id\":\"https:\/\/www.sitsesp.org.br\/novo\/#organization\"},\"articleSection\":[\"Noticias\"],\"inLanguage\":\"pt-BR\",\"potentialAction\":[{\"@type\":\"CommentAction\",\"name\":\"Comment\",\"target\":[\"https:\/\/www.sitsesp.org.br\/novo\/vitoria-acao-de-cumprimento-do-dissidio-coletivo-de-2015\/#respond\"]}]},{\"@type\":\"WebPage\",\"@id\":\"https:\/\/www.sitsesp.org.br\/novo\/vitoria-acao-de-cumprimento-do-dissidio-coletivo-de-2015\/\",\"url\":\"https:\/\/www.sitsesp.org.br\/novo\/vitoria-acao-de-cumprimento-do-dissidio-coletivo-de-2015\/\",\"name\":\"VIT\u00d3RIA!!!! A\u00e7\u00e3o de Cumprimento do Diss\u00eddio Coletivo de 2015 - SITSESP\",\"isPartOf\":{\"@id\":\"https:\/\/www.sitsesp.org.br\/novo\/#website\"},\"datePublished\":\"2017-03-22T16:20:06+00:00\",\"dateModified\":\"2017-03-22T16:20:06+00:00\",\"breadcrumb\":{\"@id\":\"https:\/\/www.sitsesp.org.br\/novo\/vitoria-acao-de-cumprimento-do-dissidio-coletivo-de-2015\/#breadcrumb\"},\"inLanguage\":\"pt-BR\",\"potentialAction\":[{\"@type\":\"ReadAction\",\"target\":[\"https:\/\/www.sitsesp.org.br\/novo\/vitoria-acao-de-cumprimento-do-dissidio-coletivo-de-2015\/\"]}]},{\"@type\":\"BreadcrumbList\",\"@id\":\"https:\/\/www.sitsesp.org.br\/novo\/vitoria-acao-de-cumprimento-do-dissidio-coletivo-de-2015\/#breadcrumb\",\"itemListElement\":[{\"@type\":\"ListItem\",\"position\":1,\"name\":\"In\u00edcio\",\"item\":\"https:\/\/www.sitsesp.org.br\/novo\/\"},{\"@type\":\"ListItem\",\"position\":2,\"name\":\"VIT\u00d3RIA!!!! A\u00e7\u00e3o de Cumprimento do Diss\u00eddio Coletivo de 2015\"}]},{\"@type\":\"WebSite\",\"@id\":\"https:\/\/www.sitsesp.org.br\/novo\/#website\",\"url\":\"https:\/\/www.sitsesp.org.br\/novo\/\",\"name\":\"Sitsesp\",\"description\":\"SIndicato da Socioeduca\u00e7\u00e3o do Estado de S\u00e3o Paulo\",\"publisher\":{\"@id\":\"https:\/\/www.sitsesp.org.br\/novo\/#organization\"},\"potentialAction\":[{\"@type\":\"SearchAction\",\"target\":{\"@type\":\"EntryPoint\",\"urlTemplate\":\"https:\/\/www.sitsesp.org.br\/novo\/?s={search_term_string}\"},\"query-input\":\"required name=search_term_string\"}],\"inLanguage\":\"pt-BR\"},{\"@type\":\"Organization\",\"@id\":\"https:\/\/www.sitsesp.org.br\/novo\/#organization\",\"name\":\"Sitsesp\",\"url\":\"https:\/\/www.sitsesp.org.br\/novo\/\",\"logo\":{\"@type\":\"ImageObject\",\"inLanguage\":\"pt-BR\",\"@id\":\"https:\/\/www.sitsesp.org.br\/novo\/#\/schema\/logo\/image\/\",\"url\":\"https:\/\/www.sitsesp.org.br\/novo\/wp-content\/uploads\/2020\/09\/Design-sem-nome-1.jpg\",\"contentUrl\":\"https:\/\/www.sitsesp.org.br\/novo\/wp-content\/uploads\/2020\/09\/Design-sem-nome-1.jpg\",\"width\":300,\"height\":300,\"caption\":\"Sitsesp\"},\"image\":{\"@id\":\"https:\/\/www.sitsesp.org.br\/novo\/#\/schema\/logo\/image\/\"}},{\"@type\":\"Person\",\"@id\":\"https:\/\/www.sitsesp.org.br\/novo\/#\/schema\/person\/2a4c180eb185645b3bef8657c75e305a\",\"name\":\"mhais\",\"image\":{\"@type\":\"ImageObject\",\"inLanguage\":\"pt-BR\",\"@id\":\"https:\/\/www.sitsesp.org.br\/novo\/#\/schema\/person\/image\/\",\"url\":\"https:\/\/secure.gravatar.com\/avatar\/6f4eabe86990e81328cf702edfa92a60?s=96&d=mm&r=g\",\"contentUrl\":\"https:\/\/secure.gravatar.com\/avatar\/6f4eabe86990e81328cf702edfa92a60?s=96&d=mm&r=g\",\"caption\":\"mhais\"},\"sameAs\":[\"http:\/\/localhost\/sitsesp\"]}]}<\/script>\n<!-- \/ Yoast SEO plugin. -->","yoast_head_json":{"title":"VIT\u00d3RIA!!!! A\u00e7\u00e3o de Cumprimento do Diss\u00eddio Coletivo de 2015 - SITSESP","robots":{"index":"index","follow":"follow","max-snippet":"max-snippet:-1","max-image-preview":"max-image-preview:large","max-video-preview":"max-video-preview:-1"},"canonical":"https:\/\/www.sitsesp.org.br\/novo\/vitoria-acao-de-cumprimento-do-dissidio-coletivo-de-2015\/","og_locale":"pt_BR","og_type":"article","og_title":"VIT\u00d3RIA!!!! A\u00e7\u00e3o de Cumprimento do Diss\u00eddio Coletivo de 2015 - SITSESP","og_description":"Isto porque, a partir do Comunicado DRH n&#176; 038\/2015, a Funda&#231;&#227;o se recusou a aplicar algumas conquistas que a categoria obteve&hellip;","og_url":"https:\/\/www.sitsesp.org.br\/novo\/vitoria-acao-de-cumprimento-do-dissidio-coletivo-de-2015\/","og_site_name":"SITSESP","article_published_time":"2017-03-22T16:20:06+00:00","og_image":[{"url":"images\/download\/1.jpg"}],"author":"mhais","twitter_card":"summary_large_image","twitter_misc":{"Escrito por":"mhais","Est. tempo de leitura":"2 minutos"},"schema":{"@context":"https:\/\/schema.org","@graph":[{"@type":"Article","@id":"https:\/\/www.sitsesp.org.br\/novo\/vitoria-acao-de-cumprimento-do-dissidio-coletivo-de-2015\/#article","isPartOf":{"@id":"https:\/\/www.sitsesp.org.br\/novo\/vitoria-acao-de-cumprimento-do-dissidio-coletivo-de-2015\/"},"author":{"name":"mhais","@id":"https:\/\/www.sitsesp.org.br\/novo\/#\/schema\/person\/2a4c180eb185645b3bef8657c75e305a"},"headline":"VIT\u00d3RIA!!!! A\u00e7\u00e3o de Cumprimento do Diss\u00eddio Coletivo de 2015","datePublished":"2017-03-22T16:20:06+00:00","dateModified":"2017-03-22T16:20:06+00:00","mainEntityOfPage":{"@id":"https:\/\/www.sitsesp.org.br\/novo\/vitoria-acao-de-cumprimento-do-dissidio-coletivo-de-2015\/"},"wordCount":376,"commentCount":0,"publisher":{"@id":"https:\/\/www.sitsesp.org.br\/novo\/#organization"},"articleSection":["Noticias"],"inLanguage":"pt-BR","potentialAction":[{"@type":"CommentAction","name":"Comment","target":["https:\/\/www.sitsesp.org.br\/novo\/vitoria-acao-de-cumprimento-do-dissidio-coletivo-de-2015\/#respond"]}]},{"@type":"WebPage","@id":"https:\/\/www.sitsesp.org.br\/novo\/vitoria-acao-de-cumprimento-do-dissidio-coletivo-de-2015\/","url":"https:\/\/www.sitsesp.org.br\/novo\/vitoria-acao-de-cumprimento-do-dissidio-coletivo-de-2015\/","name":"VIT\u00d3RIA!!!! A\u00e7\u00e3o de Cumprimento do Diss\u00eddio Coletivo de 2015 - SITSESP","isPartOf":{"@id":"https:\/\/www.sitsesp.org.br\/novo\/#website"},"datePublished":"2017-03-22T16:20:06+00:00","dateModified":"2017-03-22T16:20:06+00:00","breadcrumb":{"@id":"https:\/\/www.sitsesp.org.br\/novo\/vitoria-acao-de-cumprimento-do-dissidio-coletivo-de-2015\/#breadcrumb"},"inLanguage":"pt-BR","potentialAction":[{"@type":"ReadAction","target":["https:\/\/www.sitsesp.org.br\/novo\/vitoria-acao-de-cumprimento-do-dissidio-coletivo-de-2015\/"]}]},{"@type":"BreadcrumbList","@id":"https:\/\/www.sitsesp.org.br\/novo\/vitoria-acao-de-cumprimento-do-dissidio-coletivo-de-2015\/#breadcrumb","itemListElement":[{"@type":"ListItem","position":1,"name":"In\u00edcio","item":"https:\/\/www.sitsesp.org.br\/novo\/"},{"@type":"ListItem","position":2,"name":"VIT\u00d3RIA!!!! A\u00e7\u00e3o de Cumprimento do Diss\u00eddio Coletivo de 2015"}]},{"@type":"WebSite","@id":"https:\/\/www.sitsesp.org.br\/novo\/#website","url":"https:\/\/www.sitsesp.org.br\/novo\/","name":"Sitsesp","description":"SIndicato da Socioeduca\u00e7\u00e3o do Estado de S\u00e3o Paulo","publisher":{"@id":"https:\/\/www.sitsesp.org.br\/novo\/#organization"},"potentialAction":[{"@type":"SearchAction","target":{"@type":"EntryPoint","urlTemplate":"https:\/\/www.sitsesp.org.br\/novo\/?s={search_term_string}"},"query-input":"required name=search_term_string"}],"inLanguage":"pt-BR"},{"@type":"Organization","@id":"https:\/\/www.sitsesp.org.br\/novo\/#organization","name":"Sitsesp","url":"https:\/\/www.sitsesp.org.br\/novo\/","logo":{"@type":"ImageObject","inLanguage":"pt-BR","@id":"https:\/\/www.sitsesp.org.br\/novo\/#\/schema\/logo\/image\/","url":"https:\/\/www.sitsesp.org.br\/novo\/wp-content\/uploads\/2020\/09\/Design-sem-nome-1.jpg","contentUrl":"https:\/\/www.sitsesp.org.br\/novo\/wp-content\/uploads\/2020\/09\/Design-sem-nome-1.jpg","width":300,"height":300,"caption":"Sitsesp"},"image":{"@id":"https:\/\/www.sitsesp.org.br\/novo\/#\/schema\/logo\/image\/"}},{"@type":"Person","@id":"https:\/\/www.sitsesp.org.br\/novo\/#\/schema\/person\/2a4c180eb185645b3bef8657c75e305a","name":"mhais","image":{"@type":"ImageObject","inLanguage":"pt-BR","@id":"https:\/\/www.sitsesp.org.br\/novo\/#\/schema\/person\/image\/","url":"https:\/\/secure.gravatar.com\/avatar\/6f4eabe86990e81328cf702edfa92a60?s=96&d=mm&r=g","contentUrl":"https:\/\/secure.gravatar.com\/avatar\/6f4eabe86990e81328cf702edfa92a60?s=96&d=mm&r=g","caption":"mhais"},"sameAs":["http:\/\/localhost\/sitsesp"]}]}},"_links":{"self":[{"href":"https:\/\/www.sitsesp.org.br\/novo\/wp-json\/wp\/v2\/posts\/2061"}],"collection":[{"href":"https:\/\/www.sitsesp.org.br\/novo\/wp-json\/wp\/v2\/posts"}],"about":[{"href":"https:\/\/www.sitsesp.org.br\/novo\/wp-json\/wp\/v2\/types\/post"}],"author":[{"embeddable":true,"href":"https:\/\/www.sitsesp.org.br\/novo\/wp-json\/wp\/v2\/users\/1"}],"replies":[{"embeddable":true,"href":"https:\/\/www.sitsesp.org.br\/novo\/wp-json\/wp\/v2\/comments?post=2061"}],"version-history":[{"count":0,"href":"https:\/\/www.sitsesp.org.br\/novo\/wp-json\/wp\/v2\/posts\/2061\/revisions"}],"wp:attachment":[{"href":"https:\/\/www.sitsesp.org.br\/novo\/wp-json\/wp\/v2\/media?parent=2061"}],"wp:term":[{"taxonomy":"category","embeddable":true,"href":"https:\/\/www.sitsesp.org.br\/novo\/wp-json\/wp\/v2\/categories?post=2061"},{"taxonomy":"post_tag","embeddable":true,"href":"https:\/\/www.sitsesp.org.br\/novo\/wp-json\/wp\/v2\/tags?post=2061"}],"curies":[{"name":"wp","href":"https:\/\/api.w.org\/{rel}","templated":true}]}}