{"id":2062,"date":"2017-03-29T17:33:37","date_gmt":"2017-03-29T20:33:37","guid":{"rendered":"https:\/\/pecorari-cloud72.pecoraricloud.com.br\/~sitsesporg\/rumo-a-greve-geral-movimentos-vao-as-ruas-de-sp-dia-31\/"},"modified":"2017-03-29T17:33:37","modified_gmt":"2017-03-29T20:33:37","slug":"rumo-a-greve-geral-movimentos-vao-as-ruas-de-sp-dia-31","status":"publish","type":"post","link":"https:\/\/www.sitsesp.org.br\/novo\/rumo-a-greve-geral-movimentos-vao-as-ruas-de-sp-dia-31\/","title":{"rendered":"Rumo \u00e0 greve geral, movimentos v\u00e3o \u00e0s ruas de SP dia 31"},"content":{"rendered":"<p><!-- VideographyWP Plugin Message: Automatic video embedding prevented by plugin options. --><\/p>\n<p>A constru&#231;&#227;o de uma greve geral nacional tem sido o tema de unidade entre os movimentos social e sindical que comp&#245;em as frentes Brasil Popular e Povo Sem Medo diante das medidas tomadas pelo governo ileg&#237;timo de Michel Temer (PMDB).<\/p>\n<p>Soma-se a isso o apoio de uma maioria de parlamentares na C&#226;mara e no Senado que defende a aprova&#231;&#227;o de projetos que retiram direitos da classe trabalhadora. &#201; por isso que no dia 31 de mar&#231;o ocorrer&#227;o atos em todo Brasil contra a terceiriza&#231;&#227;o e o desmonte da Previd&#234;ncia e pelo Fora Temer. Em S&#227;o Paulo, a atividade ser&#225; no Masp, na Avenida Paulista, a partir das 16h.<\/p>\n<p>As a&#231;&#245;es ser&#227;o intensificadas neste pr&#243;ximo per&#237;odo, afirma o presidente da CUT S&#227;o Paulo, Douglas Izzo, lembrando que, no &#250;ltimo dia 15, em todo estado de SP, 360 mil foram &#224;s ruas contra a reforma da Previd&#234;ncia, e 1 milh&#227;o nos atos pelo Brasil.<\/p>\n<p>&#8220;O 31 ser&#225; mais uma importante data de luta. &#201; uma forma de mandar o recado a este governo golpista que aprova a toque de caixa, sem qualquer debate, a terceiriza&#231;&#227;o que rebaixa os nossos direitos. N&#227;o aceitaremos esta reforma trabalhista e, tampouco, mudan&#231;as na Previd&#234;ncia que venham a piorar a vida do povo brasileiro. Por isso, seguiremos mobilizados para promover ampla greve geral em abril&#8221;, diz.<\/p>\n","protected":false},"excerpt":{"rendered":"<p>A constru&#231;&#227;o de uma greve geral nacional tem sido o tema de unidade entre os movimentos social e sindical que comp&#245;em&hellip;<\/p>\n","protected":false},"author":1,"featured_media":0,"comment_status":"open","ping_status":"open","sticky":false,"template":"","format":"standard","meta":{"cybocfi_hide_featured_image":"","footnotes":""},"categories":[22],"tags":[],"yoast_head":"<!-- This site is optimized with the Yoast SEO plugin v22.8 - https:\/\/yoast.com\/wordpress\/plugins\/seo\/ -->\n<title>Rumo \u00e0 greve geral, movimentos v\u00e3o \u00e0s ruas de SP dia 31 - SITSESP<\/title>\n<meta name=\"robots\" content=\"index, follow, max-snippet:-1, max-image-preview:large, max-video-preview:-1\" \/>\n<link rel=\"canonical\" href=\"https:\/\/www.sitsesp.org.br\/novo\/rumo-a-greve-geral-movimentos-vao-as-ruas-de-sp-dia-31\/\" \/>\n<meta property=\"og:locale\" content=\"pt_BR\" \/>\n<meta property=\"og:type\" content=\"article\" \/>\n<meta property=\"og:title\" content=\"Rumo \u00e0 greve geral, movimentos v\u00e3o \u00e0s ruas de SP dia 31 - SITSESP\" \/>\n<meta property=\"og:description\" content=\"A constru&#231;&#227;o de uma greve geral nacional tem sido o tema de unidade entre os movimentos social e sindical que comp&#245;em&hellip;\" \/>\n<meta property=\"og:url\" content=\"https:\/\/www.sitsesp.org.br\/novo\/rumo-a-greve-geral-movimentos-vao-as-ruas-de-sp-dia-31\/\" \/>\n<meta property=\"og:site_name\" content=\"SITSESP\" \/>\n<meta property=\"article:published_time\" content=\"2017-03-29T20:33:37+00:00\" \/>\n<meta name=\"author\" content=\"mhais\" \/>\n<meta name=\"twitter:card\" content=\"summary_large_image\" \/>\n<meta name=\"twitter:label1\" content=\"Escrito por\" \/>\n\t<meta name=\"twitter:data1\" content=\"mhais\" \/>\n\t<meta name=\"twitter:label2\" content=\"Est. tempo de leitura\" \/>\n\t<meta name=\"twitter:data2\" content=\"1 minuto\" \/>\n<script type=\"application\/ld+json\" class=\"yoast-schema-graph\">{\"@context\":\"https:\/\/schema.org\",\"@graph\":[{\"@type\":\"Article\",\"@id\":\"https:\/\/www.sitsesp.org.br\/novo\/rumo-a-greve-geral-movimentos-vao-as-ruas-de-sp-dia-31\/#article\",\"isPartOf\":{\"@id\":\"https:\/\/www.sitsesp.org.br\/novo\/rumo-a-greve-geral-movimentos-vao-as-ruas-de-sp-dia-31\/\"},\"author\":{\"name\":\"mhais\",\"@id\":\"https:\/\/www.sitsesp.org.br\/novo\/#\/schema\/person\/2a4c180eb185645b3bef8657c75e305a\"},\"headline\":\"Rumo \u00e0 greve geral, movimentos v\u00e3o \u00e0s ruas de SP dia 31\",\"datePublished\":\"2017-03-29T20:33:37+00:00\",\"dateModified\":\"2017-03-29T20:33:37+00:00\",\"mainEntityOfPage\":{\"@id\":\"https:\/\/www.sitsesp.org.br\/novo\/rumo-a-greve-geral-movimentos-vao-as-ruas-de-sp-dia-31\/\"},\"wordCount\":244,\"commentCount\":0,\"publisher\":{\"@id\":\"https:\/\/www.sitsesp.org.br\/novo\/#organization\"},\"articleSection\":[\"Noticias\"],\"inLanguage\":\"pt-BR\",\"potentialAction\":[{\"@type\":\"CommentAction\",\"name\":\"Comment\",\"target\":[\"https:\/\/www.sitsesp.org.br\/novo\/rumo-a-greve-geral-movimentos-vao-as-ruas-de-sp-dia-31\/#respond\"]}]},{\"@type\":\"WebPage\",\"@id\":\"https:\/\/www.sitsesp.org.br\/novo\/rumo-a-greve-geral-movimentos-vao-as-ruas-de-sp-dia-31\/\",\"url\":\"https:\/\/www.sitsesp.org.br\/novo\/rumo-a-greve-geral-movimentos-vao-as-ruas-de-sp-dia-31\/\",\"name\":\"Rumo \u00e0 greve geral, movimentos v\u00e3o \u00e0s ruas de SP dia 31 - SITSESP\",\"isPartOf\":{\"@id\":\"https:\/\/www.sitsesp.org.br\/novo\/#website\"},\"datePublished\":\"2017-03-29T20:33:37+00:00\",\"dateModified\":\"2017-03-29T20:33:37+00:00\",\"breadcrumb\":{\"@id\":\"https:\/\/www.sitsesp.org.br\/novo\/rumo-a-greve-geral-movimentos-vao-as-ruas-de-sp-dia-31\/#breadcrumb\"},\"inLanguage\":\"pt-BR\",\"potentialAction\":[{\"@type\":\"ReadAction\",\"target\":[\"https:\/\/www.sitsesp.org.br\/novo\/rumo-a-greve-geral-movimentos-vao-as-ruas-de-sp-dia-31\/\"]}]},{\"@type\":\"BreadcrumbList\",\"@id\":\"https:\/\/www.sitsesp.org.br\/novo\/rumo-a-greve-geral-movimentos-vao-as-ruas-de-sp-dia-31\/#breadcrumb\",\"itemListElement\":[{\"@type\":\"ListItem\",\"position\":1,\"name\":\"In\u00edcio\",\"item\":\"https:\/\/www.sitsesp.org.br\/novo\/\"},{\"@type\":\"ListItem\",\"position\":2,\"name\":\"Rumo \u00e0 greve geral, movimentos v\u00e3o \u00e0s ruas de SP dia 31\"}]},{\"@type\":\"WebSite\",\"@id\":\"https:\/\/www.sitsesp.org.br\/novo\/#website\",\"url\":\"https:\/\/www.sitsesp.org.br\/novo\/\",\"name\":\"Sitsesp\",\"description\":\"SIndicato da Socioeduca\u00e7\u00e3o do Estado de S\u00e3o Paulo\",\"publisher\":{\"@id\":\"https:\/\/www.sitsesp.org.br\/novo\/#organization\"},\"potentialAction\":[{\"@type\":\"SearchAction\",\"target\":{\"@type\":\"EntryPoint\",\"urlTemplate\":\"https:\/\/www.sitsesp.org.br\/novo\/?s={search_term_string}\"},\"query-input\":\"required name=search_term_string\"}],\"inLanguage\":\"pt-BR\"},{\"@type\":\"Organization\",\"@id\":\"https:\/\/www.sitsesp.org.br\/novo\/#organization\",\"name\":\"Sitsesp\",\"url\":\"https:\/\/www.sitsesp.org.br\/novo\/\",\"logo\":{\"@type\":\"ImageObject\",\"inLanguage\":\"pt-BR\",\"@id\":\"https:\/\/www.sitsesp.org.br\/novo\/#\/schema\/logo\/image\/\",\"url\":\"https:\/\/www.sitsesp.org.br\/novo\/wp-content\/uploads\/2020\/09\/Design-sem-nome-1.jpg\",\"contentUrl\":\"https:\/\/www.sitsesp.org.br\/novo\/wp-content\/uploads\/2020\/09\/Design-sem-nome-1.jpg\",\"width\":300,\"height\":300,\"caption\":\"Sitsesp\"},\"image\":{\"@id\":\"https:\/\/www.sitsesp.org.br\/novo\/#\/schema\/logo\/image\/\"}},{\"@type\":\"Person\",\"@id\":\"https:\/\/www.sitsesp.org.br\/novo\/#\/schema\/person\/2a4c180eb185645b3bef8657c75e305a\",\"name\":\"mhais\",\"image\":{\"@type\":\"ImageObject\",\"inLanguage\":\"pt-BR\",\"@id\":\"https:\/\/www.sitsesp.org.br\/novo\/#\/schema\/person\/image\/\",\"url\":\"https:\/\/secure.gravatar.com\/avatar\/6f4eabe86990e81328cf702edfa92a60?s=96&d=mm&r=g\",\"contentUrl\":\"https:\/\/secure.gravatar.com\/avatar\/6f4eabe86990e81328cf702edfa92a60?s=96&d=mm&r=g\",\"caption\":\"mhais\"},\"sameAs\":[\"http:\/\/localhost\/sitsesp\"]}]}<\/script>\n<!-- \/ Yoast SEO plugin. -->","yoast_head_json":{"title":"Rumo \u00e0 greve geral, movimentos v\u00e3o \u00e0s ruas de SP dia 31 - SITSESP","robots":{"index":"index","follow":"follow","max-snippet":"max-snippet:-1","max-image-preview":"max-image-preview:large","max-video-preview":"max-video-preview:-1"},"canonical":"https:\/\/www.sitsesp.org.br\/novo\/rumo-a-greve-geral-movimentos-vao-as-ruas-de-sp-dia-31\/","og_locale":"pt_BR","og_type":"article","og_title":"Rumo \u00e0 greve geral, movimentos v\u00e3o \u00e0s ruas de SP dia 31 - SITSESP","og_description":"A constru&#231;&#227;o de uma greve geral nacional tem sido o tema de unidade entre os movimentos social e sindical que comp&#245;em&hellip;","og_url":"https:\/\/www.sitsesp.org.br\/novo\/rumo-a-greve-geral-movimentos-vao-as-ruas-de-sp-dia-31\/","og_site_name":"SITSESP","article_published_time":"2017-03-29T20:33:37+00:00","author":"mhais","twitter_card":"summary_large_image","twitter_misc":{"Escrito por":"mhais","Est. tempo de leitura":"1 minuto"},"schema":{"@context":"https:\/\/schema.org","@graph":[{"@type":"Article","@id":"https:\/\/www.sitsesp.org.br\/novo\/rumo-a-greve-geral-movimentos-vao-as-ruas-de-sp-dia-31\/#article","isPartOf":{"@id":"https:\/\/www.sitsesp.org.br\/novo\/rumo-a-greve-geral-movimentos-vao-as-ruas-de-sp-dia-31\/"},"author":{"name":"mhais","@id":"https:\/\/www.sitsesp.org.br\/novo\/#\/schema\/person\/2a4c180eb185645b3bef8657c75e305a"},"headline":"Rumo \u00e0 greve geral, movimentos v\u00e3o \u00e0s ruas de SP dia 31","datePublished":"2017-03-29T20:33:37+00:00","dateModified":"2017-03-29T20:33:37+00:00","mainEntityOfPage":{"@id":"https:\/\/www.sitsesp.org.br\/novo\/rumo-a-greve-geral-movimentos-vao-as-ruas-de-sp-dia-31\/"},"wordCount":244,"commentCount":0,"publisher":{"@id":"https:\/\/www.sitsesp.org.br\/novo\/#organization"},"articleSection":["Noticias"],"inLanguage":"pt-BR","potentialAction":[{"@type":"CommentAction","name":"Comment","target":["https:\/\/www.sitsesp.org.br\/novo\/rumo-a-greve-geral-movimentos-vao-as-ruas-de-sp-dia-31\/#respond"]}]},{"@type":"WebPage","@id":"https:\/\/www.sitsesp.org.br\/novo\/rumo-a-greve-geral-movimentos-vao-as-ruas-de-sp-dia-31\/","url":"https:\/\/www.sitsesp.org.br\/novo\/rumo-a-greve-geral-movimentos-vao-as-ruas-de-sp-dia-31\/","name":"Rumo \u00e0 greve geral, movimentos v\u00e3o \u00e0s ruas de SP dia 31 - SITSESP","isPartOf":{"@id":"https:\/\/www.sitsesp.org.br\/novo\/#website"},"datePublished":"2017-03-29T20:33:37+00:00","dateModified":"2017-03-29T20:33:37+00:00","breadcrumb":{"@id":"https:\/\/www.sitsesp.org.br\/novo\/rumo-a-greve-geral-movimentos-vao-as-ruas-de-sp-dia-31\/#breadcrumb"},"inLanguage":"pt-BR","potentialAction":[{"@type":"ReadAction","target":["https:\/\/www.sitsesp.org.br\/novo\/rumo-a-greve-geral-movimentos-vao-as-ruas-de-sp-dia-31\/"]}]},{"@type":"BreadcrumbList","@id":"https:\/\/www.sitsesp.org.br\/novo\/rumo-a-greve-geral-movimentos-vao-as-ruas-de-sp-dia-31\/#breadcrumb","itemListElement":[{"@type":"ListItem","position":1,"name":"In\u00edcio","item":"https:\/\/www.sitsesp.org.br\/novo\/"},{"@type":"ListItem","position":2,"name":"Rumo \u00e0 greve geral, movimentos v\u00e3o \u00e0s ruas de SP dia 31"}]},{"@type":"WebSite","@id":"https:\/\/www.sitsesp.org.br\/novo\/#website","url":"https:\/\/www.sitsesp.org.br\/novo\/","name":"Sitsesp","description":"SIndicato da Socioeduca\u00e7\u00e3o do Estado de S\u00e3o Paulo","publisher":{"@id":"https:\/\/www.sitsesp.org.br\/novo\/#organization"},"potentialAction":[{"@type":"SearchAction","target":{"@type":"EntryPoint","urlTemplate":"https:\/\/www.sitsesp.org.br\/novo\/?s={search_term_string}"},"query-input":"required name=search_term_string"}],"inLanguage":"pt-BR"},{"@type":"Organization","@id":"https:\/\/www.sitsesp.org.br\/novo\/#organization","name":"Sitsesp","url":"https:\/\/www.sitsesp.org.br\/novo\/","logo":{"@type":"ImageObject","inLanguage":"pt-BR","@id":"https:\/\/www.sitsesp.org.br\/novo\/#\/schema\/logo\/image\/","url":"https:\/\/www.sitsesp.org.br\/novo\/wp-content\/uploads\/2020\/09\/Design-sem-nome-1.jpg","contentUrl":"https:\/\/www.sitsesp.org.br\/novo\/wp-content\/uploads\/2020\/09\/Design-sem-nome-1.jpg","width":300,"height":300,"caption":"Sitsesp"},"image":{"@id":"https:\/\/www.sitsesp.org.br\/novo\/#\/schema\/logo\/image\/"}},{"@type":"Person","@id":"https:\/\/www.sitsesp.org.br\/novo\/#\/schema\/person\/2a4c180eb185645b3bef8657c75e305a","name":"mhais","image":{"@type":"ImageObject","inLanguage":"pt-BR","@id":"https:\/\/www.sitsesp.org.br\/novo\/#\/schema\/person\/image\/","url":"https:\/\/secure.gravatar.com\/avatar\/6f4eabe86990e81328cf702edfa92a60?s=96&d=mm&r=g","contentUrl":"https:\/\/secure.gravatar.com\/avatar\/6f4eabe86990e81328cf702edfa92a60?s=96&d=mm&r=g","caption":"mhais"},"sameAs":["http:\/\/localhost\/sitsesp"]}]}},"_links":{"self":[{"href":"https:\/\/www.sitsesp.org.br\/novo\/wp-json\/wp\/v2\/posts\/2062"}],"collection":[{"href":"https:\/\/www.sitsesp.org.br\/novo\/wp-json\/wp\/v2\/posts"}],"about":[{"href":"https:\/\/www.sitsesp.org.br\/novo\/wp-json\/wp\/v2\/types\/post"}],"author":[{"embeddable":true,"href":"https:\/\/www.sitsesp.org.br\/novo\/wp-json\/wp\/v2\/users\/1"}],"replies":[{"embeddable":true,"href":"https:\/\/www.sitsesp.org.br\/novo\/wp-json\/wp\/v2\/comments?post=2062"}],"version-history":[{"count":0,"href":"https:\/\/www.sitsesp.org.br\/novo\/wp-json\/wp\/v2\/posts\/2062\/revisions"}],"wp:attachment":[{"href":"https:\/\/www.sitsesp.org.br\/novo\/wp-json\/wp\/v2\/media?parent=2062"}],"wp:term":[{"taxonomy":"category","embeddable":true,"href":"https:\/\/www.sitsesp.org.br\/novo\/wp-json\/wp\/v2\/categories?post=2062"},{"taxonomy":"post_tag","embeddable":true,"href":"https:\/\/www.sitsesp.org.br\/novo\/wp-json\/wp\/v2\/tags?post=2062"}],"curies":[{"name":"wp","href":"https:\/\/api.w.org\/{rel}","templated":true}]}}