{"id":2065,"date":"2017-04-24T14:09:31","date_gmt":"2017-04-24T17:09:31","guid":{"rendered":"https:\/\/pecorari-cloud72.pecoraricloud.com.br\/~sitsesporg\/1o-de-maio-da-cut-tera-emicida-mc-guime-e-leci-brandao-na-av-paulistama\/"},"modified":"2017-04-24T14:09:31","modified_gmt":"2017-04-24T17:09:31","slug":"1o-de-maio-da-cut-tera-emicida-mc-guime-e-leci-brandao-na-av-paulistama","status":"publish","type":"post","link":"https:\/\/www.sitsesp.org.br\/novo\/1o-de-maio-da-cut-tera-emicida-mc-guime-e-leci-brandao-na-av-paulistama\/","title":{"rendered":"1\u00ba de Maio da CUT ter\u00e1 Emicida, Mc Guim\u00ea e Leci Brand\u00e3o na Av. Paulistama"},"content":{"rendered":"<p><!-- VideographyWP Plugin Message: Automatic video embedding prevented by plugin options. --><\/p>\n<p>Neste ano, o tradicional evento do 1&#186; de Maio, Dia dos Trabalhadores e das Trabalhadoras, ser&#225; mais uma vez um ato de luta e resist&#234;ncia contra o maior ataque aos direitos trabalhistas, previdenci&#225;rios e sociais j&#225; ocorrido na hist&#243;ria Brasil.<\/p>\n<p>O ato unificado deste ano ser&#225; na Avenida Paulista, com concentra&#231;&#227;o em frente ao Masp, a partir das 12h, e &#233; realizado pela CUT, CTB e Intersindical, com o apoio dos movimentos que comp&#245;em as frentes Brasil Popular e Povo Sem Medo.<\/p>\n<p>As atra&#231;&#245;es musicais j&#225; confirmadas s&#227;o Emicida, Mc Guim&#234;, Leci Brand&#227;o, As Bahias e a Cozinha Mineira, Ilu Ob&#225; de Min, Bixiga 70, Mistura Popular, Marquinhos Jaca e Sinh&#225; Flor.<\/p>\n<p>A atividade ocorrer&#225; dois dias ap&#243;s a Greve Geral que ir&#225; parar o Brasil por 24 horas contra as reformas propostas pelo governo golpista de Michel Temer (PMDB). Desde que assumiu o poder por meio do golpe, Temer j&#225; destruiu pol&#237;ticas importantes e de desenvolvimento da na&#231;&#227;o brasileira em praticamente todos os setores, promovendo reformas que atendem somente aos interesses dos grandes empres&#225;rios e da classe dominante.<\/p>\n<p>Para o presidente da CUT-SP, Douglas Izzo, este 1&#186; de Maio ser&#225; marcado pela demonstra&#231;&#227;o de resist&#234;ncia dos trabalhadores\/as diante dos ataques aos seus direitos. &#8220;Justamente nesta data hist&#243;rica, os trabalhadores enfrentar&#227;o uma conjuntura adversa, com amea&#231;a de enormes retrocessos nos direitos trabalhistas e previdenci&#225;rios. Por isso, este 1&#186; de maio ser&#225; de extrema import&#226;ncia, al&#233;m de ser o primeiro grande ato ap&#243;s a greve geral que paralisar&#225; o pa&#237;s no dia 28 de abril&#8221;, destaca.<\/p>\n<p>Em 2017, o ato tamb&#233;m celebra os 100 anos da hist&#243;rica greve de 1917, que durou tr&#234;s dias e paralisou a capital paulista por liberdade e aumento salarial, marcando os primeiros tempos de organiza&#231;&#227;o oper&#225;ria no Brasil &#8211; a Consolida&#231;&#227;o das Leis do Trabalho (CLT) viria somente em 1943 e hoje &#233; alvo de ataques e pode at&#233; mesmo ser extinta por Temer e sua base.<\/p>\n<p>Outras regi&#245;es<br \/> Al&#233;m da capital, outras regi&#245;es do interior paulista tamb&#233;m far&#227;o atos do 1&#186; de Maio. Em Campinas, a atividade unificada ser&#225; na Avenida Francisco Glic&#233;rio, s\/n, em frente &#224; Catedral de Campinas, com in&#237;cio &#224;s 10h. J&#225; em Araraquara, a milit&#226;ncia ir&#225; se encontrar a partir das 14h, na Pra&#231;a Deputado Scalamandr&#233; Sobrinho, s\/n, na Vila Ferrovi&#225;ria.<\/p>\n<p>Confira a agenda na sua regi&#227;o e participe:<br \/> 1&#186; de Maio Unificado de Luta (segunda-feira)<\/p>\n<p>S&#227;o Paulo<br \/> Avenida Paulista, em frente ao Masp, n&#186; 1.578<br \/> A partir das 12h<\/p>\n<p>Campinas<br \/> Avenida Francisco Glic&#233;rio, s\/n, em frente &#224; Catedral de Campinas<br \/> A partir das 10h<\/p>\n<p>Araraquara<br \/> Pra&#231;a Deputado Scalamandr&#233; Sobrinho, s\/n. na Vila Ferrovi&#225;ria<br \/> A partir das 14h<\/p>\n<p>1&#186; DE MAIO DA RESIST&#202;NCIA POR:<br \/> . APOSENTADORIA<br \/> . DIREITOS TRABALHISTAS<br \/> . EMPREGO PARA TODOS E TODAS<br \/> 100 ANOS DEPOIS DA 1&#170; GREVE GERAL NO BRASIL, A LUTA CONTINUA!<\/p>\n<p>&#160;<\/p>\n","protected":false},"excerpt":{"rendered":"<p>Neste ano, o tradicional evento do 1&#186; de Maio, Dia dos Trabalhadores e das Trabalhadoras, ser&#225; mais uma vez um ato&hellip;<\/p>\n","protected":false},"author":1,"featured_media":0,"comment_status":"open","ping_status":"open","sticky":false,"template":"","format":"standard","meta":{"cybocfi_hide_featured_image":"","footnotes":""},"categories":[22],"tags":[],"yoast_head":"<!-- This site is optimized with the Yoast SEO plugin v22.8 - https:\/\/yoast.com\/wordpress\/plugins\/seo\/ -->\n<title>1\u00ba de Maio da CUT ter\u00e1 Emicida, Mc Guim\u00ea e Leci Brand\u00e3o na Av. Paulistama - SITSESP<\/title>\n<meta name=\"robots\" content=\"index, follow, max-snippet:-1, max-image-preview:large, max-video-preview:-1\" \/>\n<link rel=\"canonical\" href=\"https:\/\/www.sitsesp.org.br\/novo\/1o-de-maio-da-cut-tera-emicida-mc-guime-e-leci-brandao-na-av-paulistama\/\" \/>\n<meta property=\"og:locale\" content=\"pt_BR\" \/>\n<meta property=\"og:type\" content=\"article\" \/>\n<meta property=\"og:title\" content=\"1\u00ba de Maio da CUT ter\u00e1 Emicida, Mc Guim\u00ea e Leci Brand\u00e3o na Av. Paulistama - SITSESP\" \/>\n<meta property=\"og:description\" content=\"Neste ano, o tradicional evento do 1&#186; de Maio, Dia dos Trabalhadores e das Trabalhadoras, ser&#225; mais uma vez um ato&hellip;\" \/>\n<meta property=\"og:url\" content=\"https:\/\/www.sitsesp.org.br\/novo\/1o-de-maio-da-cut-tera-emicida-mc-guime-e-leci-brandao-na-av-paulistama\/\" \/>\n<meta property=\"og:site_name\" content=\"SITSESP\" \/>\n<meta property=\"article:published_time\" content=\"2017-04-24T17:09:31+00:00\" \/>\n<meta name=\"author\" content=\"mhais\" \/>\n<meta name=\"twitter:card\" content=\"summary_large_image\" \/>\n<meta name=\"twitter:label1\" content=\"Escrito por\" \/>\n\t<meta name=\"twitter:data1\" content=\"mhais\" \/>\n\t<meta name=\"twitter:label2\" content=\"Est. tempo de leitura\" \/>\n\t<meta name=\"twitter:data2\" content=\"2 minutos\" \/>\n<script type=\"application\/ld+json\" class=\"yoast-schema-graph\">{\"@context\":\"https:\/\/schema.org\",\"@graph\":[{\"@type\":\"Article\",\"@id\":\"https:\/\/www.sitsesp.org.br\/novo\/1o-de-maio-da-cut-tera-emicida-mc-guime-e-leci-brandao-na-av-paulistama\/#article\",\"isPartOf\":{\"@id\":\"https:\/\/www.sitsesp.org.br\/novo\/1o-de-maio-da-cut-tera-emicida-mc-guime-e-leci-brandao-na-av-paulistama\/\"},\"author\":{\"name\":\"mhais\",\"@id\":\"https:\/\/www.sitsesp.org.br\/novo\/#\/schema\/person\/2a4c180eb185645b3bef8657c75e305a\"},\"headline\":\"1\u00ba de Maio da CUT ter\u00e1 Emicida, Mc Guim\u00ea e Leci Brand\u00e3o na Av. Paulistama\",\"datePublished\":\"2017-04-24T17:09:31+00:00\",\"dateModified\":\"2017-04-24T17:09:31+00:00\",\"mainEntityOfPage\":{\"@id\":\"https:\/\/www.sitsesp.org.br\/novo\/1o-de-maio-da-cut-tera-emicida-mc-guime-e-leci-brandao-na-av-paulistama\/\"},\"wordCount\":506,\"commentCount\":0,\"publisher\":{\"@id\":\"https:\/\/www.sitsesp.org.br\/novo\/#organization\"},\"articleSection\":[\"Noticias\"],\"inLanguage\":\"pt-BR\",\"potentialAction\":[{\"@type\":\"CommentAction\",\"name\":\"Comment\",\"target\":[\"https:\/\/www.sitsesp.org.br\/novo\/1o-de-maio-da-cut-tera-emicida-mc-guime-e-leci-brandao-na-av-paulistama\/#respond\"]}]},{\"@type\":\"WebPage\",\"@id\":\"https:\/\/www.sitsesp.org.br\/novo\/1o-de-maio-da-cut-tera-emicida-mc-guime-e-leci-brandao-na-av-paulistama\/\",\"url\":\"https:\/\/www.sitsesp.org.br\/novo\/1o-de-maio-da-cut-tera-emicida-mc-guime-e-leci-brandao-na-av-paulistama\/\",\"name\":\"1\u00ba de Maio da CUT ter\u00e1 Emicida, Mc Guim\u00ea e Leci Brand\u00e3o na Av. Paulistama - SITSESP\",\"isPartOf\":{\"@id\":\"https:\/\/www.sitsesp.org.br\/novo\/#website\"},\"datePublished\":\"2017-04-24T17:09:31+00:00\",\"dateModified\":\"2017-04-24T17:09:31+00:00\",\"breadcrumb\":{\"@id\":\"https:\/\/www.sitsesp.org.br\/novo\/1o-de-maio-da-cut-tera-emicida-mc-guime-e-leci-brandao-na-av-paulistama\/#breadcrumb\"},\"inLanguage\":\"pt-BR\",\"potentialAction\":[{\"@type\":\"ReadAction\",\"target\":[\"https:\/\/www.sitsesp.org.br\/novo\/1o-de-maio-da-cut-tera-emicida-mc-guime-e-leci-brandao-na-av-paulistama\/\"]}]},{\"@type\":\"BreadcrumbList\",\"@id\":\"https:\/\/www.sitsesp.org.br\/novo\/1o-de-maio-da-cut-tera-emicida-mc-guime-e-leci-brandao-na-av-paulistama\/#breadcrumb\",\"itemListElement\":[{\"@type\":\"ListItem\",\"position\":1,\"name\":\"In\u00edcio\",\"item\":\"https:\/\/www.sitsesp.org.br\/novo\/\"},{\"@type\":\"ListItem\",\"position\":2,\"name\":\"1\u00ba de Maio da CUT ter\u00e1 Emicida, Mc Guim\u00ea e Leci Brand\u00e3o na Av. Paulistama\"}]},{\"@type\":\"WebSite\",\"@id\":\"https:\/\/www.sitsesp.org.br\/novo\/#website\",\"url\":\"https:\/\/www.sitsesp.org.br\/novo\/\",\"name\":\"Sitsesp\",\"description\":\"SIndicato da Socioeduca\u00e7\u00e3o do Estado de S\u00e3o Paulo\",\"publisher\":{\"@id\":\"https:\/\/www.sitsesp.org.br\/novo\/#organization\"},\"potentialAction\":[{\"@type\":\"SearchAction\",\"target\":{\"@type\":\"EntryPoint\",\"urlTemplate\":\"https:\/\/www.sitsesp.org.br\/novo\/?s={search_term_string}\"},\"query-input\":\"required name=search_term_string\"}],\"inLanguage\":\"pt-BR\"},{\"@type\":\"Organization\",\"@id\":\"https:\/\/www.sitsesp.org.br\/novo\/#organization\",\"name\":\"Sitsesp\",\"url\":\"https:\/\/www.sitsesp.org.br\/novo\/\",\"logo\":{\"@type\":\"ImageObject\",\"inLanguage\":\"pt-BR\",\"@id\":\"https:\/\/www.sitsesp.org.br\/novo\/#\/schema\/logo\/image\/\",\"url\":\"https:\/\/www.sitsesp.org.br\/novo\/wp-content\/uploads\/2020\/09\/Design-sem-nome-1.jpg\",\"contentUrl\":\"https:\/\/www.sitsesp.org.br\/novo\/wp-content\/uploads\/2020\/09\/Design-sem-nome-1.jpg\",\"width\":300,\"height\":300,\"caption\":\"Sitsesp\"},\"image\":{\"@id\":\"https:\/\/www.sitsesp.org.br\/novo\/#\/schema\/logo\/image\/\"}},{\"@type\":\"Person\",\"@id\":\"https:\/\/www.sitsesp.org.br\/novo\/#\/schema\/person\/2a4c180eb185645b3bef8657c75e305a\",\"name\":\"mhais\",\"image\":{\"@type\":\"ImageObject\",\"inLanguage\":\"pt-BR\",\"@id\":\"https:\/\/www.sitsesp.org.br\/novo\/#\/schema\/person\/image\/\",\"url\":\"https:\/\/secure.gravatar.com\/avatar\/6f4eabe86990e81328cf702edfa92a60?s=96&d=mm&r=g\",\"contentUrl\":\"https:\/\/secure.gravatar.com\/avatar\/6f4eabe86990e81328cf702edfa92a60?s=96&d=mm&r=g\",\"caption\":\"mhais\"},\"sameAs\":[\"http:\/\/localhost\/sitsesp\"]}]}<\/script>\n<!-- \/ Yoast SEO plugin. -->","yoast_head_json":{"title":"1\u00ba de Maio da CUT ter\u00e1 Emicida, Mc Guim\u00ea e Leci Brand\u00e3o na Av. Paulistama - SITSESP","robots":{"index":"index","follow":"follow","max-snippet":"max-snippet:-1","max-image-preview":"max-image-preview:large","max-video-preview":"max-video-preview:-1"},"canonical":"https:\/\/www.sitsesp.org.br\/novo\/1o-de-maio-da-cut-tera-emicida-mc-guime-e-leci-brandao-na-av-paulistama\/","og_locale":"pt_BR","og_type":"article","og_title":"1\u00ba de Maio da CUT ter\u00e1 Emicida, Mc Guim\u00ea e Leci Brand\u00e3o na Av. Paulistama - SITSESP","og_description":"Neste ano, o tradicional evento do 1&#186; de Maio, Dia dos Trabalhadores e das Trabalhadoras, ser&#225; mais uma vez um ato&hellip;","og_url":"https:\/\/www.sitsesp.org.br\/novo\/1o-de-maio-da-cut-tera-emicida-mc-guime-e-leci-brandao-na-av-paulistama\/","og_site_name":"SITSESP","article_published_time":"2017-04-24T17:09:31+00:00","author":"mhais","twitter_card":"summary_large_image","twitter_misc":{"Escrito por":"mhais","Est. tempo de leitura":"2 minutos"},"schema":{"@context":"https:\/\/schema.org","@graph":[{"@type":"Article","@id":"https:\/\/www.sitsesp.org.br\/novo\/1o-de-maio-da-cut-tera-emicida-mc-guime-e-leci-brandao-na-av-paulistama\/#article","isPartOf":{"@id":"https:\/\/www.sitsesp.org.br\/novo\/1o-de-maio-da-cut-tera-emicida-mc-guime-e-leci-brandao-na-av-paulistama\/"},"author":{"name":"mhais","@id":"https:\/\/www.sitsesp.org.br\/novo\/#\/schema\/person\/2a4c180eb185645b3bef8657c75e305a"},"headline":"1\u00ba de Maio da CUT ter\u00e1 Emicida, Mc Guim\u00ea e Leci Brand\u00e3o na Av. Paulistama","datePublished":"2017-04-24T17:09:31+00:00","dateModified":"2017-04-24T17:09:31+00:00","mainEntityOfPage":{"@id":"https:\/\/www.sitsesp.org.br\/novo\/1o-de-maio-da-cut-tera-emicida-mc-guime-e-leci-brandao-na-av-paulistama\/"},"wordCount":506,"commentCount":0,"publisher":{"@id":"https:\/\/www.sitsesp.org.br\/novo\/#organization"},"articleSection":["Noticias"],"inLanguage":"pt-BR","potentialAction":[{"@type":"CommentAction","name":"Comment","target":["https:\/\/www.sitsesp.org.br\/novo\/1o-de-maio-da-cut-tera-emicida-mc-guime-e-leci-brandao-na-av-paulistama\/#respond"]}]},{"@type":"WebPage","@id":"https:\/\/www.sitsesp.org.br\/novo\/1o-de-maio-da-cut-tera-emicida-mc-guime-e-leci-brandao-na-av-paulistama\/","url":"https:\/\/www.sitsesp.org.br\/novo\/1o-de-maio-da-cut-tera-emicida-mc-guime-e-leci-brandao-na-av-paulistama\/","name":"1\u00ba de Maio da CUT ter\u00e1 Emicida, Mc Guim\u00ea e Leci Brand\u00e3o na Av. Paulistama - SITSESP","isPartOf":{"@id":"https:\/\/www.sitsesp.org.br\/novo\/#website"},"datePublished":"2017-04-24T17:09:31+00:00","dateModified":"2017-04-24T17:09:31+00:00","breadcrumb":{"@id":"https:\/\/www.sitsesp.org.br\/novo\/1o-de-maio-da-cut-tera-emicida-mc-guime-e-leci-brandao-na-av-paulistama\/#breadcrumb"},"inLanguage":"pt-BR","potentialAction":[{"@type":"ReadAction","target":["https:\/\/www.sitsesp.org.br\/novo\/1o-de-maio-da-cut-tera-emicida-mc-guime-e-leci-brandao-na-av-paulistama\/"]}]},{"@type":"BreadcrumbList","@id":"https:\/\/www.sitsesp.org.br\/novo\/1o-de-maio-da-cut-tera-emicida-mc-guime-e-leci-brandao-na-av-paulistama\/#breadcrumb","itemListElement":[{"@type":"ListItem","position":1,"name":"In\u00edcio","item":"https:\/\/www.sitsesp.org.br\/novo\/"},{"@type":"ListItem","position":2,"name":"1\u00ba de Maio da CUT ter\u00e1 Emicida, Mc Guim\u00ea e Leci Brand\u00e3o na Av. Paulistama"}]},{"@type":"WebSite","@id":"https:\/\/www.sitsesp.org.br\/novo\/#website","url":"https:\/\/www.sitsesp.org.br\/novo\/","name":"Sitsesp","description":"SIndicato da Socioeduca\u00e7\u00e3o do Estado de S\u00e3o Paulo","publisher":{"@id":"https:\/\/www.sitsesp.org.br\/novo\/#organization"},"potentialAction":[{"@type":"SearchAction","target":{"@type":"EntryPoint","urlTemplate":"https:\/\/www.sitsesp.org.br\/novo\/?s={search_term_string}"},"query-input":"required name=search_term_string"}],"inLanguage":"pt-BR"},{"@type":"Organization","@id":"https:\/\/www.sitsesp.org.br\/novo\/#organization","name":"Sitsesp","url":"https:\/\/www.sitsesp.org.br\/novo\/","logo":{"@type":"ImageObject","inLanguage":"pt-BR","@id":"https:\/\/www.sitsesp.org.br\/novo\/#\/schema\/logo\/image\/","url":"https:\/\/www.sitsesp.org.br\/novo\/wp-content\/uploads\/2020\/09\/Design-sem-nome-1.jpg","contentUrl":"https:\/\/www.sitsesp.org.br\/novo\/wp-content\/uploads\/2020\/09\/Design-sem-nome-1.jpg","width":300,"height":300,"caption":"Sitsesp"},"image":{"@id":"https:\/\/www.sitsesp.org.br\/novo\/#\/schema\/logo\/image\/"}},{"@type":"Person","@id":"https:\/\/www.sitsesp.org.br\/novo\/#\/schema\/person\/2a4c180eb185645b3bef8657c75e305a","name":"mhais","image":{"@type":"ImageObject","inLanguage":"pt-BR","@id":"https:\/\/www.sitsesp.org.br\/novo\/#\/schema\/person\/image\/","url":"https:\/\/secure.gravatar.com\/avatar\/6f4eabe86990e81328cf702edfa92a60?s=96&d=mm&r=g","contentUrl":"https:\/\/secure.gravatar.com\/avatar\/6f4eabe86990e81328cf702edfa92a60?s=96&d=mm&r=g","caption":"mhais"},"sameAs":["http:\/\/localhost\/sitsesp"]}]}},"_links":{"self":[{"href":"https:\/\/www.sitsesp.org.br\/novo\/wp-json\/wp\/v2\/posts\/2065"}],"collection":[{"href":"https:\/\/www.sitsesp.org.br\/novo\/wp-json\/wp\/v2\/posts"}],"about":[{"href":"https:\/\/www.sitsesp.org.br\/novo\/wp-json\/wp\/v2\/types\/post"}],"author":[{"embeddable":true,"href":"https:\/\/www.sitsesp.org.br\/novo\/wp-json\/wp\/v2\/users\/1"}],"replies":[{"embeddable":true,"href":"https:\/\/www.sitsesp.org.br\/novo\/wp-json\/wp\/v2\/comments?post=2065"}],"version-history":[{"count":0,"href":"https:\/\/www.sitsesp.org.br\/novo\/wp-json\/wp\/v2\/posts\/2065\/revisions"}],"wp:attachment":[{"href":"https:\/\/www.sitsesp.org.br\/novo\/wp-json\/wp\/v2\/media?parent=2065"}],"wp:term":[{"taxonomy":"category","embeddable":true,"href":"https:\/\/www.sitsesp.org.br\/novo\/wp-json\/wp\/v2\/categories?post=2065"},{"taxonomy":"post_tag","embeddable":true,"href":"https:\/\/www.sitsesp.org.br\/novo\/wp-json\/wp\/v2\/tags?post=2065"}],"curies":[{"name":"wp","href":"https:\/\/api.w.org\/{rel}","templated":true}]}}