{"id":2078,"date":"2017-05-11T15:51:15","date_gmt":"2017-05-11T18:51:15","guid":{"rendered":"https:\/\/pecorari-cloud72.pecoraricloud.com.br\/~sitsesporg\/o-sitsesp-esta-presente-no-i-forum-nacional-dos-servidores-e-trabalhadores-da-socio-educacao-o-presidente-aldo-damiao-antonio-defende-aposentadoria-especial\/"},"modified":"2017-05-11T15:51:15","modified_gmt":"2017-05-11T18:51:15","slug":"o-sitsesp-esta-presente-no-i-forum-nacional-dos-servidores-e-trabalhadores-da-socio-educacao-o-presidente-aldo-damiao-antonio-defende-aposentadoria-especial","status":"publish","type":"post","link":"https:\/\/www.sitsesp.org.br\/novo\/o-sitsesp-esta-presente-no-i-forum-nacional-dos-servidores-e-trabalhadores-da-socio-educacao-o-presidente-aldo-damiao-antonio-defende-aposentadoria-especial\/","title":{"rendered":"O SITSESP est\u00e1 presente no I F\u00f3rum Nacional dos Servidores e Trabalhadores da S\u00f3cio Educa\u00e7\u00e3o. O presidente Aldo Dami\u00e3o Antonio  defende aposentadoria especial"},"content":{"rendered":"<p><!-- VideographyWP Plugin Message: Automatic video embedding prevented by plugin options. --><\/p>\n<p>O presidente do SITSESP (Sindicato dos Trabalhadores nas Funda&#231;&#245;es P&#250;blicas de Atendimento Socioeducativo ao Adolescente em Priva&#231;&#227;o de Liberdade do Estado de S&#227;o Paulo), Aldo Dami&#227;o, participou nessa quarta-feira (10) do 1&#186; F&#243;rum Nacional dos Trabalhadores da Socioeduca&#231;&#227;o, em Santa Catarina.<\/p>\n<p>O encontro termina nesta sexta (12) e &#233; organizado pelo Conasse (Conselho Nacional da Socieduca&#231;&#227;o), entidade que re&#250;ne 13 organiza&#231;&#245;es de trabalhadores do sistema socioeducativo de todo o Brasil, que s&#227;o respons&#225;veis pela ressocializa&#231;&#227;o e reeduca&#231;&#227;o de mais de 20 mil adolescentes em conflitos com a lei.<\/p>\n<p>Nesta atividade estiveram presentes institui&#231;&#245;es do Distrito Federal, Esp&#237;rito Santo, Minas Gerais, S&#227;o Paulo, Paran&#225;, Santa Catarina, Mato Grosso, Mato Grosso do Sul, Maranh&#227;o, Bahia, Amap&#225; e Rio Grande do Sul.<\/p>\n<p>Representante de S&#227;o Paulo, Aldo Dami&#227;o falou na atividade sobre a import&#226;ncia de garantir, aos moldes do que conquistaram outras categorias da seguran&#231;a p&#250;blica, a aposentadoria especial para os trabalhadores do setor.<\/p>\n<p>&#8220;Estamos em uma atividade de risco em que convivemos num sistema que &#233; insalubre e perigoso, como nossos companheiros policiais. Garantir esse benef&#237;cio &#233; uma valoriza&#231;&#227;o para nossa atividade profissional e o reconhecimento de que &#233; imposs&#237;vel trabalhar at&#233; os 65 anos dentro desse ambiente&#8221;, defendeu.<\/p>\n","protected":false},"excerpt":{"rendered":"<p>O presidente do SITSESP (Sindicato dos Trabalhadores nas Funda&#231;&#245;es P&#250;blicas de Atendimento Socioeducativo ao Adolescente em Priva&#231;&#227;o de Liberdade do Estado&hellip;<\/p>\n","protected":false},"author":1,"featured_media":2079,"comment_status":"open","ping_status":"open","sticky":false,"template":"","format":"standard","meta":{"cybocfi_hide_featured_image":"","footnotes":""},"categories":[22],"tags":[],"yoast_head":"<!-- This site is optimized with the Yoast SEO plugin v22.8 - https:\/\/yoast.com\/wordpress\/plugins\/seo\/ -->\n<title>O SITSESP est\u00e1 presente no I F\u00f3rum Nacional dos Servidores e Trabalhadores da S\u00f3cio Educa\u00e7\u00e3o. O presidente Aldo Dami\u00e3o Antonio defende aposentadoria especial - SITSESP<\/title>\n<meta name=\"robots\" content=\"index, follow, max-snippet:-1, max-image-preview:large, max-video-preview:-1\" \/>\n<link rel=\"canonical\" href=\"https:\/\/www.sitsesp.org.br\/novo\/o-sitsesp-esta-presente-no-i-forum-nacional-dos-servidores-e-trabalhadores-da-socio-educacao-o-presidente-aldo-damiao-antonio-defende-aposentadoria-especial\/\" \/>\n<meta property=\"og:locale\" content=\"pt_BR\" \/>\n<meta property=\"og:type\" content=\"article\" \/>\n<meta property=\"og:title\" content=\"O SITSESP est\u00e1 presente no I F\u00f3rum Nacional dos Servidores e Trabalhadores da S\u00f3cio Educa\u00e7\u00e3o. O presidente Aldo Dami\u00e3o Antonio defende aposentadoria especial - SITSESP\" \/>\n<meta property=\"og:description\" content=\"O presidente do SITSESP (Sindicato dos Trabalhadores nas Funda&#231;&#245;es P&#250;blicas de Atendimento Socioeducativo ao Adolescente em Priva&#231;&#227;o de Liberdade do Estado&hellip;\" \/>\n<meta property=\"og:url\" content=\"https:\/\/www.sitsesp.org.br\/novo\/o-sitsesp-esta-presente-no-i-forum-nacional-dos-servidores-e-trabalhadores-da-socio-educacao-o-presidente-aldo-damiao-antonio-defende-aposentadoria-especial\/\" \/>\n<meta property=\"og:site_name\" content=\"SITSESP\" \/>\n<meta property=\"article:published_time\" content=\"2017-05-11T18:51:15+00:00\" \/>\n<meta property=\"og:image\" content=\"https:\/\/www.sitsesp.org.br\/novo\/wp-content\/uploads\/2020\/10\/1505760859-1.jpeg\" \/>\n\t<meta property=\"og:image:width\" content=\"1280\" \/>\n\t<meta property=\"og:image:height\" content=\"720\" \/>\n\t<meta property=\"og:image:type\" content=\"image\/jpeg\" \/>\n<meta name=\"author\" content=\"mhais\" \/>\n<meta name=\"twitter:card\" content=\"summary_large_image\" \/>\n<meta name=\"twitter:label1\" content=\"Escrito por\" \/>\n\t<meta name=\"twitter:data1\" content=\"mhais\" \/>\n\t<meta name=\"twitter:label2\" content=\"Est. tempo de leitura\" \/>\n\t<meta name=\"twitter:data2\" content=\"1 minuto\" \/>\n<script type=\"application\/ld+json\" class=\"yoast-schema-graph\">{\"@context\":\"https:\/\/schema.org\",\"@graph\":[{\"@type\":\"Article\",\"@id\":\"https:\/\/www.sitsesp.org.br\/novo\/o-sitsesp-esta-presente-no-i-forum-nacional-dos-servidores-e-trabalhadores-da-socio-educacao-o-presidente-aldo-damiao-antonio-defende-aposentadoria-especial\/#article\",\"isPartOf\":{\"@id\":\"https:\/\/www.sitsesp.org.br\/novo\/o-sitsesp-esta-presente-no-i-forum-nacional-dos-servidores-e-trabalhadores-da-socio-educacao-o-presidente-aldo-damiao-antonio-defende-aposentadoria-especial\/\"},\"author\":{\"name\":\"mhais\",\"@id\":\"https:\/\/www.sitsesp.org.br\/novo\/#\/schema\/person\/2a4c180eb185645b3bef8657c75e305a\"},\"headline\":\"O SITSESP est\u00e1 presente no I F\u00f3rum Nacional dos Servidores e Trabalhadores da S\u00f3cio Educa\u00e7\u00e3o. O presidente Aldo Dami\u00e3o Antonio defende aposentadoria especial\",\"datePublished\":\"2017-05-11T18:51:15+00:00\",\"dateModified\":\"2017-05-11T18:51:15+00:00\",\"mainEntityOfPage\":{\"@id\":\"https:\/\/www.sitsesp.org.br\/novo\/o-sitsesp-esta-presente-no-i-forum-nacional-dos-servidores-e-trabalhadores-da-socio-educacao-o-presidente-aldo-damiao-antonio-defende-aposentadoria-especial\/\"},\"wordCount\":240,\"commentCount\":0,\"publisher\":{\"@id\":\"https:\/\/www.sitsesp.org.br\/novo\/#organization\"},\"image\":{\"@id\":\"https:\/\/www.sitsesp.org.br\/novo\/o-sitsesp-esta-presente-no-i-forum-nacional-dos-servidores-e-trabalhadores-da-socio-educacao-o-presidente-aldo-damiao-antonio-defende-aposentadoria-especial\/#primaryimage\"},\"thumbnailUrl\":\"https:\/\/www.sitsesp.org.br\/novo\/wp-content\/uploads\/2020\/10\/1505760859-1.jpeg\",\"articleSection\":[\"Noticias\"],\"inLanguage\":\"pt-BR\",\"potentialAction\":[{\"@type\":\"CommentAction\",\"name\":\"Comment\",\"target\":[\"https:\/\/www.sitsesp.org.br\/novo\/o-sitsesp-esta-presente-no-i-forum-nacional-dos-servidores-e-trabalhadores-da-socio-educacao-o-presidente-aldo-damiao-antonio-defende-aposentadoria-especial\/#respond\"]}]},{\"@type\":\"WebPage\",\"@id\":\"https:\/\/www.sitsesp.org.br\/novo\/o-sitsesp-esta-presente-no-i-forum-nacional-dos-servidores-e-trabalhadores-da-socio-educacao-o-presidente-aldo-damiao-antonio-defende-aposentadoria-especial\/\",\"url\":\"https:\/\/www.sitsesp.org.br\/novo\/o-sitsesp-esta-presente-no-i-forum-nacional-dos-servidores-e-trabalhadores-da-socio-educacao-o-presidente-aldo-damiao-antonio-defende-aposentadoria-especial\/\",\"name\":\"O SITSESP est\u00e1 presente no I F\u00f3rum Nacional dos Servidores e Trabalhadores da S\u00f3cio Educa\u00e7\u00e3o. O presidente Aldo Dami\u00e3o Antonio defende aposentadoria especial - SITSESP\",\"isPartOf\":{\"@id\":\"https:\/\/www.sitsesp.org.br\/novo\/#website\"},\"primaryImageOfPage\":{\"@id\":\"https:\/\/www.sitsesp.org.br\/novo\/o-sitsesp-esta-presente-no-i-forum-nacional-dos-servidores-e-trabalhadores-da-socio-educacao-o-presidente-aldo-damiao-antonio-defende-aposentadoria-especial\/#primaryimage\"},\"image\":{\"@id\":\"https:\/\/www.sitsesp.org.br\/novo\/o-sitsesp-esta-presente-no-i-forum-nacional-dos-servidores-e-trabalhadores-da-socio-educacao-o-presidente-aldo-damiao-antonio-defende-aposentadoria-especial\/#primaryimage\"},\"thumbnailUrl\":\"https:\/\/www.sitsesp.org.br\/novo\/wp-content\/uploads\/2020\/10\/1505760859-1.jpeg\",\"datePublished\":\"2017-05-11T18:51:15+00:00\",\"dateModified\":\"2017-05-11T18:51:15+00:00\",\"breadcrumb\":{\"@id\":\"https:\/\/www.sitsesp.org.br\/novo\/o-sitsesp-esta-presente-no-i-forum-nacional-dos-servidores-e-trabalhadores-da-socio-educacao-o-presidente-aldo-damiao-antonio-defende-aposentadoria-especial\/#breadcrumb\"},\"inLanguage\":\"pt-BR\",\"potentialAction\":[{\"@type\":\"ReadAction\",\"target\":[\"https:\/\/www.sitsesp.org.br\/novo\/o-sitsesp-esta-presente-no-i-forum-nacional-dos-servidores-e-trabalhadores-da-socio-educacao-o-presidente-aldo-damiao-antonio-defende-aposentadoria-especial\/\"]}]},{\"@type\":\"ImageObject\",\"inLanguage\":\"pt-BR\",\"@id\":\"https:\/\/www.sitsesp.org.br\/novo\/o-sitsesp-esta-presente-no-i-forum-nacional-dos-servidores-e-trabalhadores-da-socio-educacao-o-presidente-aldo-damiao-antonio-defende-aposentadoria-especial\/#primaryimage\",\"url\":\"https:\/\/www.sitsesp.org.br\/novo\/wp-content\/uploads\/2020\/10\/1505760859-1.jpeg\",\"contentUrl\":\"https:\/\/www.sitsesp.org.br\/novo\/wp-content\/uploads\/2020\/10\/1505760859-1.jpeg\",\"width\":1280,\"height\":720},{\"@type\":\"BreadcrumbList\",\"@id\":\"https:\/\/www.sitsesp.org.br\/novo\/o-sitsesp-esta-presente-no-i-forum-nacional-dos-servidores-e-trabalhadores-da-socio-educacao-o-presidente-aldo-damiao-antonio-defende-aposentadoria-especial\/#breadcrumb\",\"itemListElement\":[{\"@type\":\"ListItem\",\"position\":1,\"name\":\"In\u00edcio\",\"item\":\"https:\/\/www.sitsesp.org.br\/novo\/\"},{\"@type\":\"ListItem\",\"position\":2,\"name\":\"O SITSESP est\u00e1 presente no I F\u00f3rum Nacional dos Servidores e Trabalhadores da S\u00f3cio Educa\u00e7\u00e3o. O presidente Aldo Dami\u00e3o Antonio defende aposentadoria especial\"}]},{\"@type\":\"WebSite\",\"@id\":\"https:\/\/www.sitsesp.org.br\/novo\/#website\",\"url\":\"https:\/\/www.sitsesp.org.br\/novo\/\",\"name\":\"Sitsesp\",\"description\":\"SIndicato da Socioeduca\u00e7\u00e3o do Estado de S\u00e3o Paulo\",\"publisher\":{\"@id\":\"https:\/\/www.sitsesp.org.br\/novo\/#organization\"},\"potentialAction\":[{\"@type\":\"SearchAction\",\"target\":{\"@type\":\"EntryPoint\",\"urlTemplate\":\"https:\/\/www.sitsesp.org.br\/novo\/?s={search_term_string}\"},\"query-input\":\"required name=search_term_string\"}],\"inLanguage\":\"pt-BR\"},{\"@type\":\"Organization\",\"@id\":\"https:\/\/www.sitsesp.org.br\/novo\/#organization\",\"name\":\"Sitsesp\",\"url\":\"https:\/\/www.sitsesp.org.br\/novo\/\",\"logo\":{\"@type\":\"ImageObject\",\"inLanguage\":\"pt-BR\",\"@id\":\"https:\/\/www.sitsesp.org.br\/novo\/#\/schema\/logo\/image\/\",\"url\":\"https:\/\/www.sitsesp.org.br\/novo\/wp-content\/uploads\/2020\/09\/Design-sem-nome-1.jpg\",\"contentUrl\":\"https:\/\/www.sitsesp.org.br\/novo\/wp-content\/uploads\/2020\/09\/Design-sem-nome-1.jpg\",\"width\":300,\"height\":300,\"caption\":\"Sitsesp\"},\"image\":{\"@id\":\"https:\/\/www.sitsesp.org.br\/novo\/#\/schema\/logo\/image\/\"}},{\"@type\":\"Person\",\"@id\":\"https:\/\/www.sitsesp.org.br\/novo\/#\/schema\/person\/2a4c180eb185645b3bef8657c75e305a\",\"name\":\"mhais\",\"image\":{\"@type\":\"ImageObject\",\"inLanguage\":\"pt-BR\",\"@id\":\"https:\/\/www.sitsesp.org.br\/novo\/#\/schema\/person\/image\/\",\"url\":\"https:\/\/secure.gravatar.com\/avatar\/6f4eabe86990e81328cf702edfa92a60?s=96&d=mm&r=g\",\"contentUrl\":\"https:\/\/secure.gravatar.com\/avatar\/6f4eabe86990e81328cf702edfa92a60?s=96&d=mm&r=g\",\"caption\":\"mhais\"},\"sameAs\":[\"http:\/\/localhost\/sitsesp\"]}]}<\/script>\n<!-- \/ Yoast SEO plugin. -->","yoast_head_json":{"title":"O SITSESP est\u00e1 presente no I F\u00f3rum Nacional dos Servidores e Trabalhadores da S\u00f3cio Educa\u00e7\u00e3o. O presidente Aldo Dami\u00e3o Antonio defende aposentadoria especial - SITSESP","robots":{"index":"index","follow":"follow","max-snippet":"max-snippet:-1","max-image-preview":"max-image-preview:large","max-video-preview":"max-video-preview:-1"},"canonical":"https:\/\/www.sitsesp.org.br\/novo\/o-sitsesp-esta-presente-no-i-forum-nacional-dos-servidores-e-trabalhadores-da-socio-educacao-o-presidente-aldo-damiao-antonio-defende-aposentadoria-especial\/","og_locale":"pt_BR","og_type":"article","og_title":"O SITSESP est\u00e1 presente no I F\u00f3rum Nacional dos Servidores e Trabalhadores da S\u00f3cio Educa\u00e7\u00e3o. O presidente Aldo Dami\u00e3o Antonio defende aposentadoria especial - SITSESP","og_description":"O presidente do SITSESP (Sindicato dos Trabalhadores nas Funda&#231;&#245;es P&#250;blicas de Atendimento Socioeducativo ao Adolescente em Priva&#231;&#227;o de Liberdade do Estado&hellip;","og_url":"https:\/\/www.sitsesp.org.br\/novo\/o-sitsesp-esta-presente-no-i-forum-nacional-dos-servidores-e-trabalhadores-da-socio-educacao-o-presidente-aldo-damiao-antonio-defende-aposentadoria-especial\/","og_site_name":"SITSESP","article_published_time":"2017-05-11T18:51:15+00:00","og_image":[{"width":1280,"height":720,"url":"https:\/\/www.sitsesp.org.br\/novo\/wp-content\/uploads\/2020\/10\/1505760859-1.jpeg","type":"image\/jpeg"}],"author":"mhais","twitter_card":"summary_large_image","twitter_misc":{"Escrito por":"mhais","Est. tempo de leitura":"1 minuto"},"schema":{"@context":"https:\/\/schema.org","@graph":[{"@type":"Article","@id":"https:\/\/www.sitsesp.org.br\/novo\/o-sitsesp-esta-presente-no-i-forum-nacional-dos-servidores-e-trabalhadores-da-socio-educacao-o-presidente-aldo-damiao-antonio-defende-aposentadoria-especial\/#article","isPartOf":{"@id":"https:\/\/www.sitsesp.org.br\/novo\/o-sitsesp-esta-presente-no-i-forum-nacional-dos-servidores-e-trabalhadores-da-socio-educacao-o-presidente-aldo-damiao-antonio-defende-aposentadoria-especial\/"},"author":{"name":"mhais","@id":"https:\/\/www.sitsesp.org.br\/novo\/#\/schema\/person\/2a4c180eb185645b3bef8657c75e305a"},"headline":"O SITSESP est\u00e1 presente no I F\u00f3rum Nacional dos Servidores e Trabalhadores da S\u00f3cio Educa\u00e7\u00e3o. O presidente Aldo Dami\u00e3o Antonio defende aposentadoria especial","datePublished":"2017-05-11T18:51:15+00:00","dateModified":"2017-05-11T18:51:15+00:00","mainEntityOfPage":{"@id":"https:\/\/www.sitsesp.org.br\/novo\/o-sitsesp-esta-presente-no-i-forum-nacional-dos-servidores-e-trabalhadores-da-socio-educacao-o-presidente-aldo-damiao-antonio-defende-aposentadoria-especial\/"},"wordCount":240,"commentCount":0,"publisher":{"@id":"https:\/\/www.sitsesp.org.br\/novo\/#organization"},"image":{"@id":"https:\/\/www.sitsesp.org.br\/novo\/o-sitsesp-esta-presente-no-i-forum-nacional-dos-servidores-e-trabalhadores-da-socio-educacao-o-presidente-aldo-damiao-antonio-defende-aposentadoria-especial\/#primaryimage"},"thumbnailUrl":"https:\/\/www.sitsesp.org.br\/novo\/wp-content\/uploads\/2020\/10\/1505760859-1.jpeg","articleSection":["Noticias"],"inLanguage":"pt-BR","potentialAction":[{"@type":"CommentAction","name":"Comment","target":["https:\/\/www.sitsesp.org.br\/novo\/o-sitsesp-esta-presente-no-i-forum-nacional-dos-servidores-e-trabalhadores-da-socio-educacao-o-presidente-aldo-damiao-antonio-defende-aposentadoria-especial\/#respond"]}]},{"@type":"WebPage","@id":"https:\/\/www.sitsesp.org.br\/novo\/o-sitsesp-esta-presente-no-i-forum-nacional-dos-servidores-e-trabalhadores-da-socio-educacao-o-presidente-aldo-damiao-antonio-defende-aposentadoria-especial\/","url":"https:\/\/www.sitsesp.org.br\/novo\/o-sitsesp-esta-presente-no-i-forum-nacional-dos-servidores-e-trabalhadores-da-socio-educacao-o-presidente-aldo-damiao-antonio-defende-aposentadoria-especial\/","name":"O SITSESP est\u00e1 presente no I F\u00f3rum Nacional dos Servidores e Trabalhadores da S\u00f3cio Educa\u00e7\u00e3o. O presidente Aldo Dami\u00e3o Antonio defende aposentadoria especial - SITSESP","isPartOf":{"@id":"https:\/\/www.sitsesp.org.br\/novo\/#website"},"primaryImageOfPage":{"@id":"https:\/\/www.sitsesp.org.br\/novo\/o-sitsesp-esta-presente-no-i-forum-nacional-dos-servidores-e-trabalhadores-da-socio-educacao-o-presidente-aldo-damiao-antonio-defende-aposentadoria-especial\/#primaryimage"},"image":{"@id":"https:\/\/www.sitsesp.org.br\/novo\/o-sitsesp-esta-presente-no-i-forum-nacional-dos-servidores-e-trabalhadores-da-socio-educacao-o-presidente-aldo-damiao-antonio-defende-aposentadoria-especial\/#primaryimage"},"thumbnailUrl":"https:\/\/www.sitsesp.org.br\/novo\/wp-content\/uploads\/2020\/10\/1505760859-1.jpeg","datePublished":"2017-05-11T18:51:15+00:00","dateModified":"2017-05-11T18:51:15+00:00","breadcrumb":{"@id":"https:\/\/www.sitsesp.org.br\/novo\/o-sitsesp-esta-presente-no-i-forum-nacional-dos-servidores-e-trabalhadores-da-socio-educacao-o-presidente-aldo-damiao-antonio-defende-aposentadoria-especial\/#breadcrumb"},"inLanguage":"pt-BR","potentialAction":[{"@type":"ReadAction","target":["https:\/\/www.sitsesp.org.br\/novo\/o-sitsesp-esta-presente-no-i-forum-nacional-dos-servidores-e-trabalhadores-da-socio-educacao-o-presidente-aldo-damiao-antonio-defende-aposentadoria-especial\/"]}]},{"@type":"ImageObject","inLanguage":"pt-BR","@id":"https:\/\/www.sitsesp.org.br\/novo\/o-sitsesp-esta-presente-no-i-forum-nacional-dos-servidores-e-trabalhadores-da-socio-educacao-o-presidente-aldo-damiao-antonio-defende-aposentadoria-especial\/#primaryimage","url":"https:\/\/www.sitsesp.org.br\/novo\/wp-content\/uploads\/2020\/10\/1505760859-1.jpeg","contentUrl":"https:\/\/www.sitsesp.org.br\/novo\/wp-content\/uploads\/2020\/10\/1505760859-1.jpeg","width":1280,"height":720},{"@type":"BreadcrumbList","@id":"https:\/\/www.sitsesp.org.br\/novo\/o-sitsesp-esta-presente-no-i-forum-nacional-dos-servidores-e-trabalhadores-da-socio-educacao-o-presidente-aldo-damiao-antonio-defende-aposentadoria-especial\/#breadcrumb","itemListElement":[{"@type":"ListItem","position":1,"name":"In\u00edcio","item":"https:\/\/www.sitsesp.org.br\/novo\/"},{"@type":"ListItem","position":2,"name":"O SITSESP est\u00e1 presente no I F\u00f3rum Nacional dos Servidores e Trabalhadores da S\u00f3cio Educa\u00e7\u00e3o. O presidente Aldo Dami\u00e3o Antonio defende aposentadoria especial"}]},{"@type":"WebSite","@id":"https:\/\/www.sitsesp.org.br\/novo\/#website","url":"https:\/\/www.sitsesp.org.br\/novo\/","name":"Sitsesp","description":"SIndicato da Socioeduca\u00e7\u00e3o do Estado de S\u00e3o Paulo","publisher":{"@id":"https:\/\/www.sitsesp.org.br\/novo\/#organization"},"potentialAction":[{"@type":"SearchAction","target":{"@type":"EntryPoint","urlTemplate":"https:\/\/www.sitsesp.org.br\/novo\/?s={search_term_string}"},"query-input":"required name=search_term_string"}],"inLanguage":"pt-BR"},{"@type":"Organization","@id":"https:\/\/www.sitsesp.org.br\/novo\/#organization","name":"Sitsesp","url":"https:\/\/www.sitsesp.org.br\/novo\/","logo":{"@type":"ImageObject","inLanguage":"pt-BR","@id":"https:\/\/www.sitsesp.org.br\/novo\/#\/schema\/logo\/image\/","url":"https:\/\/www.sitsesp.org.br\/novo\/wp-content\/uploads\/2020\/09\/Design-sem-nome-1.jpg","contentUrl":"https:\/\/www.sitsesp.org.br\/novo\/wp-content\/uploads\/2020\/09\/Design-sem-nome-1.jpg","width":300,"height":300,"caption":"Sitsesp"},"image":{"@id":"https:\/\/www.sitsesp.org.br\/novo\/#\/schema\/logo\/image\/"}},{"@type":"Person","@id":"https:\/\/www.sitsesp.org.br\/novo\/#\/schema\/person\/2a4c180eb185645b3bef8657c75e305a","name":"mhais","image":{"@type":"ImageObject","inLanguage":"pt-BR","@id":"https:\/\/www.sitsesp.org.br\/novo\/#\/schema\/person\/image\/","url":"https:\/\/secure.gravatar.com\/avatar\/6f4eabe86990e81328cf702edfa92a60?s=96&d=mm&r=g","contentUrl":"https:\/\/secure.gravatar.com\/avatar\/6f4eabe86990e81328cf702edfa92a60?s=96&d=mm&r=g","caption":"mhais"},"sameAs":["http:\/\/localhost\/sitsesp"]}]}},"_links":{"self":[{"href":"https:\/\/www.sitsesp.org.br\/novo\/wp-json\/wp\/v2\/posts\/2078"}],"collection":[{"href":"https:\/\/www.sitsesp.org.br\/novo\/wp-json\/wp\/v2\/posts"}],"about":[{"href":"https:\/\/www.sitsesp.org.br\/novo\/wp-json\/wp\/v2\/types\/post"}],"author":[{"embeddable":true,"href":"https:\/\/www.sitsesp.org.br\/novo\/wp-json\/wp\/v2\/users\/1"}],"replies":[{"embeddable":true,"href":"https:\/\/www.sitsesp.org.br\/novo\/wp-json\/wp\/v2\/comments?post=2078"}],"version-history":[{"count":0,"href":"https:\/\/www.sitsesp.org.br\/novo\/wp-json\/wp\/v2\/posts\/2078\/revisions"}],"wp:featuredmedia":[{"embeddable":true,"href":"https:\/\/www.sitsesp.org.br\/novo\/wp-json\/wp\/v2\/media\/2079"}],"wp:attachment":[{"href":"https:\/\/www.sitsesp.org.br\/novo\/wp-json\/wp\/v2\/media?parent=2078"}],"wp:term":[{"taxonomy":"category","embeddable":true,"href":"https:\/\/www.sitsesp.org.br\/novo\/wp-json\/wp\/v2\/categories?post=2078"},{"taxonomy":"post_tag","embeddable":true,"href":"https:\/\/www.sitsesp.org.br\/novo\/wp-json\/wp\/v2\/tags?post=2078"}],"curies":[{"name":"wp","href":"https:\/\/api.w.org\/{rel}","templated":true}]}}