{"id":2092,"date":"2017-06-01T15:03:51","date_gmt":"2017-06-01T18:03:51","guid":{"rendered":"https:\/\/pecorari-cloud72.pecoraricloud.com.br\/~sitsesporg\/audiencia-da-campanha-salarial-2017-no-trt-para-os-trabalhadores-da-fundacao-casa-sera-dia-2-de-junho\/"},"modified":"2017-06-01T15:03:51","modified_gmt":"2017-06-01T18:03:51","slug":"audiencia-da-campanha-salarial-2017-no-trt-para-os-trabalhadores-da-fundacao-casa-sera-dia-2-de-junho","status":"publish","type":"post","link":"https:\/\/www.sitsesp.org.br\/novo\/audiencia-da-campanha-salarial-2017-no-trt-para-os-trabalhadores-da-fundacao-casa-sera-dia-2-de-junho\/","title":{"rendered":"Audi\u00eancia da campanha salarial 2017, no TRT para os trabalhadores da Funda\u00e7\u00e3o Casa ser\u00e1 dia 2 de junho"},"content":{"rendered":"<p><!-- VideographyWP Plugin Message: Automatic video embedding prevented by plugin options. --><\/p>\n<p>Desde fevereiro, o Sitsesp\/Sitraemfa tem for&#231;ado abertura de negocia&#231;&#227;o, com o governador Geraldo Alckmin (PSDB), haja vista quantidade de Documentos e A&#231;&#245;es Pol&#237;ticas, Manifesta&#231;&#245;es e Reuni&#245;es com L&#237;deres na Assembleia Legislativa SP e Congresso Nacional, mas, at&#233; agora s&#243; foi recebido pelo Chefe de Gabinete do secret&#225;rio da Casa Civil, que n&#227;o tem poder de decis&#227;o final.<\/p>\n<p>Diante disso, o presidente do Sitraemfa\/Sitsesp, Aldo Dami&#227;o Ant&#244;nio, aponta que, em respeito &#224; decis&#227;o da categoria em assembleia, a op&#231;&#227;o foi pela judicializa&#231;&#227;o das negocia&#231;&#245;es, para finalmente levar o Governo pra Negociar na Justi&#231;a do Trabalho.<\/p>\n<p>A primeira audi&#234;ncia com a dire&#231;&#227;o do sindicato, comiss&#227;o de negocia&#231;&#227;o e o departamento jur&#237;dico foi marcada para o dia 2 de junho. Por isso, a assembleia com a categoria que estava marcada para o dia 3 de junho foi adiada e ser&#225; remarcada para uma pr&#243;xima data.<\/p>\n<p>Isso porque o objetivo &#233; primeiro demonstrar pra Justi&#231;a que estamos utilizando todos os recursos, e tamb&#233;m saber qual &#224; resposta do governo sobre a as reivindica&#231;&#245;es para depois submet&#234;-la &#224; categoria.&#160;<\/p>\n<p>A data-base da categoria &#233; dia 1&#186; de mar&#231;o, mas, at&#233; agora, apesar de termos encaminhado os of&#237;cios para todos os &#243;rg&#227;os de governo, somente a Casa Civil nos convocou. S&#243; que quem negocia mesmo &#233; o Secret&#225;rio de Planejamento e a Justi&#231;a, que ainda n&#227;o se pronunciaram. Agora, com a audi&#234;ncia marcada pelo TRT (Tribunal Regional do Trabalho), o governo &#233; obrigado a sentar e conversar.<\/p>\n<p>Fique atento, pois o resultado de cada audi&#234;ncia ser&#225; divulgado no site e nas redes sociais do Sitsesp\/Sitraemfa.<\/p>\n<p>Pauta de reivindica&#231;&#227;o &#8211; Entre os 87 itens da pauta est&#225; o aumento de 11,5% nos sal&#225;rios (6,5% de reposi&#231;&#227;o da infla&#231;&#227;o e 5% de aumento real). Na pauta consta tamb&#233;m a manuten&#231;&#227;o de um canal aberto de negocia&#231;&#245;es.<\/p>\n","protected":false},"excerpt":{"rendered":"<p>Desde fevereiro, o Sitsesp\/Sitraemfa tem for&#231;ado abertura de negocia&#231;&#227;o, com o governador Geraldo Alckmin (PSDB), haja vista quantidade de Documentos e&hellip;<\/p>\n","protected":false},"author":1,"featured_media":2093,"comment_status":"open","ping_status":"open","sticky":false,"template":"","format":"standard","meta":{"cybocfi_hide_featured_image":"","footnotes":""},"categories":[22],"tags":[],"yoast_head":"<!-- This site is optimized with the Yoast SEO plugin v22.8 - https:\/\/yoast.com\/wordpress\/plugins\/seo\/ -->\n<title>Audi\u00eancia da campanha salarial 2017, no TRT para os trabalhadores da Funda\u00e7\u00e3o Casa ser\u00e1 dia 2 de junho - SITSESP<\/title>\n<meta name=\"robots\" content=\"index, follow, max-snippet:-1, max-image-preview:large, max-video-preview:-1\" \/>\n<link rel=\"canonical\" href=\"https:\/\/www.sitsesp.org.br\/novo\/audiencia-da-campanha-salarial-2017-no-trt-para-os-trabalhadores-da-fundacao-casa-sera-dia-2-de-junho\/\" \/>\n<meta property=\"og:locale\" content=\"pt_BR\" \/>\n<meta property=\"og:type\" content=\"article\" \/>\n<meta property=\"og:title\" content=\"Audi\u00eancia da campanha salarial 2017, no TRT para os trabalhadores da Funda\u00e7\u00e3o Casa ser\u00e1 dia 2 de junho - SITSESP\" \/>\n<meta property=\"og:description\" content=\"Desde fevereiro, o Sitsesp\/Sitraemfa tem for&#231;ado abertura de negocia&#231;&#227;o, com o governador Geraldo Alckmin (PSDB), haja vista quantidade de Documentos e&hellip;\" \/>\n<meta property=\"og:url\" content=\"https:\/\/www.sitsesp.org.br\/novo\/audiencia-da-campanha-salarial-2017-no-trt-para-os-trabalhadores-da-fundacao-casa-sera-dia-2-de-junho\/\" \/>\n<meta property=\"og:site_name\" content=\"SITSESP\" \/>\n<meta property=\"article:published_time\" content=\"2017-06-01T18:03:51+00:00\" \/>\n<meta property=\"og:image\" content=\"https:\/\/www.sitsesp.org.br\/novo\/wp-content\/uploads\/2020\/10\/1504281529-1.jpg\" \/>\n\t<meta property=\"og:image:width\" content=\"346\" \/>\n\t<meta property=\"og:image:height\" content=\"158\" \/>\n\t<meta property=\"og:image:type\" content=\"image\/jpeg\" \/>\n<meta name=\"author\" content=\"mhais\" \/>\n<meta name=\"twitter:card\" content=\"summary_large_image\" \/>\n<meta name=\"twitter:label1\" content=\"Escrito por\" \/>\n\t<meta name=\"twitter:data1\" content=\"mhais\" \/>\n\t<meta name=\"twitter:label2\" content=\"Est. tempo de leitura\" \/>\n\t<meta name=\"twitter:data2\" content=\"2 minutos\" \/>\n<script type=\"application\/ld+json\" class=\"yoast-schema-graph\">{\"@context\":\"https:\/\/schema.org\",\"@graph\":[{\"@type\":\"Article\",\"@id\":\"https:\/\/www.sitsesp.org.br\/novo\/audiencia-da-campanha-salarial-2017-no-trt-para-os-trabalhadores-da-fundacao-casa-sera-dia-2-de-junho\/#article\",\"isPartOf\":{\"@id\":\"https:\/\/www.sitsesp.org.br\/novo\/audiencia-da-campanha-salarial-2017-no-trt-para-os-trabalhadores-da-fundacao-casa-sera-dia-2-de-junho\/\"},\"author\":{\"name\":\"mhais\",\"@id\":\"https:\/\/www.sitsesp.org.br\/novo\/#\/schema\/person\/2a4c180eb185645b3bef8657c75e305a\"},\"headline\":\"Audi\u00eancia da campanha salarial 2017, no TRT para os trabalhadores da Funda\u00e7\u00e3o Casa ser\u00e1 dia 2 de junho\",\"datePublished\":\"2017-06-01T18:03:51+00:00\",\"dateModified\":\"2017-06-01T18:03:51+00:00\",\"mainEntityOfPage\":{\"@id\":\"https:\/\/www.sitsesp.org.br\/novo\/audiencia-da-campanha-salarial-2017-no-trt-para-os-trabalhadores-da-fundacao-casa-sera-dia-2-de-junho\/\"},\"wordCount\":346,\"commentCount\":0,\"publisher\":{\"@id\":\"https:\/\/www.sitsesp.org.br\/novo\/#organization\"},\"image\":{\"@id\":\"https:\/\/www.sitsesp.org.br\/novo\/audiencia-da-campanha-salarial-2017-no-trt-para-os-trabalhadores-da-fundacao-casa-sera-dia-2-de-junho\/#primaryimage\"},\"thumbnailUrl\":\"https:\/\/www.sitsesp.org.br\/novo\/wp-content\/uploads\/2020\/10\/1504281529-1.jpg\",\"articleSection\":[\"Noticias\"],\"inLanguage\":\"pt-BR\",\"potentialAction\":[{\"@type\":\"CommentAction\",\"name\":\"Comment\",\"target\":[\"https:\/\/www.sitsesp.org.br\/novo\/audiencia-da-campanha-salarial-2017-no-trt-para-os-trabalhadores-da-fundacao-casa-sera-dia-2-de-junho\/#respond\"]}]},{\"@type\":\"WebPage\",\"@id\":\"https:\/\/www.sitsesp.org.br\/novo\/audiencia-da-campanha-salarial-2017-no-trt-para-os-trabalhadores-da-fundacao-casa-sera-dia-2-de-junho\/\",\"url\":\"https:\/\/www.sitsesp.org.br\/novo\/audiencia-da-campanha-salarial-2017-no-trt-para-os-trabalhadores-da-fundacao-casa-sera-dia-2-de-junho\/\",\"name\":\"Audi\u00eancia da campanha salarial 2017, no TRT para os trabalhadores da Funda\u00e7\u00e3o Casa ser\u00e1 dia 2 de junho - SITSESP\",\"isPartOf\":{\"@id\":\"https:\/\/www.sitsesp.org.br\/novo\/#website\"},\"primaryImageOfPage\":{\"@id\":\"https:\/\/www.sitsesp.org.br\/novo\/audiencia-da-campanha-salarial-2017-no-trt-para-os-trabalhadores-da-fundacao-casa-sera-dia-2-de-junho\/#primaryimage\"},\"image\":{\"@id\":\"https:\/\/www.sitsesp.org.br\/novo\/audiencia-da-campanha-salarial-2017-no-trt-para-os-trabalhadores-da-fundacao-casa-sera-dia-2-de-junho\/#primaryimage\"},\"thumbnailUrl\":\"https:\/\/www.sitsesp.org.br\/novo\/wp-content\/uploads\/2020\/10\/1504281529-1.jpg\",\"datePublished\":\"2017-06-01T18:03:51+00:00\",\"dateModified\":\"2017-06-01T18:03:51+00:00\",\"breadcrumb\":{\"@id\":\"https:\/\/www.sitsesp.org.br\/novo\/audiencia-da-campanha-salarial-2017-no-trt-para-os-trabalhadores-da-fundacao-casa-sera-dia-2-de-junho\/#breadcrumb\"},\"inLanguage\":\"pt-BR\",\"potentialAction\":[{\"@type\":\"ReadAction\",\"target\":[\"https:\/\/www.sitsesp.org.br\/novo\/audiencia-da-campanha-salarial-2017-no-trt-para-os-trabalhadores-da-fundacao-casa-sera-dia-2-de-junho\/\"]}]},{\"@type\":\"ImageObject\",\"inLanguage\":\"pt-BR\",\"@id\":\"https:\/\/www.sitsesp.org.br\/novo\/audiencia-da-campanha-salarial-2017-no-trt-para-os-trabalhadores-da-fundacao-casa-sera-dia-2-de-junho\/#primaryimage\",\"url\":\"https:\/\/www.sitsesp.org.br\/novo\/wp-content\/uploads\/2020\/10\/1504281529-1.jpg\",\"contentUrl\":\"https:\/\/www.sitsesp.org.br\/novo\/wp-content\/uploads\/2020\/10\/1504281529-1.jpg\",\"width\":346,\"height\":158},{\"@type\":\"BreadcrumbList\",\"@id\":\"https:\/\/www.sitsesp.org.br\/novo\/audiencia-da-campanha-salarial-2017-no-trt-para-os-trabalhadores-da-fundacao-casa-sera-dia-2-de-junho\/#breadcrumb\",\"itemListElement\":[{\"@type\":\"ListItem\",\"position\":1,\"name\":\"In\u00edcio\",\"item\":\"https:\/\/www.sitsesp.org.br\/novo\/\"},{\"@type\":\"ListItem\",\"position\":2,\"name\":\"Audi\u00eancia da campanha salarial 2017, no TRT para os trabalhadores da Funda\u00e7\u00e3o Casa ser\u00e1 dia 2 de junho\"}]},{\"@type\":\"WebSite\",\"@id\":\"https:\/\/www.sitsesp.org.br\/novo\/#website\",\"url\":\"https:\/\/www.sitsesp.org.br\/novo\/\",\"name\":\"Sitsesp\",\"description\":\"SIndicato da Socioeduca\u00e7\u00e3o do Estado de S\u00e3o Paulo\",\"publisher\":{\"@id\":\"https:\/\/www.sitsesp.org.br\/novo\/#organization\"},\"potentialAction\":[{\"@type\":\"SearchAction\",\"target\":{\"@type\":\"EntryPoint\",\"urlTemplate\":\"https:\/\/www.sitsesp.org.br\/novo\/?s={search_term_string}\"},\"query-input\":\"required name=search_term_string\"}],\"inLanguage\":\"pt-BR\"},{\"@type\":\"Organization\",\"@id\":\"https:\/\/www.sitsesp.org.br\/novo\/#organization\",\"name\":\"Sitsesp\",\"url\":\"https:\/\/www.sitsesp.org.br\/novo\/\",\"logo\":{\"@type\":\"ImageObject\",\"inLanguage\":\"pt-BR\",\"@id\":\"https:\/\/www.sitsesp.org.br\/novo\/#\/schema\/logo\/image\/\",\"url\":\"https:\/\/www.sitsesp.org.br\/novo\/wp-content\/uploads\/2020\/09\/Design-sem-nome-1.jpg\",\"contentUrl\":\"https:\/\/www.sitsesp.org.br\/novo\/wp-content\/uploads\/2020\/09\/Design-sem-nome-1.jpg\",\"width\":300,\"height\":300,\"caption\":\"Sitsesp\"},\"image\":{\"@id\":\"https:\/\/www.sitsesp.org.br\/novo\/#\/schema\/logo\/image\/\"}},{\"@type\":\"Person\",\"@id\":\"https:\/\/www.sitsesp.org.br\/novo\/#\/schema\/person\/2a4c180eb185645b3bef8657c75e305a\",\"name\":\"mhais\",\"image\":{\"@type\":\"ImageObject\",\"inLanguage\":\"pt-BR\",\"@id\":\"https:\/\/www.sitsesp.org.br\/novo\/#\/schema\/person\/image\/\",\"url\":\"https:\/\/secure.gravatar.com\/avatar\/6f4eabe86990e81328cf702edfa92a60?s=96&d=mm&r=g\",\"contentUrl\":\"https:\/\/secure.gravatar.com\/avatar\/6f4eabe86990e81328cf702edfa92a60?s=96&d=mm&r=g\",\"caption\":\"mhais\"},\"sameAs\":[\"http:\/\/localhost\/sitsesp\"]}]}<\/script>\n<!-- \/ Yoast SEO plugin. -->","yoast_head_json":{"title":"Audi\u00eancia da campanha salarial 2017, no TRT para os trabalhadores da Funda\u00e7\u00e3o Casa ser\u00e1 dia 2 de junho - SITSESP","robots":{"index":"index","follow":"follow","max-snippet":"max-snippet:-1","max-image-preview":"max-image-preview:large","max-video-preview":"max-video-preview:-1"},"canonical":"https:\/\/www.sitsesp.org.br\/novo\/audiencia-da-campanha-salarial-2017-no-trt-para-os-trabalhadores-da-fundacao-casa-sera-dia-2-de-junho\/","og_locale":"pt_BR","og_type":"article","og_title":"Audi\u00eancia da campanha salarial 2017, no TRT para os trabalhadores da Funda\u00e7\u00e3o Casa ser\u00e1 dia 2 de junho - SITSESP","og_description":"Desde fevereiro, o Sitsesp\/Sitraemfa tem for&#231;ado abertura de negocia&#231;&#227;o, com o governador Geraldo Alckmin (PSDB), haja vista quantidade de Documentos e&hellip;","og_url":"https:\/\/www.sitsesp.org.br\/novo\/audiencia-da-campanha-salarial-2017-no-trt-para-os-trabalhadores-da-fundacao-casa-sera-dia-2-de-junho\/","og_site_name":"SITSESP","article_published_time":"2017-06-01T18:03:51+00:00","og_image":[{"width":346,"height":158,"url":"https:\/\/www.sitsesp.org.br\/novo\/wp-content\/uploads\/2020\/10\/1504281529-1.jpg","type":"image\/jpeg"}],"author":"mhais","twitter_card":"summary_large_image","twitter_misc":{"Escrito por":"mhais","Est. tempo de leitura":"2 minutos"},"schema":{"@context":"https:\/\/schema.org","@graph":[{"@type":"Article","@id":"https:\/\/www.sitsesp.org.br\/novo\/audiencia-da-campanha-salarial-2017-no-trt-para-os-trabalhadores-da-fundacao-casa-sera-dia-2-de-junho\/#article","isPartOf":{"@id":"https:\/\/www.sitsesp.org.br\/novo\/audiencia-da-campanha-salarial-2017-no-trt-para-os-trabalhadores-da-fundacao-casa-sera-dia-2-de-junho\/"},"author":{"name":"mhais","@id":"https:\/\/www.sitsesp.org.br\/novo\/#\/schema\/person\/2a4c180eb185645b3bef8657c75e305a"},"headline":"Audi\u00eancia da campanha salarial 2017, no TRT para os trabalhadores da Funda\u00e7\u00e3o Casa ser\u00e1 dia 2 de junho","datePublished":"2017-06-01T18:03:51+00:00","dateModified":"2017-06-01T18:03:51+00:00","mainEntityOfPage":{"@id":"https:\/\/www.sitsesp.org.br\/novo\/audiencia-da-campanha-salarial-2017-no-trt-para-os-trabalhadores-da-fundacao-casa-sera-dia-2-de-junho\/"},"wordCount":346,"commentCount":0,"publisher":{"@id":"https:\/\/www.sitsesp.org.br\/novo\/#organization"},"image":{"@id":"https:\/\/www.sitsesp.org.br\/novo\/audiencia-da-campanha-salarial-2017-no-trt-para-os-trabalhadores-da-fundacao-casa-sera-dia-2-de-junho\/#primaryimage"},"thumbnailUrl":"https:\/\/www.sitsesp.org.br\/novo\/wp-content\/uploads\/2020\/10\/1504281529-1.jpg","articleSection":["Noticias"],"inLanguage":"pt-BR","potentialAction":[{"@type":"CommentAction","name":"Comment","target":["https:\/\/www.sitsesp.org.br\/novo\/audiencia-da-campanha-salarial-2017-no-trt-para-os-trabalhadores-da-fundacao-casa-sera-dia-2-de-junho\/#respond"]}]},{"@type":"WebPage","@id":"https:\/\/www.sitsesp.org.br\/novo\/audiencia-da-campanha-salarial-2017-no-trt-para-os-trabalhadores-da-fundacao-casa-sera-dia-2-de-junho\/","url":"https:\/\/www.sitsesp.org.br\/novo\/audiencia-da-campanha-salarial-2017-no-trt-para-os-trabalhadores-da-fundacao-casa-sera-dia-2-de-junho\/","name":"Audi\u00eancia da campanha salarial 2017, no TRT para os trabalhadores da Funda\u00e7\u00e3o Casa ser\u00e1 dia 2 de junho - SITSESP","isPartOf":{"@id":"https:\/\/www.sitsesp.org.br\/novo\/#website"},"primaryImageOfPage":{"@id":"https:\/\/www.sitsesp.org.br\/novo\/audiencia-da-campanha-salarial-2017-no-trt-para-os-trabalhadores-da-fundacao-casa-sera-dia-2-de-junho\/#primaryimage"},"image":{"@id":"https:\/\/www.sitsesp.org.br\/novo\/audiencia-da-campanha-salarial-2017-no-trt-para-os-trabalhadores-da-fundacao-casa-sera-dia-2-de-junho\/#primaryimage"},"thumbnailUrl":"https:\/\/www.sitsesp.org.br\/novo\/wp-content\/uploads\/2020\/10\/1504281529-1.jpg","datePublished":"2017-06-01T18:03:51+00:00","dateModified":"2017-06-01T18:03:51+00:00","breadcrumb":{"@id":"https:\/\/www.sitsesp.org.br\/novo\/audiencia-da-campanha-salarial-2017-no-trt-para-os-trabalhadores-da-fundacao-casa-sera-dia-2-de-junho\/#breadcrumb"},"inLanguage":"pt-BR","potentialAction":[{"@type":"ReadAction","target":["https:\/\/www.sitsesp.org.br\/novo\/audiencia-da-campanha-salarial-2017-no-trt-para-os-trabalhadores-da-fundacao-casa-sera-dia-2-de-junho\/"]}]},{"@type":"ImageObject","inLanguage":"pt-BR","@id":"https:\/\/www.sitsesp.org.br\/novo\/audiencia-da-campanha-salarial-2017-no-trt-para-os-trabalhadores-da-fundacao-casa-sera-dia-2-de-junho\/#primaryimage","url":"https:\/\/www.sitsesp.org.br\/novo\/wp-content\/uploads\/2020\/10\/1504281529-1.jpg","contentUrl":"https:\/\/www.sitsesp.org.br\/novo\/wp-content\/uploads\/2020\/10\/1504281529-1.jpg","width":346,"height":158},{"@type":"BreadcrumbList","@id":"https:\/\/www.sitsesp.org.br\/novo\/audiencia-da-campanha-salarial-2017-no-trt-para-os-trabalhadores-da-fundacao-casa-sera-dia-2-de-junho\/#breadcrumb","itemListElement":[{"@type":"ListItem","position":1,"name":"In\u00edcio","item":"https:\/\/www.sitsesp.org.br\/novo\/"},{"@type":"ListItem","position":2,"name":"Audi\u00eancia da campanha salarial 2017, no TRT para os trabalhadores da Funda\u00e7\u00e3o Casa ser\u00e1 dia 2 de junho"}]},{"@type":"WebSite","@id":"https:\/\/www.sitsesp.org.br\/novo\/#website","url":"https:\/\/www.sitsesp.org.br\/novo\/","name":"Sitsesp","description":"SIndicato da Socioeduca\u00e7\u00e3o do Estado de S\u00e3o Paulo","publisher":{"@id":"https:\/\/www.sitsesp.org.br\/novo\/#organization"},"potentialAction":[{"@type":"SearchAction","target":{"@type":"EntryPoint","urlTemplate":"https:\/\/www.sitsesp.org.br\/novo\/?s={search_term_string}"},"query-input":"required name=search_term_string"}],"inLanguage":"pt-BR"},{"@type":"Organization","@id":"https:\/\/www.sitsesp.org.br\/novo\/#organization","name":"Sitsesp","url":"https:\/\/www.sitsesp.org.br\/novo\/","logo":{"@type":"ImageObject","inLanguage":"pt-BR","@id":"https:\/\/www.sitsesp.org.br\/novo\/#\/schema\/logo\/image\/","url":"https:\/\/www.sitsesp.org.br\/novo\/wp-content\/uploads\/2020\/09\/Design-sem-nome-1.jpg","contentUrl":"https:\/\/www.sitsesp.org.br\/novo\/wp-content\/uploads\/2020\/09\/Design-sem-nome-1.jpg","width":300,"height":300,"caption":"Sitsesp"},"image":{"@id":"https:\/\/www.sitsesp.org.br\/novo\/#\/schema\/logo\/image\/"}},{"@type":"Person","@id":"https:\/\/www.sitsesp.org.br\/novo\/#\/schema\/person\/2a4c180eb185645b3bef8657c75e305a","name":"mhais","image":{"@type":"ImageObject","inLanguage":"pt-BR","@id":"https:\/\/www.sitsesp.org.br\/novo\/#\/schema\/person\/image\/","url":"https:\/\/secure.gravatar.com\/avatar\/6f4eabe86990e81328cf702edfa92a60?s=96&d=mm&r=g","contentUrl":"https:\/\/secure.gravatar.com\/avatar\/6f4eabe86990e81328cf702edfa92a60?s=96&d=mm&r=g","caption":"mhais"},"sameAs":["http:\/\/localhost\/sitsesp"]}]}},"_links":{"self":[{"href":"https:\/\/www.sitsesp.org.br\/novo\/wp-json\/wp\/v2\/posts\/2092"}],"collection":[{"href":"https:\/\/www.sitsesp.org.br\/novo\/wp-json\/wp\/v2\/posts"}],"about":[{"href":"https:\/\/www.sitsesp.org.br\/novo\/wp-json\/wp\/v2\/types\/post"}],"author":[{"embeddable":true,"href":"https:\/\/www.sitsesp.org.br\/novo\/wp-json\/wp\/v2\/users\/1"}],"replies":[{"embeddable":true,"href":"https:\/\/www.sitsesp.org.br\/novo\/wp-json\/wp\/v2\/comments?post=2092"}],"version-history":[{"count":0,"href":"https:\/\/www.sitsesp.org.br\/novo\/wp-json\/wp\/v2\/posts\/2092\/revisions"}],"wp:featuredmedia":[{"embeddable":true,"href":"https:\/\/www.sitsesp.org.br\/novo\/wp-json\/wp\/v2\/media\/2093"}],"wp:attachment":[{"href":"https:\/\/www.sitsesp.org.br\/novo\/wp-json\/wp\/v2\/media?parent=2092"}],"wp:term":[{"taxonomy":"category","embeddable":true,"href":"https:\/\/www.sitsesp.org.br\/novo\/wp-json\/wp\/v2\/categories?post=2092"},{"taxonomy":"post_tag","embeddable":true,"href":"https:\/\/www.sitsesp.org.br\/novo\/wp-json\/wp\/v2\/tags?post=2092"}],"curies":[{"name":"wp","href":"https:\/\/api.w.org\/{rel}","templated":true}]}}