{"id":2094,"date":"2017-06-02T19:19:33","date_gmt":"2017-06-02T22:19:33","guid":{"rendered":"https:\/\/pecorari-cloud72.pecoraricloud.com.br\/~sitsesporg\/resultado-da-audiencia-no-trt-em-02-06\/"},"modified":"2017-06-02T19:19:33","modified_gmt":"2017-06-02T22:19:33","slug":"resultado-da-audiencia-no-trt-em-02-06","status":"publish","type":"post","link":"https:\/\/www.sitsesp.org.br\/novo\/resultado-da-audiencia-no-trt-em-02-06\/","title":{"rendered":"Resultado da audi\u00eancia no TRT, em 02\/06"},"content":{"rendered":"<p><!-- VideographyWP Plugin Message: Automatic video embedding prevented by plugin options. --><\/p>\n<p>Hoje, 02\/06, no Tribunal Regional do Trabalho, 2&#176; Regi&#227;o aconteceu a reuni&#227;o de concilia&#231;&#227;o dos trabalhadores da funda&#231;&#227;o CASA sobre a Campanha Salarial 2017.<\/p>\n<p>A Funda&#231;&#227;o CASA iniciou a reuni&#227;o j&#225; invocando a famosa OJ5, na qual exige o comum acordo do diss&#237;dio coletivo, como foi manifesta&#231;&#227;o unilateral vinda do sindicato essa reuni&#227;o para a Funda&#231;&#227;o seria irregular. Al&#233;m de ser um diss&#237;dio de natureza econ&#244;mica a Justi&#231;a do Trabalho n&#227;o pode julgar.<\/p>\n<p>Mas para o Desembargador&#160;&#160;&#160;&#160;&#160; nada impediria a tentativa de concilia&#231;&#227;o, j&#225; que todos estavam no Tribunal, que muitas vezes &#233; prefer&#237;vel ser feita nestas reuni&#245;es, ressaltou.<\/p>\n<p>O sindicato ressaltou as diversas tentativas de negocia&#231;&#227;o para esta Campanha Salarial, no que foi reiteradamente negada.<\/p>\n<p>O Desembargador perguntou aos presentes, na mesa de negocia&#231;&#227;o quais seriam os principais itens dos 87, da pauta de reivindica&#231;&#245;es. O sindicato informou sobre as prec&#225;rias condi&#231;&#245;es de seguran&#231;a e ainda salientou as diversas situa&#231;&#245;es que os servidores s&#227;o obrigados a enfrentar, como a resgate de adolescente e ainda tiros contra a guarita em Guainazes, o empalamento do trabalhador Calixto, entre outros casos absurdos de viol&#234;ncia contra o funcion&#225;rio.<\/p>\n<p>Para o aumento do quadro de efetivo a Funda&#231;&#227;o afirmou que h&#225; concurso aberto, mas que n&#227;o h&#225; como fazer, j&#225; que o governo est&#225; emperrado por conta da lei de responsabilidade fiscal. Ou seja, mais uma vez ela afirma que h&#225; o concurso, sabendo que n&#227;o ter&#225; a possibilidade acontecer. Mesmo o sindicato propondo a metade do contingente necess&#225;rio.<\/p>\n<p>O desembargador pede &#224; Funda&#231;&#227;o CASA sensibilidade as quest&#245;es dos trabalhadores e ainda elogiou a categoria que est&#225; disposta a negociar sem ir para o enfrentamento direto.<\/p>\n<p>No dia 09\/06 haver&#225; nova audi&#234;ncia, por solicita&#231;&#227;o do desembargador. No entanto a Funda&#231;&#227;o foi clara ao afirmar que ser&#225; uma reuni&#227;o sem grandes expectativas. O sindicato por sua vez pede que na pr&#243;xima mesa esteja um representante do Governo, no entanto o Desembargador sugeriu que fosse da Procuradoria do Estado, por ser uma via mais direta com o Governo do Estado.<\/p>\n","protected":false},"excerpt":{"rendered":"<p>Hoje, 02\/06, no Tribunal Regional do Trabalho, 2&#176; Regi&#227;o aconteceu a reuni&#227;o de concilia&#231;&#227;o dos trabalhadores da funda&#231;&#227;o CASA sobre a&hellip;<\/p>\n","protected":false},"author":1,"featured_media":2095,"comment_status":"open","ping_status":"open","sticky":false,"template":"","format":"standard","meta":{"cybocfi_hide_featured_image":"","footnotes":""},"categories":[22],"tags":[],"yoast_head":"<!-- This site is optimized with the Yoast SEO plugin v22.8 - https:\/\/yoast.com\/wordpress\/plugins\/seo\/ -->\n<title>Resultado da audi\u00eancia no TRT, em 02\/06 - SITSESP<\/title>\n<meta name=\"robots\" content=\"index, follow, max-snippet:-1, max-image-preview:large, max-video-preview:-1\" \/>\n<link rel=\"canonical\" href=\"https:\/\/www.sitsesp.org.br\/novo\/resultado-da-audiencia-no-trt-em-02-06\/\" \/>\n<meta property=\"og:locale\" content=\"pt_BR\" \/>\n<meta property=\"og:type\" content=\"article\" \/>\n<meta property=\"og:title\" content=\"Resultado da audi\u00eancia no TRT, em 02\/06 - SITSESP\" \/>\n<meta property=\"og:description\" content=\"Hoje, 02\/06, no Tribunal Regional do Trabalho, 2&#176; Regi&#227;o aconteceu a reuni&#227;o de concilia&#231;&#227;o dos trabalhadores da funda&#231;&#227;o CASA sobre a&hellip;\" \/>\n<meta property=\"og:url\" content=\"https:\/\/www.sitsesp.org.br\/novo\/resultado-da-audiencia-no-trt-em-02-06\/\" \/>\n<meta property=\"og:site_name\" content=\"SITSESP\" \/>\n<meta property=\"article:published_time\" content=\"2017-06-02T22:19:33+00:00\" \/>\n<meta property=\"og:image\" content=\"https:\/\/www.sitsesp.org.br\/novo\/wp-content\/uploads\/2020\/10\/1505755947-1.jpg\" \/>\n\t<meta property=\"og:image:width\" content=\"471\" \/>\n\t<meta property=\"og:image:height\" content=\"265\" \/>\n\t<meta property=\"og:image:type\" content=\"image\/jpeg\" \/>\n<meta name=\"author\" content=\"mhais\" \/>\n<meta name=\"twitter:card\" content=\"summary_large_image\" \/>\n<meta name=\"twitter:label1\" content=\"Escrito por\" \/>\n\t<meta name=\"twitter:data1\" content=\"mhais\" \/>\n\t<meta name=\"twitter:label2\" content=\"Est. tempo de leitura\" \/>\n\t<meta name=\"twitter:data2\" content=\"2 minutos\" \/>\n<script type=\"application\/ld+json\" class=\"yoast-schema-graph\">{\"@context\":\"https:\/\/schema.org\",\"@graph\":[{\"@type\":\"Article\",\"@id\":\"https:\/\/www.sitsesp.org.br\/novo\/resultado-da-audiencia-no-trt-em-02-06\/#article\",\"isPartOf\":{\"@id\":\"https:\/\/www.sitsesp.org.br\/novo\/resultado-da-audiencia-no-trt-em-02-06\/\"},\"author\":{\"name\":\"mhais\",\"@id\":\"https:\/\/www.sitsesp.org.br\/novo\/#\/schema\/person\/2a4c180eb185645b3bef8657c75e305a\"},\"headline\":\"Resultado da audi\u00eancia no TRT, em 02\/06\",\"datePublished\":\"2017-06-02T22:19:33+00:00\",\"dateModified\":\"2017-06-02T22:19:33+00:00\",\"mainEntityOfPage\":{\"@id\":\"https:\/\/www.sitsesp.org.br\/novo\/resultado-da-audiencia-no-trt-em-02-06\/\"},\"wordCount\":373,\"commentCount\":0,\"publisher\":{\"@id\":\"https:\/\/www.sitsesp.org.br\/novo\/#organization\"},\"image\":{\"@id\":\"https:\/\/www.sitsesp.org.br\/novo\/resultado-da-audiencia-no-trt-em-02-06\/#primaryimage\"},\"thumbnailUrl\":\"https:\/\/www.sitsesp.org.br\/novo\/wp-content\/uploads\/2020\/10\/1505755947-1.jpg\",\"articleSection\":[\"Noticias\"],\"inLanguage\":\"pt-BR\",\"potentialAction\":[{\"@type\":\"CommentAction\",\"name\":\"Comment\",\"target\":[\"https:\/\/www.sitsesp.org.br\/novo\/resultado-da-audiencia-no-trt-em-02-06\/#respond\"]}]},{\"@type\":\"WebPage\",\"@id\":\"https:\/\/www.sitsesp.org.br\/novo\/resultado-da-audiencia-no-trt-em-02-06\/\",\"url\":\"https:\/\/www.sitsesp.org.br\/novo\/resultado-da-audiencia-no-trt-em-02-06\/\",\"name\":\"Resultado da audi\u00eancia no TRT, em 02\/06 - SITSESP\",\"isPartOf\":{\"@id\":\"https:\/\/www.sitsesp.org.br\/novo\/#website\"},\"primaryImageOfPage\":{\"@id\":\"https:\/\/www.sitsesp.org.br\/novo\/resultado-da-audiencia-no-trt-em-02-06\/#primaryimage\"},\"image\":{\"@id\":\"https:\/\/www.sitsesp.org.br\/novo\/resultado-da-audiencia-no-trt-em-02-06\/#primaryimage\"},\"thumbnailUrl\":\"https:\/\/www.sitsesp.org.br\/novo\/wp-content\/uploads\/2020\/10\/1505755947-1.jpg\",\"datePublished\":\"2017-06-02T22:19:33+00:00\",\"dateModified\":\"2017-06-02T22:19:33+00:00\",\"breadcrumb\":{\"@id\":\"https:\/\/www.sitsesp.org.br\/novo\/resultado-da-audiencia-no-trt-em-02-06\/#breadcrumb\"},\"inLanguage\":\"pt-BR\",\"potentialAction\":[{\"@type\":\"ReadAction\",\"target\":[\"https:\/\/www.sitsesp.org.br\/novo\/resultado-da-audiencia-no-trt-em-02-06\/\"]}]},{\"@type\":\"ImageObject\",\"inLanguage\":\"pt-BR\",\"@id\":\"https:\/\/www.sitsesp.org.br\/novo\/resultado-da-audiencia-no-trt-em-02-06\/#primaryimage\",\"url\":\"https:\/\/www.sitsesp.org.br\/novo\/wp-content\/uploads\/2020\/10\/1505755947-1.jpg\",\"contentUrl\":\"https:\/\/www.sitsesp.org.br\/novo\/wp-content\/uploads\/2020\/10\/1505755947-1.jpg\",\"width\":471,\"height\":265},{\"@type\":\"BreadcrumbList\",\"@id\":\"https:\/\/www.sitsesp.org.br\/novo\/resultado-da-audiencia-no-trt-em-02-06\/#breadcrumb\",\"itemListElement\":[{\"@type\":\"ListItem\",\"position\":1,\"name\":\"In\u00edcio\",\"item\":\"https:\/\/www.sitsesp.org.br\/novo\/\"},{\"@type\":\"ListItem\",\"position\":2,\"name\":\"Resultado da audi\u00eancia no TRT, em 02\/06\"}]},{\"@type\":\"WebSite\",\"@id\":\"https:\/\/www.sitsesp.org.br\/novo\/#website\",\"url\":\"https:\/\/www.sitsesp.org.br\/novo\/\",\"name\":\"Sitsesp\",\"description\":\"SIndicato da Socioeduca\u00e7\u00e3o do Estado de S\u00e3o Paulo\",\"publisher\":{\"@id\":\"https:\/\/www.sitsesp.org.br\/novo\/#organization\"},\"potentialAction\":[{\"@type\":\"SearchAction\",\"target\":{\"@type\":\"EntryPoint\",\"urlTemplate\":\"https:\/\/www.sitsesp.org.br\/novo\/?s={search_term_string}\"},\"query-input\":\"required name=search_term_string\"}],\"inLanguage\":\"pt-BR\"},{\"@type\":\"Organization\",\"@id\":\"https:\/\/www.sitsesp.org.br\/novo\/#organization\",\"name\":\"Sitsesp\",\"url\":\"https:\/\/www.sitsesp.org.br\/novo\/\",\"logo\":{\"@type\":\"ImageObject\",\"inLanguage\":\"pt-BR\",\"@id\":\"https:\/\/www.sitsesp.org.br\/novo\/#\/schema\/logo\/image\/\",\"url\":\"https:\/\/www.sitsesp.org.br\/novo\/wp-content\/uploads\/2020\/09\/Design-sem-nome-1.jpg\",\"contentUrl\":\"https:\/\/www.sitsesp.org.br\/novo\/wp-content\/uploads\/2020\/09\/Design-sem-nome-1.jpg\",\"width\":300,\"height\":300,\"caption\":\"Sitsesp\"},\"image\":{\"@id\":\"https:\/\/www.sitsesp.org.br\/novo\/#\/schema\/logo\/image\/\"}},{\"@type\":\"Person\",\"@id\":\"https:\/\/www.sitsesp.org.br\/novo\/#\/schema\/person\/2a4c180eb185645b3bef8657c75e305a\",\"name\":\"mhais\",\"image\":{\"@type\":\"ImageObject\",\"inLanguage\":\"pt-BR\",\"@id\":\"https:\/\/www.sitsesp.org.br\/novo\/#\/schema\/person\/image\/\",\"url\":\"https:\/\/secure.gravatar.com\/avatar\/6f4eabe86990e81328cf702edfa92a60?s=96&d=mm&r=g\",\"contentUrl\":\"https:\/\/secure.gravatar.com\/avatar\/6f4eabe86990e81328cf702edfa92a60?s=96&d=mm&r=g\",\"caption\":\"mhais\"},\"sameAs\":[\"http:\/\/localhost\/sitsesp\"]}]}<\/script>\n<!-- \/ Yoast SEO plugin. -->","yoast_head_json":{"title":"Resultado da audi\u00eancia no TRT, em 02\/06 - SITSESP","robots":{"index":"index","follow":"follow","max-snippet":"max-snippet:-1","max-image-preview":"max-image-preview:large","max-video-preview":"max-video-preview:-1"},"canonical":"https:\/\/www.sitsesp.org.br\/novo\/resultado-da-audiencia-no-trt-em-02-06\/","og_locale":"pt_BR","og_type":"article","og_title":"Resultado da audi\u00eancia no TRT, em 02\/06 - SITSESP","og_description":"Hoje, 02\/06, no Tribunal Regional do Trabalho, 2&#176; Regi&#227;o aconteceu a reuni&#227;o de concilia&#231;&#227;o dos trabalhadores da funda&#231;&#227;o CASA sobre a&hellip;","og_url":"https:\/\/www.sitsesp.org.br\/novo\/resultado-da-audiencia-no-trt-em-02-06\/","og_site_name":"SITSESP","article_published_time":"2017-06-02T22:19:33+00:00","og_image":[{"width":471,"height":265,"url":"https:\/\/www.sitsesp.org.br\/novo\/wp-content\/uploads\/2020\/10\/1505755947-1.jpg","type":"image\/jpeg"}],"author":"mhais","twitter_card":"summary_large_image","twitter_misc":{"Escrito por":"mhais","Est. tempo de leitura":"2 minutos"},"schema":{"@context":"https:\/\/schema.org","@graph":[{"@type":"Article","@id":"https:\/\/www.sitsesp.org.br\/novo\/resultado-da-audiencia-no-trt-em-02-06\/#article","isPartOf":{"@id":"https:\/\/www.sitsesp.org.br\/novo\/resultado-da-audiencia-no-trt-em-02-06\/"},"author":{"name":"mhais","@id":"https:\/\/www.sitsesp.org.br\/novo\/#\/schema\/person\/2a4c180eb185645b3bef8657c75e305a"},"headline":"Resultado da audi\u00eancia no TRT, em 02\/06","datePublished":"2017-06-02T22:19:33+00:00","dateModified":"2017-06-02T22:19:33+00:00","mainEntityOfPage":{"@id":"https:\/\/www.sitsesp.org.br\/novo\/resultado-da-audiencia-no-trt-em-02-06\/"},"wordCount":373,"commentCount":0,"publisher":{"@id":"https:\/\/www.sitsesp.org.br\/novo\/#organization"},"image":{"@id":"https:\/\/www.sitsesp.org.br\/novo\/resultado-da-audiencia-no-trt-em-02-06\/#primaryimage"},"thumbnailUrl":"https:\/\/www.sitsesp.org.br\/novo\/wp-content\/uploads\/2020\/10\/1505755947-1.jpg","articleSection":["Noticias"],"inLanguage":"pt-BR","potentialAction":[{"@type":"CommentAction","name":"Comment","target":["https:\/\/www.sitsesp.org.br\/novo\/resultado-da-audiencia-no-trt-em-02-06\/#respond"]}]},{"@type":"WebPage","@id":"https:\/\/www.sitsesp.org.br\/novo\/resultado-da-audiencia-no-trt-em-02-06\/","url":"https:\/\/www.sitsesp.org.br\/novo\/resultado-da-audiencia-no-trt-em-02-06\/","name":"Resultado da audi\u00eancia no TRT, em 02\/06 - SITSESP","isPartOf":{"@id":"https:\/\/www.sitsesp.org.br\/novo\/#website"},"primaryImageOfPage":{"@id":"https:\/\/www.sitsesp.org.br\/novo\/resultado-da-audiencia-no-trt-em-02-06\/#primaryimage"},"image":{"@id":"https:\/\/www.sitsesp.org.br\/novo\/resultado-da-audiencia-no-trt-em-02-06\/#primaryimage"},"thumbnailUrl":"https:\/\/www.sitsesp.org.br\/novo\/wp-content\/uploads\/2020\/10\/1505755947-1.jpg","datePublished":"2017-06-02T22:19:33+00:00","dateModified":"2017-06-02T22:19:33+00:00","breadcrumb":{"@id":"https:\/\/www.sitsesp.org.br\/novo\/resultado-da-audiencia-no-trt-em-02-06\/#breadcrumb"},"inLanguage":"pt-BR","potentialAction":[{"@type":"ReadAction","target":["https:\/\/www.sitsesp.org.br\/novo\/resultado-da-audiencia-no-trt-em-02-06\/"]}]},{"@type":"ImageObject","inLanguage":"pt-BR","@id":"https:\/\/www.sitsesp.org.br\/novo\/resultado-da-audiencia-no-trt-em-02-06\/#primaryimage","url":"https:\/\/www.sitsesp.org.br\/novo\/wp-content\/uploads\/2020\/10\/1505755947-1.jpg","contentUrl":"https:\/\/www.sitsesp.org.br\/novo\/wp-content\/uploads\/2020\/10\/1505755947-1.jpg","width":471,"height":265},{"@type":"BreadcrumbList","@id":"https:\/\/www.sitsesp.org.br\/novo\/resultado-da-audiencia-no-trt-em-02-06\/#breadcrumb","itemListElement":[{"@type":"ListItem","position":1,"name":"In\u00edcio","item":"https:\/\/www.sitsesp.org.br\/novo\/"},{"@type":"ListItem","position":2,"name":"Resultado da audi\u00eancia no TRT, em 02\/06"}]},{"@type":"WebSite","@id":"https:\/\/www.sitsesp.org.br\/novo\/#website","url":"https:\/\/www.sitsesp.org.br\/novo\/","name":"Sitsesp","description":"SIndicato da Socioeduca\u00e7\u00e3o do Estado de S\u00e3o Paulo","publisher":{"@id":"https:\/\/www.sitsesp.org.br\/novo\/#organization"},"potentialAction":[{"@type":"SearchAction","target":{"@type":"EntryPoint","urlTemplate":"https:\/\/www.sitsesp.org.br\/novo\/?s={search_term_string}"},"query-input":"required name=search_term_string"}],"inLanguage":"pt-BR"},{"@type":"Organization","@id":"https:\/\/www.sitsesp.org.br\/novo\/#organization","name":"Sitsesp","url":"https:\/\/www.sitsesp.org.br\/novo\/","logo":{"@type":"ImageObject","inLanguage":"pt-BR","@id":"https:\/\/www.sitsesp.org.br\/novo\/#\/schema\/logo\/image\/","url":"https:\/\/www.sitsesp.org.br\/novo\/wp-content\/uploads\/2020\/09\/Design-sem-nome-1.jpg","contentUrl":"https:\/\/www.sitsesp.org.br\/novo\/wp-content\/uploads\/2020\/09\/Design-sem-nome-1.jpg","width":300,"height":300,"caption":"Sitsesp"},"image":{"@id":"https:\/\/www.sitsesp.org.br\/novo\/#\/schema\/logo\/image\/"}},{"@type":"Person","@id":"https:\/\/www.sitsesp.org.br\/novo\/#\/schema\/person\/2a4c180eb185645b3bef8657c75e305a","name":"mhais","image":{"@type":"ImageObject","inLanguage":"pt-BR","@id":"https:\/\/www.sitsesp.org.br\/novo\/#\/schema\/person\/image\/","url":"https:\/\/secure.gravatar.com\/avatar\/6f4eabe86990e81328cf702edfa92a60?s=96&d=mm&r=g","contentUrl":"https:\/\/secure.gravatar.com\/avatar\/6f4eabe86990e81328cf702edfa92a60?s=96&d=mm&r=g","caption":"mhais"},"sameAs":["http:\/\/localhost\/sitsesp"]}]}},"_links":{"self":[{"href":"https:\/\/www.sitsesp.org.br\/novo\/wp-json\/wp\/v2\/posts\/2094"}],"collection":[{"href":"https:\/\/www.sitsesp.org.br\/novo\/wp-json\/wp\/v2\/posts"}],"about":[{"href":"https:\/\/www.sitsesp.org.br\/novo\/wp-json\/wp\/v2\/types\/post"}],"author":[{"embeddable":true,"href":"https:\/\/www.sitsesp.org.br\/novo\/wp-json\/wp\/v2\/users\/1"}],"replies":[{"embeddable":true,"href":"https:\/\/www.sitsesp.org.br\/novo\/wp-json\/wp\/v2\/comments?post=2094"}],"version-history":[{"count":0,"href":"https:\/\/www.sitsesp.org.br\/novo\/wp-json\/wp\/v2\/posts\/2094\/revisions"}],"wp:featuredmedia":[{"embeddable":true,"href":"https:\/\/www.sitsesp.org.br\/novo\/wp-json\/wp\/v2\/media\/2095"}],"wp:attachment":[{"href":"https:\/\/www.sitsesp.org.br\/novo\/wp-json\/wp\/v2\/media?parent=2094"}],"wp:term":[{"taxonomy":"category","embeddable":true,"href":"https:\/\/www.sitsesp.org.br\/novo\/wp-json\/wp\/v2\/categories?post=2094"},{"taxonomy":"post_tag","embeddable":true,"href":"https:\/\/www.sitsesp.org.br\/novo\/wp-json\/wp\/v2\/tags?post=2094"}],"curies":[{"name":"wp","href":"https:\/\/api.w.org\/{rel}","templated":true}]}}