{"id":2098,"date":"2017-06-27T20:17:21","date_gmt":"2017-06-27T23:17:21","guid":{"rendered":"https:\/\/pecorari-cloud72.pecoraricloud.com.br\/~sitsesporg\/fundacao-casa-mente-descaradamente-para-trabalhadores\/"},"modified":"2017-06-27T20:17:21","modified_gmt":"2017-06-27T23:17:21","slug":"fundacao-casa-mente-descaradamente-para-trabalhadores","status":"publish","type":"post","link":"https:\/\/www.sitsesp.org.br\/novo\/fundacao-casa-mente-descaradamente-para-trabalhadores\/","title":{"rendered":"Funda\u00e7\u00e3o CASA mente descaradamente para trabalhadores"},"content":{"rendered":"<p><!-- VideographyWP Plugin Message: Automatic video embedding prevented by plugin options. --><\/p>\n<p>E a fim de combater inverdades o sindicato ressalta: A FUNDA&#199;&#195;O CASA NUNCA ESTEVE ABERTA A DISCUTIR SOBRE O RODIZIO. FORAM ENCAMINHADOS OFICIOS (<a href=\"index.php\/en\/download\/download\/26-ofs-rodizio\" rel=\"alternate\">ANEXO<\/a>) SOLICITANDO REUNI&#213;ES COM A INSTITUI&#199;&#195;O QUE IGNOROU QUALQUER ARGUMENTO PARA REALIZAR A DISCUSS&#195;O SOBRE O REVEZAMENTO.<\/p>\n<p>O rod&#237;zio de turno &#233; uma discuss&#227;o muito s&#233;ria e n&#227;o pode e nem deve ser levada com leviandade como a Funda&#231;&#227;o CASA vem fazendo perto de uma assembleia de campanha salarial.&#160; &#201; certo que somente pela soberania de uma assembleia que ser&#225; definido, no entanto existem discuss&#245;es que permeiam este rod&#237;zio que precisam ser realizadas com a Institui&#231;&#227;o, que se nega a fazer e ainda quer colocar no colo no sindicato e dos trabalhadores a falta de di&#225;logo.<\/p>\n<p>Um di&#225;logo que neste ano est&#225; mais complicado. Normalmente nas Campanhas Salariais que sempre tinha uma resolu&#231;&#227;o com poucos dias, hoje estamos levando meses para resolver.<\/p>\n<p>Haja vista o que aconteceu no TRT, no qual nem a senhora presidente se dignou a comparecer. &#8220;FALTA DE DI&#193;LOGO&#8221;, ressaltou at&#233; mesmo o desembargador.<\/p>\n<p>Ent&#227;o senhores do Governo do Estado e Funda&#231;&#227;o CASA quem s&#227;o os geradores de conflitos? Os trabalhadores e sindicato que a todo tempo querem o di&#225;logo ou os senhores que tentam ludibriar essa categoria achando-os sem consci&#234;ncia?<\/p>\n<p>Ahhhhh e por fim, no seu comunicado fala que ajustar&#225; a &#8220;ESCALA DE REVEZAMENTO&#8221; em acordo coletivo? Al&#244;??? Qual Acordo Coletivo? Se os senhores n&#227;o d&#227;o abertura para a discuss&#227;o?<\/p>\n","protected":false},"excerpt":{"rendered":"<p>E a fim de combater inverdades o sindicato ressalta: A FUNDA&#199;&#195;O CASA NUNCA ESTEVE ABERTA A DISCUTIR SOBRE O RODIZIO. FORAM&hellip;<\/p>\n","protected":false},"author":1,"featured_media":2099,"comment_status":"open","ping_status":"open","sticky":false,"template":"","format":"standard","meta":{"cybocfi_hide_featured_image":"","footnotes":""},"categories":[22],"tags":[],"yoast_head":"<!-- This site is optimized with the Yoast SEO plugin v22.8 - https:\/\/yoast.com\/wordpress\/plugins\/seo\/ -->\n<title>Funda\u00e7\u00e3o CASA mente descaradamente para trabalhadores - SITSESP<\/title>\n<meta name=\"robots\" content=\"index, follow, max-snippet:-1, max-image-preview:large, max-video-preview:-1\" \/>\n<link rel=\"canonical\" href=\"https:\/\/www.sitsesp.org.br\/novo\/fundacao-casa-mente-descaradamente-para-trabalhadores\/\" \/>\n<meta property=\"og:locale\" content=\"pt_BR\" \/>\n<meta property=\"og:type\" content=\"article\" \/>\n<meta property=\"og:title\" content=\"Funda\u00e7\u00e3o CASA mente descaradamente para trabalhadores - SITSESP\" \/>\n<meta property=\"og:description\" content=\"E a fim de combater inverdades o sindicato ressalta: A FUNDA&#199;&#195;O CASA NUNCA ESTEVE ABERTA A DISCUTIR SOBRE O RODIZIO. FORAM&hellip;\" \/>\n<meta property=\"og:url\" content=\"https:\/\/www.sitsesp.org.br\/novo\/fundacao-casa-mente-descaradamente-para-trabalhadores\/\" \/>\n<meta property=\"og:site_name\" content=\"SITSESP\" \/>\n<meta property=\"article:published_time\" content=\"2017-06-27T23:17:21+00:00\" \/>\n<meta property=\"og:image\" content=\"https:\/\/www.sitsesp.org.br\/novo\/wp-content\/uploads\/2020\/10\/1505752583-1.jpg\" \/>\n\t<meta property=\"og:image:width\" content=\"367\" \/>\n\t<meta property=\"og:image:height\" content=\"165\" \/>\n\t<meta property=\"og:image:type\" content=\"image\/jpeg\" \/>\n<meta name=\"author\" content=\"mhais\" \/>\n<meta name=\"twitter:card\" content=\"summary_large_image\" \/>\n<meta name=\"twitter:label1\" content=\"Escrito por\" \/>\n\t<meta name=\"twitter:data1\" content=\"mhais\" \/>\n\t<meta name=\"twitter:label2\" content=\"Est. tempo de leitura\" \/>\n\t<meta name=\"twitter:data2\" content=\"1 minuto\" \/>\n<script type=\"application\/ld+json\" class=\"yoast-schema-graph\">{\"@context\":\"https:\/\/schema.org\",\"@graph\":[{\"@type\":\"Article\",\"@id\":\"https:\/\/www.sitsesp.org.br\/novo\/fundacao-casa-mente-descaradamente-para-trabalhadores\/#article\",\"isPartOf\":{\"@id\":\"https:\/\/www.sitsesp.org.br\/novo\/fundacao-casa-mente-descaradamente-para-trabalhadores\/\"},\"author\":{\"name\":\"mhais\",\"@id\":\"https:\/\/www.sitsesp.org.br\/novo\/#\/schema\/person\/2a4c180eb185645b3bef8657c75e305a\"},\"headline\":\"Funda\u00e7\u00e3o CASA mente descaradamente para trabalhadores\",\"datePublished\":\"2017-06-27T23:17:21+00:00\",\"dateModified\":\"2017-06-27T23:17:21+00:00\",\"mainEntityOfPage\":{\"@id\":\"https:\/\/www.sitsesp.org.br\/novo\/fundacao-casa-mente-descaradamente-para-trabalhadores\/\"},\"wordCount\":266,\"commentCount\":0,\"publisher\":{\"@id\":\"https:\/\/www.sitsesp.org.br\/novo\/#organization\"},\"image\":{\"@id\":\"https:\/\/www.sitsesp.org.br\/novo\/fundacao-casa-mente-descaradamente-para-trabalhadores\/#primaryimage\"},\"thumbnailUrl\":\"https:\/\/www.sitsesp.org.br\/novo\/wp-content\/uploads\/2020\/10\/1505752583-1.jpg\",\"articleSection\":[\"Noticias\"],\"inLanguage\":\"pt-BR\",\"potentialAction\":[{\"@type\":\"CommentAction\",\"name\":\"Comment\",\"target\":[\"https:\/\/www.sitsesp.org.br\/novo\/fundacao-casa-mente-descaradamente-para-trabalhadores\/#respond\"]}]},{\"@type\":\"WebPage\",\"@id\":\"https:\/\/www.sitsesp.org.br\/novo\/fundacao-casa-mente-descaradamente-para-trabalhadores\/\",\"url\":\"https:\/\/www.sitsesp.org.br\/novo\/fundacao-casa-mente-descaradamente-para-trabalhadores\/\",\"name\":\"Funda\u00e7\u00e3o CASA mente descaradamente para trabalhadores - SITSESP\",\"isPartOf\":{\"@id\":\"https:\/\/www.sitsesp.org.br\/novo\/#website\"},\"primaryImageOfPage\":{\"@id\":\"https:\/\/www.sitsesp.org.br\/novo\/fundacao-casa-mente-descaradamente-para-trabalhadores\/#primaryimage\"},\"image\":{\"@id\":\"https:\/\/www.sitsesp.org.br\/novo\/fundacao-casa-mente-descaradamente-para-trabalhadores\/#primaryimage\"},\"thumbnailUrl\":\"https:\/\/www.sitsesp.org.br\/novo\/wp-content\/uploads\/2020\/10\/1505752583-1.jpg\",\"datePublished\":\"2017-06-27T23:17:21+00:00\",\"dateModified\":\"2017-06-27T23:17:21+00:00\",\"breadcrumb\":{\"@id\":\"https:\/\/www.sitsesp.org.br\/novo\/fundacao-casa-mente-descaradamente-para-trabalhadores\/#breadcrumb\"},\"inLanguage\":\"pt-BR\",\"potentialAction\":[{\"@type\":\"ReadAction\",\"target\":[\"https:\/\/www.sitsesp.org.br\/novo\/fundacao-casa-mente-descaradamente-para-trabalhadores\/\"]}]},{\"@type\":\"ImageObject\",\"inLanguage\":\"pt-BR\",\"@id\":\"https:\/\/www.sitsesp.org.br\/novo\/fundacao-casa-mente-descaradamente-para-trabalhadores\/#primaryimage\",\"url\":\"https:\/\/www.sitsesp.org.br\/novo\/wp-content\/uploads\/2020\/10\/1505752583-1.jpg\",\"contentUrl\":\"https:\/\/www.sitsesp.org.br\/novo\/wp-content\/uploads\/2020\/10\/1505752583-1.jpg\",\"width\":367,\"height\":165},{\"@type\":\"BreadcrumbList\",\"@id\":\"https:\/\/www.sitsesp.org.br\/novo\/fundacao-casa-mente-descaradamente-para-trabalhadores\/#breadcrumb\",\"itemListElement\":[{\"@type\":\"ListItem\",\"position\":1,\"name\":\"In\u00edcio\",\"item\":\"https:\/\/www.sitsesp.org.br\/novo\/\"},{\"@type\":\"ListItem\",\"position\":2,\"name\":\"Funda\u00e7\u00e3o CASA mente descaradamente para trabalhadores\"}]},{\"@type\":\"WebSite\",\"@id\":\"https:\/\/www.sitsesp.org.br\/novo\/#website\",\"url\":\"https:\/\/www.sitsesp.org.br\/novo\/\",\"name\":\"Sitsesp\",\"description\":\"SIndicato da Socioeduca\u00e7\u00e3o do Estado de S\u00e3o Paulo\",\"publisher\":{\"@id\":\"https:\/\/www.sitsesp.org.br\/novo\/#organization\"},\"potentialAction\":[{\"@type\":\"SearchAction\",\"target\":{\"@type\":\"EntryPoint\",\"urlTemplate\":\"https:\/\/www.sitsesp.org.br\/novo\/?s={search_term_string}\"},\"query-input\":\"required name=search_term_string\"}],\"inLanguage\":\"pt-BR\"},{\"@type\":\"Organization\",\"@id\":\"https:\/\/www.sitsesp.org.br\/novo\/#organization\",\"name\":\"Sitsesp\",\"url\":\"https:\/\/www.sitsesp.org.br\/novo\/\",\"logo\":{\"@type\":\"ImageObject\",\"inLanguage\":\"pt-BR\",\"@id\":\"https:\/\/www.sitsesp.org.br\/novo\/#\/schema\/logo\/image\/\",\"url\":\"https:\/\/www.sitsesp.org.br\/novo\/wp-content\/uploads\/2020\/09\/Design-sem-nome-1.jpg\",\"contentUrl\":\"https:\/\/www.sitsesp.org.br\/novo\/wp-content\/uploads\/2020\/09\/Design-sem-nome-1.jpg\",\"width\":300,\"height\":300,\"caption\":\"Sitsesp\"},\"image\":{\"@id\":\"https:\/\/www.sitsesp.org.br\/novo\/#\/schema\/logo\/image\/\"}},{\"@type\":\"Person\",\"@id\":\"https:\/\/www.sitsesp.org.br\/novo\/#\/schema\/person\/2a4c180eb185645b3bef8657c75e305a\",\"name\":\"mhais\",\"image\":{\"@type\":\"ImageObject\",\"inLanguage\":\"pt-BR\",\"@id\":\"https:\/\/www.sitsesp.org.br\/novo\/#\/schema\/person\/image\/\",\"url\":\"https:\/\/secure.gravatar.com\/avatar\/6f4eabe86990e81328cf702edfa92a60?s=96&d=mm&r=g\",\"contentUrl\":\"https:\/\/secure.gravatar.com\/avatar\/6f4eabe86990e81328cf702edfa92a60?s=96&d=mm&r=g\",\"caption\":\"mhais\"},\"sameAs\":[\"http:\/\/localhost\/sitsesp\"]}]}<\/script>\n<!-- \/ Yoast SEO plugin. -->","yoast_head_json":{"title":"Funda\u00e7\u00e3o CASA mente descaradamente para trabalhadores - SITSESP","robots":{"index":"index","follow":"follow","max-snippet":"max-snippet:-1","max-image-preview":"max-image-preview:large","max-video-preview":"max-video-preview:-1"},"canonical":"https:\/\/www.sitsesp.org.br\/novo\/fundacao-casa-mente-descaradamente-para-trabalhadores\/","og_locale":"pt_BR","og_type":"article","og_title":"Funda\u00e7\u00e3o CASA mente descaradamente para trabalhadores - SITSESP","og_description":"E a fim de combater inverdades o sindicato ressalta: A FUNDA&#199;&#195;O CASA NUNCA ESTEVE ABERTA A DISCUTIR SOBRE O RODIZIO. FORAM&hellip;","og_url":"https:\/\/www.sitsesp.org.br\/novo\/fundacao-casa-mente-descaradamente-para-trabalhadores\/","og_site_name":"SITSESP","article_published_time":"2017-06-27T23:17:21+00:00","og_image":[{"width":367,"height":165,"url":"https:\/\/www.sitsesp.org.br\/novo\/wp-content\/uploads\/2020\/10\/1505752583-1.jpg","type":"image\/jpeg"}],"author":"mhais","twitter_card":"summary_large_image","twitter_misc":{"Escrito por":"mhais","Est. tempo de leitura":"1 minuto"},"schema":{"@context":"https:\/\/schema.org","@graph":[{"@type":"Article","@id":"https:\/\/www.sitsesp.org.br\/novo\/fundacao-casa-mente-descaradamente-para-trabalhadores\/#article","isPartOf":{"@id":"https:\/\/www.sitsesp.org.br\/novo\/fundacao-casa-mente-descaradamente-para-trabalhadores\/"},"author":{"name":"mhais","@id":"https:\/\/www.sitsesp.org.br\/novo\/#\/schema\/person\/2a4c180eb185645b3bef8657c75e305a"},"headline":"Funda\u00e7\u00e3o CASA mente descaradamente para trabalhadores","datePublished":"2017-06-27T23:17:21+00:00","dateModified":"2017-06-27T23:17:21+00:00","mainEntityOfPage":{"@id":"https:\/\/www.sitsesp.org.br\/novo\/fundacao-casa-mente-descaradamente-para-trabalhadores\/"},"wordCount":266,"commentCount":0,"publisher":{"@id":"https:\/\/www.sitsesp.org.br\/novo\/#organization"},"image":{"@id":"https:\/\/www.sitsesp.org.br\/novo\/fundacao-casa-mente-descaradamente-para-trabalhadores\/#primaryimage"},"thumbnailUrl":"https:\/\/www.sitsesp.org.br\/novo\/wp-content\/uploads\/2020\/10\/1505752583-1.jpg","articleSection":["Noticias"],"inLanguage":"pt-BR","potentialAction":[{"@type":"CommentAction","name":"Comment","target":["https:\/\/www.sitsesp.org.br\/novo\/fundacao-casa-mente-descaradamente-para-trabalhadores\/#respond"]}]},{"@type":"WebPage","@id":"https:\/\/www.sitsesp.org.br\/novo\/fundacao-casa-mente-descaradamente-para-trabalhadores\/","url":"https:\/\/www.sitsesp.org.br\/novo\/fundacao-casa-mente-descaradamente-para-trabalhadores\/","name":"Funda\u00e7\u00e3o CASA mente descaradamente para trabalhadores - SITSESP","isPartOf":{"@id":"https:\/\/www.sitsesp.org.br\/novo\/#website"},"primaryImageOfPage":{"@id":"https:\/\/www.sitsesp.org.br\/novo\/fundacao-casa-mente-descaradamente-para-trabalhadores\/#primaryimage"},"image":{"@id":"https:\/\/www.sitsesp.org.br\/novo\/fundacao-casa-mente-descaradamente-para-trabalhadores\/#primaryimage"},"thumbnailUrl":"https:\/\/www.sitsesp.org.br\/novo\/wp-content\/uploads\/2020\/10\/1505752583-1.jpg","datePublished":"2017-06-27T23:17:21+00:00","dateModified":"2017-06-27T23:17:21+00:00","breadcrumb":{"@id":"https:\/\/www.sitsesp.org.br\/novo\/fundacao-casa-mente-descaradamente-para-trabalhadores\/#breadcrumb"},"inLanguage":"pt-BR","potentialAction":[{"@type":"ReadAction","target":["https:\/\/www.sitsesp.org.br\/novo\/fundacao-casa-mente-descaradamente-para-trabalhadores\/"]}]},{"@type":"ImageObject","inLanguage":"pt-BR","@id":"https:\/\/www.sitsesp.org.br\/novo\/fundacao-casa-mente-descaradamente-para-trabalhadores\/#primaryimage","url":"https:\/\/www.sitsesp.org.br\/novo\/wp-content\/uploads\/2020\/10\/1505752583-1.jpg","contentUrl":"https:\/\/www.sitsesp.org.br\/novo\/wp-content\/uploads\/2020\/10\/1505752583-1.jpg","width":367,"height":165},{"@type":"BreadcrumbList","@id":"https:\/\/www.sitsesp.org.br\/novo\/fundacao-casa-mente-descaradamente-para-trabalhadores\/#breadcrumb","itemListElement":[{"@type":"ListItem","position":1,"name":"In\u00edcio","item":"https:\/\/www.sitsesp.org.br\/novo\/"},{"@type":"ListItem","position":2,"name":"Funda\u00e7\u00e3o CASA mente descaradamente para trabalhadores"}]},{"@type":"WebSite","@id":"https:\/\/www.sitsesp.org.br\/novo\/#website","url":"https:\/\/www.sitsesp.org.br\/novo\/","name":"Sitsesp","description":"SIndicato da Socioeduca\u00e7\u00e3o do Estado de S\u00e3o Paulo","publisher":{"@id":"https:\/\/www.sitsesp.org.br\/novo\/#organization"},"potentialAction":[{"@type":"SearchAction","target":{"@type":"EntryPoint","urlTemplate":"https:\/\/www.sitsesp.org.br\/novo\/?s={search_term_string}"},"query-input":"required name=search_term_string"}],"inLanguage":"pt-BR"},{"@type":"Organization","@id":"https:\/\/www.sitsesp.org.br\/novo\/#organization","name":"Sitsesp","url":"https:\/\/www.sitsesp.org.br\/novo\/","logo":{"@type":"ImageObject","inLanguage":"pt-BR","@id":"https:\/\/www.sitsesp.org.br\/novo\/#\/schema\/logo\/image\/","url":"https:\/\/www.sitsesp.org.br\/novo\/wp-content\/uploads\/2020\/09\/Design-sem-nome-1.jpg","contentUrl":"https:\/\/www.sitsesp.org.br\/novo\/wp-content\/uploads\/2020\/09\/Design-sem-nome-1.jpg","width":300,"height":300,"caption":"Sitsesp"},"image":{"@id":"https:\/\/www.sitsesp.org.br\/novo\/#\/schema\/logo\/image\/"}},{"@type":"Person","@id":"https:\/\/www.sitsesp.org.br\/novo\/#\/schema\/person\/2a4c180eb185645b3bef8657c75e305a","name":"mhais","image":{"@type":"ImageObject","inLanguage":"pt-BR","@id":"https:\/\/www.sitsesp.org.br\/novo\/#\/schema\/person\/image\/","url":"https:\/\/secure.gravatar.com\/avatar\/6f4eabe86990e81328cf702edfa92a60?s=96&d=mm&r=g","contentUrl":"https:\/\/secure.gravatar.com\/avatar\/6f4eabe86990e81328cf702edfa92a60?s=96&d=mm&r=g","caption":"mhais"},"sameAs":["http:\/\/localhost\/sitsesp"]}]}},"_links":{"self":[{"href":"https:\/\/www.sitsesp.org.br\/novo\/wp-json\/wp\/v2\/posts\/2098"}],"collection":[{"href":"https:\/\/www.sitsesp.org.br\/novo\/wp-json\/wp\/v2\/posts"}],"about":[{"href":"https:\/\/www.sitsesp.org.br\/novo\/wp-json\/wp\/v2\/types\/post"}],"author":[{"embeddable":true,"href":"https:\/\/www.sitsesp.org.br\/novo\/wp-json\/wp\/v2\/users\/1"}],"replies":[{"embeddable":true,"href":"https:\/\/www.sitsesp.org.br\/novo\/wp-json\/wp\/v2\/comments?post=2098"}],"version-history":[{"count":0,"href":"https:\/\/www.sitsesp.org.br\/novo\/wp-json\/wp\/v2\/posts\/2098\/revisions"}],"wp:featuredmedia":[{"embeddable":true,"href":"https:\/\/www.sitsesp.org.br\/novo\/wp-json\/wp\/v2\/media\/2099"}],"wp:attachment":[{"href":"https:\/\/www.sitsesp.org.br\/novo\/wp-json\/wp\/v2\/media?parent=2098"}],"wp:term":[{"taxonomy":"category","embeddable":true,"href":"https:\/\/www.sitsesp.org.br\/novo\/wp-json\/wp\/v2\/categories?post=2098"},{"taxonomy":"post_tag","embeddable":true,"href":"https:\/\/www.sitsesp.org.br\/novo\/wp-json\/wp\/v2\/tags?post=2098"}],"curies":[{"name":"wp","href":"https:\/\/api.w.org\/{rel}","templated":true}]}}