{"id":2106,"date":"2017-07-13T21:26:27","date_gmt":"2017-07-14T00:26:27","guid":{"rendered":"https:\/\/pecorari-cloud72.pecoraricloud.com.br\/~sitsesporg\/novo-presidente-da-fundacao-casa-traz-propostas-aos-trabalhadores\/"},"modified":"2017-07-13T21:26:27","modified_gmt":"2017-07-14T00:26:27","slug":"novo-presidente-da-fundacao-casa-traz-propostas-aos-trabalhadores","status":"publish","type":"post","link":"https:\/\/www.sitsesp.org.br\/novo\/novo-presidente-da-fundacao-casa-traz-propostas-aos-trabalhadores\/","title":{"rendered":"Novo presidente da Funda\u00e7\u00e3o CASA traz propostas aos trabalhadores"},"content":{"rendered":"<p><!-- VideographyWP Plugin Message: Automatic video embedding prevented by plugin options. --><\/p>\n<p>Nesta tarde, (13\/07) o presidente do sindicato, Aldo Dami&#227;o, dire&#231;&#227;o do SITSESP e comiss&#227;o de negocia&#231;&#227;o de trabalhadores estiveram em reuni&#227;o com o presidente da Funda&#231;&#227;o CASA e secret&#225;rio de Justi&#231;a do Estado de S&#227;o Paulo, Marcio Rosa, na sede da Funda&#231;&#227;o CASA, para discutirem a Campanha Salarial 2017.&#160;<\/p>\n<p>Na reuni&#227;o anterior o Secret&#225;rio e Presidente da Funda&#231;&#227;o CASA afirmou que traria uma resposta do Governo em duas reuni&#245;es resolveu o que vinha se arrastando h&#225; meses e prop&#244;s:<\/p>\n<ul>\n<li>Reajuste salarial de 4.43%, sendo que 3.47% retroativo &#224; Mar&#231;o;<\/li>\n<li>Reajuste no vale refei&#231;&#227;o de 10.66%;<\/li>\n<li>Reajuste no vale alimenta&#231;&#227;o de 7.32%;<\/li>\n<li>Chamar concursados a partir de agosto de 2017;<\/li>\n<li>B&#212;NUS e PROGRESS&#213;ES DO PLANO ser&#227;o negociados a partir de setembro;<\/li>\n<\/ul>\n<p>&#160;O novo presidente deixou claro que est&#225; aberto a negocia&#231;&#245;es e quer sentar com os trabalhadores para rever a pauta de reivindica&#231;&#245;es e ressalta ainda&#160;que todos os reajustes ser&#227;o aplicados ap&#243;s 30 dias a aprova&#231;&#227;o em assembleia geral pelos funcion&#225;rios, que dever&#225; ser marcada pelo sindicato.<\/p>\n<p>Uma nova assembleia dos trabalhadores ser&#225; chamada para avaliar a proposta da Funda&#231;&#227;o CASA.<\/p>\n","protected":false},"excerpt":{"rendered":"<p>Nesta tarde, (13\/07) o presidente do sindicato, Aldo Dami&#227;o, dire&#231;&#227;o do SITSESP e comiss&#227;o de negocia&#231;&#227;o de trabalhadores estiveram em reuni&#227;o&hellip;<\/p>\n","protected":false},"author":1,"featured_media":2107,"comment_status":"open","ping_status":"open","sticky":false,"template":"","format":"standard","meta":{"cybocfi_hide_featured_image":"","footnotes":""},"categories":[22],"tags":[],"yoast_head":"<!-- This site is optimized with the Yoast SEO plugin v22.8 - https:\/\/yoast.com\/wordpress\/plugins\/seo\/ -->\n<title>Novo presidente da Funda\u00e7\u00e3o CASA traz propostas aos trabalhadores - SITSESP<\/title>\n<meta name=\"robots\" content=\"index, follow, max-snippet:-1, max-image-preview:large, max-video-preview:-1\" \/>\n<link rel=\"canonical\" href=\"https:\/\/www.sitsesp.org.br\/novo\/novo-presidente-da-fundacao-casa-traz-propostas-aos-trabalhadores\/\" \/>\n<meta property=\"og:locale\" content=\"pt_BR\" \/>\n<meta property=\"og:type\" content=\"article\" \/>\n<meta property=\"og:title\" content=\"Novo presidente da Funda\u00e7\u00e3o CASA traz propostas aos trabalhadores - SITSESP\" \/>\n<meta property=\"og:description\" content=\"Nesta tarde, (13\/07) o presidente do sindicato, Aldo Dami&#227;o, dire&#231;&#227;o do SITSESP e comiss&#227;o de negocia&#231;&#227;o de trabalhadores estiveram em reuni&#227;o&hellip;\" \/>\n<meta property=\"og:url\" content=\"https:\/\/www.sitsesp.org.br\/novo\/novo-presidente-da-fundacao-casa-traz-propostas-aos-trabalhadores\/\" \/>\n<meta property=\"og:site_name\" content=\"SITSESP\" \/>\n<meta property=\"article:published_time\" content=\"2017-07-14T00:26:27+00:00\" \/>\n<meta property=\"og:image\" content=\"https:\/\/www.sitsesp.org.br\/novo\/wp-content\/uploads\/2020\/10\/1504280838-1.jpg\" \/>\n\t<meta property=\"og:image:width\" content=\"1280\" \/>\n\t<meta property=\"og:image:height\" content=\"720\" \/>\n\t<meta property=\"og:image:type\" content=\"image\/jpeg\" \/>\n<meta name=\"author\" content=\"mhais\" \/>\n<meta name=\"twitter:card\" content=\"summary_large_image\" \/>\n<meta name=\"twitter:label1\" content=\"Escrito por\" \/>\n\t<meta name=\"twitter:data1\" content=\"mhais\" \/>\n\t<meta name=\"twitter:label2\" content=\"Est. tempo de leitura\" \/>\n\t<meta name=\"twitter:data2\" content=\"1 minuto\" \/>\n<script type=\"application\/ld+json\" class=\"yoast-schema-graph\">{\"@context\":\"https:\/\/schema.org\",\"@graph\":[{\"@type\":\"Article\",\"@id\":\"https:\/\/www.sitsesp.org.br\/novo\/novo-presidente-da-fundacao-casa-traz-propostas-aos-trabalhadores\/#article\",\"isPartOf\":{\"@id\":\"https:\/\/www.sitsesp.org.br\/novo\/novo-presidente-da-fundacao-casa-traz-propostas-aos-trabalhadores\/\"},\"author\":{\"name\":\"mhais\",\"@id\":\"https:\/\/www.sitsesp.org.br\/novo\/#\/schema\/person\/2a4c180eb185645b3bef8657c75e305a\"},\"headline\":\"Novo presidente da Funda\u00e7\u00e3o CASA traz propostas aos trabalhadores\",\"datePublished\":\"2017-07-14T00:26:27+00:00\",\"dateModified\":\"2017-07-14T00:26:27+00:00\",\"mainEntityOfPage\":{\"@id\":\"https:\/\/www.sitsesp.org.br\/novo\/novo-presidente-da-fundacao-casa-traz-propostas-aos-trabalhadores\/\"},\"wordCount\":210,\"commentCount\":0,\"publisher\":{\"@id\":\"https:\/\/www.sitsesp.org.br\/novo\/#organization\"},\"image\":{\"@id\":\"https:\/\/www.sitsesp.org.br\/novo\/novo-presidente-da-fundacao-casa-traz-propostas-aos-trabalhadores\/#primaryimage\"},\"thumbnailUrl\":\"https:\/\/www.sitsesp.org.br\/novo\/wp-content\/uploads\/2020\/10\/1504280838-1.jpg\",\"articleSection\":[\"Noticias\"],\"inLanguage\":\"pt-BR\",\"potentialAction\":[{\"@type\":\"CommentAction\",\"name\":\"Comment\",\"target\":[\"https:\/\/www.sitsesp.org.br\/novo\/novo-presidente-da-fundacao-casa-traz-propostas-aos-trabalhadores\/#respond\"]}]},{\"@type\":\"WebPage\",\"@id\":\"https:\/\/www.sitsesp.org.br\/novo\/novo-presidente-da-fundacao-casa-traz-propostas-aos-trabalhadores\/\",\"url\":\"https:\/\/www.sitsesp.org.br\/novo\/novo-presidente-da-fundacao-casa-traz-propostas-aos-trabalhadores\/\",\"name\":\"Novo presidente da Funda\u00e7\u00e3o CASA traz propostas aos trabalhadores - SITSESP\",\"isPartOf\":{\"@id\":\"https:\/\/www.sitsesp.org.br\/novo\/#website\"},\"primaryImageOfPage\":{\"@id\":\"https:\/\/www.sitsesp.org.br\/novo\/novo-presidente-da-fundacao-casa-traz-propostas-aos-trabalhadores\/#primaryimage\"},\"image\":{\"@id\":\"https:\/\/www.sitsesp.org.br\/novo\/novo-presidente-da-fundacao-casa-traz-propostas-aos-trabalhadores\/#primaryimage\"},\"thumbnailUrl\":\"https:\/\/www.sitsesp.org.br\/novo\/wp-content\/uploads\/2020\/10\/1504280838-1.jpg\",\"datePublished\":\"2017-07-14T00:26:27+00:00\",\"dateModified\":\"2017-07-14T00:26:27+00:00\",\"breadcrumb\":{\"@id\":\"https:\/\/www.sitsesp.org.br\/novo\/novo-presidente-da-fundacao-casa-traz-propostas-aos-trabalhadores\/#breadcrumb\"},\"inLanguage\":\"pt-BR\",\"potentialAction\":[{\"@type\":\"ReadAction\",\"target\":[\"https:\/\/www.sitsesp.org.br\/novo\/novo-presidente-da-fundacao-casa-traz-propostas-aos-trabalhadores\/\"]}]},{\"@type\":\"ImageObject\",\"inLanguage\":\"pt-BR\",\"@id\":\"https:\/\/www.sitsesp.org.br\/novo\/novo-presidente-da-fundacao-casa-traz-propostas-aos-trabalhadores\/#primaryimage\",\"url\":\"https:\/\/www.sitsesp.org.br\/novo\/wp-content\/uploads\/2020\/10\/1504280838-1.jpg\",\"contentUrl\":\"https:\/\/www.sitsesp.org.br\/novo\/wp-content\/uploads\/2020\/10\/1504280838-1.jpg\",\"width\":1280,\"height\":720},{\"@type\":\"BreadcrumbList\",\"@id\":\"https:\/\/www.sitsesp.org.br\/novo\/novo-presidente-da-fundacao-casa-traz-propostas-aos-trabalhadores\/#breadcrumb\",\"itemListElement\":[{\"@type\":\"ListItem\",\"position\":1,\"name\":\"In\u00edcio\",\"item\":\"https:\/\/www.sitsesp.org.br\/novo\/\"},{\"@type\":\"ListItem\",\"position\":2,\"name\":\"Novo presidente da Funda\u00e7\u00e3o CASA traz propostas aos trabalhadores\"}]},{\"@type\":\"WebSite\",\"@id\":\"https:\/\/www.sitsesp.org.br\/novo\/#website\",\"url\":\"https:\/\/www.sitsesp.org.br\/novo\/\",\"name\":\"Sitsesp\",\"description\":\"SIndicato da Socioeduca\u00e7\u00e3o do Estado de S\u00e3o Paulo\",\"publisher\":{\"@id\":\"https:\/\/www.sitsesp.org.br\/novo\/#organization\"},\"potentialAction\":[{\"@type\":\"SearchAction\",\"target\":{\"@type\":\"EntryPoint\",\"urlTemplate\":\"https:\/\/www.sitsesp.org.br\/novo\/?s={search_term_string}\"},\"query-input\":\"required name=search_term_string\"}],\"inLanguage\":\"pt-BR\"},{\"@type\":\"Organization\",\"@id\":\"https:\/\/www.sitsesp.org.br\/novo\/#organization\",\"name\":\"Sitsesp\",\"url\":\"https:\/\/www.sitsesp.org.br\/novo\/\",\"logo\":{\"@type\":\"ImageObject\",\"inLanguage\":\"pt-BR\",\"@id\":\"https:\/\/www.sitsesp.org.br\/novo\/#\/schema\/logo\/image\/\",\"url\":\"https:\/\/www.sitsesp.org.br\/novo\/wp-content\/uploads\/2020\/09\/Design-sem-nome-1.jpg\",\"contentUrl\":\"https:\/\/www.sitsesp.org.br\/novo\/wp-content\/uploads\/2020\/09\/Design-sem-nome-1.jpg\",\"width\":300,\"height\":300,\"caption\":\"Sitsesp\"},\"image\":{\"@id\":\"https:\/\/www.sitsesp.org.br\/novo\/#\/schema\/logo\/image\/\"}},{\"@type\":\"Person\",\"@id\":\"https:\/\/www.sitsesp.org.br\/novo\/#\/schema\/person\/2a4c180eb185645b3bef8657c75e305a\",\"name\":\"mhais\",\"image\":{\"@type\":\"ImageObject\",\"inLanguage\":\"pt-BR\",\"@id\":\"https:\/\/www.sitsesp.org.br\/novo\/#\/schema\/person\/image\/\",\"url\":\"https:\/\/secure.gravatar.com\/avatar\/6f4eabe86990e81328cf702edfa92a60?s=96&d=mm&r=g\",\"contentUrl\":\"https:\/\/secure.gravatar.com\/avatar\/6f4eabe86990e81328cf702edfa92a60?s=96&d=mm&r=g\",\"caption\":\"mhais\"},\"sameAs\":[\"http:\/\/localhost\/sitsesp\"]}]}<\/script>\n<!-- \/ Yoast SEO plugin. -->","yoast_head_json":{"title":"Novo presidente da Funda\u00e7\u00e3o CASA traz propostas aos trabalhadores - SITSESP","robots":{"index":"index","follow":"follow","max-snippet":"max-snippet:-1","max-image-preview":"max-image-preview:large","max-video-preview":"max-video-preview:-1"},"canonical":"https:\/\/www.sitsesp.org.br\/novo\/novo-presidente-da-fundacao-casa-traz-propostas-aos-trabalhadores\/","og_locale":"pt_BR","og_type":"article","og_title":"Novo presidente da Funda\u00e7\u00e3o CASA traz propostas aos trabalhadores - SITSESP","og_description":"Nesta tarde, (13\/07) o presidente do sindicato, Aldo Dami&#227;o, dire&#231;&#227;o do SITSESP e comiss&#227;o de negocia&#231;&#227;o de trabalhadores estiveram em reuni&#227;o&hellip;","og_url":"https:\/\/www.sitsesp.org.br\/novo\/novo-presidente-da-fundacao-casa-traz-propostas-aos-trabalhadores\/","og_site_name":"SITSESP","article_published_time":"2017-07-14T00:26:27+00:00","og_image":[{"width":1280,"height":720,"url":"https:\/\/www.sitsesp.org.br\/novo\/wp-content\/uploads\/2020\/10\/1504280838-1.jpg","type":"image\/jpeg"}],"author":"mhais","twitter_card":"summary_large_image","twitter_misc":{"Escrito por":"mhais","Est. tempo de leitura":"1 minuto"},"schema":{"@context":"https:\/\/schema.org","@graph":[{"@type":"Article","@id":"https:\/\/www.sitsesp.org.br\/novo\/novo-presidente-da-fundacao-casa-traz-propostas-aos-trabalhadores\/#article","isPartOf":{"@id":"https:\/\/www.sitsesp.org.br\/novo\/novo-presidente-da-fundacao-casa-traz-propostas-aos-trabalhadores\/"},"author":{"name":"mhais","@id":"https:\/\/www.sitsesp.org.br\/novo\/#\/schema\/person\/2a4c180eb185645b3bef8657c75e305a"},"headline":"Novo presidente da Funda\u00e7\u00e3o CASA traz propostas aos trabalhadores","datePublished":"2017-07-14T00:26:27+00:00","dateModified":"2017-07-14T00:26:27+00:00","mainEntityOfPage":{"@id":"https:\/\/www.sitsesp.org.br\/novo\/novo-presidente-da-fundacao-casa-traz-propostas-aos-trabalhadores\/"},"wordCount":210,"commentCount":0,"publisher":{"@id":"https:\/\/www.sitsesp.org.br\/novo\/#organization"},"image":{"@id":"https:\/\/www.sitsesp.org.br\/novo\/novo-presidente-da-fundacao-casa-traz-propostas-aos-trabalhadores\/#primaryimage"},"thumbnailUrl":"https:\/\/www.sitsesp.org.br\/novo\/wp-content\/uploads\/2020\/10\/1504280838-1.jpg","articleSection":["Noticias"],"inLanguage":"pt-BR","potentialAction":[{"@type":"CommentAction","name":"Comment","target":["https:\/\/www.sitsesp.org.br\/novo\/novo-presidente-da-fundacao-casa-traz-propostas-aos-trabalhadores\/#respond"]}]},{"@type":"WebPage","@id":"https:\/\/www.sitsesp.org.br\/novo\/novo-presidente-da-fundacao-casa-traz-propostas-aos-trabalhadores\/","url":"https:\/\/www.sitsesp.org.br\/novo\/novo-presidente-da-fundacao-casa-traz-propostas-aos-trabalhadores\/","name":"Novo presidente da Funda\u00e7\u00e3o CASA traz propostas aos trabalhadores - SITSESP","isPartOf":{"@id":"https:\/\/www.sitsesp.org.br\/novo\/#website"},"primaryImageOfPage":{"@id":"https:\/\/www.sitsesp.org.br\/novo\/novo-presidente-da-fundacao-casa-traz-propostas-aos-trabalhadores\/#primaryimage"},"image":{"@id":"https:\/\/www.sitsesp.org.br\/novo\/novo-presidente-da-fundacao-casa-traz-propostas-aos-trabalhadores\/#primaryimage"},"thumbnailUrl":"https:\/\/www.sitsesp.org.br\/novo\/wp-content\/uploads\/2020\/10\/1504280838-1.jpg","datePublished":"2017-07-14T00:26:27+00:00","dateModified":"2017-07-14T00:26:27+00:00","breadcrumb":{"@id":"https:\/\/www.sitsesp.org.br\/novo\/novo-presidente-da-fundacao-casa-traz-propostas-aos-trabalhadores\/#breadcrumb"},"inLanguage":"pt-BR","potentialAction":[{"@type":"ReadAction","target":["https:\/\/www.sitsesp.org.br\/novo\/novo-presidente-da-fundacao-casa-traz-propostas-aos-trabalhadores\/"]}]},{"@type":"ImageObject","inLanguage":"pt-BR","@id":"https:\/\/www.sitsesp.org.br\/novo\/novo-presidente-da-fundacao-casa-traz-propostas-aos-trabalhadores\/#primaryimage","url":"https:\/\/www.sitsesp.org.br\/novo\/wp-content\/uploads\/2020\/10\/1504280838-1.jpg","contentUrl":"https:\/\/www.sitsesp.org.br\/novo\/wp-content\/uploads\/2020\/10\/1504280838-1.jpg","width":1280,"height":720},{"@type":"BreadcrumbList","@id":"https:\/\/www.sitsesp.org.br\/novo\/novo-presidente-da-fundacao-casa-traz-propostas-aos-trabalhadores\/#breadcrumb","itemListElement":[{"@type":"ListItem","position":1,"name":"In\u00edcio","item":"https:\/\/www.sitsesp.org.br\/novo\/"},{"@type":"ListItem","position":2,"name":"Novo presidente da Funda\u00e7\u00e3o CASA traz propostas aos trabalhadores"}]},{"@type":"WebSite","@id":"https:\/\/www.sitsesp.org.br\/novo\/#website","url":"https:\/\/www.sitsesp.org.br\/novo\/","name":"Sitsesp","description":"SIndicato da Socioeduca\u00e7\u00e3o do Estado de S\u00e3o Paulo","publisher":{"@id":"https:\/\/www.sitsesp.org.br\/novo\/#organization"},"potentialAction":[{"@type":"SearchAction","target":{"@type":"EntryPoint","urlTemplate":"https:\/\/www.sitsesp.org.br\/novo\/?s={search_term_string}"},"query-input":"required name=search_term_string"}],"inLanguage":"pt-BR"},{"@type":"Organization","@id":"https:\/\/www.sitsesp.org.br\/novo\/#organization","name":"Sitsesp","url":"https:\/\/www.sitsesp.org.br\/novo\/","logo":{"@type":"ImageObject","inLanguage":"pt-BR","@id":"https:\/\/www.sitsesp.org.br\/novo\/#\/schema\/logo\/image\/","url":"https:\/\/www.sitsesp.org.br\/novo\/wp-content\/uploads\/2020\/09\/Design-sem-nome-1.jpg","contentUrl":"https:\/\/www.sitsesp.org.br\/novo\/wp-content\/uploads\/2020\/09\/Design-sem-nome-1.jpg","width":300,"height":300,"caption":"Sitsesp"},"image":{"@id":"https:\/\/www.sitsesp.org.br\/novo\/#\/schema\/logo\/image\/"}},{"@type":"Person","@id":"https:\/\/www.sitsesp.org.br\/novo\/#\/schema\/person\/2a4c180eb185645b3bef8657c75e305a","name":"mhais","image":{"@type":"ImageObject","inLanguage":"pt-BR","@id":"https:\/\/www.sitsesp.org.br\/novo\/#\/schema\/person\/image\/","url":"https:\/\/secure.gravatar.com\/avatar\/6f4eabe86990e81328cf702edfa92a60?s=96&d=mm&r=g","contentUrl":"https:\/\/secure.gravatar.com\/avatar\/6f4eabe86990e81328cf702edfa92a60?s=96&d=mm&r=g","caption":"mhais"},"sameAs":["http:\/\/localhost\/sitsesp"]}]}},"_links":{"self":[{"href":"https:\/\/www.sitsesp.org.br\/novo\/wp-json\/wp\/v2\/posts\/2106"}],"collection":[{"href":"https:\/\/www.sitsesp.org.br\/novo\/wp-json\/wp\/v2\/posts"}],"about":[{"href":"https:\/\/www.sitsesp.org.br\/novo\/wp-json\/wp\/v2\/types\/post"}],"author":[{"embeddable":true,"href":"https:\/\/www.sitsesp.org.br\/novo\/wp-json\/wp\/v2\/users\/1"}],"replies":[{"embeddable":true,"href":"https:\/\/www.sitsesp.org.br\/novo\/wp-json\/wp\/v2\/comments?post=2106"}],"version-history":[{"count":0,"href":"https:\/\/www.sitsesp.org.br\/novo\/wp-json\/wp\/v2\/posts\/2106\/revisions"}],"wp:featuredmedia":[{"embeddable":true,"href":"https:\/\/www.sitsesp.org.br\/novo\/wp-json\/wp\/v2\/media\/2107"}],"wp:attachment":[{"href":"https:\/\/www.sitsesp.org.br\/novo\/wp-json\/wp\/v2\/media?parent=2106"}],"wp:term":[{"taxonomy":"category","embeddable":true,"href":"https:\/\/www.sitsesp.org.br\/novo\/wp-json\/wp\/v2\/categories?post=2106"},{"taxonomy":"post_tag","embeddable":true,"href":"https:\/\/www.sitsesp.org.br\/novo\/wp-json\/wp\/v2\/tags?post=2106"}],"curies":[{"name":"wp","href":"https:\/\/api.w.org\/{rel}","templated":true}]}}