{"id":2141,"date":"2017-10-03T10:56:41","date_gmt":"2017-10-03T13:56:41","guid":{"rendered":"https:\/\/pecorari-cloud72.pecoraricloud.com.br\/~sitsesporg\/agentes-socioeducativos-cobrarao-em-brasilia-regulamentacao-da-profissao\/"},"modified":"2017-10-03T10:56:41","modified_gmt":"2017-10-03T13:56:41","slug":"agentes-socioeducativos-cobrarao-em-brasilia-regulamentacao-da-profissao","status":"publish","type":"post","link":"https:\/\/www.sitsesp.org.br\/novo\/agentes-socioeducativos-cobrarao-em-brasilia-regulamentacao-da-profissao\/","title":{"rendered":"Agentes socioeducativos cobrar\u00e3o em Bras\u00edlia regulamenta\u00e7\u00e3o da profiss\u00e3o"},"content":{"rendered":"<p><!-- VideographyWP Plugin Message: Automatic video embedding prevented by plugin options. --><\/p>\n<p>3&ordf; Mobiliza&ccedil;&atilde;o Nacional da categoria acontece no dia 3 de outubro e cobrar&aacute; valoriza&ccedil;&atilde;o da profiss&atilde;o<\/p>\n<p>&nbsp;Servidores e trabalhadores do sistema socioeducativo estar&atilde;o em Bras&iacute;lia no dia 3 de outubro, &agrave;s 9 horas, para cobrar que o Congresso Nacional encaminhe reivindica&ccedil;&otilde;es da categoria.<\/p>\n<p>&nbsp;<\/p>\n<p>A manifesta&ccedil;&atilde;o contar&aacute; com representantes de 13 estados: S&atilde;o Paulo, Santa Catarina, Goi&aacute;s, Esp&iacute;rito Santo, Mato Grosso, Mato Grosso do Sul, Bahia, Paran&aacute;, Maranh&atilde;o, Distrito Federal, Rio de Janeiro, Amap&aacute; e Acre.<\/p>\n<p>&nbsp;<\/p>\n<p>Na pauta est&atilde;o temas como o direito ao porte de arma para os agentes de seguran&ccedil;a socioeducativos, a amplia&ccedil;&atilde;o de investimentos em estruturas do sistema socioeducativo e, principalmente, a regulamenta&ccedil;&atilde;o do cargo de agente de seguran&ccedil;a socioeducativo, com o reconhecimento da insalubridade presente no exerc&iacute;cio da profiss&atilde;o.<\/p>\n<p>&nbsp;<\/p>\n<p>Por S&atilde;o Paulo estar&atilde;o presentes dirigentes do Sitraemfa (Sindicato dos Trabalhadores em Entidades de Assist&ecirc;ncia e Educa&ccedil;&atilde;o &agrave; Crian&ccedil;a, ao Adolescente e &agrave; Fam&iacute;lia do Estado de S&atilde;o Paulo) e Sitsesp (Sindicato dos Trabalhadores nas Funda&ccedil;&otilde;es P&uacute;blicas de Atendimento Socioeducativo ao Adolescente em Priva&ccedil;&atilde;o de Liberdade do Estado de S&atilde;o Paulo).<\/p>\n<p>&nbsp;<\/p>\n<p>Secret&aacute;rio de Comunica&ccedil;&atilde;o do Sitraemfa\/Sitsesp, Jo&atilde;o Faustino aponta que o reconhecimento dos riscos sofridos pela categoria &eacute; o m&iacute;nimo que se espera do Estado.<\/p>\n<p>&nbsp;<\/p>\n<p>&ldquo;Hoje, o Estado n&atilde;o entende a insalubridade presente na nossa atividade e n&atilde;o temos direito &agrave; aposentadoria especial, apesar de atuarmos em uma &aacute;rea extremamente arriscada. Recentemente, tivemos uma rebeli&atilde;o na unidade de Bel&eacute;m (bairro da zona leste de S&atilde;o Paulo) e trabalhadores sa&iacute;ram com graves ferimentos na cabe&ccedil;a, fratura exposta no bra&ccedil;o. Estamos arriscados a qualquer tipo de inseguran&ccedil;a, dentro e fora das unidades, mas o governo de S&atilde;o Paulo n&atilde;o reconhece isso&rdquo;, critica.<\/p>\n<p>&nbsp;<\/p>\n<p>Apenas em S&atilde;o Paulo, aponta o dirigente, h&aacute; uma defasagem de 40% do quadro funcional, o que dificulta ainda mais o trabalho dos agentes. &ldquo;Do concurso realizado em 2013, ainda temos remanescentes que sequer foram chamados pelo governador Geraldo Alckmin (PSDB). Na unidade de Bel&eacute;m, que citei, durante a rebeli&atilde;o havia 64 adolescentes para cada tr&ecirc;s funcion&aacute;rios, &eacute; imposs&iacute;vel controlar uma revolta dessa forma. O que pediremos em Bras&iacute;lia ser&aacute; que os parlamentares olhem um pouco mais para n&oacute;s&rdquo;, explica Faustino.<\/p>\n<p>&nbsp;<\/p>\n<p>Presidente do Conselho Nacional de Entidades Representativas de Servidores e Trabalhadores do Sistema Socioeducativo (Conasse), Cristiano Torres, destaca a import&acirc;ncia de a categoria estar presente em Bras&iacute;lia para discutir a garantia de direitos.<\/p>\n<p>&nbsp;<\/p>\n<p>&ldquo;Esse &eacute; o segundo ano seguido em que fazemos essa mobiliza&ccedil;&atilde;o dentro da C&acirc;mara Federal, no mesmo per&iacute;odo em que a forma&ccedil;&atilde;o da Frente Parlamentar em Defesa dos Profissionais do Sistema Socioeducativo completa um ano. H&aacute; v&aacute;rios projetos que tramitam no Congresso e afetam a categoria e se n&atilde;o brigarmos por nossos direitos, ningu&eacute;m mais far&aacute;. &Eacute; fundamental que os parlamentares saibam que estamos de olho nas vota&ccedil;&otilde;es e que n&atilde;o vamos abrir m&atilde;o de brigar por nossas conquistas&rdquo;, apontou.<\/p>\n","protected":false},"excerpt":{"rendered":"<p>3&ordf; Mobiliza&ccedil;&atilde;o Nacional da categoria acontece no dia 3 de outubro e cobrar&aacute; valoriza&ccedil;&atilde;o da profiss&atilde;o &nbsp;Servidores e trabalhadores do sistema&hellip;<\/p>\n","protected":false},"author":1,"featured_media":2142,"comment_status":"open","ping_status":"open","sticky":false,"template":"","format":"standard","meta":{"cybocfi_hide_featured_image":"","footnotes":""},"categories":[22],"tags":[],"yoast_head":"<!-- This site is optimized with the Yoast SEO plugin v22.8 - https:\/\/yoast.com\/wordpress\/plugins\/seo\/ -->\n<title>Agentes socioeducativos cobrar\u00e3o em Bras\u00edlia regulamenta\u00e7\u00e3o da profiss\u00e3o - SITSESP<\/title>\n<meta name=\"robots\" content=\"index, follow, max-snippet:-1, max-image-preview:large, max-video-preview:-1\" \/>\n<link rel=\"canonical\" href=\"https:\/\/www.sitsesp.org.br\/novo\/agentes-socioeducativos-cobrarao-em-brasilia-regulamentacao-da-profissao\/\" \/>\n<meta property=\"og:locale\" content=\"pt_BR\" \/>\n<meta property=\"og:type\" content=\"article\" \/>\n<meta property=\"og:title\" content=\"Agentes socioeducativos cobrar\u00e3o em Bras\u00edlia regulamenta\u00e7\u00e3o da profiss\u00e3o - SITSESP\" \/>\n<meta property=\"og:description\" content=\"3&ordf; Mobiliza&ccedil;&atilde;o Nacional da categoria acontece no dia 3 de outubro e cobrar&aacute; valoriza&ccedil;&atilde;o da profiss&atilde;o &nbsp;Servidores e trabalhadores do sistema&hellip;\" \/>\n<meta property=\"og:url\" content=\"https:\/\/www.sitsesp.org.br\/novo\/agentes-socioeducativos-cobrarao-em-brasilia-regulamentacao-da-profissao\/\" \/>\n<meta property=\"og:site_name\" content=\"SITSESP\" \/>\n<meta property=\"article:published_time\" content=\"2017-10-03T13:56:41+00:00\" \/>\n<meta property=\"og:image\" content=\"https:\/\/www.sitsesp.org.br\/novo\/wp-content\/uploads\/2020\/10\/1507039002-1.jpg\" \/>\n\t<meta property=\"og:image:width\" content=\"536\" \/>\n\t<meta property=\"og:image:height\" content=\"356\" \/>\n\t<meta property=\"og:image:type\" content=\"image\/jpeg\" \/>\n<meta name=\"author\" content=\"mhais\" \/>\n<meta name=\"twitter:card\" content=\"summary_large_image\" \/>\n<meta name=\"twitter:label1\" content=\"Escrito por\" \/>\n\t<meta name=\"twitter:data1\" content=\"mhais\" \/>\n\t<meta name=\"twitter:label2\" content=\"Est. tempo de leitura\" \/>\n\t<meta name=\"twitter:data2\" content=\"3 minutos\" \/>\n<script type=\"application\/ld+json\" class=\"yoast-schema-graph\">{\"@context\":\"https:\/\/schema.org\",\"@graph\":[{\"@type\":\"Article\",\"@id\":\"https:\/\/www.sitsesp.org.br\/novo\/agentes-socioeducativos-cobrarao-em-brasilia-regulamentacao-da-profissao\/#article\",\"isPartOf\":{\"@id\":\"https:\/\/www.sitsesp.org.br\/novo\/agentes-socioeducativos-cobrarao-em-brasilia-regulamentacao-da-profissao\/\"},\"author\":{\"name\":\"mhais\",\"@id\":\"https:\/\/www.sitsesp.org.br\/novo\/#\/schema\/person\/2a4c180eb185645b3bef8657c75e305a\"},\"headline\":\"Agentes socioeducativos cobrar\u00e3o em Bras\u00edlia regulamenta\u00e7\u00e3o da profiss\u00e3o\",\"datePublished\":\"2017-10-03T13:56:41+00:00\",\"dateModified\":\"2017-10-03T13:56:41+00:00\",\"mainEntityOfPage\":{\"@id\":\"https:\/\/www.sitsesp.org.br\/novo\/agentes-socioeducativos-cobrarao-em-brasilia-regulamentacao-da-profissao\/\"},\"wordCount\":638,\"commentCount\":0,\"publisher\":{\"@id\":\"https:\/\/www.sitsesp.org.br\/novo\/#organization\"},\"image\":{\"@id\":\"https:\/\/www.sitsesp.org.br\/novo\/agentes-socioeducativos-cobrarao-em-brasilia-regulamentacao-da-profissao\/#primaryimage\"},\"thumbnailUrl\":\"https:\/\/www.sitsesp.org.br\/novo\/wp-content\/uploads\/2020\/10\/1507039002-1.jpg\",\"articleSection\":[\"Noticias\"],\"inLanguage\":\"pt-BR\",\"potentialAction\":[{\"@type\":\"CommentAction\",\"name\":\"Comment\",\"target\":[\"https:\/\/www.sitsesp.org.br\/novo\/agentes-socioeducativos-cobrarao-em-brasilia-regulamentacao-da-profissao\/#respond\"]}]},{\"@type\":\"WebPage\",\"@id\":\"https:\/\/www.sitsesp.org.br\/novo\/agentes-socioeducativos-cobrarao-em-brasilia-regulamentacao-da-profissao\/\",\"url\":\"https:\/\/www.sitsesp.org.br\/novo\/agentes-socioeducativos-cobrarao-em-brasilia-regulamentacao-da-profissao\/\",\"name\":\"Agentes socioeducativos cobrar\u00e3o em Bras\u00edlia regulamenta\u00e7\u00e3o da profiss\u00e3o - SITSESP\",\"isPartOf\":{\"@id\":\"https:\/\/www.sitsesp.org.br\/novo\/#website\"},\"primaryImageOfPage\":{\"@id\":\"https:\/\/www.sitsesp.org.br\/novo\/agentes-socioeducativos-cobrarao-em-brasilia-regulamentacao-da-profissao\/#primaryimage\"},\"image\":{\"@id\":\"https:\/\/www.sitsesp.org.br\/novo\/agentes-socioeducativos-cobrarao-em-brasilia-regulamentacao-da-profissao\/#primaryimage\"},\"thumbnailUrl\":\"https:\/\/www.sitsesp.org.br\/novo\/wp-content\/uploads\/2020\/10\/1507039002-1.jpg\",\"datePublished\":\"2017-10-03T13:56:41+00:00\",\"dateModified\":\"2017-10-03T13:56:41+00:00\",\"breadcrumb\":{\"@id\":\"https:\/\/www.sitsesp.org.br\/novo\/agentes-socioeducativos-cobrarao-em-brasilia-regulamentacao-da-profissao\/#breadcrumb\"},\"inLanguage\":\"pt-BR\",\"potentialAction\":[{\"@type\":\"ReadAction\",\"target\":[\"https:\/\/www.sitsesp.org.br\/novo\/agentes-socioeducativos-cobrarao-em-brasilia-regulamentacao-da-profissao\/\"]}]},{\"@type\":\"ImageObject\",\"inLanguage\":\"pt-BR\",\"@id\":\"https:\/\/www.sitsesp.org.br\/novo\/agentes-socioeducativos-cobrarao-em-brasilia-regulamentacao-da-profissao\/#primaryimage\",\"url\":\"https:\/\/www.sitsesp.org.br\/novo\/wp-content\/uploads\/2020\/10\/1507039002-1.jpg\",\"contentUrl\":\"https:\/\/www.sitsesp.org.br\/novo\/wp-content\/uploads\/2020\/10\/1507039002-1.jpg\",\"width\":536,\"height\":356},{\"@type\":\"BreadcrumbList\",\"@id\":\"https:\/\/www.sitsesp.org.br\/novo\/agentes-socioeducativos-cobrarao-em-brasilia-regulamentacao-da-profissao\/#breadcrumb\",\"itemListElement\":[{\"@type\":\"ListItem\",\"position\":1,\"name\":\"In\u00edcio\",\"item\":\"https:\/\/www.sitsesp.org.br\/novo\/\"},{\"@type\":\"ListItem\",\"position\":2,\"name\":\"Agentes socioeducativos cobrar\u00e3o em Bras\u00edlia regulamenta\u00e7\u00e3o da profiss\u00e3o\"}]},{\"@type\":\"WebSite\",\"@id\":\"https:\/\/www.sitsesp.org.br\/novo\/#website\",\"url\":\"https:\/\/www.sitsesp.org.br\/novo\/\",\"name\":\"Sitsesp\",\"description\":\"SIndicato da Socioeduca\u00e7\u00e3o do Estado de S\u00e3o Paulo\",\"publisher\":{\"@id\":\"https:\/\/www.sitsesp.org.br\/novo\/#organization\"},\"potentialAction\":[{\"@type\":\"SearchAction\",\"target\":{\"@type\":\"EntryPoint\",\"urlTemplate\":\"https:\/\/www.sitsesp.org.br\/novo\/?s={search_term_string}\"},\"query-input\":\"required name=search_term_string\"}],\"inLanguage\":\"pt-BR\"},{\"@type\":\"Organization\",\"@id\":\"https:\/\/www.sitsesp.org.br\/novo\/#organization\",\"name\":\"Sitsesp\",\"url\":\"https:\/\/www.sitsesp.org.br\/novo\/\",\"logo\":{\"@type\":\"ImageObject\",\"inLanguage\":\"pt-BR\",\"@id\":\"https:\/\/www.sitsesp.org.br\/novo\/#\/schema\/logo\/image\/\",\"url\":\"https:\/\/www.sitsesp.org.br\/novo\/wp-content\/uploads\/2020\/09\/Design-sem-nome-1.jpg\",\"contentUrl\":\"https:\/\/www.sitsesp.org.br\/novo\/wp-content\/uploads\/2020\/09\/Design-sem-nome-1.jpg\",\"width\":300,\"height\":300,\"caption\":\"Sitsesp\"},\"image\":{\"@id\":\"https:\/\/www.sitsesp.org.br\/novo\/#\/schema\/logo\/image\/\"}},{\"@type\":\"Person\",\"@id\":\"https:\/\/www.sitsesp.org.br\/novo\/#\/schema\/person\/2a4c180eb185645b3bef8657c75e305a\",\"name\":\"mhais\",\"image\":{\"@type\":\"ImageObject\",\"inLanguage\":\"pt-BR\",\"@id\":\"https:\/\/www.sitsesp.org.br\/novo\/#\/schema\/person\/image\/\",\"url\":\"https:\/\/secure.gravatar.com\/avatar\/6f4eabe86990e81328cf702edfa92a60?s=96&d=mm&r=g\",\"contentUrl\":\"https:\/\/secure.gravatar.com\/avatar\/6f4eabe86990e81328cf702edfa92a60?s=96&d=mm&r=g\",\"caption\":\"mhais\"},\"sameAs\":[\"http:\/\/localhost\/sitsesp\"]}]}<\/script>\n<!-- \/ Yoast SEO plugin. -->","yoast_head_json":{"title":"Agentes socioeducativos cobrar\u00e3o em Bras\u00edlia regulamenta\u00e7\u00e3o da profiss\u00e3o - SITSESP","robots":{"index":"index","follow":"follow","max-snippet":"max-snippet:-1","max-image-preview":"max-image-preview:large","max-video-preview":"max-video-preview:-1"},"canonical":"https:\/\/www.sitsesp.org.br\/novo\/agentes-socioeducativos-cobrarao-em-brasilia-regulamentacao-da-profissao\/","og_locale":"pt_BR","og_type":"article","og_title":"Agentes socioeducativos cobrar\u00e3o em Bras\u00edlia regulamenta\u00e7\u00e3o da profiss\u00e3o - SITSESP","og_description":"3&ordf; Mobiliza&ccedil;&atilde;o Nacional da categoria acontece no dia 3 de outubro e cobrar&aacute; valoriza&ccedil;&atilde;o da profiss&atilde;o &nbsp;Servidores e trabalhadores do sistema&hellip;","og_url":"https:\/\/www.sitsesp.org.br\/novo\/agentes-socioeducativos-cobrarao-em-brasilia-regulamentacao-da-profissao\/","og_site_name":"SITSESP","article_published_time":"2017-10-03T13:56:41+00:00","og_image":[{"width":536,"height":356,"url":"https:\/\/www.sitsesp.org.br\/novo\/wp-content\/uploads\/2020\/10\/1507039002-1.jpg","type":"image\/jpeg"}],"author":"mhais","twitter_card":"summary_large_image","twitter_misc":{"Escrito por":"mhais","Est. tempo de leitura":"3 minutos"},"schema":{"@context":"https:\/\/schema.org","@graph":[{"@type":"Article","@id":"https:\/\/www.sitsesp.org.br\/novo\/agentes-socioeducativos-cobrarao-em-brasilia-regulamentacao-da-profissao\/#article","isPartOf":{"@id":"https:\/\/www.sitsesp.org.br\/novo\/agentes-socioeducativos-cobrarao-em-brasilia-regulamentacao-da-profissao\/"},"author":{"name":"mhais","@id":"https:\/\/www.sitsesp.org.br\/novo\/#\/schema\/person\/2a4c180eb185645b3bef8657c75e305a"},"headline":"Agentes socioeducativos cobrar\u00e3o em Bras\u00edlia regulamenta\u00e7\u00e3o da profiss\u00e3o","datePublished":"2017-10-03T13:56:41+00:00","dateModified":"2017-10-03T13:56:41+00:00","mainEntityOfPage":{"@id":"https:\/\/www.sitsesp.org.br\/novo\/agentes-socioeducativos-cobrarao-em-brasilia-regulamentacao-da-profissao\/"},"wordCount":638,"commentCount":0,"publisher":{"@id":"https:\/\/www.sitsesp.org.br\/novo\/#organization"},"image":{"@id":"https:\/\/www.sitsesp.org.br\/novo\/agentes-socioeducativos-cobrarao-em-brasilia-regulamentacao-da-profissao\/#primaryimage"},"thumbnailUrl":"https:\/\/www.sitsesp.org.br\/novo\/wp-content\/uploads\/2020\/10\/1507039002-1.jpg","articleSection":["Noticias"],"inLanguage":"pt-BR","potentialAction":[{"@type":"CommentAction","name":"Comment","target":["https:\/\/www.sitsesp.org.br\/novo\/agentes-socioeducativos-cobrarao-em-brasilia-regulamentacao-da-profissao\/#respond"]}]},{"@type":"WebPage","@id":"https:\/\/www.sitsesp.org.br\/novo\/agentes-socioeducativos-cobrarao-em-brasilia-regulamentacao-da-profissao\/","url":"https:\/\/www.sitsesp.org.br\/novo\/agentes-socioeducativos-cobrarao-em-brasilia-regulamentacao-da-profissao\/","name":"Agentes socioeducativos cobrar\u00e3o em Bras\u00edlia regulamenta\u00e7\u00e3o da profiss\u00e3o - SITSESP","isPartOf":{"@id":"https:\/\/www.sitsesp.org.br\/novo\/#website"},"primaryImageOfPage":{"@id":"https:\/\/www.sitsesp.org.br\/novo\/agentes-socioeducativos-cobrarao-em-brasilia-regulamentacao-da-profissao\/#primaryimage"},"image":{"@id":"https:\/\/www.sitsesp.org.br\/novo\/agentes-socioeducativos-cobrarao-em-brasilia-regulamentacao-da-profissao\/#primaryimage"},"thumbnailUrl":"https:\/\/www.sitsesp.org.br\/novo\/wp-content\/uploads\/2020\/10\/1507039002-1.jpg","datePublished":"2017-10-03T13:56:41+00:00","dateModified":"2017-10-03T13:56:41+00:00","breadcrumb":{"@id":"https:\/\/www.sitsesp.org.br\/novo\/agentes-socioeducativos-cobrarao-em-brasilia-regulamentacao-da-profissao\/#breadcrumb"},"inLanguage":"pt-BR","potentialAction":[{"@type":"ReadAction","target":["https:\/\/www.sitsesp.org.br\/novo\/agentes-socioeducativos-cobrarao-em-brasilia-regulamentacao-da-profissao\/"]}]},{"@type":"ImageObject","inLanguage":"pt-BR","@id":"https:\/\/www.sitsesp.org.br\/novo\/agentes-socioeducativos-cobrarao-em-brasilia-regulamentacao-da-profissao\/#primaryimage","url":"https:\/\/www.sitsesp.org.br\/novo\/wp-content\/uploads\/2020\/10\/1507039002-1.jpg","contentUrl":"https:\/\/www.sitsesp.org.br\/novo\/wp-content\/uploads\/2020\/10\/1507039002-1.jpg","width":536,"height":356},{"@type":"BreadcrumbList","@id":"https:\/\/www.sitsesp.org.br\/novo\/agentes-socioeducativos-cobrarao-em-brasilia-regulamentacao-da-profissao\/#breadcrumb","itemListElement":[{"@type":"ListItem","position":1,"name":"In\u00edcio","item":"https:\/\/www.sitsesp.org.br\/novo\/"},{"@type":"ListItem","position":2,"name":"Agentes socioeducativos cobrar\u00e3o em Bras\u00edlia regulamenta\u00e7\u00e3o da profiss\u00e3o"}]},{"@type":"WebSite","@id":"https:\/\/www.sitsesp.org.br\/novo\/#website","url":"https:\/\/www.sitsesp.org.br\/novo\/","name":"Sitsesp","description":"SIndicato da Socioeduca\u00e7\u00e3o do Estado de S\u00e3o Paulo","publisher":{"@id":"https:\/\/www.sitsesp.org.br\/novo\/#organization"},"potentialAction":[{"@type":"SearchAction","target":{"@type":"EntryPoint","urlTemplate":"https:\/\/www.sitsesp.org.br\/novo\/?s={search_term_string}"},"query-input":"required name=search_term_string"}],"inLanguage":"pt-BR"},{"@type":"Organization","@id":"https:\/\/www.sitsesp.org.br\/novo\/#organization","name":"Sitsesp","url":"https:\/\/www.sitsesp.org.br\/novo\/","logo":{"@type":"ImageObject","inLanguage":"pt-BR","@id":"https:\/\/www.sitsesp.org.br\/novo\/#\/schema\/logo\/image\/","url":"https:\/\/www.sitsesp.org.br\/novo\/wp-content\/uploads\/2020\/09\/Design-sem-nome-1.jpg","contentUrl":"https:\/\/www.sitsesp.org.br\/novo\/wp-content\/uploads\/2020\/09\/Design-sem-nome-1.jpg","width":300,"height":300,"caption":"Sitsesp"},"image":{"@id":"https:\/\/www.sitsesp.org.br\/novo\/#\/schema\/logo\/image\/"}},{"@type":"Person","@id":"https:\/\/www.sitsesp.org.br\/novo\/#\/schema\/person\/2a4c180eb185645b3bef8657c75e305a","name":"mhais","image":{"@type":"ImageObject","inLanguage":"pt-BR","@id":"https:\/\/www.sitsesp.org.br\/novo\/#\/schema\/person\/image\/","url":"https:\/\/secure.gravatar.com\/avatar\/6f4eabe86990e81328cf702edfa92a60?s=96&d=mm&r=g","contentUrl":"https:\/\/secure.gravatar.com\/avatar\/6f4eabe86990e81328cf702edfa92a60?s=96&d=mm&r=g","caption":"mhais"},"sameAs":["http:\/\/localhost\/sitsesp"]}]}},"_links":{"self":[{"href":"https:\/\/www.sitsesp.org.br\/novo\/wp-json\/wp\/v2\/posts\/2141"}],"collection":[{"href":"https:\/\/www.sitsesp.org.br\/novo\/wp-json\/wp\/v2\/posts"}],"about":[{"href":"https:\/\/www.sitsesp.org.br\/novo\/wp-json\/wp\/v2\/types\/post"}],"author":[{"embeddable":true,"href":"https:\/\/www.sitsesp.org.br\/novo\/wp-json\/wp\/v2\/users\/1"}],"replies":[{"embeddable":true,"href":"https:\/\/www.sitsesp.org.br\/novo\/wp-json\/wp\/v2\/comments?post=2141"}],"version-history":[{"count":0,"href":"https:\/\/www.sitsesp.org.br\/novo\/wp-json\/wp\/v2\/posts\/2141\/revisions"}],"wp:featuredmedia":[{"embeddable":true,"href":"https:\/\/www.sitsesp.org.br\/novo\/wp-json\/wp\/v2\/media\/2142"}],"wp:attachment":[{"href":"https:\/\/www.sitsesp.org.br\/novo\/wp-json\/wp\/v2\/media?parent=2141"}],"wp:term":[{"taxonomy":"category","embeddable":true,"href":"https:\/\/www.sitsesp.org.br\/novo\/wp-json\/wp\/v2\/categories?post=2141"},{"taxonomy":"post_tag","embeddable":true,"href":"https:\/\/www.sitsesp.org.br\/novo\/wp-json\/wp\/v2\/tags?post=2141"}],"curies":[{"name":"wp","href":"https:\/\/api.w.org\/{rel}","templated":true}]}}