{"id":2147,"date":"2017-10-04T20:50:02","date_gmt":"2017-10-04T23:50:02","guid":{"rendered":"https:\/\/pecorari-cloud72.pecoraricloud.com.br\/~sitsesporg\/comissao-eleitoral-finaliza-pedido-de-impugnacoes\/"},"modified":"2017-10-04T20:50:02","modified_gmt":"2017-10-04T23:50:02","slug":"comissao-eleitoral-finaliza-pedido-de-impugnacoes","status":"publish","type":"post","link":"https:\/\/www.sitsesp.org.br\/novo\/comissao-eleitoral-finaliza-pedido-de-impugnacoes\/","title":{"rendered":"Comiss\u00e3o eleitoral finaliza pedido de impugna\u00e7\u00f5es"},"content":{"rendered":"<p><!-- VideographyWP Plugin Message: Automatic video embedding prevented by plugin options. --><\/p>\n<p>A comiss&atilde;o eleitoral cumprindo a determina&ccedil;&atilde;o do Estatuto julgou hoje (04\/10) o &uacute;nico recurso contra a chapa 1 RESISTIR E LUTAR, depois da publica&ccedil;&atilde;o da lista de seus candidatos no jornal di&aacute;rio de S&atilde;o Paulo.<\/p>\n<p>Com o indeferimento do pedido a Chapa 1 &eacute; a &uacute;nica habilitada a disputar a elei&ccedil;&atilde;o do Sitraemfa, j&aacute; que as chapas 2 e 3 n&atilde;o conseguiram dentro do prazo de registro inscrever suas chapas por terem indicado v&aacute;rias pessoas que n&atilde;o estavam em dia com as mensalidades do sindicato ou que n&atilde;o tinham um ano de filia&ccedil;&atilde;o, requisitos b&aacute;sicos para ser um candidato.<\/p>\n<p>Ainda conforme o Estatuto Sindical da entidade foi afixada a ata na integra no mural do sindicato, que tamb&eacute;m por for&ccedil;a do regimento.<\/p>\n<p>Veja a ata na integra no link abaixo<\/p>\n","protected":false},"excerpt":{"rendered":"<p>A comiss&atilde;o eleitoral cumprindo a determina&ccedil;&atilde;o do Estatuto julgou hoje (04\/10) o &uacute;nico recurso contra a chapa 1 RESISTIR E LUTAR,&hellip;<\/p>\n","protected":false},"author":1,"featured_media":2148,"comment_status":"open","ping_status":"open","sticky":false,"template":"","format":"standard","meta":{"cybocfi_hide_featured_image":"","footnotes":""},"categories":[22],"tags":[],"yoast_head":"<!-- This site is optimized with the Yoast SEO plugin v22.8 - https:\/\/yoast.com\/wordpress\/plugins\/seo\/ -->\n<title>Comiss\u00e3o eleitoral finaliza pedido de impugna\u00e7\u00f5es - SITSESP<\/title>\n<meta name=\"robots\" content=\"index, follow, max-snippet:-1, max-image-preview:large, max-video-preview:-1\" \/>\n<link rel=\"canonical\" href=\"https:\/\/www.sitsesp.org.br\/novo\/comissao-eleitoral-finaliza-pedido-de-impugnacoes\/\" \/>\n<meta property=\"og:locale\" content=\"pt_BR\" \/>\n<meta property=\"og:type\" content=\"article\" \/>\n<meta property=\"og:title\" content=\"Comiss\u00e3o eleitoral finaliza pedido de impugna\u00e7\u00f5es - SITSESP\" \/>\n<meta property=\"og:description\" content=\"A comiss&atilde;o eleitoral cumprindo a determina&ccedil;&atilde;o do Estatuto julgou hoje (04\/10) o &uacute;nico recurso contra a chapa 1 RESISTIR E LUTAR,&hellip;\" \/>\n<meta property=\"og:url\" content=\"https:\/\/www.sitsesp.org.br\/novo\/comissao-eleitoral-finaliza-pedido-de-impugnacoes\/\" \/>\n<meta property=\"og:site_name\" content=\"SITSESP\" \/>\n<meta property=\"article:published_time\" content=\"2017-10-04T23:50:02+00:00\" \/>\n<meta property=\"og:image\" content=\"https:\/\/www.sitsesp.org.br\/novo\/wp-content\/uploads\/2020\/10\/1507161002-1.jpg\" \/>\n\t<meta property=\"og:image:width\" content=\"718\" \/>\n\t<meta property=\"og:image:height\" content=\"238\" \/>\n\t<meta property=\"og:image:type\" content=\"image\/jpeg\" \/>\n<meta name=\"author\" content=\"mhais\" \/>\n<meta name=\"twitter:card\" content=\"summary_large_image\" \/>\n<meta name=\"twitter:label1\" content=\"Escrito por\" \/>\n\t<meta name=\"twitter:data1\" content=\"mhais\" \/>\n\t<meta name=\"twitter:label2\" content=\"Est. tempo de leitura\" \/>\n\t<meta name=\"twitter:data2\" content=\"1 minuto\" \/>\n<script type=\"application\/ld+json\" class=\"yoast-schema-graph\">{\"@context\":\"https:\/\/schema.org\",\"@graph\":[{\"@type\":\"Article\",\"@id\":\"https:\/\/www.sitsesp.org.br\/novo\/comissao-eleitoral-finaliza-pedido-de-impugnacoes\/#article\",\"isPartOf\":{\"@id\":\"https:\/\/www.sitsesp.org.br\/novo\/comissao-eleitoral-finaliza-pedido-de-impugnacoes\/\"},\"author\":{\"name\":\"mhais\",\"@id\":\"https:\/\/www.sitsesp.org.br\/novo\/#\/schema\/person\/2a4c180eb185645b3bef8657c75e305a\"},\"headline\":\"Comiss\u00e3o eleitoral finaliza pedido de impugna\u00e7\u00f5es\",\"datePublished\":\"2017-10-04T23:50:02+00:00\",\"dateModified\":\"2017-10-04T23:50:02+00:00\",\"mainEntityOfPage\":{\"@id\":\"https:\/\/www.sitsesp.org.br\/novo\/comissao-eleitoral-finaliza-pedido-de-impugnacoes\/\"},\"wordCount\":168,\"commentCount\":0,\"publisher\":{\"@id\":\"https:\/\/www.sitsesp.org.br\/novo\/#organization\"},\"image\":{\"@id\":\"https:\/\/www.sitsesp.org.br\/novo\/comissao-eleitoral-finaliza-pedido-de-impugnacoes\/#primaryimage\"},\"thumbnailUrl\":\"https:\/\/www.sitsesp.org.br\/novo\/wp-content\/uploads\/2020\/10\/1507161002-1.jpg\",\"articleSection\":[\"Noticias\"],\"inLanguage\":\"pt-BR\",\"potentialAction\":[{\"@type\":\"CommentAction\",\"name\":\"Comment\",\"target\":[\"https:\/\/www.sitsesp.org.br\/novo\/comissao-eleitoral-finaliza-pedido-de-impugnacoes\/#respond\"]}]},{\"@type\":\"WebPage\",\"@id\":\"https:\/\/www.sitsesp.org.br\/novo\/comissao-eleitoral-finaliza-pedido-de-impugnacoes\/\",\"url\":\"https:\/\/www.sitsesp.org.br\/novo\/comissao-eleitoral-finaliza-pedido-de-impugnacoes\/\",\"name\":\"Comiss\u00e3o eleitoral finaliza pedido de impugna\u00e7\u00f5es - SITSESP\",\"isPartOf\":{\"@id\":\"https:\/\/www.sitsesp.org.br\/novo\/#website\"},\"primaryImageOfPage\":{\"@id\":\"https:\/\/www.sitsesp.org.br\/novo\/comissao-eleitoral-finaliza-pedido-de-impugnacoes\/#primaryimage\"},\"image\":{\"@id\":\"https:\/\/www.sitsesp.org.br\/novo\/comissao-eleitoral-finaliza-pedido-de-impugnacoes\/#primaryimage\"},\"thumbnailUrl\":\"https:\/\/www.sitsesp.org.br\/novo\/wp-content\/uploads\/2020\/10\/1507161002-1.jpg\",\"datePublished\":\"2017-10-04T23:50:02+00:00\",\"dateModified\":\"2017-10-04T23:50:02+00:00\",\"breadcrumb\":{\"@id\":\"https:\/\/www.sitsesp.org.br\/novo\/comissao-eleitoral-finaliza-pedido-de-impugnacoes\/#breadcrumb\"},\"inLanguage\":\"pt-BR\",\"potentialAction\":[{\"@type\":\"ReadAction\",\"target\":[\"https:\/\/www.sitsesp.org.br\/novo\/comissao-eleitoral-finaliza-pedido-de-impugnacoes\/\"]}]},{\"@type\":\"ImageObject\",\"inLanguage\":\"pt-BR\",\"@id\":\"https:\/\/www.sitsesp.org.br\/novo\/comissao-eleitoral-finaliza-pedido-de-impugnacoes\/#primaryimage\",\"url\":\"https:\/\/www.sitsesp.org.br\/novo\/wp-content\/uploads\/2020\/10\/1507161002-1.jpg\",\"contentUrl\":\"https:\/\/www.sitsesp.org.br\/novo\/wp-content\/uploads\/2020\/10\/1507161002-1.jpg\",\"width\":718,\"height\":238},{\"@type\":\"BreadcrumbList\",\"@id\":\"https:\/\/www.sitsesp.org.br\/novo\/comissao-eleitoral-finaliza-pedido-de-impugnacoes\/#breadcrumb\",\"itemListElement\":[{\"@type\":\"ListItem\",\"position\":1,\"name\":\"In\u00edcio\",\"item\":\"https:\/\/www.sitsesp.org.br\/novo\/\"},{\"@type\":\"ListItem\",\"position\":2,\"name\":\"Comiss\u00e3o eleitoral finaliza pedido de impugna\u00e7\u00f5es\"}]},{\"@type\":\"WebSite\",\"@id\":\"https:\/\/www.sitsesp.org.br\/novo\/#website\",\"url\":\"https:\/\/www.sitsesp.org.br\/novo\/\",\"name\":\"Sitsesp\",\"description\":\"SIndicato da Socioeduca\u00e7\u00e3o do Estado de S\u00e3o Paulo\",\"publisher\":{\"@id\":\"https:\/\/www.sitsesp.org.br\/novo\/#organization\"},\"potentialAction\":[{\"@type\":\"SearchAction\",\"target\":{\"@type\":\"EntryPoint\",\"urlTemplate\":\"https:\/\/www.sitsesp.org.br\/novo\/?s={search_term_string}\"},\"query-input\":\"required name=search_term_string\"}],\"inLanguage\":\"pt-BR\"},{\"@type\":\"Organization\",\"@id\":\"https:\/\/www.sitsesp.org.br\/novo\/#organization\",\"name\":\"Sitsesp\",\"url\":\"https:\/\/www.sitsesp.org.br\/novo\/\",\"logo\":{\"@type\":\"ImageObject\",\"inLanguage\":\"pt-BR\",\"@id\":\"https:\/\/www.sitsesp.org.br\/novo\/#\/schema\/logo\/image\/\",\"url\":\"https:\/\/www.sitsesp.org.br\/novo\/wp-content\/uploads\/2020\/09\/Design-sem-nome-1.jpg\",\"contentUrl\":\"https:\/\/www.sitsesp.org.br\/novo\/wp-content\/uploads\/2020\/09\/Design-sem-nome-1.jpg\",\"width\":300,\"height\":300,\"caption\":\"Sitsesp\"},\"image\":{\"@id\":\"https:\/\/www.sitsesp.org.br\/novo\/#\/schema\/logo\/image\/\"}},{\"@type\":\"Person\",\"@id\":\"https:\/\/www.sitsesp.org.br\/novo\/#\/schema\/person\/2a4c180eb185645b3bef8657c75e305a\",\"name\":\"mhais\",\"image\":{\"@type\":\"ImageObject\",\"inLanguage\":\"pt-BR\",\"@id\":\"https:\/\/www.sitsesp.org.br\/novo\/#\/schema\/person\/image\/\",\"url\":\"https:\/\/secure.gravatar.com\/avatar\/6f4eabe86990e81328cf702edfa92a60?s=96&d=mm&r=g\",\"contentUrl\":\"https:\/\/secure.gravatar.com\/avatar\/6f4eabe86990e81328cf702edfa92a60?s=96&d=mm&r=g\",\"caption\":\"mhais\"},\"sameAs\":[\"http:\/\/localhost\/sitsesp\"]}]}<\/script>\n<!-- \/ Yoast SEO plugin. -->","yoast_head_json":{"title":"Comiss\u00e3o eleitoral finaliza pedido de impugna\u00e7\u00f5es - SITSESP","robots":{"index":"index","follow":"follow","max-snippet":"max-snippet:-1","max-image-preview":"max-image-preview:large","max-video-preview":"max-video-preview:-1"},"canonical":"https:\/\/www.sitsesp.org.br\/novo\/comissao-eleitoral-finaliza-pedido-de-impugnacoes\/","og_locale":"pt_BR","og_type":"article","og_title":"Comiss\u00e3o eleitoral finaliza pedido de impugna\u00e7\u00f5es - SITSESP","og_description":"A comiss&atilde;o eleitoral cumprindo a determina&ccedil;&atilde;o do Estatuto julgou hoje (04\/10) o &uacute;nico recurso contra a chapa 1 RESISTIR E LUTAR,&hellip;","og_url":"https:\/\/www.sitsesp.org.br\/novo\/comissao-eleitoral-finaliza-pedido-de-impugnacoes\/","og_site_name":"SITSESP","article_published_time":"2017-10-04T23:50:02+00:00","og_image":[{"width":718,"height":238,"url":"https:\/\/www.sitsesp.org.br\/novo\/wp-content\/uploads\/2020\/10\/1507161002-1.jpg","type":"image\/jpeg"}],"author":"mhais","twitter_card":"summary_large_image","twitter_misc":{"Escrito por":"mhais","Est. tempo de leitura":"1 minuto"},"schema":{"@context":"https:\/\/schema.org","@graph":[{"@type":"Article","@id":"https:\/\/www.sitsesp.org.br\/novo\/comissao-eleitoral-finaliza-pedido-de-impugnacoes\/#article","isPartOf":{"@id":"https:\/\/www.sitsesp.org.br\/novo\/comissao-eleitoral-finaliza-pedido-de-impugnacoes\/"},"author":{"name":"mhais","@id":"https:\/\/www.sitsesp.org.br\/novo\/#\/schema\/person\/2a4c180eb185645b3bef8657c75e305a"},"headline":"Comiss\u00e3o eleitoral finaliza pedido de impugna\u00e7\u00f5es","datePublished":"2017-10-04T23:50:02+00:00","dateModified":"2017-10-04T23:50:02+00:00","mainEntityOfPage":{"@id":"https:\/\/www.sitsesp.org.br\/novo\/comissao-eleitoral-finaliza-pedido-de-impugnacoes\/"},"wordCount":168,"commentCount":0,"publisher":{"@id":"https:\/\/www.sitsesp.org.br\/novo\/#organization"},"image":{"@id":"https:\/\/www.sitsesp.org.br\/novo\/comissao-eleitoral-finaliza-pedido-de-impugnacoes\/#primaryimage"},"thumbnailUrl":"https:\/\/www.sitsesp.org.br\/novo\/wp-content\/uploads\/2020\/10\/1507161002-1.jpg","articleSection":["Noticias"],"inLanguage":"pt-BR","potentialAction":[{"@type":"CommentAction","name":"Comment","target":["https:\/\/www.sitsesp.org.br\/novo\/comissao-eleitoral-finaliza-pedido-de-impugnacoes\/#respond"]}]},{"@type":"WebPage","@id":"https:\/\/www.sitsesp.org.br\/novo\/comissao-eleitoral-finaliza-pedido-de-impugnacoes\/","url":"https:\/\/www.sitsesp.org.br\/novo\/comissao-eleitoral-finaliza-pedido-de-impugnacoes\/","name":"Comiss\u00e3o eleitoral finaliza pedido de impugna\u00e7\u00f5es - SITSESP","isPartOf":{"@id":"https:\/\/www.sitsesp.org.br\/novo\/#website"},"primaryImageOfPage":{"@id":"https:\/\/www.sitsesp.org.br\/novo\/comissao-eleitoral-finaliza-pedido-de-impugnacoes\/#primaryimage"},"image":{"@id":"https:\/\/www.sitsesp.org.br\/novo\/comissao-eleitoral-finaliza-pedido-de-impugnacoes\/#primaryimage"},"thumbnailUrl":"https:\/\/www.sitsesp.org.br\/novo\/wp-content\/uploads\/2020\/10\/1507161002-1.jpg","datePublished":"2017-10-04T23:50:02+00:00","dateModified":"2017-10-04T23:50:02+00:00","breadcrumb":{"@id":"https:\/\/www.sitsesp.org.br\/novo\/comissao-eleitoral-finaliza-pedido-de-impugnacoes\/#breadcrumb"},"inLanguage":"pt-BR","potentialAction":[{"@type":"ReadAction","target":["https:\/\/www.sitsesp.org.br\/novo\/comissao-eleitoral-finaliza-pedido-de-impugnacoes\/"]}]},{"@type":"ImageObject","inLanguage":"pt-BR","@id":"https:\/\/www.sitsesp.org.br\/novo\/comissao-eleitoral-finaliza-pedido-de-impugnacoes\/#primaryimage","url":"https:\/\/www.sitsesp.org.br\/novo\/wp-content\/uploads\/2020\/10\/1507161002-1.jpg","contentUrl":"https:\/\/www.sitsesp.org.br\/novo\/wp-content\/uploads\/2020\/10\/1507161002-1.jpg","width":718,"height":238},{"@type":"BreadcrumbList","@id":"https:\/\/www.sitsesp.org.br\/novo\/comissao-eleitoral-finaliza-pedido-de-impugnacoes\/#breadcrumb","itemListElement":[{"@type":"ListItem","position":1,"name":"In\u00edcio","item":"https:\/\/www.sitsesp.org.br\/novo\/"},{"@type":"ListItem","position":2,"name":"Comiss\u00e3o eleitoral finaliza pedido de impugna\u00e7\u00f5es"}]},{"@type":"WebSite","@id":"https:\/\/www.sitsesp.org.br\/novo\/#website","url":"https:\/\/www.sitsesp.org.br\/novo\/","name":"Sitsesp","description":"SIndicato da Socioeduca\u00e7\u00e3o do Estado de S\u00e3o Paulo","publisher":{"@id":"https:\/\/www.sitsesp.org.br\/novo\/#organization"},"potentialAction":[{"@type":"SearchAction","target":{"@type":"EntryPoint","urlTemplate":"https:\/\/www.sitsesp.org.br\/novo\/?s={search_term_string}"},"query-input":"required name=search_term_string"}],"inLanguage":"pt-BR"},{"@type":"Organization","@id":"https:\/\/www.sitsesp.org.br\/novo\/#organization","name":"Sitsesp","url":"https:\/\/www.sitsesp.org.br\/novo\/","logo":{"@type":"ImageObject","inLanguage":"pt-BR","@id":"https:\/\/www.sitsesp.org.br\/novo\/#\/schema\/logo\/image\/","url":"https:\/\/www.sitsesp.org.br\/novo\/wp-content\/uploads\/2020\/09\/Design-sem-nome-1.jpg","contentUrl":"https:\/\/www.sitsesp.org.br\/novo\/wp-content\/uploads\/2020\/09\/Design-sem-nome-1.jpg","width":300,"height":300,"caption":"Sitsesp"},"image":{"@id":"https:\/\/www.sitsesp.org.br\/novo\/#\/schema\/logo\/image\/"}},{"@type":"Person","@id":"https:\/\/www.sitsesp.org.br\/novo\/#\/schema\/person\/2a4c180eb185645b3bef8657c75e305a","name":"mhais","image":{"@type":"ImageObject","inLanguage":"pt-BR","@id":"https:\/\/www.sitsesp.org.br\/novo\/#\/schema\/person\/image\/","url":"https:\/\/secure.gravatar.com\/avatar\/6f4eabe86990e81328cf702edfa92a60?s=96&d=mm&r=g","contentUrl":"https:\/\/secure.gravatar.com\/avatar\/6f4eabe86990e81328cf702edfa92a60?s=96&d=mm&r=g","caption":"mhais"},"sameAs":["http:\/\/localhost\/sitsesp"]}]}},"_links":{"self":[{"href":"https:\/\/www.sitsesp.org.br\/novo\/wp-json\/wp\/v2\/posts\/2147"}],"collection":[{"href":"https:\/\/www.sitsesp.org.br\/novo\/wp-json\/wp\/v2\/posts"}],"about":[{"href":"https:\/\/www.sitsesp.org.br\/novo\/wp-json\/wp\/v2\/types\/post"}],"author":[{"embeddable":true,"href":"https:\/\/www.sitsesp.org.br\/novo\/wp-json\/wp\/v2\/users\/1"}],"replies":[{"embeddable":true,"href":"https:\/\/www.sitsesp.org.br\/novo\/wp-json\/wp\/v2\/comments?post=2147"}],"version-history":[{"count":0,"href":"https:\/\/www.sitsesp.org.br\/novo\/wp-json\/wp\/v2\/posts\/2147\/revisions"}],"wp:featuredmedia":[{"embeddable":true,"href":"https:\/\/www.sitsesp.org.br\/novo\/wp-json\/wp\/v2\/media\/2148"}],"wp:attachment":[{"href":"https:\/\/www.sitsesp.org.br\/novo\/wp-json\/wp\/v2\/media?parent=2147"}],"wp:term":[{"taxonomy":"category","embeddable":true,"href":"https:\/\/www.sitsesp.org.br\/novo\/wp-json\/wp\/v2\/categories?post=2147"},{"taxonomy":"post_tag","embeddable":true,"href":"https:\/\/www.sitsesp.org.br\/novo\/wp-json\/wp\/v2\/tags?post=2147"}],"curies":[{"name":"wp","href":"https:\/\/api.w.org\/{rel}","templated":true}]}}