{"id":2149,"date":"2017-10-05T21:07:31","date_gmt":"2017-10-06T00:07:31","guid":{"rendered":"https:\/\/pecorari-cloud72.pecoraricloud.com.br\/~sitsesporg\/conasse-realiza-iii-mobilizacao-nacional-dos-profissionais-do-sse-e-vii-encontro-nacional-de-entidades\/"},"modified":"2017-10-05T21:07:31","modified_gmt":"2017-10-06T00:07:31","slug":"conasse-realiza-iii-mobilizacao-nacional-dos-profissionais-do-sse-e-vii-encontro-nacional-de-entidades","status":"publish","type":"post","link":"https:\/\/www.sitsesp.org.br\/novo\/conasse-realiza-iii-mobilizacao-nacional-dos-profissionais-do-sse-e-vii-encontro-nacional-de-entidades\/","title":{"rendered":"CONASSE REALIZA III MOBILIZA\u00c7\u00c3O NACIONAL DOS PROFISSIONAIS DO SSE E VII ENCONTRO NACIONAL DE ENTIDADES"},"content":{"rendered":"<p><!-- VideographyWP Plugin Message: Automatic video embedding prevented by plugin options. --><\/p>\n<p>No dia 03\/10, ter&ccedil;a-feira, o Conselho Nacional de Entidades Representativa dos Profissionais do Sistema Socioeducativo &#8211; CONASSE realizou a III Mobiliza&ccedil;&atilde;o Nacional dos Profissionais do SSE, no Audit&oacute;rio Freitas Nobre, na C&acirc;mara Federal.<\/p>\n<p>O evento que iniciou com um minuto de sil&ecirc;ncio em homenagem ao Agente morto em S&atilde;o Paulo no dia 04\/10\/2016, Francisco Calixto, contou com a presen&ccedil;a dos Deputados Federais Laud&iacute;vio Carvalho (SD\/MG), Jo&atilde;o Campos (PRB\/GO), Alberto Fraga (DEM\/DF), Laura Carneiro (PMDB\/RJ), Mario &#8211; Representando a Deputada Federal Josi Nunes (PMDB\/TO) e o Senador H&eacute;lio Jos&eacute; (PMDB\/DF) que discutiram, com os v&aacute;rios servidores da maioria dos estados da Federa&ccedil;&atilde;o que se fizeram presente, as demandas dos profissionais do SSE como porte de armas, regulamenta&ccedil;&atilde;o da profiss&atilde;o do Agente de Seguran&ccedil;a Socioeducativo, Cria&ccedil;&atilde;o do Fundo Nacional do SSE, Dia 04\/10 como o dia Nacional do Agente de Seguran&ccedil;a Socioeducativo, aposentadoria especial e a PEC 365\/2017 que inclui os profissionais do SSE no Artigo 144 da Constitui&ccedil;&atilde;o Federal.<\/p>\n<p>O Deputado Federal Laud&iacute;vio Carvalho ressaltou a import&acirc;ncia dos profissionais do SSE no escopo de seguran&ccedil;a p&uacute;blica. &#8220;Apresentei uma PEC que inclui os profissionais do SSE no artigo 144 da constitui&ccedil;&atilde;o, a PEC 365\/2017, n&atilde;o podemos deixar de reconhecer a import&acirc;ncia desta categoria.&#8221;<\/p>\n<p>O Deputado Jo&atilde;o Campos defendeu que a uni&atilde;o da categoria em eventos como o que estava ocorrendo &eacute; fundamental. &#8220;Tivemos aqui algumas categorias que conseguiram v&aacute;rias vit&oacute;rias com a coes&atilde;o, mostrando for&ccedil;a e vamos trabalhar para que as demandas de voc&ecirc;s sejam atendidas&#8221;.<\/p>\n<p>O Deputado Alberto Fraga se comprometeu em levar ao Presidente da C&acirc;mara Federal, Rodrigo Maia, as nossas pautas &#8220;O presidente Maia me pediu uma rela&ccedil;&atilde;o de pautas de Seguran&ccedil;a P&uacute;blica, o Cristiano me trar&aacute; essas demandas e as levaremos a ele.&#8221;<\/p>\n<p>Mario, representante da Deputada Federal Josi Nunes (PMDB\/TO) colocou o gabinete a disposi&ccedil;&atilde;o do CONASSE. &#8220;Estamos de portas abertas para encaminhar e defender as demandas de voc&ecirc;s. Esta categoria pode e deve ser respeitada.&#8221;<\/p>\n<p>O Senador H&eacute;lio Jos&eacute; frisou que vai trabalhar pela aprova&ccedil;&atilde;o do PLS 333\/2017 de sua autoria. &#8220;Apresentei este projeto no Senado de porte de armas para os Agentes de Seguran&ccedil;a Socioeducativos pois temos que contemplar esta categoria que sofre muito com a falta de seguran&ccedil;a fora do servi&ccedil;o.&#8221;<\/p>\n<p>A Deputada Laura Carneiro explanou sobre o projeto de sua relatoria na Comiss&atilde;o de Seguridade Social e Fam&iacute;lia.&nbsp;<br \/>&#8220;Promoveremos o debate para explicarmos melhor sobre o projeto que concede o porte de armas fora de servi&ccedil;o e o uso dos eletrochoques por parte dos agentes para que n&atilde;o paire d&uacute;vidas sobre como se dar&aacute; este uso.&#8221;<\/p>\n<p>O evento foi de suma import&acirc;ncia para fincarmos mais uma vez as bandeiras do SSE na casa de leis do Brasil e o CONASSE manter&aacute; esta linha de trabalho em todos os anos.<\/p>\n<p>No dia 04\/10 foi realizado o VII Encontro Nacional de Entidades Filiadas ao CONASSE, houve a ades&atilde;o dos Sindicatos que representam os Servidores do SSE do Rio Grande do Sul e Par&aacute; que vieram representados pelas servidoras Cristiane e N&aacute;dia pelo RS e Evandro pelo PA. Tamb&eacute;m foram dadas as boas vindas &agrave; nova diretoria do SINDSSE\/DF, que tomou posse em Junho\/2017 e participava de sua primeira reuni&atilde;o.<\/p>\n<p>No encontro foram discutidas as pautas a serem apresentadas aos parlamentares e como fazer as articula&ccedil;&otilde;es, tamb&eacute;m foi solicitado, votado e aprovado pelo pleno algumas mudan&ccedil;as estatut&aacute;rias para otimizar mais ainda os trabalhos do CONASSE frente as muitas demandas que possui o SSE.<\/p>\n<p>Na segunda parte do encontro aconteceu a elei&ccedil;&atilde;o do CONASSE Bi&ecirc;nio 2017-2019 onde foi criada a junta eleitoral composta pelos conselheiros Bruno Menelli (ES), Sidney Gomes (MT) e Joselito Pereira (BA). Ap&oacute;s as discuss&otilde;es foram eleitos os seguintes conselheiros:<\/p>\n<p>Presidente: Aldo Dami&atilde;o (SP);<br \/>Vice-Presidente: Cristiano Torres (DF);<br \/>Secret&aacute;rio Geral: Jackson Antunes (AM);<br \/>Diretoria Adm\/Financeira: Alex Gomes (MG);<br \/>Diretoria de Comunica&ccedil;&atilde;o: Silvio Guimar&atilde;es (MS);<br \/>Diretoria Jur&iacute;dica: Dirceu de Paula (PR).<\/p>\n<p>A nova diretoria do CONASSE foi empossada e em seu discurso de posse o Presidente eleito Aldo Dami&atilde;o refor&ccedil;ou o esp&iacute;rito de luta e pretende dar continuidade ao trabalho desenvolvido. &#8220;Temos um grande desafio pela frente o primeiro deles &eacute; mostrar que o CONASSE veio para provar que os Agentes de Seguran&ccedil;a Socioeducativos tem voz, me sinto honrado por ter sido escolhido pelo pleno e vamos &agrave; luta!&#8221;<\/p>\n<p>A nova diretoria firmou compromisso de manter a pluralidade de ideias, segundo o Vice-presidente eleito Cristiano Torres manter a linha de trabalho &eacute; fundamental. &#8221; O CONASSE vai manter a linha de n&atilde;o possuir uma bandeira pol&iacute;tica, n&atilde;o somos vinculados &agrave; central sindical ou partido pol&iacute;tico nossa &uacute;nica bandeira &eacute; a defesa do profissional do SSE.&#8221;<\/p>\n","protected":false},"excerpt":{"rendered":"<p>No dia 03\/10, ter&ccedil;a-feira, o Conselho Nacional de Entidades Representativa dos Profissionais do Sistema Socioeducativo &#8211; CONASSE realizou a III Mobiliza&ccedil;&atilde;o&hellip;<\/p>\n","protected":false},"author":1,"featured_media":2150,"comment_status":"open","ping_status":"open","sticky":false,"template":"","format":"standard","meta":{"cybocfi_hide_featured_image":"","footnotes":""},"categories":[22],"tags":[],"yoast_head":"<!-- This site is optimized with the Yoast SEO plugin v22.8 - https:\/\/yoast.com\/wordpress\/plugins\/seo\/ -->\n<title>CONASSE REALIZA III MOBILIZA\u00c7\u00c3O NACIONAL DOS PROFISSIONAIS DO SSE E VII ENCONTRO NACIONAL DE ENTIDADES - SITSESP<\/title>\n<meta name=\"robots\" content=\"index, follow, max-snippet:-1, max-image-preview:large, max-video-preview:-1\" \/>\n<link rel=\"canonical\" href=\"https:\/\/www.sitsesp.org.br\/novo\/conasse-realiza-iii-mobilizacao-nacional-dos-profissionais-do-sse-e-vii-encontro-nacional-de-entidades\/\" \/>\n<meta property=\"og:locale\" content=\"pt_BR\" \/>\n<meta property=\"og:type\" content=\"article\" \/>\n<meta property=\"og:title\" content=\"CONASSE REALIZA III MOBILIZA\u00c7\u00c3O NACIONAL DOS PROFISSIONAIS DO SSE E VII ENCONTRO NACIONAL DE ENTIDADES - SITSESP\" \/>\n<meta property=\"og:description\" content=\"No dia 03\/10, ter&ccedil;a-feira, o Conselho Nacional de Entidades Representativa dos Profissionais do Sistema Socioeducativo &#8211; CONASSE realizou a III Mobiliza&ccedil;&atilde;o&hellip;\" \/>\n<meta property=\"og:url\" content=\"https:\/\/www.sitsesp.org.br\/novo\/conasse-realiza-iii-mobilizacao-nacional-dos-profissionais-do-sse-e-vii-encontro-nacional-de-entidades\/\" \/>\n<meta property=\"og:site_name\" content=\"SITSESP\" \/>\n<meta property=\"article:published_time\" content=\"2017-10-06T00:07:31+00:00\" \/>\n<meta property=\"og:image\" content=\"https:\/\/www.sitsesp.org.br\/novo\/wp-content\/uploads\/2020\/10\/1507248451-1.jpg\" \/>\n\t<meta property=\"og:image:width\" content=\"960\" \/>\n\t<meta property=\"og:image:height\" content=\"720\" \/>\n\t<meta property=\"og:image:type\" content=\"image\/jpeg\" \/>\n<meta name=\"author\" content=\"mhais\" \/>\n<meta name=\"twitter:card\" content=\"summary_large_image\" \/>\n<meta name=\"twitter:label1\" content=\"Escrito por\" \/>\n\t<meta name=\"twitter:data1\" content=\"mhais\" \/>\n\t<meta name=\"twitter:label2\" content=\"Est. tempo de leitura\" \/>\n\t<meta name=\"twitter:data2\" content=\"5 minutos\" \/>\n<script type=\"application\/ld+json\" class=\"yoast-schema-graph\">{\"@context\":\"https:\/\/schema.org\",\"@graph\":[{\"@type\":\"Article\",\"@id\":\"https:\/\/www.sitsesp.org.br\/novo\/conasse-realiza-iii-mobilizacao-nacional-dos-profissionais-do-sse-e-vii-encontro-nacional-de-entidades\/#article\",\"isPartOf\":{\"@id\":\"https:\/\/www.sitsesp.org.br\/novo\/conasse-realiza-iii-mobilizacao-nacional-dos-profissionais-do-sse-e-vii-encontro-nacional-de-entidades\/\"},\"author\":{\"name\":\"mhais\",\"@id\":\"https:\/\/www.sitsesp.org.br\/novo\/#\/schema\/person\/2a4c180eb185645b3bef8657c75e305a\"},\"headline\":\"CONASSE REALIZA III MOBILIZA\u00c7\u00c3O NACIONAL DOS PROFISSIONAIS DO SSE E VII ENCONTRO NACIONAL DE ENTIDADES\",\"datePublished\":\"2017-10-06T00:07:31+00:00\",\"dateModified\":\"2017-10-06T00:07:31+00:00\",\"mainEntityOfPage\":{\"@id\":\"https:\/\/www.sitsesp.org.br\/novo\/conasse-realiza-iii-mobilizacao-nacional-dos-profissionais-do-sse-e-vii-encontro-nacional-de-entidades\/\"},\"wordCount\":943,\"commentCount\":0,\"publisher\":{\"@id\":\"https:\/\/www.sitsesp.org.br\/novo\/#organization\"},\"image\":{\"@id\":\"https:\/\/www.sitsesp.org.br\/novo\/conasse-realiza-iii-mobilizacao-nacional-dos-profissionais-do-sse-e-vii-encontro-nacional-de-entidades\/#primaryimage\"},\"thumbnailUrl\":\"https:\/\/www.sitsesp.org.br\/novo\/wp-content\/uploads\/2020\/10\/1507248451-1.jpg\",\"articleSection\":[\"Noticias\"],\"inLanguage\":\"pt-BR\",\"potentialAction\":[{\"@type\":\"CommentAction\",\"name\":\"Comment\",\"target\":[\"https:\/\/www.sitsesp.org.br\/novo\/conasse-realiza-iii-mobilizacao-nacional-dos-profissionais-do-sse-e-vii-encontro-nacional-de-entidades\/#respond\"]}]},{\"@type\":\"WebPage\",\"@id\":\"https:\/\/www.sitsesp.org.br\/novo\/conasse-realiza-iii-mobilizacao-nacional-dos-profissionais-do-sse-e-vii-encontro-nacional-de-entidades\/\",\"url\":\"https:\/\/www.sitsesp.org.br\/novo\/conasse-realiza-iii-mobilizacao-nacional-dos-profissionais-do-sse-e-vii-encontro-nacional-de-entidades\/\",\"name\":\"CONASSE REALIZA III MOBILIZA\u00c7\u00c3O NACIONAL DOS PROFISSIONAIS DO SSE E VII ENCONTRO NACIONAL DE ENTIDADES - SITSESP\",\"isPartOf\":{\"@id\":\"https:\/\/www.sitsesp.org.br\/novo\/#website\"},\"primaryImageOfPage\":{\"@id\":\"https:\/\/www.sitsesp.org.br\/novo\/conasse-realiza-iii-mobilizacao-nacional-dos-profissionais-do-sse-e-vii-encontro-nacional-de-entidades\/#primaryimage\"},\"image\":{\"@id\":\"https:\/\/www.sitsesp.org.br\/novo\/conasse-realiza-iii-mobilizacao-nacional-dos-profissionais-do-sse-e-vii-encontro-nacional-de-entidades\/#primaryimage\"},\"thumbnailUrl\":\"https:\/\/www.sitsesp.org.br\/novo\/wp-content\/uploads\/2020\/10\/1507248451-1.jpg\",\"datePublished\":\"2017-10-06T00:07:31+00:00\",\"dateModified\":\"2017-10-06T00:07:31+00:00\",\"breadcrumb\":{\"@id\":\"https:\/\/www.sitsesp.org.br\/novo\/conasse-realiza-iii-mobilizacao-nacional-dos-profissionais-do-sse-e-vii-encontro-nacional-de-entidades\/#breadcrumb\"},\"inLanguage\":\"pt-BR\",\"potentialAction\":[{\"@type\":\"ReadAction\",\"target\":[\"https:\/\/www.sitsesp.org.br\/novo\/conasse-realiza-iii-mobilizacao-nacional-dos-profissionais-do-sse-e-vii-encontro-nacional-de-entidades\/\"]}]},{\"@type\":\"ImageObject\",\"inLanguage\":\"pt-BR\",\"@id\":\"https:\/\/www.sitsesp.org.br\/novo\/conasse-realiza-iii-mobilizacao-nacional-dos-profissionais-do-sse-e-vii-encontro-nacional-de-entidades\/#primaryimage\",\"url\":\"https:\/\/www.sitsesp.org.br\/novo\/wp-content\/uploads\/2020\/10\/1507248451-1.jpg\",\"contentUrl\":\"https:\/\/www.sitsesp.org.br\/novo\/wp-content\/uploads\/2020\/10\/1507248451-1.jpg\",\"width\":960,\"height\":720},{\"@type\":\"BreadcrumbList\",\"@id\":\"https:\/\/www.sitsesp.org.br\/novo\/conasse-realiza-iii-mobilizacao-nacional-dos-profissionais-do-sse-e-vii-encontro-nacional-de-entidades\/#breadcrumb\",\"itemListElement\":[{\"@type\":\"ListItem\",\"position\":1,\"name\":\"In\u00edcio\",\"item\":\"https:\/\/www.sitsesp.org.br\/novo\/\"},{\"@type\":\"ListItem\",\"position\":2,\"name\":\"CONASSE REALIZA III MOBILIZA\u00c7\u00c3O NACIONAL DOS PROFISSIONAIS DO SSE E VII ENCONTRO NACIONAL DE ENTIDADES\"}]},{\"@type\":\"WebSite\",\"@id\":\"https:\/\/www.sitsesp.org.br\/novo\/#website\",\"url\":\"https:\/\/www.sitsesp.org.br\/novo\/\",\"name\":\"Sitsesp\",\"description\":\"SIndicato da Socioeduca\u00e7\u00e3o do Estado de S\u00e3o Paulo\",\"publisher\":{\"@id\":\"https:\/\/www.sitsesp.org.br\/novo\/#organization\"},\"potentialAction\":[{\"@type\":\"SearchAction\",\"target\":{\"@type\":\"EntryPoint\",\"urlTemplate\":\"https:\/\/www.sitsesp.org.br\/novo\/?s={search_term_string}\"},\"query-input\":\"required name=search_term_string\"}],\"inLanguage\":\"pt-BR\"},{\"@type\":\"Organization\",\"@id\":\"https:\/\/www.sitsesp.org.br\/novo\/#organization\",\"name\":\"Sitsesp\",\"url\":\"https:\/\/www.sitsesp.org.br\/novo\/\",\"logo\":{\"@type\":\"ImageObject\",\"inLanguage\":\"pt-BR\",\"@id\":\"https:\/\/www.sitsesp.org.br\/novo\/#\/schema\/logo\/image\/\",\"url\":\"https:\/\/www.sitsesp.org.br\/novo\/wp-content\/uploads\/2020\/09\/Design-sem-nome-1.jpg\",\"contentUrl\":\"https:\/\/www.sitsesp.org.br\/novo\/wp-content\/uploads\/2020\/09\/Design-sem-nome-1.jpg\",\"width\":300,\"height\":300,\"caption\":\"Sitsesp\"},\"image\":{\"@id\":\"https:\/\/www.sitsesp.org.br\/novo\/#\/schema\/logo\/image\/\"}},{\"@type\":\"Person\",\"@id\":\"https:\/\/www.sitsesp.org.br\/novo\/#\/schema\/person\/2a4c180eb185645b3bef8657c75e305a\",\"name\":\"mhais\",\"image\":{\"@type\":\"ImageObject\",\"inLanguage\":\"pt-BR\",\"@id\":\"https:\/\/www.sitsesp.org.br\/novo\/#\/schema\/person\/image\/\",\"url\":\"https:\/\/secure.gravatar.com\/avatar\/6f4eabe86990e81328cf702edfa92a60?s=96&d=mm&r=g\",\"contentUrl\":\"https:\/\/secure.gravatar.com\/avatar\/6f4eabe86990e81328cf702edfa92a60?s=96&d=mm&r=g\",\"caption\":\"mhais\"},\"sameAs\":[\"http:\/\/localhost\/sitsesp\"]}]}<\/script>\n<!-- \/ Yoast SEO plugin. -->","yoast_head_json":{"title":"CONASSE REALIZA III MOBILIZA\u00c7\u00c3O NACIONAL DOS PROFISSIONAIS DO SSE E VII ENCONTRO NACIONAL DE ENTIDADES - SITSESP","robots":{"index":"index","follow":"follow","max-snippet":"max-snippet:-1","max-image-preview":"max-image-preview:large","max-video-preview":"max-video-preview:-1"},"canonical":"https:\/\/www.sitsesp.org.br\/novo\/conasse-realiza-iii-mobilizacao-nacional-dos-profissionais-do-sse-e-vii-encontro-nacional-de-entidades\/","og_locale":"pt_BR","og_type":"article","og_title":"CONASSE REALIZA III MOBILIZA\u00c7\u00c3O NACIONAL DOS PROFISSIONAIS DO SSE E VII ENCONTRO NACIONAL DE ENTIDADES - SITSESP","og_description":"No dia 03\/10, ter&ccedil;a-feira, o Conselho Nacional de Entidades Representativa dos Profissionais do Sistema Socioeducativo &#8211; CONASSE realizou a III Mobiliza&ccedil;&atilde;o&hellip;","og_url":"https:\/\/www.sitsesp.org.br\/novo\/conasse-realiza-iii-mobilizacao-nacional-dos-profissionais-do-sse-e-vii-encontro-nacional-de-entidades\/","og_site_name":"SITSESP","article_published_time":"2017-10-06T00:07:31+00:00","og_image":[{"width":960,"height":720,"url":"https:\/\/www.sitsesp.org.br\/novo\/wp-content\/uploads\/2020\/10\/1507248451-1.jpg","type":"image\/jpeg"}],"author":"mhais","twitter_card":"summary_large_image","twitter_misc":{"Escrito por":"mhais","Est. tempo de leitura":"5 minutos"},"schema":{"@context":"https:\/\/schema.org","@graph":[{"@type":"Article","@id":"https:\/\/www.sitsesp.org.br\/novo\/conasse-realiza-iii-mobilizacao-nacional-dos-profissionais-do-sse-e-vii-encontro-nacional-de-entidades\/#article","isPartOf":{"@id":"https:\/\/www.sitsesp.org.br\/novo\/conasse-realiza-iii-mobilizacao-nacional-dos-profissionais-do-sse-e-vii-encontro-nacional-de-entidades\/"},"author":{"name":"mhais","@id":"https:\/\/www.sitsesp.org.br\/novo\/#\/schema\/person\/2a4c180eb185645b3bef8657c75e305a"},"headline":"CONASSE REALIZA III MOBILIZA\u00c7\u00c3O NACIONAL DOS PROFISSIONAIS DO SSE E VII ENCONTRO NACIONAL DE ENTIDADES","datePublished":"2017-10-06T00:07:31+00:00","dateModified":"2017-10-06T00:07:31+00:00","mainEntityOfPage":{"@id":"https:\/\/www.sitsesp.org.br\/novo\/conasse-realiza-iii-mobilizacao-nacional-dos-profissionais-do-sse-e-vii-encontro-nacional-de-entidades\/"},"wordCount":943,"commentCount":0,"publisher":{"@id":"https:\/\/www.sitsesp.org.br\/novo\/#organization"},"image":{"@id":"https:\/\/www.sitsesp.org.br\/novo\/conasse-realiza-iii-mobilizacao-nacional-dos-profissionais-do-sse-e-vii-encontro-nacional-de-entidades\/#primaryimage"},"thumbnailUrl":"https:\/\/www.sitsesp.org.br\/novo\/wp-content\/uploads\/2020\/10\/1507248451-1.jpg","articleSection":["Noticias"],"inLanguage":"pt-BR","potentialAction":[{"@type":"CommentAction","name":"Comment","target":["https:\/\/www.sitsesp.org.br\/novo\/conasse-realiza-iii-mobilizacao-nacional-dos-profissionais-do-sse-e-vii-encontro-nacional-de-entidades\/#respond"]}]},{"@type":"WebPage","@id":"https:\/\/www.sitsesp.org.br\/novo\/conasse-realiza-iii-mobilizacao-nacional-dos-profissionais-do-sse-e-vii-encontro-nacional-de-entidades\/","url":"https:\/\/www.sitsesp.org.br\/novo\/conasse-realiza-iii-mobilizacao-nacional-dos-profissionais-do-sse-e-vii-encontro-nacional-de-entidades\/","name":"CONASSE REALIZA III MOBILIZA\u00c7\u00c3O NACIONAL DOS PROFISSIONAIS DO SSE E VII ENCONTRO NACIONAL DE ENTIDADES - SITSESP","isPartOf":{"@id":"https:\/\/www.sitsesp.org.br\/novo\/#website"},"primaryImageOfPage":{"@id":"https:\/\/www.sitsesp.org.br\/novo\/conasse-realiza-iii-mobilizacao-nacional-dos-profissionais-do-sse-e-vii-encontro-nacional-de-entidades\/#primaryimage"},"image":{"@id":"https:\/\/www.sitsesp.org.br\/novo\/conasse-realiza-iii-mobilizacao-nacional-dos-profissionais-do-sse-e-vii-encontro-nacional-de-entidades\/#primaryimage"},"thumbnailUrl":"https:\/\/www.sitsesp.org.br\/novo\/wp-content\/uploads\/2020\/10\/1507248451-1.jpg","datePublished":"2017-10-06T00:07:31+00:00","dateModified":"2017-10-06T00:07:31+00:00","breadcrumb":{"@id":"https:\/\/www.sitsesp.org.br\/novo\/conasse-realiza-iii-mobilizacao-nacional-dos-profissionais-do-sse-e-vii-encontro-nacional-de-entidades\/#breadcrumb"},"inLanguage":"pt-BR","potentialAction":[{"@type":"ReadAction","target":["https:\/\/www.sitsesp.org.br\/novo\/conasse-realiza-iii-mobilizacao-nacional-dos-profissionais-do-sse-e-vii-encontro-nacional-de-entidades\/"]}]},{"@type":"ImageObject","inLanguage":"pt-BR","@id":"https:\/\/www.sitsesp.org.br\/novo\/conasse-realiza-iii-mobilizacao-nacional-dos-profissionais-do-sse-e-vii-encontro-nacional-de-entidades\/#primaryimage","url":"https:\/\/www.sitsesp.org.br\/novo\/wp-content\/uploads\/2020\/10\/1507248451-1.jpg","contentUrl":"https:\/\/www.sitsesp.org.br\/novo\/wp-content\/uploads\/2020\/10\/1507248451-1.jpg","width":960,"height":720},{"@type":"BreadcrumbList","@id":"https:\/\/www.sitsesp.org.br\/novo\/conasse-realiza-iii-mobilizacao-nacional-dos-profissionais-do-sse-e-vii-encontro-nacional-de-entidades\/#breadcrumb","itemListElement":[{"@type":"ListItem","position":1,"name":"In\u00edcio","item":"https:\/\/www.sitsesp.org.br\/novo\/"},{"@type":"ListItem","position":2,"name":"CONASSE REALIZA III MOBILIZA\u00c7\u00c3O NACIONAL DOS PROFISSIONAIS DO SSE E VII ENCONTRO NACIONAL DE ENTIDADES"}]},{"@type":"WebSite","@id":"https:\/\/www.sitsesp.org.br\/novo\/#website","url":"https:\/\/www.sitsesp.org.br\/novo\/","name":"Sitsesp","description":"SIndicato da Socioeduca\u00e7\u00e3o do Estado de S\u00e3o Paulo","publisher":{"@id":"https:\/\/www.sitsesp.org.br\/novo\/#organization"},"potentialAction":[{"@type":"SearchAction","target":{"@type":"EntryPoint","urlTemplate":"https:\/\/www.sitsesp.org.br\/novo\/?s={search_term_string}"},"query-input":"required name=search_term_string"}],"inLanguage":"pt-BR"},{"@type":"Organization","@id":"https:\/\/www.sitsesp.org.br\/novo\/#organization","name":"Sitsesp","url":"https:\/\/www.sitsesp.org.br\/novo\/","logo":{"@type":"ImageObject","inLanguage":"pt-BR","@id":"https:\/\/www.sitsesp.org.br\/novo\/#\/schema\/logo\/image\/","url":"https:\/\/www.sitsesp.org.br\/novo\/wp-content\/uploads\/2020\/09\/Design-sem-nome-1.jpg","contentUrl":"https:\/\/www.sitsesp.org.br\/novo\/wp-content\/uploads\/2020\/09\/Design-sem-nome-1.jpg","width":300,"height":300,"caption":"Sitsesp"},"image":{"@id":"https:\/\/www.sitsesp.org.br\/novo\/#\/schema\/logo\/image\/"}},{"@type":"Person","@id":"https:\/\/www.sitsesp.org.br\/novo\/#\/schema\/person\/2a4c180eb185645b3bef8657c75e305a","name":"mhais","image":{"@type":"ImageObject","inLanguage":"pt-BR","@id":"https:\/\/www.sitsesp.org.br\/novo\/#\/schema\/person\/image\/","url":"https:\/\/secure.gravatar.com\/avatar\/6f4eabe86990e81328cf702edfa92a60?s=96&d=mm&r=g","contentUrl":"https:\/\/secure.gravatar.com\/avatar\/6f4eabe86990e81328cf702edfa92a60?s=96&d=mm&r=g","caption":"mhais"},"sameAs":["http:\/\/localhost\/sitsesp"]}]}},"_links":{"self":[{"href":"https:\/\/www.sitsesp.org.br\/novo\/wp-json\/wp\/v2\/posts\/2149"}],"collection":[{"href":"https:\/\/www.sitsesp.org.br\/novo\/wp-json\/wp\/v2\/posts"}],"about":[{"href":"https:\/\/www.sitsesp.org.br\/novo\/wp-json\/wp\/v2\/types\/post"}],"author":[{"embeddable":true,"href":"https:\/\/www.sitsesp.org.br\/novo\/wp-json\/wp\/v2\/users\/1"}],"replies":[{"embeddable":true,"href":"https:\/\/www.sitsesp.org.br\/novo\/wp-json\/wp\/v2\/comments?post=2149"}],"version-history":[{"count":0,"href":"https:\/\/www.sitsesp.org.br\/novo\/wp-json\/wp\/v2\/posts\/2149\/revisions"}],"wp:featuredmedia":[{"embeddable":true,"href":"https:\/\/www.sitsesp.org.br\/novo\/wp-json\/wp\/v2\/media\/2150"}],"wp:attachment":[{"href":"https:\/\/www.sitsesp.org.br\/novo\/wp-json\/wp\/v2\/media?parent=2149"}],"wp:term":[{"taxonomy":"category","embeddable":true,"href":"https:\/\/www.sitsesp.org.br\/novo\/wp-json\/wp\/v2\/categories?post=2149"},{"taxonomy":"post_tag","embeddable":true,"href":"https:\/\/www.sitsesp.org.br\/novo\/wp-json\/wp\/v2\/tags?post=2149"}],"curies":[{"name":"wp","href":"https:\/\/api.w.org\/{rel}","templated":true}]}}