{"id":2153,"date":"2017-10-18T20:58:52","date_gmt":"2017-10-18T22:58:52","guid":{"rendered":"https:\/\/pecorari-cloud72.pecoraricloud.com.br\/~sitsesporg\/sindicato-obtem-direito-a-contagem-de-tempo-especial-para-empregada-da-fundacao-casa-submetida-a-virus-fungos-e-bacterias\/"},"modified":"2017-10-18T20:58:52","modified_gmt":"2017-10-18T22:58:52","slug":"sindicato-obtem-direito-a-contagem-de-tempo-especial-para-empregada-da-fundacao-casa-submetida-a-virus-fungos-e-bacterias","status":"publish","type":"post","link":"https:\/\/www.sitsesp.org.br\/novo\/sindicato-obtem-direito-a-contagem-de-tempo-especial-para-empregada-da-fundacao-casa-submetida-a-virus-fungos-e-bacterias\/","title":{"rendered":"SINDICATO OBT\u00c9M DIREITO \u00c0 CONTAGEM DE TEMPO ESPECIAL PARA EMPREGADA DA FUNDA\u00c7\u00c3O CASA SUBMETIDA A V\u00cdRUS, FUNGOS E BACT\u00c9RIAS"},"content":{"rendered":"<p><!-- VideographyWP Plugin Message: Automatic video embedding prevented by plugin options. --><\/p>\n<p>Empregada da Funda&ccedil;&atilde;o Casa que trabalhou na fun&ccedil;&atilde;o de &ldquo;agente de apoio operacional&rdquo; e que mantinha contato com os menores internos obteve o enquadramento como especial do tempo de trabalho submetido a agentes de contamina&ccedil;&atilde;o biol&oacute;gica.<\/p>\n<p>Mesmo tendo sido fornecidas luvas e m&aacute;scaras, o Tribunal entendeu que isso n&atilde;o neutralizava os agentes biol&oacute;gicos (fungos, v&iacute;rus e bact&eacute;rias) que s&atilde;o comuns no ambiente laboral da Funda&ccedil;&atilde;o.<\/p>\n<p>A aposentadoria especial n&atilde;o tem fator previdenci&aacute;rio (um redutor do valor dos benef&iacute;cios). &Eacute; devida &agrave; mulher aos 20 anos de contribui&ccedil;&atilde;o e ao homem aos 25. O tempo enquadrado como especial pode ser convertido em tempo comum acrescido. Por exemplo, um homem que tem 10 anos de trabalho em condi&ccedil;&otilde;es especiais poder&aacute; somar mais 4 anos ao tempo de contribui&ccedil;&atilde;o comum e, com isso, aposentar-se mais cedo, reduzir os impactos do fator previdenci&aacute;rio ou mesmo exclu&iacute;-lo se somar 95 pontos entre idade e tempo de contribui&ccedil;&atilde;o total.<\/p>\n<p>Os empregados da Funda&ccedil;&atilde;o poder&atilde;o consultar o advogado do sindicato diretamente, para saberem se &eacute; poss&iacute;vel ingressar com a mesma a&ccedil;&atilde;o, mesmo que ainda n&atilde;o tenham tempo de contribui&ccedil;&atilde;o. Isto porque, com a caracteriza&ccedil;&atilde;o do per&iacute;odo especial, &eacute; poss&iacute;vel se aposentar mais cedo.<\/p>\n<p>Qualquer d&uacute;vida, os trabalhadores poder&atilde;o marcar com o Dr. Thiago Barison, pelo telefone (11) 3107-6639. O Departamento Jur&iacute;dico do Sindicato est&aacute; &agrave; disposi&ccedil;&atilde;o para atender todos os servidores da Funda&ccedil;&atilde;o Casa.<\/p>\n<p>&nbsp;<strong>D&uacute;vidas<\/strong><\/p>\n<p><strong>&nbsp;<\/strong><\/p>\n<ol>\n<li><strong> Entrei com a&ccedil;&atilde;o trabalhista de insalubridade, o laudo foi favor&aacute;vel, mas perdi a a&ccedil;&atilde;o. Posso utilizar esse laudo para pleitear a aposentadoria especial ou a contagem acrescida do tempo?<\/strong><\/li>\n<\/ol>\n<p>Sim. Mesmo tendo perdido o direito ao adicional de insalubridade, que depende da legisla&ccedil;&atilde;o trabalhista, se o Laudo Pericial tiver sido favor&aacute;vel para a insalubridade (ru&iacute;do ou agentes de contamina&ccedil;&atilde;o biol&oacute;gica), &eacute; poss&iacute;vel pleitear a averba&ccedil;&atilde;o desse tempo como especial.<\/p>\n<p>&nbsp;<\/p>\n<ol start=\"2\">\n<li><strong> O mesmo vale para a periculosidade do agente de seguran&ccedil;a pessoal ou patrimonial?<\/strong><\/li>\n<\/ol>\n<p>At&eacute; 28\/4\/1995 a legisla&ccedil;&atilde;o considerava especial a profiss&atilde;o de &ldquo;guarda&rdquo;, dentro do qual se enquadram vigias e vigilantes.<\/p>\n<p>Depois disso, h&aacute; pol&ecirc;mica nos tribunais sobre a necessidade de porte de arma de fogo para a caracteriza&ccedil;&atilde;o da periculosidade para fins de aposentadoria especial.<\/p>\n<p>Para os empregados da FCASA que foram v&iacute;timas de rebeli&otilde;es, as chances aumentam com a prova de tais fatos, mediante Boletins de Ocorr&ecirc;ncia, Comunica&ccedil;&otilde;es de Acidente de Trabalho (CAT) e testemunhas.<\/p>\n","protected":false},"excerpt":{"rendered":"<p>Empregada da Funda&ccedil;&atilde;o Casa que trabalhou na fun&ccedil;&atilde;o de &ldquo;agente de apoio operacional&rdquo; e que mantinha contato com os menores internos&hellip;<\/p>\n","protected":false},"author":1,"featured_media":2154,"comment_status":"open","ping_status":"open","sticky":false,"template":"","format":"standard","meta":{"cybocfi_hide_featured_image":"","footnotes":""},"categories":[22],"tags":[],"yoast_head":"<!-- This site is optimized with the Yoast SEO plugin v22.8 - https:\/\/yoast.com\/wordpress\/plugins\/seo\/ -->\n<title>SINDICATO OBT\u00c9M DIREITO \u00c0 CONTAGEM DE TEMPO ESPECIAL PARA EMPREGADA DA FUNDA\u00c7\u00c3O CASA SUBMETIDA A V\u00cdRUS, FUNGOS E BACT\u00c9RIAS - SITSESP<\/title>\n<meta name=\"robots\" content=\"index, follow, max-snippet:-1, max-image-preview:large, max-video-preview:-1\" \/>\n<link rel=\"canonical\" href=\"https:\/\/www.sitsesp.org.br\/novo\/sindicato-obtem-direito-a-contagem-de-tempo-especial-para-empregada-da-fundacao-casa-submetida-a-virus-fungos-e-bacterias\/\" \/>\n<meta property=\"og:locale\" content=\"pt_BR\" \/>\n<meta property=\"og:type\" content=\"article\" \/>\n<meta property=\"og:title\" content=\"SINDICATO OBT\u00c9M DIREITO \u00c0 CONTAGEM DE TEMPO ESPECIAL PARA EMPREGADA DA FUNDA\u00c7\u00c3O CASA SUBMETIDA A V\u00cdRUS, FUNGOS E BACT\u00c9RIAS - SITSESP\" \/>\n<meta property=\"og:description\" content=\"Empregada da Funda&ccedil;&atilde;o Casa que trabalhou na fun&ccedil;&atilde;o de &ldquo;agente de apoio operacional&rdquo; e que mantinha contato com os menores internos&hellip;\" \/>\n<meta property=\"og:url\" content=\"https:\/\/www.sitsesp.org.br\/novo\/sindicato-obtem-direito-a-contagem-de-tempo-especial-para-empregada-da-fundacao-casa-submetida-a-virus-fungos-e-bacterias\/\" \/>\n<meta property=\"og:site_name\" content=\"SITSESP\" \/>\n<meta property=\"article:published_time\" content=\"2017-10-18T22:58:52+00:00\" \/>\n<meta property=\"og:image\" content=\"https:\/\/www.sitsesp.org.br\/novo\/wp-content\/uploads\/2020\/10\/1508367532-1.jpg\" \/>\n\t<meta property=\"og:image:width\" content=\"400\" \/>\n\t<meta property=\"og:image:height\" content=\"400\" \/>\n\t<meta property=\"og:image:type\" content=\"image\/jpeg\" \/>\n<meta name=\"author\" content=\"mhais\" \/>\n<meta name=\"twitter:card\" content=\"summary_large_image\" \/>\n<meta name=\"twitter:label1\" content=\"Escrito por\" \/>\n\t<meta name=\"twitter:data1\" content=\"mhais\" \/>\n\t<meta name=\"twitter:label2\" content=\"Est. tempo de leitura\" \/>\n\t<meta name=\"twitter:data2\" content=\"3 minutos\" \/>\n<script type=\"application\/ld+json\" class=\"yoast-schema-graph\">{\"@context\":\"https:\/\/schema.org\",\"@graph\":[{\"@type\":\"Article\",\"@id\":\"https:\/\/www.sitsesp.org.br\/novo\/sindicato-obtem-direito-a-contagem-de-tempo-especial-para-empregada-da-fundacao-casa-submetida-a-virus-fungos-e-bacterias\/#article\",\"isPartOf\":{\"@id\":\"https:\/\/www.sitsesp.org.br\/novo\/sindicato-obtem-direito-a-contagem-de-tempo-especial-para-empregada-da-fundacao-casa-submetida-a-virus-fungos-e-bacterias\/\"},\"author\":{\"name\":\"mhais\",\"@id\":\"https:\/\/www.sitsesp.org.br\/novo\/#\/schema\/person\/2a4c180eb185645b3bef8657c75e305a\"},\"headline\":\"SINDICATO OBT\u00c9M DIREITO \u00c0 CONTAGEM DE TEMPO ESPECIAL PARA EMPREGADA DA FUNDA\u00c7\u00c3O CASA SUBMETIDA A V\u00cdRUS, FUNGOS E BACT\u00c9RIAS\",\"datePublished\":\"2017-10-18T22:58:52+00:00\",\"dateModified\":\"2017-10-18T22:58:52+00:00\",\"mainEntityOfPage\":{\"@id\":\"https:\/\/www.sitsesp.org.br\/novo\/sindicato-obtem-direito-a-contagem-de-tempo-especial-para-empregada-da-fundacao-casa-submetida-a-virus-fungos-e-bacterias\/\"},\"wordCount\":540,\"commentCount\":0,\"publisher\":{\"@id\":\"https:\/\/www.sitsesp.org.br\/novo\/#organization\"},\"image\":{\"@id\":\"https:\/\/www.sitsesp.org.br\/novo\/sindicato-obtem-direito-a-contagem-de-tempo-especial-para-empregada-da-fundacao-casa-submetida-a-virus-fungos-e-bacterias\/#primaryimage\"},\"thumbnailUrl\":\"https:\/\/www.sitsesp.org.br\/novo\/wp-content\/uploads\/2020\/10\/1508367532-1.jpg\",\"articleSection\":[\"Noticias\"],\"inLanguage\":\"pt-BR\",\"potentialAction\":[{\"@type\":\"CommentAction\",\"name\":\"Comment\",\"target\":[\"https:\/\/www.sitsesp.org.br\/novo\/sindicato-obtem-direito-a-contagem-de-tempo-especial-para-empregada-da-fundacao-casa-submetida-a-virus-fungos-e-bacterias\/#respond\"]}]},{\"@type\":\"WebPage\",\"@id\":\"https:\/\/www.sitsesp.org.br\/novo\/sindicato-obtem-direito-a-contagem-de-tempo-especial-para-empregada-da-fundacao-casa-submetida-a-virus-fungos-e-bacterias\/\",\"url\":\"https:\/\/www.sitsesp.org.br\/novo\/sindicato-obtem-direito-a-contagem-de-tempo-especial-para-empregada-da-fundacao-casa-submetida-a-virus-fungos-e-bacterias\/\",\"name\":\"SINDICATO OBT\u00c9M DIREITO \u00c0 CONTAGEM DE TEMPO ESPECIAL PARA EMPREGADA DA FUNDA\u00c7\u00c3O CASA SUBMETIDA A V\u00cdRUS, FUNGOS E BACT\u00c9RIAS - SITSESP\",\"isPartOf\":{\"@id\":\"https:\/\/www.sitsesp.org.br\/novo\/#website\"},\"primaryImageOfPage\":{\"@id\":\"https:\/\/www.sitsesp.org.br\/novo\/sindicato-obtem-direito-a-contagem-de-tempo-especial-para-empregada-da-fundacao-casa-submetida-a-virus-fungos-e-bacterias\/#primaryimage\"},\"image\":{\"@id\":\"https:\/\/www.sitsesp.org.br\/novo\/sindicato-obtem-direito-a-contagem-de-tempo-especial-para-empregada-da-fundacao-casa-submetida-a-virus-fungos-e-bacterias\/#primaryimage\"},\"thumbnailUrl\":\"https:\/\/www.sitsesp.org.br\/novo\/wp-content\/uploads\/2020\/10\/1508367532-1.jpg\",\"datePublished\":\"2017-10-18T22:58:52+00:00\",\"dateModified\":\"2017-10-18T22:58:52+00:00\",\"breadcrumb\":{\"@id\":\"https:\/\/www.sitsesp.org.br\/novo\/sindicato-obtem-direito-a-contagem-de-tempo-especial-para-empregada-da-fundacao-casa-submetida-a-virus-fungos-e-bacterias\/#breadcrumb\"},\"inLanguage\":\"pt-BR\",\"potentialAction\":[{\"@type\":\"ReadAction\",\"target\":[\"https:\/\/www.sitsesp.org.br\/novo\/sindicato-obtem-direito-a-contagem-de-tempo-especial-para-empregada-da-fundacao-casa-submetida-a-virus-fungos-e-bacterias\/\"]}]},{\"@type\":\"ImageObject\",\"inLanguage\":\"pt-BR\",\"@id\":\"https:\/\/www.sitsesp.org.br\/novo\/sindicato-obtem-direito-a-contagem-de-tempo-especial-para-empregada-da-fundacao-casa-submetida-a-virus-fungos-e-bacterias\/#primaryimage\",\"url\":\"https:\/\/www.sitsesp.org.br\/novo\/wp-content\/uploads\/2020\/10\/1508367532-1.jpg\",\"contentUrl\":\"https:\/\/www.sitsesp.org.br\/novo\/wp-content\/uploads\/2020\/10\/1508367532-1.jpg\",\"width\":400,\"height\":400},{\"@type\":\"BreadcrumbList\",\"@id\":\"https:\/\/www.sitsesp.org.br\/novo\/sindicato-obtem-direito-a-contagem-de-tempo-especial-para-empregada-da-fundacao-casa-submetida-a-virus-fungos-e-bacterias\/#breadcrumb\",\"itemListElement\":[{\"@type\":\"ListItem\",\"position\":1,\"name\":\"In\u00edcio\",\"item\":\"https:\/\/www.sitsesp.org.br\/novo\/\"},{\"@type\":\"ListItem\",\"position\":2,\"name\":\"SINDICATO OBT\u00c9M DIREITO \u00c0 CONTAGEM DE TEMPO ESPECIAL PARA EMPREGADA DA FUNDA\u00c7\u00c3O CASA SUBMETIDA A V\u00cdRUS, FUNGOS E BACT\u00c9RIAS\"}]},{\"@type\":\"WebSite\",\"@id\":\"https:\/\/www.sitsesp.org.br\/novo\/#website\",\"url\":\"https:\/\/www.sitsesp.org.br\/novo\/\",\"name\":\"Sitsesp\",\"description\":\"SIndicato da Socioeduca\u00e7\u00e3o do Estado de S\u00e3o Paulo\",\"publisher\":{\"@id\":\"https:\/\/www.sitsesp.org.br\/novo\/#organization\"},\"potentialAction\":[{\"@type\":\"SearchAction\",\"target\":{\"@type\":\"EntryPoint\",\"urlTemplate\":\"https:\/\/www.sitsesp.org.br\/novo\/?s={search_term_string}\"},\"query-input\":\"required name=search_term_string\"}],\"inLanguage\":\"pt-BR\"},{\"@type\":\"Organization\",\"@id\":\"https:\/\/www.sitsesp.org.br\/novo\/#organization\",\"name\":\"Sitsesp\",\"url\":\"https:\/\/www.sitsesp.org.br\/novo\/\",\"logo\":{\"@type\":\"ImageObject\",\"inLanguage\":\"pt-BR\",\"@id\":\"https:\/\/www.sitsesp.org.br\/novo\/#\/schema\/logo\/image\/\",\"url\":\"https:\/\/www.sitsesp.org.br\/novo\/wp-content\/uploads\/2020\/09\/Design-sem-nome-1.jpg\",\"contentUrl\":\"https:\/\/www.sitsesp.org.br\/novo\/wp-content\/uploads\/2020\/09\/Design-sem-nome-1.jpg\",\"width\":300,\"height\":300,\"caption\":\"Sitsesp\"},\"image\":{\"@id\":\"https:\/\/www.sitsesp.org.br\/novo\/#\/schema\/logo\/image\/\"}},{\"@type\":\"Person\",\"@id\":\"https:\/\/www.sitsesp.org.br\/novo\/#\/schema\/person\/2a4c180eb185645b3bef8657c75e305a\",\"name\":\"mhais\",\"image\":{\"@type\":\"ImageObject\",\"inLanguage\":\"pt-BR\",\"@id\":\"https:\/\/www.sitsesp.org.br\/novo\/#\/schema\/person\/image\/\",\"url\":\"https:\/\/secure.gravatar.com\/avatar\/6f4eabe86990e81328cf702edfa92a60?s=96&d=mm&r=g\",\"contentUrl\":\"https:\/\/secure.gravatar.com\/avatar\/6f4eabe86990e81328cf702edfa92a60?s=96&d=mm&r=g\",\"caption\":\"mhais\"},\"sameAs\":[\"http:\/\/localhost\/sitsesp\"]}]}<\/script>\n<!-- \/ Yoast SEO plugin. -->","yoast_head_json":{"title":"SINDICATO OBT\u00c9M DIREITO \u00c0 CONTAGEM DE TEMPO ESPECIAL PARA EMPREGADA DA FUNDA\u00c7\u00c3O CASA SUBMETIDA A V\u00cdRUS, FUNGOS E BACT\u00c9RIAS - SITSESP","robots":{"index":"index","follow":"follow","max-snippet":"max-snippet:-1","max-image-preview":"max-image-preview:large","max-video-preview":"max-video-preview:-1"},"canonical":"https:\/\/www.sitsesp.org.br\/novo\/sindicato-obtem-direito-a-contagem-de-tempo-especial-para-empregada-da-fundacao-casa-submetida-a-virus-fungos-e-bacterias\/","og_locale":"pt_BR","og_type":"article","og_title":"SINDICATO OBT\u00c9M DIREITO \u00c0 CONTAGEM DE TEMPO ESPECIAL PARA EMPREGADA DA FUNDA\u00c7\u00c3O CASA SUBMETIDA A V\u00cdRUS, FUNGOS E BACT\u00c9RIAS - SITSESP","og_description":"Empregada da Funda&ccedil;&atilde;o Casa que trabalhou na fun&ccedil;&atilde;o de &ldquo;agente de apoio operacional&rdquo; e que mantinha contato com os menores internos&hellip;","og_url":"https:\/\/www.sitsesp.org.br\/novo\/sindicato-obtem-direito-a-contagem-de-tempo-especial-para-empregada-da-fundacao-casa-submetida-a-virus-fungos-e-bacterias\/","og_site_name":"SITSESP","article_published_time":"2017-10-18T22:58:52+00:00","og_image":[{"width":400,"height":400,"url":"https:\/\/www.sitsesp.org.br\/novo\/wp-content\/uploads\/2020\/10\/1508367532-1.jpg","type":"image\/jpeg"}],"author":"mhais","twitter_card":"summary_large_image","twitter_misc":{"Escrito por":"mhais","Est. tempo de leitura":"3 minutos"},"schema":{"@context":"https:\/\/schema.org","@graph":[{"@type":"Article","@id":"https:\/\/www.sitsesp.org.br\/novo\/sindicato-obtem-direito-a-contagem-de-tempo-especial-para-empregada-da-fundacao-casa-submetida-a-virus-fungos-e-bacterias\/#article","isPartOf":{"@id":"https:\/\/www.sitsesp.org.br\/novo\/sindicato-obtem-direito-a-contagem-de-tempo-especial-para-empregada-da-fundacao-casa-submetida-a-virus-fungos-e-bacterias\/"},"author":{"name":"mhais","@id":"https:\/\/www.sitsesp.org.br\/novo\/#\/schema\/person\/2a4c180eb185645b3bef8657c75e305a"},"headline":"SINDICATO OBT\u00c9M DIREITO \u00c0 CONTAGEM DE TEMPO ESPECIAL PARA EMPREGADA DA FUNDA\u00c7\u00c3O CASA SUBMETIDA A V\u00cdRUS, FUNGOS E BACT\u00c9RIAS","datePublished":"2017-10-18T22:58:52+00:00","dateModified":"2017-10-18T22:58:52+00:00","mainEntityOfPage":{"@id":"https:\/\/www.sitsesp.org.br\/novo\/sindicato-obtem-direito-a-contagem-de-tempo-especial-para-empregada-da-fundacao-casa-submetida-a-virus-fungos-e-bacterias\/"},"wordCount":540,"commentCount":0,"publisher":{"@id":"https:\/\/www.sitsesp.org.br\/novo\/#organization"},"image":{"@id":"https:\/\/www.sitsesp.org.br\/novo\/sindicato-obtem-direito-a-contagem-de-tempo-especial-para-empregada-da-fundacao-casa-submetida-a-virus-fungos-e-bacterias\/#primaryimage"},"thumbnailUrl":"https:\/\/www.sitsesp.org.br\/novo\/wp-content\/uploads\/2020\/10\/1508367532-1.jpg","articleSection":["Noticias"],"inLanguage":"pt-BR","potentialAction":[{"@type":"CommentAction","name":"Comment","target":["https:\/\/www.sitsesp.org.br\/novo\/sindicato-obtem-direito-a-contagem-de-tempo-especial-para-empregada-da-fundacao-casa-submetida-a-virus-fungos-e-bacterias\/#respond"]}]},{"@type":"WebPage","@id":"https:\/\/www.sitsesp.org.br\/novo\/sindicato-obtem-direito-a-contagem-de-tempo-especial-para-empregada-da-fundacao-casa-submetida-a-virus-fungos-e-bacterias\/","url":"https:\/\/www.sitsesp.org.br\/novo\/sindicato-obtem-direito-a-contagem-de-tempo-especial-para-empregada-da-fundacao-casa-submetida-a-virus-fungos-e-bacterias\/","name":"SINDICATO OBT\u00c9M DIREITO \u00c0 CONTAGEM DE TEMPO ESPECIAL PARA EMPREGADA DA FUNDA\u00c7\u00c3O CASA SUBMETIDA A V\u00cdRUS, FUNGOS E BACT\u00c9RIAS - SITSESP","isPartOf":{"@id":"https:\/\/www.sitsesp.org.br\/novo\/#website"},"primaryImageOfPage":{"@id":"https:\/\/www.sitsesp.org.br\/novo\/sindicato-obtem-direito-a-contagem-de-tempo-especial-para-empregada-da-fundacao-casa-submetida-a-virus-fungos-e-bacterias\/#primaryimage"},"image":{"@id":"https:\/\/www.sitsesp.org.br\/novo\/sindicato-obtem-direito-a-contagem-de-tempo-especial-para-empregada-da-fundacao-casa-submetida-a-virus-fungos-e-bacterias\/#primaryimage"},"thumbnailUrl":"https:\/\/www.sitsesp.org.br\/novo\/wp-content\/uploads\/2020\/10\/1508367532-1.jpg","datePublished":"2017-10-18T22:58:52+00:00","dateModified":"2017-10-18T22:58:52+00:00","breadcrumb":{"@id":"https:\/\/www.sitsesp.org.br\/novo\/sindicato-obtem-direito-a-contagem-de-tempo-especial-para-empregada-da-fundacao-casa-submetida-a-virus-fungos-e-bacterias\/#breadcrumb"},"inLanguage":"pt-BR","potentialAction":[{"@type":"ReadAction","target":["https:\/\/www.sitsesp.org.br\/novo\/sindicato-obtem-direito-a-contagem-de-tempo-especial-para-empregada-da-fundacao-casa-submetida-a-virus-fungos-e-bacterias\/"]}]},{"@type":"ImageObject","inLanguage":"pt-BR","@id":"https:\/\/www.sitsesp.org.br\/novo\/sindicato-obtem-direito-a-contagem-de-tempo-especial-para-empregada-da-fundacao-casa-submetida-a-virus-fungos-e-bacterias\/#primaryimage","url":"https:\/\/www.sitsesp.org.br\/novo\/wp-content\/uploads\/2020\/10\/1508367532-1.jpg","contentUrl":"https:\/\/www.sitsesp.org.br\/novo\/wp-content\/uploads\/2020\/10\/1508367532-1.jpg","width":400,"height":400},{"@type":"BreadcrumbList","@id":"https:\/\/www.sitsesp.org.br\/novo\/sindicato-obtem-direito-a-contagem-de-tempo-especial-para-empregada-da-fundacao-casa-submetida-a-virus-fungos-e-bacterias\/#breadcrumb","itemListElement":[{"@type":"ListItem","position":1,"name":"In\u00edcio","item":"https:\/\/www.sitsesp.org.br\/novo\/"},{"@type":"ListItem","position":2,"name":"SINDICATO OBT\u00c9M DIREITO \u00c0 CONTAGEM DE TEMPO ESPECIAL PARA EMPREGADA DA FUNDA\u00c7\u00c3O CASA SUBMETIDA A V\u00cdRUS, FUNGOS E BACT\u00c9RIAS"}]},{"@type":"WebSite","@id":"https:\/\/www.sitsesp.org.br\/novo\/#website","url":"https:\/\/www.sitsesp.org.br\/novo\/","name":"Sitsesp","description":"SIndicato da Socioeduca\u00e7\u00e3o do Estado de S\u00e3o Paulo","publisher":{"@id":"https:\/\/www.sitsesp.org.br\/novo\/#organization"},"potentialAction":[{"@type":"SearchAction","target":{"@type":"EntryPoint","urlTemplate":"https:\/\/www.sitsesp.org.br\/novo\/?s={search_term_string}"},"query-input":"required name=search_term_string"}],"inLanguage":"pt-BR"},{"@type":"Organization","@id":"https:\/\/www.sitsesp.org.br\/novo\/#organization","name":"Sitsesp","url":"https:\/\/www.sitsesp.org.br\/novo\/","logo":{"@type":"ImageObject","inLanguage":"pt-BR","@id":"https:\/\/www.sitsesp.org.br\/novo\/#\/schema\/logo\/image\/","url":"https:\/\/www.sitsesp.org.br\/novo\/wp-content\/uploads\/2020\/09\/Design-sem-nome-1.jpg","contentUrl":"https:\/\/www.sitsesp.org.br\/novo\/wp-content\/uploads\/2020\/09\/Design-sem-nome-1.jpg","width":300,"height":300,"caption":"Sitsesp"},"image":{"@id":"https:\/\/www.sitsesp.org.br\/novo\/#\/schema\/logo\/image\/"}},{"@type":"Person","@id":"https:\/\/www.sitsesp.org.br\/novo\/#\/schema\/person\/2a4c180eb185645b3bef8657c75e305a","name":"mhais","image":{"@type":"ImageObject","inLanguage":"pt-BR","@id":"https:\/\/www.sitsesp.org.br\/novo\/#\/schema\/person\/image\/","url":"https:\/\/secure.gravatar.com\/avatar\/6f4eabe86990e81328cf702edfa92a60?s=96&d=mm&r=g","contentUrl":"https:\/\/secure.gravatar.com\/avatar\/6f4eabe86990e81328cf702edfa92a60?s=96&d=mm&r=g","caption":"mhais"},"sameAs":["http:\/\/localhost\/sitsesp"]}]}},"_links":{"self":[{"href":"https:\/\/www.sitsesp.org.br\/novo\/wp-json\/wp\/v2\/posts\/2153"}],"collection":[{"href":"https:\/\/www.sitsesp.org.br\/novo\/wp-json\/wp\/v2\/posts"}],"about":[{"href":"https:\/\/www.sitsesp.org.br\/novo\/wp-json\/wp\/v2\/types\/post"}],"author":[{"embeddable":true,"href":"https:\/\/www.sitsesp.org.br\/novo\/wp-json\/wp\/v2\/users\/1"}],"replies":[{"embeddable":true,"href":"https:\/\/www.sitsesp.org.br\/novo\/wp-json\/wp\/v2\/comments?post=2153"}],"version-history":[{"count":0,"href":"https:\/\/www.sitsesp.org.br\/novo\/wp-json\/wp\/v2\/posts\/2153\/revisions"}],"wp:featuredmedia":[{"embeddable":true,"href":"https:\/\/www.sitsesp.org.br\/novo\/wp-json\/wp\/v2\/media\/2154"}],"wp:attachment":[{"href":"https:\/\/www.sitsesp.org.br\/novo\/wp-json\/wp\/v2\/media?parent=2153"}],"wp:term":[{"taxonomy":"category","embeddable":true,"href":"https:\/\/www.sitsesp.org.br\/novo\/wp-json\/wp\/v2\/categories?post=2153"},{"taxonomy":"post_tag","embeddable":true,"href":"https:\/\/www.sitsesp.org.br\/novo\/wp-json\/wp\/v2\/tags?post=2153"}],"curies":[{"name":"wp","href":"https:\/\/api.w.org\/{rel}","templated":true}]}}