{"id":2155,"date":"2017-10-18T21:01:39","date_gmt":"2017-10-18T23:01:39","guid":{"rendered":"https:\/\/pecorari-cloud72.pecoraricloud.com.br\/~sitsesporg\/reajuste-da-base-de-calculo-da-aposentadoria-em-decorrencia-de-acao-trabalhista-quem-tem-direito\/"},"modified":"2017-10-18T21:01:39","modified_gmt":"2017-10-18T23:01:39","slug":"reajuste-da-base-de-calculo-da-aposentadoria-em-decorrencia-de-acao-trabalhista-quem-tem-direito","status":"publish","type":"post","link":"https:\/\/www.sitsesp.org.br\/novo\/reajuste-da-base-de-calculo-da-aposentadoria-em-decorrencia-de-acao-trabalhista-quem-tem-direito\/","title":{"rendered":"REAJUSTE DA BASE DE C\u00c1LCULO DA APOSENTADORIA EM DECORR\u00caNCIA DE A\u00c7\u00c3O TRABALHISTA &#8211; QUEM TEM DIREITO?"},"content":{"rendered":"<p><!-- VideographyWP Plugin Message: Automatic video embedding prevented by plugin options. --><\/p>\n<p>O Departamento Jur&iacute;dico do SITSESP\/SITRAEMFA convida todos os membros da categoria que tenham ganhado a&ccedil;&otilde;es trabalhistas contra a Funda&ccedil;&atilde;o CASA, mesmo que as a&ccedil;&otilde;es tenham sido patrocinadas por escrit&oacute;rio particular, para que procurem o Jur&iacute;dico para verificarem se &eacute; poss&iacute;vel aumentar o valor da atual ou futura aposentadoria. Estas a&ccedil;&otilde;es s&atilde;o poss&iacute;veis em raz&atilde;o do reajuste do valor de contribui&ccedil;&atilde;o obtido com os aumentos salariais em a&ccedil;&otilde;es de <strong>quinqu&ecirc;nio<\/strong>, <strong>sexta-parte<\/strong>, <strong>diferen&ccedil;as do plano de cargos<\/strong>, <strong>horas extras<\/strong>, <strong>adicionais de insalubridade<\/strong> e <strong>periculosidade<\/strong> e demais a&ccedil;&otilde;es que impliquem reajustes salariais, respeitados os tetos de contribui&ccedil;&atilde;o.<\/p>\n<p>Nos casos de insalubridade, mesmo que a a&ccedil;&atilde;o trabalhista n&atilde;o tenha obtido &ecirc;xito, caso o <strong>laudo pericial tenha sido favor&aacute;vel<\/strong>, &eacute; poss&iacute;vel discutir a <strong>aposentadoria especial<\/strong> na esfera previdenci&aacute;ria. A seguir se pode ver o exemplo de uma empregada da FCASA que moveu a&ccedil;&atilde;o previdenci&aacute;ria patrocinada pelo jur&iacute;dico do sindicato. Assim entendeu o Tribunal no caso dela:<\/p>\n<p>&nbsp;<\/p>\n<p>PROCESSO CIVIL. PREVIDENCI&Aacute;RIO. APOSENTADORIA POR TEMPO DE CONTRIBUI&Ccedil;&Atilde;O. ATIVIDADE ESPECIAL. EXPOSI&Ccedil;&Atilde;O A AGENTE NOCIVO. AGENTES BIOL&Oacute;GICOS. OBSERV&Acirc;NCIA DA LEI VIGENTE &Agrave; &Eacute;POCA DA PRESTA&Ccedil;&Atilde;O DA ATIVIDADE. EPI INEFICAZ. TERMO INICIAL DO BENEF&Iacute;CIO. (Proc. n&ordm; 0007503-06.2015.4.03.6183. TRF\/3. Rel. Ju&iacute;za Federal Convocada SYLVIA DE CASTRO).<\/p>\n<p>&nbsp;Qualquer d&uacute;vida, os trabalhadores poder&atilde;o marcar com o Dr. Thiago Barison, pelo telefone (11) 3107-6639. O Departamento Jur&iacute;dico do Sindicato est&aacute; &agrave; disposi&ccedil;&atilde;o para atender todos os servidores da Funda&ccedil;&atilde;o Casa.<\/p>\n","protected":false},"excerpt":{"rendered":"<p>O Departamento Jur&iacute;dico do SITSESP\/SITRAEMFA convida todos os membros da categoria que tenham ganhado a&ccedil;&otilde;es trabalhistas contra a Funda&ccedil;&atilde;o CASA, mesmo&hellip;<\/p>\n","protected":false},"author":1,"featured_media":2156,"comment_status":"open","ping_status":"open","sticky":false,"template":"","format":"standard","meta":{"cybocfi_hide_featured_image":"","footnotes":""},"categories":[22],"tags":[],"yoast_head":"<!-- This site is optimized with the Yoast SEO plugin v22.8 - https:\/\/yoast.com\/wordpress\/plugins\/seo\/ -->\n<title>REAJUSTE DA BASE DE C\u00c1LCULO DA APOSENTADORIA EM DECORR\u00caNCIA DE A\u00c7\u00c3O TRABALHISTA - QUEM TEM DIREITO? - SITSESP<\/title>\n<meta name=\"robots\" content=\"index, follow, max-snippet:-1, max-image-preview:large, max-video-preview:-1\" \/>\n<link rel=\"canonical\" href=\"https:\/\/www.sitsesp.org.br\/novo\/reajuste-da-base-de-calculo-da-aposentadoria-em-decorrencia-de-acao-trabalhista-quem-tem-direito\/\" \/>\n<meta property=\"og:locale\" content=\"pt_BR\" \/>\n<meta property=\"og:type\" content=\"article\" \/>\n<meta property=\"og:title\" content=\"REAJUSTE DA BASE DE C\u00c1LCULO DA APOSENTADORIA EM DECORR\u00caNCIA DE A\u00c7\u00c3O TRABALHISTA - QUEM TEM DIREITO? - SITSESP\" \/>\n<meta property=\"og:description\" content=\"O Departamento Jur&iacute;dico do SITSESP\/SITRAEMFA convida todos os membros da categoria que tenham ganhado a&ccedil;&otilde;es trabalhistas contra a Funda&ccedil;&atilde;o CASA, mesmo&hellip;\" \/>\n<meta property=\"og:url\" content=\"https:\/\/www.sitsesp.org.br\/novo\/reajuste-da-base-de-calculo-da-aposentadoria-em-decorrencia-de-acao-trabalhista-quem-tem-direito\/\" \/>\n<meta property=\"og:site_name\" content=\"SITSESP\" \/>\n<meta property=\"article:published_time\" content=\"2017-10-18T23:01:39+00:00\" \/>\n<meta property=\"og:image\" content=\"https:\/\/www.sitsesp.org.br\/novo\/wp-content\/uploads\/2020\/10\/1508367699-1.jpg\" \/>\n\t<meta property=\"og:image:width\" content=\"1024\" \/>\n\t<meta property=\"og:image:height\" content=\"576\" \/>\n\t<meta property=\"og:image:type\" content=\"image\/jpeg\" \/>\n<meta name=\"author\" content=\"mhais\" \/>\n<meta name=\"twitter:card\" content=\"summary_large_image\" \/>\n<meta name=\"twitter:label1\" content=\"Escrito por\" \/>\n\t<meta name=\"twitter:data1\" content=\"mhais\" \/>\n\t<meta name=\"twitter:label2\" content=\"Est. tempo de leitura\" \/>\n\t<meta name=\"twitter:data2\" content=\"2 minutos\" \/>\n<script type=\"application\/ld+json\" class=\"yoast-schema-graph\">{\"@context\":\"https:\/\/schema.org\",\"@graph\":[{\"@type\":\"Article\",\"@id\":\"https:\/\/www.sitsesp.org.br\/novo\/reajuste-da-base-de-calculo-da-aposentadoria-em-decorrencia-de-acao-trabalhista-quem-tem-direito\/#article\",\"isPartOf\":{\"@id\":\"https:\/\/www.sitsesp.org.br\/novo\/reajuste-da-base-de-calculo-da-aposentadoria-em-decorrencia-de-acao-trabalhista-quem-tem-direito\/\"},\"author\":{\"name\":\"mhais\",\"@id\":\"https:\/\/www.sitsesp.org.br\/novo\/#\/schema\/person\/2a4c180eb185645b3bef8657c75e305a\"},\"headline\":\"REAJUSTE DA BASE DE C\u00c1LCULO DA APOSENTADORIA EM DECORR\u00caNCIA DE A\u00c7\u00c3O TRABALHISTA &#8211; QUEM TEM DIREITO?\",\"datePublished\":\"2017-10-18T23:01:39+00:00\",\"dateModified\":\"2017-10-18T23:01:39+00:00\",\"mainEntityOfPage\":{\"@id\":\"https:\/\/www.sitsesp.org.br\/novo\/reajuste-da-base-de-calculo-da-aposentadoria-em-decorrencia-de-acao-trabalhista-quem-tem-direito\/\"},\"wordCount\":341,\"commentCount\":0,\"publisher\":{\"@id\":\"https:\/\/www.sitsesp.org.br\/novo\/#organization\"},\"image\":{\"@id\":\"https:\/\/www.sitsesp.org.br\/novo\/reajuste-da-base-de-calculo-da-aposentadoria-em-decorrencia-de-acao-trabalhista-quem-tem-direito\/#primaryimage\"},\"thumbnailUrl\":\"https:\/\/www.sitsesp.org.br\/novo\/wp-content\/uploads\/2020\/10\/1508367699-1.jpg\",\"articleSection\":[\"Noticias\"],\"inLanguage\":\"pt-BR\",\"potentialAction\":[{\"@type\":\"CommentAction\",\"name\":\"Comment\",\"target\":[\"https:\/\/www.sitsesp.org.br\/novo\/reajuste-da-base-de-calculo-da-aposentadoria-em-decorrencia-de-acao-trabalhista-quem-tem-direito\/#respond\"]}]},{\"@type\":\"WebPage\",\"@id\":\"https:\/\/www.sitsesp.org.br\/novo\/reajuste-da-base-de-calculo-da-aposentadoria-em-decorrencia-de-acao-trabalhista-quem-tem-direito\/\",\"url\":\"https:\/\/www.sitsesp.org.br\/novo\/reajuste-da-base-de-calculo-da-aposentadoria-em-decorrencia-de-acao-trabalhista-quem-tem-direito\/\",\"name\":\"REAJUSTE DA BASE DE C\u00c1LCULO DA APOSENTADORIA EM DECORR\u00caNCIA DE A\u00c7\u00c3O TRABALHISTA - QUEM TEM DIREITO? - SITSESP\",\"isPartOf\":{\"@id\":\"https:\/\/www.sitsesp.org.br\/novo\/#website\"},\"primaryImageOfPage\":{\"@id\":\"https:\/\/www.sitsesp.org.br\/novo\/reajuste-da-base-de-calculo-da-aposentadoria-em-decorrencia-de-acao-trabalhista-quem-tem-direito\/#primaryimage\"},\"image\":{\"@id\":\"https:\/\/www.sitsesp.org.br\/novo\/reajuste-da-base-de-calculo-da-aposentadoria-em-decorrencia-de-acao-trabalhista-quem-tem-direito\/#primaryimage\"},\"thumbnailUrl\":\"https:\/\/www.sitsesp.org.br\/novo\/wp-content\/uploads\/2020\/10\/1508367699-1.jpg\",\"datePublished\":\"2017-10-18T23:01:39+00:00\",\"dateModified\":\"2017-10-18T23:01:39+00:00\",\"breadcrumb\":{\"@id\":\"https:\/\/www.sitsesp.org.br\/novo\/reajuste-da-base-de-calculo-da-aposentadoria-em-decorrencia-de-acao-trabalhista-quem-tem-direito\/#breadcrumb\"},\"inLanguage\":\"pt-BR\",\"potentialAction\":[{\"@type\":\"ReadAction\",\"target\":[\"https:\/\/www.sitsesp.org.br\/novo\/reajuste-da-base-de-calculo-da-aposentadoria-em-decorrencia-de-acao-trabalhista-quem-tem-direito\/\"]}]},{\"@type\":\"ImageObject\",\"inLanguage\":\"pt-BR\",\"@id\":\"https:\/\/www.sitsesp.org.br\/novo\/reajuste-da-base-de-calculo-da-aposentadoria-em-decorrencia-de-acao-trabalhista-quem-tem-direito\/#primaryimage\",\"url\":\"https:\/\/www.sitsesp.org.br\/novo\/wp-content\/uploads\/2020\/10\/1508367699-1.jpg\",\"contentUrl\":\"https:\/\/www.sitsesp.org.br\/novo\/wp-content\/uploads\/2020\/10\/1508367699-1.jpg\",\"width\":1024,\"height\":576},{\"@type\":\"BreadcrumbList\",\"@id\":\"https:\/\/www.sitsesp.org.br\/novo\/reajuste-da-base-de-calculo-da-aposentadoria-em-decorrencia-de-acao-trabalhista-quem-tem-direito\/#breadcrumb\",\"itemListElement\":[{\"@type\":\"ListItem\",\"position\":1,\"name\":\"In\u00edcio\",\"item\":\"https:\/\/www.sitsesp.org.br\/novo\/\"},{\"@type\":\"ListItem\",\"position\":2,\"name\":\"REAJUSTE DA BASE DE C\u00c1LCULO DA APOSENTADORIA EM DECORR\u00caNCIA DE A\u00c7\u00c3O TRABALHISTA &#8211; QUEM TEM DIREITO?\"}]},{\"@type\":\"WebSite\",\"@id\":\"https:\/\/www.sitsesp.org.br\/novo\/#website\",\"url\":\"https:\/\/www.sitsesp.org.br\/novo\/\",\"name\":\"Sitsesp\",\"description\":\"SIndicato da Socioeduca\u00e7\u00e3o do Estado de S\u00e3o Paulo\",\"publisher\":{\"@id\":\"https:\/\/www.sitsesp.org.br\/novo\/#organization\"},\"potentialAction\":[{\"@type\":\"SearchAction\",\"target\":{\"@type\":\"EntryPoint\",\"urlTemplate\":\"https:\/\/www.sitsesp.org.br\/novo\/?s={search_term_string}\"},\"query-input\":\"required name=search_term_string\"}],\"inLanguage\":\"pt-BR\"},{\"@type\":\"Organization\",\"@id\":\"https:\/\/www.sitsesp.org.br\/novo\/#organization\",\"name\":\"Sitsesp\",\"url\":\"https:\/\/www.sitsesp.org.br\/novo\/\",\"logo\":{\"@type\":\"ImageObject\",\"inLanguage\":\"pt-BR\",\"@id\":\"https:\/\/www.sitsesp.org.br\/novo\/#\/schema\/logo\/image\/\",\"url\":\"https:\/\/www.sitsesp.org.br\/novo\/wp-content\/uploads\/2020\/09\/Design-sem-nome-1.jpg\",\"contentUrl\":\"https:\/\/www.sitsesp.org.br\/novo\/wp-content\/uploads\/2020\/09\/Design-sem-nome-1.jpg\",\"width\":300,\"height\":300,\"caption\":\"Sitsesp\"},\"image\":{\"@id\":\"https:\/\/www.sitsesp.org.br\/novo\/#\/schema\/logo\/image\/\"}},{\"@type\":\"Person\",\"@id\":\"https:\/\/www.sitsesp.org.br\/novo\/#\/schema\/person\/2a4c180eb185645b3bef8657c75e305a\",\"name\":\"mhais\",\"image\":{\"@type\":\"ImageObject\",\"inLanguage\":\"pt-BR\",\"@id\":\"https:\/\/www.sitsesp.org.br\/novo\/#\/schema\/person\/image\/\",\"url\":\"https:\/\/secure.gravatar.com\/avatar\/6f4eabe86990e81328cf702edfa92a60?s=96&d=mm&r=g\",\"contentUrl\":\"https:\/\/secure.gravatar.com\/avatar\/6f4eabe86990e81328cf702edfa92a60?s=96&d=mm&r=g\",\"caption\":\"mhais\"},\"sameAs\":[\"http:\/\/localhost\/sitsesp\"]}]}<\/script>\n<!-- \/ Yoast SEO plugin. -->","yoast_head_json":{"title":"REAJUSTE DA BASE DE C\u00c1LCULO DA APOSENTADORIA EM DECORR\u00caNCIA DE A\u00c7\u00c3O TRABALHISTA - QUEM TEM DIREITO? - SITSESP","robots":{"index":"index","follow":"follow","max-snippet":"max-snippet:-1","max-image-preview":"max-image-preview:large","max-video-preview":"max-video-preview:-1"},"canonical":"https:\/\/www.sitsesp.org.br\/novo\/reajuste-da-base-de-calculo-da-aposentadoria-em-decorrencia-de-acao-trabalhista-quem-tem-direito\/","og_locale":"pt_BR","og_type":"article","og_title":"REAJUSTE DA BASE DE C\u00c1LCULO DA APOSENTADORIA EM DECORR\u00caNCIA DE A\u00c7\u00c3O TRABALHISTA - QUEM TEM DIREITO? - SITSESP","og_description":"O Departamento Jur&iacute;dico do SITSESP\/SITRAEMFA convida todos os membros da categoria que tenham ganhado a&ccedil;&otilde;es trabalhistas contra a Funda&ccedil;&atilde;o CASA, mesmo&hellip;","og_url":"https:\/\/www.sitsesp.org.br\/novo\/reajuste-da-base-de-calculo-da-aposentadoria-em-decorrencia-de-acao-trabalhista-quem-tem-direito\/","og_site_name":"SITSESP","article_published_time":"2017-10-18T23:01:39+00:00","og_image":[{"width":1024,"height":576,"url":"https:\/\/www.sitsesp.org.br\/novo\/wp-content\/uploads\/2020\/10\/1508367699-1.jpg","type":"image\/jpeg"}],"author":"mhais","twitter_card":"summary_large_image","twitter_misc":{"Escrito por":"mhais","Est. tempo de leitura":"2 minutos"},"schema":{"@context":"https:\/\/schema.org","@graph":[{"@type":"Article","@id":"https:\/\/www.sitsesp.org.br\/novo\/reajuste-da-base-de-calculo-da-aposentadoria-em-decorrencia-de-acao-trabalhista-quem-tem-direito\/#article","isPartOf":{"@id":"https:\/\/www.sitsesp.org.br\/novo\/reajuste-da-base-de-calculo-da-aposentadoria-em-decorrencia-de-acao-trabalhista-quem-tem-direito\/"},"author":{"name":"mhais","@id":"https:\/\/www.sitsesp.org.br\/novo\/#\/schema\/person\/2a4c180eb185645b3bef8657c75e305a"},"headline":"REAJUSTE DA BASE DE C\u00c1LCULO DA APOSENTADORIA EM DECORR\u00caNCIA DE A\u00c7\u00c3O TRABALHISTA &#8211; QUEM TEM DIREITO?","datePublished":"2017-10-18T23:01:39+00:00","dateModified":"2017-10-18T23:01:39+00:00","mainEntityOfPage":{"@id":"https:\/\/www.sitsesp.org.br\/novo\/reajuste-da-base-de-calculo-da-aposentadoria-em-decorrencia-de-acao-trabalhista-quem-tem-direito\/"},"wordCount":341,"commentCount":0,"publisher":{"@id":"https:\/\/www.sitsesp.org.br\/novo\/#organization"},"image":{"@id":"https:\/\/www.sitsesp.org.br\/novo\/reajuste-da-base-de-calculo-da-aposentadoria-em-decorrencia-de-acao-trabalhista-quem-tem-direito\/#primaryimage"},"thumbnailUrl":"https:\/\/www.sitsesp.org.br\/novo\/wp-content\/uploads\/2020\/10\/1508367699-1.jpg","articleSection":["Noticias"],"inLanguage":"pt-BR","potentialAction":[{"@type":"CommentAction","name":"Comment","target":["https:\/\/www.sitsesp.org.br\/novo\/reajuste-da-base-de-calculo-da-aposentadoria-em-decorrencia-de-acao-trabalhista-quem-tem-direito\/#respond"]}]},{"@type":"WebPage","@id":"https:\/\/www.sitsesp.org.br\/novo\/reajuste-da-base-de-calculo-da-aposentadoria-em-decorrencia-de-acao-trabalhista-quem-tem-direito\/","url":"https:\/\/www.sitsesp.org.br\/novo\/reajuste-da-base-de-calculo-da-aposentadoria-em-decorrencia-de-acao-trabalhista-quem-tem-direito\/","name":"REAJUSTE DA BASE DE C\u00c1LCULO DA APOSENTADORIA EM DECORR\u00caNCIA DE A\u00c7\u00c3O TRABALHISTA - QUEM TEM DIREITO? - SITSESP","isPartOf":{"@id":"https:\/\/www.sitsesp.org.br\/novo\/#website"},"primaryImageOfPage":{"@id":"https:\/\/www.sitsesp.org.br\/novo\/reajuste-da-base-de-calculo-da-aposentadoria-em-decorrencia-de-acao-trabalhista-quem-tem-direito\/#primaryimage"},"image":{"@id":"https:\/\/www.sitsesp.org.br\/novo\/reajuste-da-base-de-calculo-da-aposentadoria-em-decorrencia-de-acao-trabalhista-quem-tem-direito\/#primaryimage"},"thumbnailUrl":"https:\/\/www.sitsesp.org.br\/novo\/wp-content\/uploads\/2020\/10\/1508367699-1.jpg","datePublished":"2017-10-18T23:01:39+00:00","dateModified":"2017-10-18T23:01:39+00:00","breadcrumb":{"@id":"https:\/\/www.sitsesp.org.br\/novo\/reajuste-da-base-de-calculo-da-aposentadoria-em-decorrencia-de-acao-trabalhista-quem-tem-direito\/#breadcrumb"},"inLanguage":"pt-BR","potentialAction":[{"@type":"ReadAction","target":["https:\/\/www.sitsesp.org.br\/novo\/reajuste-da-base-de-calculo-da-aposentadoria-em-decorrencia-de-acao-trabalhista-quem-tem-direito\/"]}]},{"@type":"ImageObject","inLanguage":"pt-BR","@id":"https:\/\/www.sitsesp.org.br\/novo\/reajuste-da-base-de-calculo-da-aposentadoria-em-decorrencia-de-acao-trabalhista-quem-tem-direito\/#primaryimage","url":"https:\/\/www.sitsesp.org.br\/novo\/wp-content\/uploads\/2020\/10\/1508367699-1.jpg","contentUrl":"https:\/\/www.sitsesp.org.br\/novo\/wp-content\/uploads\/2020\/10\/1508367699-1.jpg","width":1024,"height":576},{"@type":"BreadcrumbList","@id":"https:\/\/www.sitsesp.org.br\/novo\/reajuste-da-base-de-calculo-da-aposentadoria-em-decorrencia-de-acao-trabalhista-quem-tem-direito\/#breadcrumb","itemListElement":[{"@type":"ListItem","position":1,"name":"In\u00edcio","item":"https:\/\/www.sitsesp.org.br\/novo\/"},{"@type":"ListItem","position":2,"name":"REAJUSTE DA BASE DE C\u00c1LCULO DA APOSENTADORIA EM DECORR\u00caNCIA DE A\u00c7\u00c3O TRABALHISTA &#8211; QUEM TEM DIREITO?"}]},{"@type":"WebSite","@id":"https:\/\/www.sitsesp.org.br\/novo\/#website","url":"https:\/\/www.sitsesp.org.br\/novo\/","name":"Sitsesp","description":"SIndicato da Socioeduca\u00e7\u00e3o do Estado de S\u00e3o Paulo","publisher":{"@id":"https:\/\/www.sitsesp.org.br\/novo\/#organization"},"potentialAction":[{"@type":"SearchAction","target":{"@type":"EntryPoint","urlTemplate":"https:\/\/www.sitsesp.org.br\/novo\/?s={search_term_string}"},"query-input":"required name=search_term_string"}],"inLanguage":"pt-BR"},{"@type":"Organization","@id":"https:\/\/www.sitsesp.org.br\/novo\/#organization","name":"Sitsesp","url":"https:\/\/www.sitsesp.org.br\/novo\/","logo":{"@type":"ImageObject","inLanguage":"pt-BR","@id":"https:\/\/www.sitsesp.org.br\/novo\/#\/schema\/logo\/image\/","url":"https:\/\/www.sitsesp.org.br\/novo\/wp-content\/uploads\/2020\/09\/Design-sem-nome-1.jpg","contentUrl":"https:\/\/www.sitsesp.org.br\/novo\/wp-content\/uploads\/2020\/09\/Design-sem-nome-1.jpg","width":300,"height":300,"caption":"Sitsesp"},"image":{"@id":"https:\/\/www.sitsesp.org.br\/novo\/#\/schema\/logo\/image\/"}},{"@type":"Person","@id":"https:\/\/www.sitsesp.org.br\/novo\/#\/schema\/person\/2a4c180eb185645b3bef8657c75e305a","name":"mhais","image":{"@type":"ImageObject","inLanguage":"pt-BR","@id":"https:\/\/www.sitsesp.org.br\/novo\/#\/schema\/person\/image\/","url":"https:\/\/secure.gravatar.com\/avatar\/6f4eabe86990e81328cf702edfa92a60?s=96&d=mm&r=g","contentUrl":"https:\/\/secure.gravatar.com\/avatar\/6f4eabe86990e81328cf702edfa92a60?s=96&d=mm&r=g","caption":"mhais"},"sameAs":["http:\/\/localhost\/sitsesp"]}]}},"_links":{"self":[{"href":"https:\/\/www.sitsesp.org.br\/novo\/wp-json\/wp\/v2\/posts\/2155"}],"collection":[{"href":"https:\/\/www.sitsesp.org.br\/novo\/wp-json\/wp\/v2\/posts"}],"about":[{"href":"https:\/\/www.sitsesp.org.br\/novo\/wp-json\/wp\/v2\/types\/post"}],"author":[{"embeddable":true,"href":"https:\/\/www.sitsesp.org.br\/novo\/wp-json\/wp\/v2\/users\/1"}],"replies":[{"embeddable":true,"href":"https:\/\/www.sitsesp.org.br\/novo\/wp-json\/wp\/v2\/comments?post=2155"}],"version-history":[{"count":0,"href":"https:\/\/www.sitsesp.org.br\/novo\/wp-json\/wp\/v2\/posts\/2155\/revisions"}],"wp:featuredmedia":[{"embeddable":true,"href":"https:\/\/www.sitsesp.org.br\/novo\/wp-json\/wp\/v2\/media\/2156"}],"wp:attachment":[{"href":"https:\/\/www.sitsesp.org.br\/novo\/wp-json\/wp\/v2\/media?parent=2155"}],"wp:term":[{"taxonomy":"category","embeddable":true,"href":"https:\/\/www.sitsesp.org.br\/novo\/wp-json\/wp\/v2\/categories?post=2155"},{"taxonomy":"post_tag","embeddable":true,"href":"https:\/\/www.sitsesp.org.br\/novo\/wp-json\/wp\/v2\/tags?post=2155"}],"curies":[{"name":"wp","href":"https:\/\/api.w.org\/{rel}","templated":true}]}}