{"id":2165,"date":"2017-10-26T16:43:12","date_gmt":"2017-10-26T18:43:12","guid":{"rendered":"https:\/\/pecorari-cloud72.pecoraricloud.com.br\/~sitsesporg\/dissidio-coletivo-2017-reuniao-de-naos\/"},"modified":"2017-10-26T16:43:12","modified_gmt":"2017-10-26T18:43:12","slug":"dissidio-coletivo-2017-reuniao-de-naos","status":"publish","type":"post","link":"https:\/\/www.sitsesp.org.br\/novo\/dissidio-coletivo-2017-reuniao-de-naos\/","title":{"rendered":"Diss\u00eddio Coletivo 2017 &#8211; Reuni\u00e3o de N\u00c3OS"},"content":{"rendered":"<p><!-- VideographyWP Plugin Message: Automatic video embedding prevented by plugin options. --><\/p>\n<p>Hoje aconteceu nova reuni&atilde;o do diss&iacute;dio coletivo 2017, com o presidente do SITSESP\/SITRAEMFA Aldo Dami&atilde;o e diretores do Sindicato, comiss&atilde;o de trabalhadores e dire&ccedil;&atilde;o da Funda&ccedil;&atilde;o CASA. O presidente da Institui&ccedil;&atilde;o, n&atilde;o compareceu &agrave; reuni&atilde;o alegando ter sido chamado as pressas pelo Governador.<\/p>\n<p>A Funda&ccedil;&atilde;o CASA abriu a reuni&atilde;o afirmando que para o B&ocirc;nus, PCCS e Contra&ccedil;&otilde;es n&atilde;o existem previs&otilde;es de aplica&ccedil;&atilde;o. E ainda ressaltou que o Estado est&aacute; no seu limite or&ccedil;ament&aacute;rio. &ldquo;Voc&ecirc;s t&ecirc;m que dar gra&ccedil;as a Deus que os seus sal&aacute;rios n&atilde;o est&atilde;o atrasados, como vem acontecendo no Rio de Janeiro e outros estados&rdquo;, afirmou Ana Claudia, a diretora t&eacute;cnica.<\/p>\n<p>O sindicato lembrou &agrave; dire&ccedil;&atilde;o da Funda&ccedil;&atilde;o, que a aprova&ccedil;&atilde;o do reajuste aprovado em assembleia viria junto com contrata&ccedil;&otilde;es a partir de agosto, PCCS e B&ocirc;nus para o m&ecirc;s de novembro, o que gerou expectativas no quadro funcional, finalizando em frustra&ccedil;&otilde;es, o que resulta em instabilidade no dia a dia nos trabalhos dos Centros.<\/p>\n<p>Para a quest&atilde;o da seguran&ccedil;a nos Centros, a Funda&ccedil;&atilde;o afirmou que a PM faz rondas peri&oacute;dicas, mas que n&atilde;o &eacute; obriga&ccedil;&atilde;o da Seguran&ccedil;a Publica disponibilizar um Policial Militar, para cada Centro, mas o Grupo de Apoio fica nos Centros para preven&ccedil;&atilde;o.<\/p>\n<p>Os trabalhadores enfatizaram a defasagem no quadro funcional, A Funda&ccedil;&atilde;o CASA vive hoje em estado de decad&ecirc;ncia, tendo uma quantidade de adolescentes 50% a mais do que preconiza o SINASE.<\/p>\n<p>Outro item debatido foi o hor&aacute;rio de trabalho das 9 &agrave;s 21 horas, que segundo a Funda&ccedil;&atilde;o esse hor&aacute;rio foi pensado com a pedagogia e e sa&uacute;de, mas para os trabalhadores que trabalham em lugares ermos ou pr&oacute;ximos de comunidades e que chegam ou entram nestes hor&aacute;rios a seguran&ccedil;a fica precarizada, pois eles ficam a merc&ecirc; da viol&ecirc;ncia local. A Funda&ccedil;&atilde;o afirmou que ir&aacute; avaliar.<\/p>\n<p>Para a quest&atilde;o dos EPI&rsquo;s para o Grupo de Apoio que est&atilde;o com os itens vencidos, item questionado pela dire&ccedil;&atilde;o do Sindicato, a dire&ccedil;&atilde;o da Funda&ccedil;&atilde;o CASA afirmou que todos os coletes do estado est&atilde;o vencidos mesmo, mas que j&aacute; foi feito o processo de licita&ccedil;&atilde;o e que est&atilde;o a espera de autoriza&ccedil;&atilde;o do exercito para compra deste item.<\/p>\n<p>Para o porte de arma, uma discuss&atilde;o que vem em &acirc;mbito nacional, pois o CONASSE est&aacute; lutando pela profissionaliza&ccedil;&atilde;o do agente de seguran&ccedil;a socioeducativo e com ele o trabalhador ter&aacute; a autoriza&ccedil;&atilde;o do porte de arma, mas que os locais de trabalho ter&atilde;o que disponibilizar um ambiente espec&iacute;fico para o alojamento da arma. A Funda&ccedil;&atilde;o CASA foi enf&aacute;tica ao afirma que &eacute; totalmente contra e que o Estado n&atilde;o vai disponibilizar nenhum local para a arma.<\/p>\n<p>Para o item de transfer&ecirc;ncia dos servidores &ndash; BDT, que foi feita apenas duas pequenas movimenta&ccedil;&otilde;es. A Funda&ccedil;&atilde;o afirmou que n&atilde;o foi feita de forma ampliada porque muitos servidores que queriam a transfer&ecirc;ncia, hoje negaram e se esquivaram da troca. O que est&aacute; ocorrendo s&atilde;o trocas casadas, ou seja, servidores que querem realizar a troca de Centros diferentes e que estejam no BDT.<\/p>\n<p>RODIZIO J&Aacute; X FIXO<\/p>\n<p>Nesta mesma reuni&atilde;o, a comiss&atilde;o que representam o FIXO e ROD&Iacute;ZIO J&Aacute; compareceram para entregarem em m&atilde;os a contraproposta encaminhada por email &agrave; Funda&ccedil;&atilde;o, no dia de ontem (26\/10).<\/p>\n<p>Questionada pelos representantes da necessidade urgente para a quest&atilde;o, a Funda&ccedil;&atilde;o CASA afirmou que n&atilde;o teria como responder de pronto, pois teria que repassar ao Secretario e ao corpo jur&iacute;dico e t&eacute;cnico da Institui&ccedil;&atilde;o, mas que esse assunto &eacute; de extrema import&acirc;ncia e que dever&aacute; ter r&aacute;pida solu&ccedil;&atilde;o.<\/p>\n<p>O representante da comiss&atilde;o ainda afirmou que essa quest&atilde;o est&aacute; se refletindo nos Centros e que a Funda&ccedil;&atilde;o est&aacute; penalizando todos os trabalhadores tratando o assunto com tanta morosidade.<\/p>\n<p>O assessor jur&iacute;dico da Funda&ccedil;&atilde;o afirmou que essa &eacute; uma preocupa&ccedil;&atilde;o de todos e ser&aacute; levada ao presidente e departamento jur&iacute;dico ir&aacute; estud&aacute;-la atenciosamente, al&eacute;m de serem verificados todos os aspectos. &ldquo;O tema exige prioridade e ser&aacute; inserido da melhor forma poss&iacute;vel&rdquo;, ressalta.<\/p>\n<p>&nbsp;O presidente do sindicato enfatizou que h&aacute; duas semanas diretores e gestores dos centros disseram aos trabalhadores que tudo voltaria como era antes, e a proposta da comiss&atilde;o &eacute; neste sentido. Tudo voltar como era antes em cada Centro. &nbsp;<\/p>\n","protected":false},"excerpt":{"rendered":"<p>Hoje aconteceu nova reuni&atilde;o do diss&iacute;dio coletivo 2017, com o presidente do SITSESP\/SITRAEMFA Aldo Dami&atilde;o e diretores do Sindicato, comiss&atilde;o de&hellip;<\/p>\n","protected":false},"author":1,"featured_media":2166,"comment_status":"open","ping_status":"open","sticky":false,"template":"","format":"standard","meta":{"cybocfi_hide_featured_image":"","footnotes":""},"categories":[22],"tags":[],"yoast_head":"<!-- This site is optimized with the Yoast SEO plugin v22.8 - https:\/\/yoast.com\/wordpress\/plugins\/seo\/ -->\n<title>Diss\u00eddio Coletivo 2017 - Reuni\u00e3o de N\u00c3OS - SITSESP<\/title>\n<meta name=\"robots\" content=\"index, follow, max-snippet:-1, max-image-preview:large, max-video-preview:-1\" \/>\n<link rel=\"canonical\" href=\"https:\/\/www.sitsesp.org.br\/novo\/dissidio-coletivo-2017-reuniao-de-naos\/\" \/>\n<meta property=\"og:locale\" content=\"pt_BR\" \/>\n<meta property=\"og:type\" content=\"article\" \/>\n<meta property=\"og:title\" content=\"Diss\u00eddio Coletivo 2017 - Reuni\u00e3o de N\u00c3OS - SITSESP\" \/>\n<meta property=\"og:description\" content=\"Hoje aconteceu nova reuni&atilde;o do diss&iacute;dio coletivo 2017, com o presidente do SITSESP\/SITRAEMFA Aldo Dami&atilde;o e diretores do Sindicato, comiss&atilde;o de&hellip;\" \/>\n<meta property=\"og:url\" content=\"https:\/\/www.sitsesp.org.br\/novo\/dissidio-coletivo-2017-reuniao-de-naos\/\" \/>\n<meta property=\"og:site_name\" content=\"SITSESP\" \/>\n<meta property=\"article:published_time\" content=\"2017-10-26T18:43:12+00:00\" \/>\n<meta property=\"og:image\" content=\"https:\/\/www.sitsesp.org.br\/novo\/wp-content\/uploads\/2020\/10\/1509043392-1.jpg\" \/>\n\t<meta property=\"og:image:width\" content=\"960\" \/>\n\t<meta property=\"og:image:height\" content=\"540\" \/>\n\t<meta property=\"og:image:type\" content=\"image\/jpeg\" \/>\n<meta name=\"author\" content=\"mhais\" \/>\n<meta name=\"twitter:card\" content=\"summary_large_image\" \/>\n<meta name=\"twitter:label1\" content=\"Escrito por\" \/>\n\t<meta name=\"twitter:data1\" content=\"mhais\" \/>\n\t<meta name=\"twitter:label2\" content=\"Est. tempo de leitura\" \/>\n\t<meta name=\"twitter:data2\" content=\"5 minutos\" \/>\n<script type=\"application\/ld+json\" class=\"yoast-schema-graph\">{\"@context\":\"https:\/\/schema.org\",\"@graph\":[{\"@type\":\"Article\",\"@id\":\"https:\/\/www.sitsesp.org.br\/novo\/dissidio-coletivo-2017-reuniao-de-naos\/#article\",\"isPartOf\":{\"@id\":\"https:\/\/www.sitsesp.org.br\/novo\/dissidio-coletivo-2017-reuniao-de-naos\/\"},\"author\":{\"name\":\"mhais\",\"@id\":\"https:\/\/www.sitsesp.org.br\/novo\/#\/schema\/person\/2a4c180eb185645b3bef8657c75e305a\"},\"headline\":\"Diss\u00eddio Coletivo 2017 &#8211; Reuni\u00e3o de N\u00c3OS\",\"datePublished\":\"2017-10-26T18:43:12+00:00\",\"dateModified\":\"2017-10-26T18:43:12+00:00\",\"mainEntityOfPage\":{\"@id\":\"https:\/\/www.sitsesp.org.br\/novo\/dissidio-coletivo-2017-reuniao-de-naos\/\"},\"wordCount\":948,\"commentCount\":0,\"publisher\":{\"@id\":\"https:\/\/www.sitsesp.org.br\/novo\/#organization\"},\"image\":{\"@id\":\"https:\/\/www.sitsesp.org.br\/novo\/dissidio-coletivo-2017-reuniao-de-naos\/#primaryimage\"},\"thumbnailUrl\":\"https:\/\/www.sitsesp.org.br\/novo\/wp-content\/uploads\/2020\/10\/1509043392-1.jpg\",\"articleSection\":[\"Noticias\"],\"inLanguage\":\"pt-BR\",\"potentialAction\":[{\"@type\":\"CommentAction\",\"name\":\"Comment\",\"target\":[\"https:\/\/www.sitsesp.org.br\/novo\/dissidio-coletivo-2017-reuniao-de-naos\/#respond\"]}]},{\"@type\":\"WebPage\",\"@id\":\"https:\/\/www.sitsesp.org.br\/novo\/dissidio-coletivo-2017-reuniao-de-naos\/\",\"url\":\"https:\/\/www.sitsesp.org.br\/novo\/dissidio-coletivo-2017-reuniao-de-naos\/\",\"name\":\"Diss\u00eddio Coletivo 2017 - Reuni\u00e3o de N\u00c3OS - SITSESP\",\"isPartOf\":{\"@id\":\"https:\/\/www.sitsesp.org.br\/novo\/#website\"},\"primaryImageOfPage\":{\"@id\":\"https:\/\/www.sitsesp.org.br\/novo\/dissidio-coletivo-2017-reuniao-de-naos\/#primaryimage\"},\"image\":{\"@id\":\"https:\/\/www.sitsesp.org.br\/novo\/dissidio-coletivo-2017-reuniao-de-naos\/#primaryimage\"},\"thumbnailUrl\":\"https:\/\/www.sitsesp.org.br\/novo\/wp-content\/uploads\/2020\/10\/1509043392-1.jpg\",\"datePublished\":\"2017-10-26T18:43:12+00:00\",\"dateModified\":\"2017-10-26T18:43:12+00:00\",\"breadcrumb\":{\"@id\":\"https:\/\/www.sitsesp.org.br\/novo\/dissidio-coletivo-2017-reuniao-de-naos\/#breadcrumb\"},\"inLanguage\":\"pt-BR\",\"potentialAction\":[{\"@type\":\"ReadAction\",\"target\":[\"https:\/\/www.sitsesp.org.br\/novo\/dissidio-coletivo-2017-reuniao-de-naos\/\"]}]},{\"@type\":\"ImageObject\",\"inLanguage\":\"pt-BR\",\"@id\":\"https:\/\/www.sitsesp.org.br\/novo\/dissidio-coletivo-2017-reuniao-de-naos\/#primaryimage\",\"url\":\"https:\/\/www.sitsesp.org.br\/novo\/wp-content\/uploads\/2020\/10\/1509043392-1.jpg\",\"contentUrl\":\"https:\/\/www.sitsesp.org.br\/novo\/wp-content\/uploads\/2020\/10\/1509043392-1.jpg\",\"width\":960,\"height\":540},{\"@type\":\"BreadcrumbList\",\"@id\":\"https:\/\/www.sitsesp.org.br\/novo\/dissidio-coletivo-2017-reuniao-de-naos\/#breadcrumb\",\"itemListElement\":[{\"@type\":\"ListItem\",\"position\":1,\"name\":\"In\u00edcio\",\"item\":\"https:\/\/www.sitsesp.org.br\/novo\/\"},{\"@type\":\"ListItem\",\"position\":2,\"name\":\"Diss\u00eddio Coletivo 2017 &#8211; Reuni\u00e3o de N\u00c3OS\"}]},{\"@type\":\"WebSite\",\"@id\":\"https:\/\/www.sitsesp.org.br\/novo\/#website\",\"url\":\"https:\/\/www.sitsesp.org.br\/novo\/\",\"name\":\"Sitsesp\",\"description\":\"SIndicato da Socioeduca\u00e7\u00e3o do Estado de S\u00e3o Paulo\",\"publisher\":{\"@id\":\"https:\/\/www.sitsesp.org.br\/novo\/#organization\"},\"potentialAction\":[{\"@type\":\"SearchAction\",\"target\":{\"@type\":\"EntryPoint\",\"urlTemplate\":\"https:\/\/www.sitsesp.org.br\/novo\/?s={search_term_string}\"},\"query-input\":\"required name=search_term_string\"}],\"inLanguage\":\"pt-BR\"},{\"@type\":\"Organization\",\"@id\":\"https:\/\/www.sitsesp.org.br\/novo\/#organization\",\"name\":\"Sitsesp\",\"url\":\"https:\/\/www.sitsesp.org.br\/novo\/\",\"logo\":{\"@type\":\"ImageObject\",\"inLanguage\":\"pt-BR\",\"@id\":\"https:\/\/www.sitsesp.org.br\/novo\/#\/schema\/logo\/image\/\",\"url\":\"https:\/\/www.sitsesp.org.br\/novo\/wp-content\/uploads\/2020\/09\/Design-sem-nome-1.jpg\",\"contentUrl\":\"https:\/\/www.sitsesp.org.br\/novo\/wp-content\/uploads\/2020\/09\/Design-sem-nome-1.jpg\",\"width\":300,\"height\":300,\"caption\":\"Sitsesp\"},\"image\":{\"@id\":\"https:\/\/www.sitsesp.org.br\/novo\/#\/schema\/logo\/image\/\"}},{\"@type\":\"Person\",\"@id\":\"https:\/\/www.sitsesp.org.br\/novo\/#\/schema\/person\/2a4c180eb185645b3bef8657c75e305a\",\"name\":\"mhais\",\"image\":{\"@type\":\"ImageObject\",\"inLanguage\":\"pt-BR\",\"@id\":\"https:\/\/www.sitsesp.org.br\/novo\/#\/schema\/person\/image\/\",\"url\":\"https:\/\/secure.gravatar.com\/avatar\/6f4eabe86990e81328cf702edfa92a60?s=96&d=mm&r=g\",\"contentUrl\":\"https:\/\/secure.gravatar.com\/avatar\/6f4eabe86990e81328cf702edfa92a60?s=96&d=mm&r=g\",\"caption\":\"mhais\"},\"sameAs\":[\"http:\/\/localhost\/sitsesp\"]}]}<\/script>\n<!-- \/ Yoast SEO plugin. -->","yoast_head_json":{"title":"Diss\u00eddio Coletivo 2017 - Reuni\u00e3o de N\u00c3OS - SITSESP","robots":{"index":"index","follow":"follow","max-snippet":"max-snippet:-1","max-image-preview":"max-image-preview:large","max-video-preview":"max-video-preview:-1"},"canonical":"https:\/\/www.sitsesp.org.br\/novo\/dissidio-coletivo-2017-reuniao-de-naos\/","og_locale":"pt_BR","og_type":"article","og_title":"Diss\u00eddio Coletivo 2017 - Reuni\u00e3o de N\u00c3OS - SITSESP","og_description":"Hoje aconteceu nova reuni&atilde;o do diss&iacute;dio coletivo 2017, com o presidente do SITSESP\/SITRAEMFA Aldo Dami&atilde;o e diretores do Sindicato, comiss&atilde;o de&hellip;","og_url":"https:\/\/www.sitsesp.org.br\/novo\/dissidio-coletivo-2017-reuniao-de-naos\/","og_site_name":"SITSESP","article_published_time":"2017-10-26T18:43:12+00:00","og_image":[{"width":960,"height":540,"url":"https:\/\/www.sitsesp.org.br\/novo\/wp-content\/uploads\/2020\/10\/1509043392-1.jpg","type":"image\/jpeg"}],"author":"mhais","twitter_card":"summary_large_image","twitter_misc":{"Escrito por":"mhais","Est. tempo de leitura":"5 minutos"},"schema":{"@context":"https:\/\/schema.org","@graph":[{"@type":"Article","@id":"https:\/\/www.sitsesp.org.br\/novo\/dissidio-coletivo-2017-reuniao-de-naos\/#article","isPartOf":{"@id":"https:\/\/www.sitsesp.org.br\/novo\/dissidio-coletivo-2017-reuniao-de-naos\/"},"author":{"name":"mhais","@id":"https:\/\/www.sitsesp.org.br\/novo\/#\/schema\/person\/2a4c180eb185645b3bef8657c75e305a"},"headline":"Diss\u00eddio Coletivo 2017 &#8211; Reuni\u00e3o de N\u00c3OS","datePublished":"2017-10-26T18:43:12+00:00","dateModified":"2017-10-26T18:43:12+00:00","mainEntityOfPage":{"@id":"https:\/\/www.sitsesp.org.br\/novo\/dissidio-coletivo-2017-reuniao-de-naos\/"},"wordCount":948,"commentCount":0,"publisher":{"@id":"https:\/\/www.sitsesp.org.br\/novo\/#organization"},"image":{"@id":"https:\/\/www.sitsesp.org.br\/novo\/dissidio-coletivo-2017-reuniao-de-naos\/#primaryimage"},"thumbnailUrl":"https:\/\/www.sitsesp.org.br\/novo\/wp-content\/uploads\/2020\/10\/1509043392-1.jpg","articleSection":["Noticias"],"inLanguage":"pt-BR","potentialAction":[{"@type":"CommentAction","name":"Comment","target":["https:\/\/www.sitsesp.org.br\/novo\/dissidio-coletivo-2017-reuniao-de-naos\/#respond"]}]},{"@type":"WebPage","@id":"https:\/\/www.sitsesp.org.br\/novo\/dissidio-coletivo-2017-reuniao-de-naos\/","url":"https:\/\/www.sitsesp.org.br\/novo\/dissidio-coletivo-2017-reuniao-de-naos\/","name":"Diss\u00eddio Coletivo 2017 - Reuni\u00e3o de N\u00c3OS - SITSESP","isPartOf":{"@id":"https:\/\/www.sitsesp.org.br\/novo\/#website"},"primaryImageOfPage":{"@id":"https:\/\/www.sitsesp.org.br\/novo\/dissidio-coletivo-2017-reuniao-de-naos\/#primaryimage"},"image":{"@id":"https:\/\/www.sitsesp.org.br\/novo\/dissidio-coletivo-2017-reuniao-de-naos\/#primaryimage"},"thumbnailUrl":"https:\/\/www.sitsesp.org.br\/novo\/wp-content\/uploads\/2020\/10\/1509043392-1.jpg","datePublished":"2017-10-26T18:43:12+00:00","dateModified":"2017-10-26T18:43:12+00:00","breadcrumb":{"@id":"https:\/\/www.sitsesp.org.br\/novo\/dissidio-coletivo-2017-reuniao-de-naos\/#breadcrumb"},"inLanguage":"pt-BR","potentialAction":[{"@type":"ReadAction","target":["https:\/\/www.sitsesp.org.br\/novo\/dissidio-coletivo-2017-reuniao-de-naos\/"]}]},{"@type":"ImageObject","inLanguage":"pt-BR","@id":"https:\/\/www.sitsesp.org.br\/novo\/dissidio-coletivo-2017-reuniao-de-naos\/#primaryimage","url":"https:\/\/www.sitsesp.org.br\/novo\/wp-content\/uploads\/2020\/10\/1509043392-1.jpg","contentUrl":"https:\/\/www.sitsesp.org.br\/novo\/wp-content\/uploads\/2020\/10\/1509043392-1.jpg","width":960,"height":540},{"@type":"BreadcrumbList","@id":"https:\/\/www.sitsesp.org.br\/novo\/dissidio-coletivo-2017-reuniao-de-naos\/#breadcrumb","itemListElement":[{"@type":"ListItem","position":1,"name":"In\u00edcio","item":"https:\/\/www.sitsesp.org.br\/novo\/"},{"@type":"ListItem","position":2,"name":"Diss\u00eddio Coletivo 2017 &#8211; Reuni\u00e3o de N\u00c3OS"}]},{"@type":"WebSite","@id":"https:\/\/www.sitsesp.org.br\/novo\/#website","url":"https:\/\/www.sitsesp.org.br\/novo\/","name":"Sitsesp","description":"SIndicato da Socioeduca\u00e7\u00e3o do Estado de S\u00e3o Paulo","publisher":{"@id":"https:\/\/www.sitsesp.org.br\/novo\/#organization"},"potentialAction":[{"@type":"SearchAction","target":{"@type":"EntryPoint","urlTemplate":"https:\/\/www.sitsesp.org.br\/novo\/?s={search_term_string}"},"query-input":"required name=search_term_string"}],"inLanguage":"pt-BR"},{"@type":"Organization","@id":"https:\/\/www.sitsesp.org.br\/novo\/#organization","name":"Sitsesp","url":"https:\/\/www.sitsesp.org.br\/novo\/","logo":{"@type":"ImageObject","inLanguage":"pt-BR","@id":"https:\/\/www.sitsesp.org.br\/novo\/#\/schema\/logo\/image\/","url":"https:\/\/www.sitsesp.org.br\/novo\/wp-content\/uploads\/2020\/09\/Design-sem-nome-1.jpg","contentUrl":"https:\/\/www.sitsesp.org.br\/novo\/wp-content\/uploads\/2020\/09\/Design-sem-nome-1.jpg","width":300,"height":300,"caption":"Sitsesp"},"image":{"@id":"https:\/\/www.sitsesp.org.br\/novo\/#\/schema\/logo\/image\/"}},{"@type":"Person","@id":"https:\/\/www.sitsesp.org.br\/novo\/#\/schema\/person\/2a4c180eb185645b3bef8657c75e305a","name":"mhais","image":{"@type":"ImageObject","inLanguage":"pt-BR","@id":"https:\/\/www.sitsesp.org.br\/novo\/#\/schema\/person\/image\/","url":"https:\/\/secure.gravatar.com\/avatar\/6f4eabe86990e81328cf702edfa92a60?s=96&d=mm&r=g","contentUrl":"https:\/\/secure.gravatar.com\/avatar\/6f4eabe86990e81328cf702edfa92a60?s=96&d=mm&r=g","caption":"mhais"},"sameAs":["http:\/\/localhost\/sitsesp"]}]}},"_links":{"self":[{"href":"https:\/\/www.sitsesp.org.br\/novo\/wp-json\/wp\/v2\/posts\/2165"}],"collection":[{"href":"https:\/\/www.sitsesp.org.br\/novo\/wp-json\/wp\/v2\/posts"}],"about":[{"href":"https:\/\/www.sitsesp.org.br\/novo\/wp-json\/wp\/v2\/types\/post"}],"author":[{"embeddable":true,"href":"https:\/\/www.sitsesp.org.br\/novo\/wp-json\/wp\/v2\/users\/1"}],"replies":[{"embeddable":true,"href":"https:\/\/www.sitsesp.org.br\/novo\/wp-json\/wp\/v2\/comments?post=2165"}],"version-history":[{"count":0,"href":"https:\/\/www.sitsesp.org.br\/novo\/wp-json\/wp\/v2\/posts\/2165\/revisions"}],"wp:featuredmedia":[{"embeddable":true,"href":"https:\/\/www.sitsesp.org.br\/novo\/wp-json\/wp\/v2\/media\/2166"}],"wp:attachment":[{"href":"https:\/\/www.sitsesp.org.br\/novo\/wp-json\/wp\/v2\/media?parent=2165"}],"wp:term":[{"taxonomy":"category","embeddable":true,"href":"https:\/\/www.sitsesp.org.br\/novo\/wp-json\/wp\/v2\/categories?post=2165"},{"taxonomy":"post_tag","embeddable":true,"href":"https:\/\/www.sitsesp.org.br\/novo\/wp-json\/wp\/v2\/tags?post=2165"}],"curies":[{"name":"wp","href":"https:\/\/api.w.org\/{rel}","templated":true}]}}