{"id":2167,"date":"2017-10-28T11:13:05","date_gmt":"2017-10-28T13:13:05","guid":{"rendered":"https:\/\/pecorari-cloud72.pecoraricloud.com.br\/~sitsesporg\/ato-contra-o-desmonte-do-governo-temer\/"},"modified":"2017-10-28T11:13:05","modified_gmt":"2017-10-28T13:13:05","slug":"ato-contra-o-desmonte-do-governo-temer","status":"publish","type":"post","link":"https:\/\/www.sitsesp.org.br\/novo\/ato-contra-o-desmonte-do-governo-temer\/","title":{"rendered":"Ato contra o desmonte do governo Temer"},"content":{"rendered":"<p><!-- VideographyWP Plugin Message: Automatic video embedding prevented by plugin options. --><\/p>\n<p>Nesta sexta-feira, 27\/10, trabalhadores dos servi&ccedil;os p&uacute;blicos do estado de S&atilde;o Paulo se uniram para pedir um basta na desvaloriza&ccedil;&atilde;o da categoria e no sucateamento do setor. Durante todo o dia, diversas a&ccedil;&otilde;es foram realizadas para alertar a popula&ccedil;&atilde;o sobre os desmandos promovidos pelos governos municipal, estadual e nacional. Um ato, realizado na Avenida Paulista, fechou a agenda do dia.<\/p>\n<p>As atividades foram organizadas pelas centrais sindicais CUT, CTB, Nova Central, Intersindical, For&ccedil;a Sindical, P&uacute;blica e CSP-Conlutas e teve apoio dos movimentos que integram a Frente Brasil Popular.<\/p>\n<p>Geraldo Alckmin (PSDB), no governo do estado, e Jo&atilde;o Doria (PSDB), na prefeitura da capital, t&ecirc;m promovido o sucateamento dos servi&ccedil;os p&uacute;blicos em S&atilde;o Paulo e amea&ccedil;ado entregar as empresas p&uacute;blicas aos empres&aacute;rios por meio de privatiza&ccedil;&otilde;es.<\/p>\n<p>No come&ccedil;o de outubro, Alckmin enviou &agrave; Assembleia Legislativa o Projeto de Lei 920\/2017, que prev&ecirc; a limita&ccedil;&atilde;o dos investimentos p&uacute;blicos por dois anos, impactando setores da sa&uacute;de, educa&ccedil;&atilde;o e demais servi&ccedil;os. O PL sofre ataques at&eacute; dos deputados da base do governador.<\/p>\n<p>J&aacute; no cen&aacute;rio nacional, com o golpista Michel Temer (PMDB) na Presid&ecirc;ncia, tamb&eacute;m est&atilde;o em risco diversas estatais, como as dos setores financeiro, petrol&iacute;fero e de telecomunica&ccedil;&otilde;es. Soma-se a isso o congelamento dos investimentos nos servi&ccedil;os e as reformas nas leis trabalhistas que penalizam os servidores.<\/p>\n<p>Presidente da CUT-SP, Douglas Izzo lembrou que h&aacute; tr&ecirc;s anos n&atilde;o h&aacute; reajuste salarial pelo governo estadual e que o PL pretendido afetar&aacute; toda a popula&ccedil;&atilde;o. &#8220;Est&atilde;o em jogo no pa&iacute;s o desmonte do Estado e a estabilidade do funcionalismo. E, no estado de S&atilde;o Paulo, o PL 920, de Alckmin, representa a retirada de direitos, o que afetar&aacute; n&atilde;o apenas os servidores, mas toda a popula&ccedil;&atilde;o. N&atilde;o vamos permitir que mexam em nossos direitos.&#8221;<\/p>\n<p>Anula&ccedil;&atilde;o da reforma<\/p>\n<p>Sindicatos de diversas categorias tamb&eacute;m foram &agrave;s ruas para coletar assinaturas para o abaixo-assinado que pede a revoga&ccedil;&atilde;o da reforma Trabalhista. A campanha &eacute; promovida pela CUT e tem como meta 1,3 milh&atilde;o de assinaturas.<\/p>\n<p>Participaram da a&ccedil;&atilde;o entidades do interior, Baixada Santista, Grande S&atilde;o Paulo e capital. Na Avenida Paulista, durante o ato unificado, os participantes tamb&eacute;m aproveitaram para buscar apoio ao projeto.<\/p>\n","protected":false},"excerpt":{"rendered":"<p>Nesta sexta-feira, 27\/10, trabalhadores dos servi&ccedil;os p&uacute;blicos do estado de S&atilde;o Paulo se uniram para pedir um basta na desvaloriza&ccedil;&atilde;o da&hellip;<\/p>\n","protected":false},"author":1,"featured_media":2168,"comment_status":"open","ping_status":"open","sticky":false,"template":"","format":"standard","meta":{"cybocfi_hide_featured_image":"","footnotes":""},"categories":[22],"tags":[],"yoast_head":"<!-- This site is optimized with the Yoast SEO plugin v22.8 - https:\/\/yoast.com\/wordpress\/plugins\/seo\/ -->\n<title>Ato contra o desmonte do governo Temer - SITSESP<\/title>\n<meta name=\"robots\" content=\"index, follow, max-snippet:-1, max-image-preview:large, max-video-preview:-1\" \/>\n<link rel=\"canonical\" href=\"https:\/\/www.sitsesp.org.br\/novo\/ato-contra-o-desmonte-do-governo-temer\/\" \/>\n<meta property=\"og:locale\" content=\"pt_BR\" \/>\n<meta property=\"og:type\" content=\"article\" \/>\n<meta property=\"og:title\" content=\"Ato contra o desmonte do governo Temer - SITSESP\" \/>\n<meta property=\"og:description\" content=\"Nesta sexta-feira, 27\/10, trabalhadores dos servi&ccedil;os p&uacute;blicos do estado de S&atilde;o Paulo se uniram para pedir um basta na desvaloriza&ccedil;&atilde;o da&hellip;\" \/>\n<meta property=\"og:url\" content=\"https:\/\/www.sitsesp.org.br\/novo\/ato-contra-o-desmonte-do-governo-temer\/\" \/>\n<meta property=\"og:site_name\" content=\"SITSESP\" \/>\n<meta property=\"article:published_time\" content=\"2017-10-28T13:13:05+00:00\" \/>\n<meta property=\"og:image\" content=\"https:\/\/www.sitsesp.org.br\/novo\/wp-content\/uploads\/2020\/10\/1509196385-1.jpeg\" \/>\n\t<meta property=\"og:image:width\" content=\"1280\" \/>\n\t<meta property=\"og:image:height\" content=\"960\" \/>\n\t<meta property=\"og:image:type\" content=\"image\/jpeg\" \/>\n<meta name=\"author\" content=\"mhais\" \/>\n<meta name=\"twitter:card\" content=\"summary_large_image\" \/>\n<meta name=\"twitter:label1\" content=\"Escrito por\" \/>\n\t<meta name=\"twitter:data1\" content=\"mhais\" \/>\n\t<meta name=\"twitter:label2\" content=\"Est. tempo de leitura\" \/>\n\t<meta name=\"twitter:data2\" content=\"2 minutos\" \/>\n<script type=\"application\/ld+json\" class=\"yoast-schema-graph\">{\"@context\":\"https:\/\/schema.org\",\"@graph\":[{\"@type\":\"Article\",\"@id\":\"https:\/\/www.sitsesp.org.br\/novo\/ato-contra-o-desmonte-do-governo-temer\/#article\",\"isPartOf\":{\"@id\":\"https:\/\/www.sitsesp.org.br\/novo\/ato-contra-o-desmonte-do-governo-temer\/\"},\"author\":{\"name\":\"mhais\",\"@id\":\"https:\/\/www.sitsesp.org.br\/novo\/#\/schema\/person\/2a4c180eb185645b3bef8657c75e305a\"},\"headline\":\"Ato contra o desmonte do governo Temer\",\"datePublished\":\"2017-10-28T13:13:05+00:00\",\"dateModified\":\"2017-10-28T13:13:05+00:00\",\"mainEntityOfPage\":{\"@id\":\"https:\/\/www.sitsesp.org.br\/novo\/ato-contra-o-desmonte-do-governo-temer\/\"},\"wordCount\":471,\"commentCount\":0,\"publisher\":{\"@id\":\"https:\/\/www.sitsesp.org.br\/novo\/#organization\"},\"image\":{\"@id\":\"https:\/\/www.sitsesp.org.br\/novo\/ato-contra-o-desmonte-do-governo-temer\/#primaryimage\"},\"thumbnailUrl\":\"https:\/\/www.sitsesp.org.br\/novo\/wp-content\/uploads\/2020\/10\/1509196385-1.jpeg\",\"articleSection\":[\"Noticias\"],\"inLanguage\":\"pt-BR\",\"potentialAction\":[{\"@type\":\"CommentAction\",\"name\":\"Comment\",\"target\":[\"https:\/\/www.sitsesp.org.br\/novo\/ato-contra-o-desmonte-do-governo-temer\/#respond\"]}]},{\"@type\":\"WebPage\",\"@id\":\"https:\/\/www.sitsesp.org.br\/novo\/ato-contra-o-desmonte-do-governo-temer\/\",\"url\":\"https:\/\/www.sitsesp.org.br\/novo\/ato-contra-o-desmonte-do-governo-temer\/\",\"name\":\"Ato contra o desmonte do governo Temer - SITSESP\",\"isPartOf\":{\"@id\":\"https:\/\/www.sitsesp.org.br\/novo\/#website\"},\"primaryImageOfPage\":{\"@id\":\"https:\/\/www.sitsesp.org.br\/novo\/ato-contra-o-desmonte-do-governo-temer\/#primaryimage\"},\"image\":{\"@id\":\"https:\/\/www.sitsesp.org.br\/novo\/ato-contra-o-desmonte-do-governo-temer\/#primaryimage\"},\"thumbnailUrl\":\"https:\/\/www.sitsesp.org.br\/novo\/wp-content\/uploads\/2020\/10\/1509196385-1.jpeg\",\"datePublished\":\"2017-10-28T13:13:05+00:00\",\"dateModified\":\"2017-10-28T13:13:05+00:00\",\"breadcrumb\":{\"@id\":\"https:\/\/www.sitsesp.org.br\/novo\/ato-contra-o-desmonte-do-governo-temer\/#breadcrumb\"},\"inLanguage\":\"pt-BR\",\"potentialAction\":[{\"@type\":\"ReadAction\",\"target\":[\"https:\/\/www.sitsesp.org.br\/novo\/ato-contra-o-desmonte-do-governo-temer\/\"]}]},{\"@type\":\"ImageObject\",\"inLanguage\":\"pt-BR\",\"@id\":\"https:\/\/www.sitsesp.org.br\/novo\/ato-contra-o-desmonte-do-governo-temer\/#primaryimage\",\"url\":\"https:\/\/www.sitsesp.org.br\/novo\/wp-content\/uploads\/2020\/10\/1509196385-1.jpeg\",\"contentUrl\":\"https:\/\/www.sitsesp.org.br\/novo\/wp-content\/uploads\/2020\/10\/1509196385-1.jpeg\",\"width\":1280,\"height\":960},{\"@type\":\"BreadcrumbList\",\"@id\":\"https:\/\/www.sitsesp.org.br\/novo\/ato-contra-o-desmonte-do-governo-temer\/#breadcrumb\",\"itemListElement\":[{\"@type\":\"ListItem\",\"position\":1,\"name\":\"In\u00edcio\",\"item\":\"https:\/\/www.sitsesp.org.br\/novo\/\"},{\"@type\":\"ListItem\",\"position\":2,\"name\":\"Ato contra o desmonte do governo Temer\"}]},{\"@type\":\"WebSite\",\"@id\":\"https:\/\/www.sitsesp.org.br\/novo\/#website\",\"url\":\"https:\/\/www.sitsesp.org.br\/novo\/\",\"name\":\"Sitsesp\",\"description\":\"SIndicato da Socioeduca\u00e7\u00e3o do Estado de S\u00e3o Paulo\",\"publisher\":{\"@id\":\"https:\/\/www.sitsesp.org.br\/novo\/#organization\"},\"potentialAction\":[{\"@type\":\"SearchAction\",\"target\":{\"@type\":\"EntryPoint\",\"urlTemplate\":\"https:\/\/www.sitsesp.org.br\/novo\/?s={search_term_string}\"},\"query-input\":\"required name=search_term_string\"}],\"inLanguage\":\"pt-BR\"},{\"@type\":\"Organization\",\"@id\":\"https:\/\/www.sitsesp.org.br\/novo\/#organization\",\"name\":\"Sitsesp\",\"url\":\"https:\/\/www.sitsesp.org.br\/novo\/\",\"logo\":{\"@type\":\"ImageObject\",\"inLanguage\":\"pt-BR\",\"@id\":\"https:\/\/www.sitsesp.org.br\/novo\/#\/schema\/logo\/image\/\",\"url\":\"https:\/\/www.sitsesp.org.br\/novo\/wp-content\/uploads\/2020\/09\/Design-sem-nome-1.jpg\",\"contentUrl\":\"https:\/\/www.sitsesp.org.br\/novo\/wp-content\/uploads\/2020\/09\/Design-sem-nome-1.jpg\",\"width\":300,\"height\":300,\"caption\":\"Sitsesp\"},\"image\":{\"@id\":\"https:\/\/www.sitsesp.org.br\/novo\/#\/schema\/logo\/image\/\"}},{\"@type\":\"Person\",\"@id\":\"https:\/\/www.sitsesp.org.br\/novo\/#\/schema\/person\/2a4c180eb185645b3bef8657c75e305a\",\"name\":\"mhais\",\"image\":{\"@type\":\"ImageObject\",\"inLanguage\":\"pt-BR\",\"@id\":\"https:\/\/www.sitsesp.org.br\/novo\/#\/schema\/person\/image\/\",\"url\":\"https:\/\/secure.gravatar.com\/avatar\/6f4eabe86990e81328cf702edfa92a60?s=96&d=mm&r=g\",\"contentUrl\":\"https:\/\/secure.gravatar.com\/avatar\/6f4eabe86990e81328cf702edfa92a60?s=96&d=mm&r=g\",\"caption\":\"mhais\"},\"sameAs\":[\"http:\/\/localhost\/sitsesp\"]}]}<\/script>\n<!-- \/ Yoast SEO plugin. -->","yoast_head_json":{"title":"Ato contra o desmonte do governo Temer - SITSESP","robots":{"index":"index","follow":"follow","max-snippet":"max-snippet:-1","max-image-preview":"max-image-preview:large","max-video-preview":"max-video-preview:-1"},"canonical":"https:\/\/www.sitsesp.org.br\/novo\/ato-contra-o-desmonte-do-governo-temer\/","og_locale":"pt_BR","og_type":"article","og_title":"Ato contra o desmonte do governo Temer - SITSESP","og_description":"Nesta sexta-feira, 27\/10, trabalhadores dos servi&ccedil;os p&uacute;blicos do estado de S&atilde;o Paulo se uniram para pedir um basta na desvaloriza&ccedil;&atilde;o da&hellip;","og_url":"https:\/\/www.sitsesp.org.br\/novo\/ato-contra-o-desmonte-do-governo-temer\/","og_site_name":"SITSESP","article_published_time":"2017-10-28T13:13:05+00:00","og_image":[{"width":1280,"height":960,"url":"https:\/\/www.sitsesp.org.br\/novo\/wp-content\/uploads\/2020\/10\/1509196385-1.jpeg","type":"image\/jpeg"}],"author":"mhais","twitter_card":"summary_large_image","twitter_misc":{"Escrito por":"mhais","Est. tempo de leitura":"2 minutos"},"schema":{"@context":"https:\/\/schema.org","@graph":[{"@type":"Article","@id":"https:\/\/www.sitsesp.org.br\/novo\/ato-contra-o-desmonte-do-governo-temer\/#article","isPartOf":{"@id":"https:\/\/www.sitsesp.org.br\/novo\/ato-contra-o-desmonte-do-governo-temer\/"},"author":{"name":"mhais","@id":"https:\/\/www.sitsesp.org.br\/novo\/#\/schema\/person\/2a4c180eb185645b3bef8657c75e305a"},"headline":"Ato contra o desmonte do governo Temer","datePublished":"2017-10-28T13:13:05+00:00","dateModified":"2017-10-28T13:13:05+00:00","mainEntityOfPage":{"@id":"https:\/\/www.sitsesp.org.br\/novo\/ato-contra-o-desmonte-do-governo-temer\/"},"wordCount":471,"commentCount":0,"publisher":{"@id":"https:\/\/www.sitsesp.org.br\/novo\/#organization"},"image":{"@id":"https:\/\/www.sitsesp.org.br\/novo\/ato-contra-o-desmonte-do-governo-temer\/#primaryimage"},"thumbnailUrl":"https:\/\/www.sitsesp.org.br\/novo\/wp-content\/uploads\/2020\/10\/1509196385-1.jpeg","articleSection":["Noticias"],"inLanguage":"pt-BR","potentialAction":[{"@type":"CommentAction","name":"Comment","target":["https:\/\/www.sitsesp.org.br\/novo\/ato-contra-o-desmonte-do-governo-temer\/#respond"]}]},{"@type":"WebPage","@id":"https:\/\/www.sitsesp.org.br\/novo\/ato-contra-o-desmonte-do-governo-temer\/","url":"https:\/\/www.sitsesp.org.br\/novo\/ato-contra-o-desmonte-do-governo-temer\/","name":"Ato contra o desmonte do governo Temer - SITSESP","isPartOf":{"@id":"https:\/\/www.sitsesp.org.br\/novo\/#website"},"primaryImageOfPage":{"@id":"https:\/\/www.sitsesp.org.br\/novo\/ato-contra-o-desmonte-do-governo-temer\/#primaryimage"},"image":{"@id":"https:\/\/www.sitsesp.org.br\/novo\/ato-contra-o-desmonte-do-governo-temer\/#primaryimage"},"thumbnailUrl":"https:\/\/www.sitsesp.org.br\/novo\/wp-content\/uploads\/2020\/10\/1509196385-1.jpeg","datePublished":"2017-10-28T13:13:05+00:00","dateModified":"2017-10-28T13:13:05+00:00","breadcrumb":{"@id":"https:\/\/www.sitsesp.org.br\/novo\/ato-contra-o-desmonte-do-governo-temer\/#breadcrumb"},"inLanguage":"pt-BR","potentialAction":[{"@type":"ReadAction","target":["https:\/\/www.sitsesp.org.br\/novo\/ato-contra-o-desmonte-do-governo-temer\/"]}]},{"@type":"ImageObject","inLanguage":"pt-BR","@id":"https:\/\/www.sitsesp.org.br\/novo\/ato-contra-o-desmonte-do-governo-temer\/#primaryimage","url":"https:\/\/www.sitsesp.org.br\/novo\/wp-content\/uploads\/2020\/10\/1509196385-1.jpeg","contentUrl":"https:\/\/www.sitsesp.org.br\/novo\/wp-content\/uploads\/2020\/10\/1509196385-1.jpeg","width":1280,"height":960},{"@type":"BreadcrumbList","@id":"https:\/\/www.sitsesp.org.br\/novo\/ato-contra-o-desmonte-do-governo-temer\/#breadcrumb","itemListElement":[{"@type":"ListItem","position":1,"name":"In\u00edcio","item":"https:\/\/www.sitsesp.org.br\/novo\/"},{"@type":"ListItem","position":2,"name":"Ato contra o desmonte do governo Temer"}]},{"@type":"WebSite","@id":"https:\/\/www.sitsesp.org.br\/novo\/#website","url":"https:\/\/www.sitsesp.org.br\/novo\/","name":"Sitsesp","description":"SIndicato da Socioeduca\u00e7\u00e3o do Estado de S\u00e3o Paulo","publisher":{"@id":"https:\/\/www.sitsesp.org.br\/novo\/#organization"},"potentialAction":[{"@type":"SearchAction","target":{"@type":"EntryPoint","urlTemplate":"https:\/\/www.sitsesp.org.br\/novo\/?s={search_term_string}"},"query-input":"required name=search_term_string"}],"inLanguage":"pt-BR"},{"@type":"Organization","@id":"https:\/\/www.sitsesp.org.br\/novo\/#organization","name":"Sitsesp","url":"https:\/\/www.sitsesp.org.br\/novo\/","logo":{"@type":"ImageObject","inLanguage":"pt-BR","@id":"https:\/\/www.sitsesp.org.br\/novo\/#\/schema\/logo\/image\/","url":"https:\/\/www.sitsesp.org.br\/novo\/wp-content\/uploads\/2020\/09\/Design-sem-nome-1.jpg","contentUrl":"https:\/\/www.sitsesp.org.br\/novo\/wp-content\/uploads\/2020\/09\/Design-sem-nome-1.jpg","width":300,"height":300,"caption":"Sitsesp"},"image":{"@id":"https:\/\/www.sitsesp.org.br\/novo\/#\/schema\/logo\/image\/"}},{"@type":"Person","@id":"https:\/\/www.sitsesp.org.br\/novo\/#\/schema\/person\/2a4c180eb185645b3bef8657c75e305a","name":"mhais","image":{"@type":"ImageObject","inLanguage":"pt-BR","@id":"https:\/\/www.sitsesp.org.br\/novo\/#\/schema\/person\/image\/","url":"https:\/\/secure.gravatar.com\/avatar\/6f4eabe86990e81328cf702edfa92a60?s=96&d=mm&r=g","contentUrl":"https:\/\/secure.gravatar.com\/avatar\/6f4eabe86990e81328cf702edfa92a60?s=96&d=mm&r=g","caption":"mhais"},"sameAs":["http:\/\/localhost\/sitsesp"]}]}},"_links":{"self":[{"href":"https:\/\/www.sitsesp.org.br\/novo\/wp-json\/wp\/v2\/posts\/2167"}],"collection":[{"href":"https:\/\/www.sitsesp.org.br\/novo\/wp-json\/wp\/v2\/posts"}],"about":[{"href":"https:\/\/www.sitsesp.org.br\/novo\/wp-json\/wp\/v2\/types\/post"}],"author":[{"embeddable":true,"href":"https:\/\/www.sitsesp.org.br\/novo\/wp-json\/wp\/v2\/users\/1"}],"replies":[{"embeddable":true,"href":"https:\/\/www.sitsesp.org.br\/novo\/wp-json\/wp\/v2\/comments?post=2167"}],"version-history":[{"count":0,"href":"https:\/\/www.sitsesp.org.br\/novo\/wp-json\/wp\/v2\/posts\/2167\/revisions"}],"wp:featuredmedia":[{"embeddable":true,"href":"https:\/\/www.sitsesp.org.br\/novo\/wp-json\/wp\/v2\/media\/2168"}],"wp:attachment":[{"href":"https:\/\/www.sitsesp.org.br\/novo\/wp-json\/wp\/v2\/media?parent=2167"}],"wp:term":[{"taxonomy":"category","embeddable":true,"href":"https:\/\/www.sitsesp.org.br\/novo\/wp-json\/wp\/v2\/categories?post=2167"},{"taxonomy":"post_tag","embeddable":true,"href":"https:\/\/www.sitsesp.org.br\/novo\/wp-json\/wp\/v2\/tags?post=2167"}],"curies":[{"name":"wp","href":"https:\/\/api.w.org\/{rel}","templated":true}]}}