{"id":2173,"date":"2017-11-04T11:18:26","date_gmt":"2017-11-04T13:18:26","guid":{"rendered":"https:\/\/pecorari-cloud72.pecoraricloud.com.br\/~sitsesporg\/trabalhadores-aprovam-proposta-do-revezamento-fixo-por-maioria\/"},"modified":"2017-11-04T11:18:26","modified_gmt":"2017-11-04T13:18:26","slug":"trabalhadores-aprovam-proposta-do-revezamento-fixo-por-maioria","status":"publish","type":"post","link":"https:\/\/www.sitsesp.org.br\/novo\/trabalhadores-aprovam-proposta-do-revezamento-fixo-por-maioria\/","title":{"rendered":"Trabalhadores aprovam proposta do revezamento\/fixo por maioria"},"content":{"rendered":"<p><!-- VideographyWP Plugin Message: Automatic video embedding prevented by plugin options. --><\/p>\n<p>Hoje, 04\/11, em assembleia especifica dos agentes de apoio socioeducativo deliberam por maioria de votos aprovaram a proposta do acordo coletivo do revezamento\/fixo.<\/p>\n<p>Na assembleia a dire&ccedil;&atilde;o do sindicato leu a proposta finalizada pela dire&ccedil;&atilde;o do sindicato e comiss&atilde;o de trabalhadores, que representavam o revezamento\/fixo.<\/p>\n<p>Agora o sindicato encaminhar&aacute; a aceita&ccedil;&atilde;o da proposta assinada pelo presidente do SITRAEMFA\/SITSESP, Aldo Dami&atilde;o, para a Funda&ccedil;&atilde;o CASA, na qual ir&aacute; seguir os ritos de homologa&ccedil;&atilde;o e provavelmente em dezembro os trabalhadores dever&atilde;o em conformidade ao acordo, dar inicio a escala de revezamento\/fixo.<\/p>\n<p>Veja no link abaixo o Acordo Coletivo do Revezamento\/Fixo<\/p>\n","protected":false},"excerpt":{"rendered":"<p>Hoje, 04\/11, em assembleia especifica dos agentes de apoio socioeducativo deliberam por maioria de votos aprovaram a proposta do acordo coletivo&hellip;<\/p>\n","protected":false},"author":1,"featured_media":2174,"comment_status":"open","ping_status":"open","sticky":false,"template":"","format":"standard","meta":{"cybocfi_hide_featured_image":"","footnotes":""},"categories":[22],"tags":[],"yoast_head":"<!-- This site is optimized with the Yoast SEO plugin v22.8 - https:\/\/yoast.com\/wordpress\/plugins\/seo\/ -->\n<title>Trabalhadores aprovam proposta do revezamento\/fixo por maioria - SITSESP<\/title>\n<meta name=\"robots\" content=\"index, follow, max-snippet:-1, max-image-preview:large, max-video-preview:-1\" \/>\n<link rel=\"canonical\" href=\"https:\/\/www.sitsesp.org.br\/novo\/trabalhadores-aprovam-proposta-do-revezamento-fixo-por-maioria\/\" \/>\n<meta property=\"og:locale\" content=\"pt_BR\" \/>\n<meta property=\"og:type\" content=\"article\" \/>\n<meta property=\"og:title\" content=\"Trabalhadores aprovam proposta do revezamento\/fixo por maioria - SITSESP\" \/>\n<meta property=\"og:description\" content=\"Hoje, 04\/11, em assembleia especifica dos agentes de apoio socioeducativo deliberam por maioria de votos aprovaram a proposta do acordo coletivo&hellip;\" \/>\n<meta property=\"og:url\" content=\"https:\/\/www.sitsesp.org.br\/novo\/trabalhadores-aprovam-proposta-do-revezamento-fixo-por-maioria\/\" \/>\n<meta property=\"og:site_name\" content=\"SITSESP\" \/>\n<meta property=\"article:published_time\" content=\"2017-11-04T13:18:26+00:00\" \/>\n<meta property=\"og:image\" content=\"https:\/\/www.sitsesp.org.br\/novo\/wp-content\/uploads\/2020\/10\/1509801506-1.jpg\" \/>\n\t<meta property=\"og:image:width\" content=\"960\" \/>\n\t<meta property=\"og:image:height\" content=\"540\" \/>\n\t<meta property=\"og:image:type\" content=\"image\/jpeg\" \/>\n<meta name=\"author\" content=\"mhais\" \/>\n<meta name=\"twitter:card\" content=\"summary_large_image\" \/>\n<meta name=\"twitter:label1\" content=\"Escrito por\" \/>\n\t<meta name=\"twitter:data1\" content=\"mhais\" \/>\n\t<meta name=\"twitter:label2\" content=\"Est. tempo de leitura\" \/>\n\t<meta name=\"twitter:data2\" content=\"1 minuto\" \/>\n<script type=\"application\/ld+json\" class=\"yoast-schema-graph\">{\"@context\":\"https:\/\/schema.org\",\"@graph\":[{\"@type\":\"Article\",\"@id\":\"https:\/\/www.sitsesp.org.br\/novo\/trabalhadores-aprovam-proposta-do-revezamento-fixo-por-maioria\/#article\",\"isPartOf\":{\"@id\":\"https:\/\/www.sitsesp.org.br\/novo\/trabalhadores-aprovam-proposta-do-revezamento-fixo-por-maioria\/\"},\"author\":{\"name\":\"mhais\",\"@id\":\"https:\/\/www.sitsesp.org.br\/novo\/#\/schema\/person\/2a4c180eb185645b3bef8657c75e305a\"},\"headline\":\"Trabalhadores aprovam proposta do revezamento\/fixo por maioria\",\"datePublished\":\"2017-11-04T13:18:26+00:00\",\"dateModified\":\"2017-11-04T13:18:26+00:00\",\"mainEntityOfPage\":{\"@id\":\"https:\/\/www.sitsesp.org.br\/novo\/trabalhadores-aprovam-proposta-do-revezamento-fixo-por-maioria\/\"},\"wordCount\":133,\"commentCount\":0,\"publisher\":{\"@id\":\"https:\/\/www.sitsesp.org.br\/novo\/#organization\"},\"image\":{\"@id\":\"https:\/\/www.sitsesp.org.br\/novo\/trabalhadores-aprovam-proposta-do-revezamento-fixo-por-maioria\/#primaryimage\"},\"thumbnailUrl\":\"https:\/\/www.sitsesp.org.br\/novo\/wp-content\/uploads\/2020\/10\/1509801506-1.jpg\",\"articleSection\":[\"Noticias\"],\"inLanguage\":\"pt-BR\",\"potentialAction\":[{\"@type\":\"CommentAction\",\"name\":\"Comment\",\"target\":[\"https:\/\/www.sitsesp.org.br\/novo\/trabalhadores-aprovam-proposta-do-revezamento-fixo-por-maioria\/#respond\"]}]},{\"@type\":\"WebPage\",\"@id\":\"https:\/\/www.sitsesp.org.br\/novo\/trabalhadores-aprovam-proposta-do-revezamento-fixo-por-maioria\/\",\"url\":\"https:\/\/www.sitsesp.org.br\/novo\/trabalhadores-aprovam-proposta-do-revezamento-fixo-por-maioria\/\",\"name\":\"Trabalhadores aprovam proposta do revezamento\/fixo por maioria - SITSESP\",\"isPartOf\":{\"@id\":\"https:\/\/www.sitsesp.org.br\/novo\/#website\"},\"primaryImageOfPage\":{\"@id\":\"https:\/\/www.sitsesp.org.br\/novo\/trabalhadores-aprovam-proposta-do-revezamento-fixo-por-maioria\/#primaryimage\"},\"image\":{\"@id\":\"https:\/\/www.sitsesp.org.br\/novo\/trabalhadores-aprovam-proposta-do-revezamento-fixo-por-maioria\/#primaryimage\"},\"thumbnailUrl\":\"https:\/\/www.sitsesp.org.br\/novo\/wp-content\/uploads\/2020\/10\/1509801506-1.jpg\",\"datePublished\":\"2017-11-04T13:18:26+00:00\",\"dateModified\":\"2017-11-04T13:18:26+00:00\",\"breadcrumb\":{\"@id\":\"https:\/\/www.sitsesp.org.br\/novo\/trabalhadores-aprovam-proposta-do-revezamento-fixo-por-maioria\/#breadcrumb\"},\"inLanguage\":\"pt-BR\",\"potentialAction\":[{\"@type\":\"ReadAction\",\"target\":[\"https:\/\/www.sitsesp.org.br\/novo\/trabalhadores-aprovam-proposta-do-revezamento-fixo-por-maioria\/\"]}]},{\"@type\":\"ImageObject\",\"inLanguage\":\"pt-BR\",\"@id\":\"https:\/\/www.sitsesp.org.br\/novo\/trabalhadores-aprovam-proposta-do-revezamento-fixo-por-maioria\/#primaryimage\",\"url\":\"https:\/\/www.sitsesp.org.br\/novo\/wp-content\/uploads\/2020\/10\/1509801506-1.jpg\",\"contentUrl\":\"https:\/\/www.sitsesp.org.br\/novo\/wp-content\/uploads\/2020\/10\/1509801506-1.jpg\",\"width\":960,\"height\":540},{\"@type\":\"BreadcrumbList\",\"@id\":\"https:\/\/www.sitsesp.org.br\/novo\/trabalhadores-aprovam-proposta-do-revezamento-fixo-por-maioria\/#breadcrumb\",\"itemListElement\":[{\"@type\":\"ListItem\",\"position\":1,\"name\":\"In\u00edcio\",\"item\":\"https:\/\/www.sitsesp.org.br\/novo\/\"},{\"@type\":\"ListItem\",\"position\":2,\"name\":\"Trabalhadores aprovam proposta do revezamento\/fixo por maioria\"}]},{\"@type\":\"WebSite\",\"@id\":\"https:\/\/www.sitsesp.org.br\/novo\/#website\",\"url\":\"https:\/\/www.sitsesp.org.br\/novo\/\",\"name\":\"Sitsesp\",\"description\":\"SIndicato da Socioeduca\u00e7\u00e3o do Estado de S\u00e3o Paulo\",\"publisher\":{\"@id\":\"https:\/\/www.sitsesp.org.br\/novo\/#organization\"},\"potentialAction\":[{\"@type\":\"SearchAction\",\"target\":{\"@type\":\"EntryPoint\",\"urlTemplate\":\"https:\/\/www.sitsesp.org.br\/novo\/?s={search_term_string}\"},\"query-input\":\"required name=search_term_string\"}],\"inLanguage\":\"pt-BR\"},{\"@type\":\"Organization\",\"@id\":\"https:\/\/www.sitsesp.org.br\/novo\/#organization\",\"name\":\"Sitsesp\",\"url\":\"https:\/\/www.sitsesp.org.br\/novo\/\",\"logo\":{\"@type\":\"ImageObject\",\"inLanguage\":\"pt-BR\",\"@id\":\"https:\/\/www.sitsesp.org.br\/novo\/#\/schema\/logo\/image\/\",\"url\":\"https:\/\/www.sitsesp.org.br\/novo\/wp-content\/uploads\/2020\/09\/Design-sem-nome-1.jpg\",\"contentUrl\":\"https:\/\/www.sitsesp.org.br\/novo\/wp-content\/uploads\/2020\/09\/Design-sem-nome-1.jpg\",\"width\":300,\"height\":300,\"caption\":\"Sitsesp\"},\"image\":{\"@id\":\"https:\/\/www.sitsesp.org.br\/novo\/#\/schema\/logo\/image\/\"}},{\"@type\":\"Person\",\"@id\":\"https:\/\/www.sitsesp.org.br\/novo\/#\/schema\/person\/2a4c180eb185645b3bef8657c75e305a\",\"name\":\"mhais\",\"image\":{\"@type\":\"ImageObject\",\"inLanguage\":\"pt-BR\",\"@id\":\"https:\/\/www.sitsesp.org.br\/novo\/#\/schema\/person\/image\/\",\"url\":\"https:\/\/secure.gravatar.com\/avatar\/6f4eabe86990e81328cf702edfa92a60?s=96&d=mm&r=g\",\"contentUrl\":\"https:\/\/secure.gravatar.com\/avatar\/6f4eabe86990e81328cf702edfa92a60?s=96&d=mm&r=g\",\"caption\":\"mhais\"},\"sameAs\":[\"http:\/\/localhost\/sitsesp\"]}]}<\/script>\n<!-- \/ Yoast SEO plugin. -->","yoast_head_json":{"title":"Trabalhadores aprovam proposta do revezamento\/fixo por maioria - SITSESP","robots":{"index":"index","follow":"follow","max-snippet":"max-snippet:-1","max-image-preview":"max-image-preview:large","max-video-preview":"max-video-preview:-1"},"canonical":"https:\/\/www.sitsesp.org.br\/novo\/trabalhadores-aprovam-proposta-do-revezamento-fixo-por-maioria\/","og_locale":"pt_BR","og_type":"article","og_title":"Trabalhadores aprovam proposta do revezamento\/fixo por maioria - SITSESP","og_description":"Hoje, 04\/11, em assembleia especifica dos agentes de apoio socioeducativo deliberam por maioria de votos aprovaram a proposta do acordo coletivo&hellip;","og_url":"https:\/\/www.sitsesp.org.br\/novo\/trabalhadores-aprovam-proposta-do-revezamento-fixo-por-maioria\/","og_site_name":"SITSESP","article_published_time":"2017-11-04T13:18:26+00:00","og_image":[{"width":960,"height":540,"url":"https:\/\/www.sitsesp.org.br\/novo\/wp-content\/uploads\/2020\/10\/1509801506-1.jpg","type":"image\/jpeg"}],"author":"mhais","twitter_card":"summary_large_image","twitter_misc":{"Escrito por":"mhais","Est. tempo de leitura":"1 minuto"},"schema":{"@context":"https:\/\/schema.org","@graph":[{"@type":"Article","@id":"https:\/\/www.sitsesp.org.br\/novo\/trabalhadores-aprovam-proposta-do-revezamento-fixo-por-maioria\/#article","isPartOf":{"@id":"https:\/\/www.sitsesp.org.br\/novo\/trabalhadores-aprovam-proposta-do-revezamento-fixo-por-maioria\/"},"author":{"name":"mhais","@id":"https:\/\/www.sitsesp.org.br\/novo\/#\/schema\/person\/2a4c180eb185645b3bef8657c75e305a"},"headline":"Trabalhadores aprovam proposta do revezamento\/fixo por maioria","datePublished":"2017-11-04T13:18:26+00:00","dateModified":"2017-11-04T13:18:26+00:00","mainEntityOfPage":{"@id":"https:\/\/www.sitsesp.org.br\/novo\/trabalhadores-aprovam-proposta-do-revezamento-fixo-por-maioria\/"},"wordCount":133,"commentCount":0,"publisher":{"@id":"https:\/\/www.sitsesp.org.br\/novo\/#organization"},"image":{"@id":"https:\/\/www.sitsesp.org.br\/novo\/trabalhadores-aprovam-proposta-do-revezamento-fixo-por-maioria\/#primaryimage"},"thumbnailUrl":"https:\/\/www.sitsesp.org.br\/novo\/wp-content\/uploads\/2020\/10\/1509801506-1.jpg","articleSection":["Noticias"],"inLanguage":"pt-BR","potentialAction":[{"@type":"CommentAction","name":"Comment","target":["https:\/\/www.sitsesp.org.br\/novo\/trabalhadores-aprovam-proposta-do-revezamento-fixo-por-maioria\/#respond"]}]},{"@type":"WebPage","@id":"https:\/\/www.sitsesp.org.br\/novo\/trabalhadores-aprovam-proposta-do-revezamento-fixo-por-maioria\/","url":"https:\/\/www.sitsesp.org.br\/novo\/trabalhadores-aprovam-proposta-do-revezamento-fixo-por-maioria\/","name":"Trabalhadores aprovam proposta do revezamento\/fixo por maioria - SITSESP","isPartOf":{"@id":"https:\/\/www.sitsesp.org.br\/novo\/#website"},"primaryImageOfPage":{"@id":"https:\/\/www.sitsesp.org.br\/novo\/trabalhadores-aprovam-proposta-do-revezamento-fixo-por-maioria\/#primaryimage"},"image":{"@id":"https:\/\/www.sitsesp.org.br\/novo\/trabalhadores-aprovam-proposta-do-revezamento-fixo-por-maioria\/#primaryimage"},"thumbnailUrl":"https:\/\/www.sitsesp.org.br\/novo\/wp-content\/uploads\/2020\/10\/1509801506-1.jpg","datePublished":"2017-11-04T13:18:26+00:00","dateModified":"2017-11-04T13:18:26+00:00","breadcrumb":{"@id":"https:\/\/www.sitsesp.org.br\/novo\/trabalhadores-aprovam-proposta-do-revezamento-fixo-por-maioria\/#breadcrumb"},"inLanguage":"pt-BR","potentialAction":[{"@type":"ReadAction","target":["https:\/\/www.sitsesp.org.br\/novo\/trabalhadores-aprovam-proposta-do-revezamento-fixo-por-maioria\/"]}]},{"@type":"ImageObject","inLanguage":"pt-BR","@id":"https:\/\/www.sitsesp.org.br\/novo\/trabalhadores-aprovam-proposta-do-revezamento-fixo-por-maioria\/#primaryimage","url":"https:\/\/www.sitsesp.org.br\/novo\/wp-content\/uploads\/2020\/10\/1509801506-1.jpg","contentUrl":"https:\/\/www.sitsesp.org.br\/novo\/wp-content\/uploads\/2020\/10\/1509801506-1.jpg","width":960,"height":540},{"@type":"BreadcrumbList","@id":"https:\/\/www.sitsesp.org.br\/novo\/trabalhadores-aprovam-proposta-do-revezamento-fixo-por-maioria\/#breadcrumb","itemListElement":[{"@type":"ListItem","position":1,"name":"In\u00edcio","item":"https:\/\/www.sitsesp.org.br\/novo\/"},{"@type":"ListItem","position":2,"name":"Trabalhadores aprovam proposta do revezamento\/fixo por maioria"}]},{"@type":"WebSite","@id":"https:\/\/www.sitsesp.org.br\/novo\/#website","url":"https:\/\/www.sitsesp.org.br\/novo\/","name":"Sitsesp","description":"SIndicato da Socioeduca\u00e7\u00e3o do Estado de S\u00e3o Paulo","publisher":{"@id":"https:\/\/www.sitsesp.org.br\/novo\/#organization"},"potentialAction":[{"@type":"SearchAction","target":{"@type":"EntryPoint","urlTemplate":"https:\/\/www.sitsesp.org.br\/novo\/?s={search_term_string}"},"query-input":"required name=search_term_string"}],"inLanguage":"pt-BR"},{"@type":"Organization","@id":"https:\/\/www.sitsesp.org.br\/novo\/#organization","name":"Sitsesp","url":"https:\/\/www.sitsesp.org.br\/novo\/","logo":{"@type":"ImageObject","inLanguage":"pt-BR","@id":"https:\/\/www.sitsesp.org.br\/novo\/#\/schema\/logo\/image\/","url":"https:\/\/www.sitsesp.org.br\/novo\/wp-content\/uploads\/2020\/09\/Design-sem-nome-1.jpg","contentUrl":"https:\/\/www.sitsesp.org.br\/novo\/wp-content\/uploads\/2020\/09\/Design-sem-nome-1.jpg","width":300,"height":300,"caption":"Sitsesp"},"image":{"@id":"https:\/\/www.sitsesp.org.br\/novo\/#\/schema\/logo\/image\/"}},{"@type":"Person","@id":"https:\/\/www.sitsesp.org.br\/novo\/#\/schema\/person\/2a4c180eb185645b3bef8657c75e305a","name":"mhais","image":{"@type":"ImageObject","inLanguage":"pt-BR","@id":"https:\/\/www.sitsesp.org.br\/novo\/#\/schema\/person\/image\/","url":"https:\/\/secure.gravatar.com\/avatar\/6f4eabe86990e81328cf702edfa92a60?s=96&d=mm&r=g","contentUrl":"https:\/\/secure.gravatar.com\/avatar\/6f4eabe86990e81328cf702edfa92a60?s=96&d=mm&r=g","caption":"mhais"},"sameAs":["http:\/\/localhost\/sitsesp"]}]}},"_links":{"self":[{"href":"https:\/\/www.sitsesp.org.br\/novo\/wp-json\/wp\/v2\/posts\/2173"}],"collection":[{"href":"https:\/\/www.sitsesp.org.br\/novo\/wp-json\/wp\/v2\/posts"}],"about":[{"href":"https:\/\/www.sitsesp.org.br\/novo\/wp-json\/wp\/v2\/types\/post"}],"author":[{"embeddable":true,"href":"https:\/\/www.sitsesp.org.br\/novo\/wp-json\/wp\/v2\/users\/1"}],"replies":[{"embeddable":true,"href":"https:\/\/www.sitsesp.org.br\/novo\/wp-json\/wp\/v2\/comments?post=2173"}],"version-history":[{"count":0,"href":"https:\/\/www.sitsesp.org.br\/novo\/wp-json\/wp\/v2\/posts\/2173\/revisions"}],"wp:featuredmedia":[{"embeddable":true,"href":"https:\/\/www.sitsesp.org.br\/novo\/wp-json\/wp\/v2\/media\/2174"}],"wp:attachment":[{"href":"https:\/\/www.sitsesp.org.br\/novo\/wp-json\/wp\/v2\/media?parent=2173"}],"wp:term":[{"taxonomy":"category","embeddable":true,"href":"https:\/\/www.sitsesp.org.br\/novo\/wp-json\/wp\/v2\/categories?post=2173"},{"taxonomy":"post_tag","embeddable":true,"href":"https:\/\/www.sitsesp.org.br\/novo\/wp-json\/wp\/v2\/tags?post=2173"}],"curies":[{"name":"wp","href":"https:\/\/api.w.org\/{rel}","templated":true}]}}