{"id":2325,"date":"2019-07-05T21:24:11","date_gmt":"2019-07-06T00:24:11","guid":{"rendered":"https:\/\/pecorari-cloud72.pecoraricloud.com.br\/~sitsesporg\/fundacao-casa-chama-sindicato-e-comissao-para-reuniao-da-campanha-salarial-2019\/"},"modified":"2019-07-05T21:24:11","modified_gmt":"2019-07-06T00:24:11","slug":"fundacao-casa-chama-sindicato-e-comissao-para-reuniao-da-campanha-salarial-2019","status":"publish","type":"post","link":"https:\/\/www.sitsesp.org.br\/novo\/fundacao-casa-chama-sindicato-e-comissao-para-reuniao-da-campanha-salarial-2019\/","title":{"rendered":"Funda\u00e7\u00e3o CASA chama Sindicato e Comiss\u00e3o para reuni\u00e3o da Campanha Salarial 2019"},"content":{"rendered":"<p><!-- VideographyWP Plugin Message: Automatic video embedding prevented by plugin options. --><\/p>\n<p>Hoje, (05\/07) a Funda&ccedil;&atilde;o Casa chamou Dire&ccedil;&atilde;o do SiTSESP e Comiss&atilde;o de trabalhadores para uma reuni&atilde;o emergencial sobre a Campanha Salarial. Participaram da reuni&atilde;o o presidente da institui&ccedil;&atilde;o Paulo Dimas, Ana Cl&aacute;udia, Ana L&uacute;cia, e o advogado Medeiros. Representando os trabalhadores estavam o Aldo presidente e &Acirc;ngela diretora do Sindicato, da Comiss&atilde;o de Negocia&ccedil;&atilde;o participaram Emerson e Marcilio.<\/p>\n<p>O Secretario Presidente reafirmou a disponibilidade do di&aacute;logo com a categoria, com a possibilidade de estudar sobre a seguran&ccedil;a no ambiente do trabalho, como tamb&eacute;m aceita ouvir proposta sobre esta quest&atilde;o.<\/p>\n<p>Afirmou ainda que ir&aacute; rever a cl&aacute;usula que trata dos PAs de atrasos. Foi discutido sobre PCCs, em suas distor&ccedil;&otilde;es dos planos anteriores. Os representantes da Funda&ccedil;&atilde;o referiram-se sobre a portaria 614 solicitando para Dr. Naz&aacute;rio estudos sobre esta quest&atilde;o, refor&ccedil;ando a import&acirc;ncia dos trabalhadores participarem da comiss&atilde;o sobre o Plano de Carreira. Sobre o pagamento PCCs de 2015, afirmaram que h&aacute; necessidade de finaliza&ccedil;&atilde;o para que possam atender os recursos e em seguida fazer o pagamento.<\/p>\n<p>Afirmou ainda que encaminhou a solicita&ccedil;&atilde;o da programa&ccedil;&atilde;o de bonifica&ccedil;&atilde;o com novos indicadores. E em rela&ccedil;&atilde;o ao reajuste de 4.13% retroativo &agrave; 1 de Mar&ccedil;o disse que h&aacute; possibilidade de Folha suplementar para realizar o pagamento. E ainda com garantia de duas folgas para quem labora no 2X2.<\/p>\n<p>O presidente Aldo solicitou reuni&otilde;es mensais de negocia&ccedil;&otilde;es, por sua vez o Secret&aacute;rio Presidente Dimas reafirmou o compromisso com as reuni&otilde;es bipartite permanente.<\/p>\n","protected":false},"excerpt":{"rendered":"<p>Hoje, (05\/07) a Funda&ccedil;&atilde;o Casa chamou Dire&ccedil;&atilde;o do SiTSESP e Comiss&atilde;o de trabalhadores para uma reuni&atilde;o emergencial sobre a Campanha Salarial.&hellip;<\/p>\n","protected":false},"author":1,"featured_media":2326,"comment_status":"open","ping_status":"open","sticky":false,"template":"","format":"standard","meta":{"cybocfi_hide_featured_image":"","footnotes":""},"categories":[22],"tags":[],"yoast_head":"<!-- This site is optimized with the Yoast SEO plugin v22.8 - https:\/\/yoast.com\/wordpress\/plugins\/seo\/ -->\n<title>Funda\u00e7\u00e3o CASA chama Sindicato e Comiss\u00e3o para reuni\u00e3o da Campanha Salarial 2019 - SITSESP<\/title>\n<meta name=\"robots\" content=\"index, follow, max-snippet:-1, max-image-preview:large, max-video-preview:-1\" \/>\n<link rel=\"canonical\" href=\"https:\/\/www.sitsesp.org.br\/novo\/fundacao-casa-chama-sindicato-e-comissao-para-reuniao-da-campanha-salarial-2019\/\" \/>\n<meta property=\"og:locale\" content=\"pt_BR\" \/>\n<meta property=\"og:type\" content=\"article\" \/>\n<meta property=\"og:title\" content=\"Funda\u00e7\u00e3o CASA chama Sindicato e Comiss\u00e3o para reuni\u00e3o da Campanha Salarial 2019 - SITSESP\" \/>\n<meta property=\"og:description\" content=\"Hoje, (05\/07) a Funda&ccedil;&atilde;o Casa chamou Dire&ccedil;&atilde;o do SiTSESP e Comiss&atilde;o de trabalhadores para uma reuni&atilde;o emergencial sobre a Campanha Salarial.&hellip;\" \/>\n<meta property=\"og:url\" content=\"https:\/\/www.sitsesp.org.br\/novo\/fundacao-casa-chama-sindicato-e-comissao-para-reuniao-da-campanha-salarial-2019\/\" \/>\n<meta property=\"og:site_name\" content=\"SITSESP\" \/>\n<meta property=\"article:published_time\" content=\"2019-07-06T00:24:11+00:00\" \/>\n<meta property=\"og:image\" content=\"https:\/\/www.sitsesp.org.br\/novo\/wp-content\/uploads\/2020\/10\/1562372651-1.jpg\" \/>\n\t<meta property=\"og:image:width\" content=\"331\" \/>\n\t<meta property=\"og:image:height\" content=\"279\" \/>\n\t<meta property=\"og:image:type\" content=\"image\/jpeg\" \/>\n<meta name=\"author\" content=\"mhais\" \/>\n<meta name=\"twitter:card\" content=\"summary_large_image\" \/>\n<meta name=\"twitter:label1\" content=\"Escrito por\" \/>\n\t<meta name=\"twitter:data1\" content=\"mhais\" \/>\n\t<meta name=\"twitter:label2\" content=\"Est. tempo de leitura\" \/>\n\t<meta name=\"twitter:data2\" content=\"2 minutos\" \/>\n<script type=\"application\/ld+json\" class=\"yoast-schema-graph\">{\"@context\":\"https:\/\/schema.org\",\"@graph\":[{\"@type\":\"Article\",\"@id\":\"https:\/\/www.sitsesp.org.br\/novo\/fundacao-casa-chama-sindicato-e-comissao-para-reuniao-da-campanha-salarial-2019\/#article\",\"isPartOf\":{\"@id\":\"https:\/\/www.sitsesp.org.br\/novo\/fundacao-casa-chama-sindicato-e-comissao-para-reuniao-da-campanha-salarial-2019\/\"},\"author\":{\"name\":\"mhais\",\"@id\":\"https:\/\/www.sitsesp.org.br\/novo\/#\/schema\/person\/2a4c180eb185645b3bef8657c75e305a\"},\"headline\":\"Funda\u00e7\u00e3o CASA chama Sindicato e Comiss\u00e3o para reuni\u00e3o da Campanha Salarial 2019\",\"datePublished\":\"2019-07-06T00:24:11+00:00\",\"dateModified\":\"2019-07-06T00:24:11+00:00\",\"mainEntityOfPage\":{\"@id\":\"https:\/\/www.sitsesp.org.br\/novo\/fundacao-casa-chama-sindicato-e-comissao-para-reuniao-da-campanha-salarial-2019\/\"},\"wordCount\":326,\"commentCount\":0,\"publisher\":{\"@id\":\"https:\/\/www.sitsesp.org.br\/novo\/#organization\"},\"image\":{\"@id\":\"https:\/\/www.sitsesp.org.br\/novo\/fundacao-casa-chama-sindicato-e-comissao-para-reuniao-da-campanha-salarial-2019\/#primaryimage\"},\"thumbnailUrl\":\"https:\/\/www.sitsesp.org.br\/novo\/wp-content\/uploads\/2020\/10\/1562372651-1.jpg\",\"articleSection\":[\"Noticias\"],\"inLanguage\":\"pt-BR\",\"potentialAction\":[{\"@type\":\"CommentAction\",\"name\":\"Comment\",\"target\":[\"https:\/\/www.sitsesp.org.br\/novo\/fundacao-casa-chama-sindicato-e-comissao-para-reuniao-da-campanha-salarial-2019\/#respond\"]}]},{\"@type\":\"WebPage\",\"@id\":\"https:\/\/www.sitsesp.org.br\/novo\/fundacao-casa-chama-sindicato-e-comissao-para-reuniao-da-campanha-salarial-2019\/\",\"url\":\"https:\/\/www.sitsesp.org.br\/novo\/fundacao-casa-chama-sindicato-e-comissao-para-reuniao-da-campanha-salarial-2019\/\",\"name\":\"Funda\u00e7\u00e3o CASA chama Sindicato e Comiss\u00e3o para reuni\u00e3o da Campanha Salarial 2019 - SITSESP\",\"isPartOf\":{\"@id\":\"https:\/\/www.sitsesp.org.br\/novo\/#website\"},\"primaryImageOfPage\":{\"@id\":\"https:\/\/www.sitsesp.org.br\/novo\/fundacao-casa-chama-sindicato-e-comissao-para-reuniao-da-campanha-salarial-2019\/#primaryimage\"},\"image\":{\"@id\":\"https:\/\/www.sitsesp.org.br\/novo\/fundacao-casa-chama-sindicato-e-comissao-para-reuniao-da-campanha-salarial-2019\/#primaryimage\"},\"thumbnailUrl\":\"https:\/\/www.sitsesp.org.br\/novo\/wp-content\/uploads\/2020\/10\/1562372651-1.jpg\",\"datePublished\":\"2019-07-06T00:24:11+00:00\",\"dateModified\":\"2019-07-06T00:24:11+00:00\",\"breadcrumb\":{\"@id\":\"https:\/\/www.sitsesp.org.br\/novo\/fundacao-casa-chama-sindicato-e-comissao-para-reuniao-da-campanha-salarial-2019\/#breadcrumb\"},\"inLanguage\":\"pt-BR\",\"potentialAction\":[{\"@type\":\"ReadAction\",\"target\":[\"https:\/\/www.sitsesp.org.br\/novo\/fundacao-casa-chama-sindicato-e-comissao-para-reuniao-da-campanha-salarial-2019\/\"]}]},{\"@type\":\"ImageObject\",\"inLanguage\":\"pt-BR\",\"@id\":\"https:\/\/www.sitsesp.org.br\/novo\/fundacao-casa-chama-sindicato-e-comissao-para-reuniao-da-campanha-salarial-2019\/#primaryimage\",\"url\":\"https:\/\/www.sitsesp.org.br\/novo\/wp-content\/uploads\/2020\/10\/1562372651-1.jpg\",\"contentUrl\":\"https:\/\/www.sitsesp.org.br\/novo\/wp-content\/uploads\/2020\/10\/1562372651-1.jpg\",\"width\":331,\"height\":279},{\"@type\":\"BreadcrumbList\",\"@id\":\"https:\/\/www.sitsesp.org.br\/novo\/fundacao-casa-chama-sindicato-e-comissao-para-reuniao-da-campanha-salarial-2019\/#breadcrumb\",\"itemListElement\":[{\"@type\":\"ListItem\",\"position\":1,\"name\":\"In\u00edcio\",\"item\":\"https:\/\/www.sitsesp.org.br\/novo\/\"},{\"@type\":\"ListItem\",\"position\":2,\"name\":\"Funda\u00e7\u00e3o CASA chama Sindicato e Comiss\u00e3o para reuni\u00e3o da Campanha Salarial 2019\"}]},{\"@type\":\"WebSite\",\"@id\":\"https:\/\/www.sitsesp.org.br\/novo\/#website\",\"url\":\"https:\/\/www.sitsesp.org.br\/novo\/\",\"name\":\"Sitsesp\",\"description\":\"SIndicato da Socioeduca\u00e7\u00e3o do Estado de S\u00e3o Paulo\",\"publisher\":{\"@id\":\"https:\/\/www.sitsesp.org.br\/novo\/#organization\"},\"potentialAction\":[{\"@type\":\"SearchAction\",\"target\":{\"@type\":\"EntryPoint\",\"urlTemplate\":\"https:\/\/www.sitsesp.org.br\/novo\/?s={search_term_string}\"},\"query-input\":\"required name=search_term_string\"}],\"inLanguage\":\"pt-BR\"},{\"@type\":\"Organization\",\"@id\":\"https:\/\/www.sitsesp.org.br\/novo\/#organization\",\"name\":\"Sitsesp\",\"url\":\"https:\/\/www.sitsesp.org.br\/novo\/\",\"logo\":{\"@type\":\"ImageObject\",\"inLanguage\":\"pt-BR\",\"@id\":\"https:\/\/www.sitsesp.org.br\/novo\/#\/schema\/logo\/image\/\",\"url\":\"https:\/\/www.sitsesp.org.br\/novo\/wp-content\/uploads\/2020\/09\/Design-sem-nome-1.jpg\",\"contentUrl\":\"https:\/\/www.sitsesp.org.br\/novo\/wp-content\/uploads\/2020\/09\/Design-sem-nome-1.jpg\",\"width\":300,\"height\":300,\"caption\":\"Sitsesp\"},\"image\":{\"@id\":\"https:\/\/www.sitsesp.org.br\/novo\/#\/schema\/logo\/image\/\"}},{\"@type\":\"Person\",\"@id\":\"https:\/\/www.sitsesp.org.br\/novo\/#\/schema\/person\/2a4c180eb185645b3bef8657c75e305a\",\"name\":\"mhais\",\"image\":{\"@type\":\"ImageObject\",\"inLanguage\":\"pt-BR\",\"@id\":\"https:\/\/www.sitsesp.org.br\/novo\/#\/schema\/person\/image\/\",\"url\":\"https:\/\/secure.gravatar.com\/avatar\/6f4eabe86990e81328cf702edfa92a60?s=96&d=mm&r=g\",\"contentUrl\":\"https:\/\/secure.gravatar.com\/avatar\/6f4eabe86990e81328cf702edfa92a60?s=96&d=mm&r=g\",\"caption\":\"mhais\"},\"sameAs\":[\"http:\/\/localhost\/sitsesp\"]}]}<\/script>\n<!-- \/ Yoast SEO plugin. -->","yoast_head_json":{"title":"Funda\u00e7\u00e3o CASA chama Sindicato e Comiss\u00e3o para reuni\u00e3o da Campanha Salarial 2019 - SITSESP","robots":{"index":"index","follow":"follow","max-snippet":"max-snippet:-1","max-image-preview":"max-image-preview:large","max-video-preview":"max-video-preview:-1"},"canonical":"https:\/\/www.sitsesp.org.br\/novo\/fundacao-casa-chama-sindicato-e-comissao-para-reuniao-da-campanha-salarial-2019\/","og_locale":"pt_BR","og_type":"article","og_title":"Funda\u00e7\u00e3o CASA chama Sindicato e Comiss\u00e3o para reuni\u00e3o da Campanha Salarial 2019 - SITSESP","og_description":"Hoje, (05\/07) a Funda&ccedil;&atilde;o Casa chamou Dire&ccedil;&atilde;o do SiTSESP e Comiss&atilde;o de trabalhadores para uma reuni&atilde;o emergencial sobre a Campanha Salarial.&hellip;","og_url":"https:\/\/www.sitsesp.org.br\/novo\/fundacao-casa-chama-sindicato-e-comissao-para-reuniao-da-campanha-salarial-2019\/","og_site_name":"SITSESP","article_published_time":"2019-07-06T00:24:11+00:00","og_image":[{"width":331,"height":279,"url":"https:\/\/www.sitsesp.org.br\/novo\/wp-content\/uploads\/2020\/10\/1562372651-1.jpg","type":"image\/jpeg"}],"author":"mhais","twitter_card":"summary_large_image","twitter_misc":{"Escrito por":"mhais","Est. tempo de leitura":"2 minutos"},"schema":{"@context":"https:\/\/schema.org","@graph":[{"@type":"Article","@id":"https:\/\/www.sitsesp.org.br\/novo\/fundacao-casa-chama-sindicato-e-comissao-para-reuniao-da-campanha-salarial-2019\/#article","isPartOf":{"@id":"https:\/\/www.sitsesp.org.br\/novo\/fundacao-casa-chama-sindicato-e-comissao-para-reuniao-da-campanha-salarial-2019\/"},"author":{"name":"mhais","@id":"https:\/\/www.sitsesp.org.br\/novo\/#\/schema\/person\/2a4c180eb185645b3bef8657c75e305a"},"headline":"Funda\u00e7\u00e3o CASA chama Sindicato e Comiss\u00e3o para reuni\u00e3o da Campanha Salarial 2019","datePublished":"2019-07-06T00:24:11+00:00","dateModified":"2019-07-06T00:24:11+00:00","mainEntityOfPage":{"@id":"https:\/\/www.sitsesp.org.br\/novo\/fundacao-casa-chama-sindicato-e-comissao-para-reuniao-da-campanha-salarial-2019\/"},"wordCount":326,"commentCount":0,"publisher":{"@id":"https:\/\/www.sitsesp.org.br\/novo\/#organization"},"image":{"@id":"https:\/\/www.sitsesp.org.br\/novo\/fundacao-casa-chama-sindicato-e-comissao-para-reuniao-da-campanha-salarial-2019\/#primaryimage"},"thumbnailUrl":"https:\/\/www.sitsesp.org.br\/novo\/wp-content\/uploads\/2020\/10\/1562372651-1.jpg","articleSection":["Noticias"],"inLanguage":"pt-BR","potentialAction":[{"@type":"CommentAction","name":"Comment","target":["https:\/\/www.sitsesp.org.br\/novo\/fundacao-casa-chama-sindicato-e-comissao-para-reuniao-da-campanha-salarial-2019\/#respond"]}]},{"@type":"WebPage","@id":"https:\/\/www.sitsesp.org.br\/novo\/fundacao-casa-chama-sindicato-e-comissao-para-reuniao-da-campanha-salarial-2019\/","url":"https:\/\/www.sitsesp.org.br\/novo\/fundacao-casa-chama-sindicato-e-comissao-para-reuniao-da-campanha-salarial-2019\/","name":"Funda\u00e7\u00e3o CASA chama Sindicato e Comiss\u00e3o para reuni\u00e3o da Campanha Salarial 2019 - SITSESP","isPartOf":{"@id":"https:\/\/www.sitsesp.org.br\/novo\/#website"},"primaryImageOfPage":{"@id":"https:\/\/www.sitsesp.org.br\/novo\/fundacao-casa-chama-sindicato-e-comissao-para-reuniao-da-campanha-salarial-2019\/#primaryimage"},"image":{"@id":"https:\/\/www.sitsesp.org.br\/novo\/fundacao-casa-chama-sindicato-e-comissao-para-reuniao-da-campanha-salarial-2019\/#primaryimage"},"thumbnailUrl":"https:\/\/www.sitsesp.org.br\/novo\/wp-content\/uploads\/2020\/10\/1562372651-1.jpg","datePublished":"2019-07-06T00:24:11+00:00","dateModified":"2019-07-06T00:24:11+00:00","breadcrumb":{"@id":"https:\/\/www.sitsesp.org.br\/novo\/fundacao-casa-chama-sindicato-e-comissao-para-reuniao-da-campanha-salarial-2019\/#breadcrumb"},"inLanguage":"pt-BR","potentialAction":[{"@type":"ReadAction","target":["https:\/\/www.sitsesp.org.br\/novo\/fundacao-casa-chama-sindicato-e-comissao-para-reuniao-da-campanha-salarial-2019\/"]}]},{"@type":"ImageObject","inLanguage":"pt-BR","@id":"https:\/\/www.sitsesp.org.br\/novo\/fundacao-casa-chama-sindicato-e-comissao-para-reuniao-da-campanha-salarial-2019\/#primaryimage","url":"https:\/\/www.sitsesp.org.br\/novo\/wp-content\/uploads\/2020\/10\/1562372651-1.jpg","contentUrl":"https:\/\/www.sitsesp.org.br\/novo\/wp-content\/uploads\/2020\/10\/1562372651-1.jpg","width":331,"height":279},{"@type":"BreadcrumbList","@id":"https:\/\/www.sitsesp.org.br\/novo\/fundacao-casa-chama-sindicato-e-comissao-para-reuniao-da-campanha-salarial-2019\/#breadcrumb","itemListElement":[{"@type":"ListItem","position":1,"name":"In\u00edcio","item":"https:\/\/www.sitsesp.org.br\/novo\/"},{"@type":"ListItem","position":2,"name":"Funda\u00e7\u00e3o CASA chama Sindicato e Comiss\u00e3o para reuni\u00e3o da Campanha Salarial 2019"}]},{"@type":"WebSite","@id":"https:\/\/www.sitsesp.org.br\/novo\/#website","url":"https:\/\/www.sitsesp.org.br\/novo\/","name":"Sitsesp","description":"SIndicato da Socioeduca\u00e7\u00e3o do Estado de S\u00e3o Paulo","publisher":{"@id":"https:\/\/www.sitsesp.org.br\/novo\/#organization"},"potentialAction":[{"@type":"SearchAction","target":{"@type":"EntryPoint","urlTemplate":"https:\/\/www.sitsesp.org.br\/novo\/?s={search_term_string}"},"query-input":"required name=search_term_string"}],"inLanguage":"pt-BR"},{"@type":"Organization","@id":"https:\/\/www.sitsesp.org.br\/novo\/#organization","name":"Sitsesp","url":"https:\/\/www.sitsesp.org.br\/novo\/","logo":{"@type":"ImageObject","inLanguage":"pt-BR","@id":"https:\/\/www.sitsesp.org.br\/novo\/#\/schema\/logo\/image\/","url":"https:\/\/www.sitsesp.org.br\/novo\/wp-content\/uploads\/2020\/09\/Design-sem-nome-1.jpg","contentUrl":"https:\/\/www.sitsesp.org.br\/novo\/wp-content\/uploads\/2020\/09\/Design-sem-nome-1.jpg","width":300,"height":300,"caption":"Sitsesp"},"image":{"@id":"https:\/\/www.sitsesp.org.br\/novo\/#\/schema\/logo\/image\/"}},{"@type":"Person","@id":"https:\/\/www.sitsesp.org.br\/novo\/#\/schema\/person\/2a4c180eb185645b3bef8657c75e305a","name":"mhais","image":{"@type":"ImageObject","inLanguage":"pt-BR","@id":"https:\/\/www.sitsesp.org.br\/novo\/#\/schema\/person\/image\/","url":"https:\/\/secure.gravatar.com\/avatar\/6f4eabe86990e81328cf702edfa92a60?s=96&d=mm&r=g","contentUrl":"https:\/\/secure.gravatar.com\/avatar\/6f4eabe86990e81328cf702edfa92a60?s=96&d=mm&r=g","caption":"mhais"},"sameAs":["http:\/\/localhost\/sitsesp"]}]}},"_links":{"self":[{"href":"https:\/\/www.sitsesp.org.br\/novo\/wp-json\/wp\/v2\/posts\/2325"}],"collection":[{"href":"https:\/\/www.sitsesp.org.br\/novo\/wp-json\/wp\/v2\/posts"}],"about":[{"href":"https:\/\/www.sitsesp.org.br\/novo\/wp-json\/wp\/v2\/types\/post"}],"author":[{"embeddable":true,"href":"https:\/\/www.sitsesp.org.br\/novo\/wp-json\/wp\/v2\/users\/1"}],"replies":[{"embeddable":true,"href":"https:\/\/www.sitsesp.org.br\/novo\/wp-json\/wp\/v2\/comments?post=2325"}],"version-history":[{"count":0,"href":"https:\/\/www.sitsesp.org.br\/novo\/wp-json\/wp\/v2\/posts\/2325\/revisions"}],"wp:featuredmedia":[{"embeddable":true,"href":"https:\/\/www.sitsesp.org.br\/novo\/wp-json\/wp\/v2\/media\/2326"}],"wp:attachment":[{"href":"https:\/\/www.sitsesp.org.br\/novo\/wp-json\/wp\/v2\/media?parent=2325"}],"wp:term":[{"taxonomy":"category","embeddable":true,"href":"https:\/\/www.sitsesp.org.br\/novo\/wp-json\/wp\/v2\/categories?post=2325"},{"taxonomy":"post_tag","embeddable":true,"href":"https:\/\/www.sitsesp.org.br\/novo\/wp-json\/wp\/v2\/tags?post=2325"}],"curies":[{"name":"wp","href":"https:\/\/api.w.org\/{rel}","templated":true}]}}