{"id":2327,"date":"2019-07-12T09:43:23","date_gmt":"2019-07-12T12:43:23","guid":{"rendered":"https:\/\/pecorari-cloud72.pecoraricloud.com.br\/~sitsesporg\/fundacao-reafirma-aos-seus-trabalhadores-a-proposta-ja-encaminhada\/"},"modified":"2019-07-12T09:43:23","modified_gmt":"2019-07-12T12:43:23","slug":"fundacao-reafirma-aos-seus-trabalhadores-a-proposta-ja-encaminhada","status":"publish","type":"post","link":"https:\/\/www.sitsesp.org.br\/novo\/fundacao-reafirma-aos-seus-trabalhadores-a-proposta-ja-encaminhada\/","title":{"rendered":"Funda\u00e7\u00e3o reafirma aos seus trabalhadores a proposta j\u00e1 encaminhada"},"content":{"rendered":"<p><!-- VideographyWP Plugin Message: Automatic video embedding prevented by plugin options. --><\/p>\n<p>Nesta quinta-feira (11\/07) a Funda&ccedil;&atilde;o CASA reafirmou sua proposta aos trabalhadores e reencaminhou reafirmando, que prop&otilde;e:<\/p>\n<p>Reajuste de 4,13% incidindo sobre o VA, VR Aux&iacute;lio Creche e Funeral;<\/p>\n<p>Manuten&ccedil;&atilde;o dos demais benef&iacute;cios;<\/p>\n<p>Implanta&ccedil;&atilde;o da avalia&ccedil;&atilde;o de compet&ecirc;ncia de 2015, com pagamento at&eacute; dezembro de 2019;<\/p>\n<p>Concess&atilde;o de duas folgas anuais para os servidores que laboram na escala 2&#215;2;<\/p>\n<p>Revis&atilde;o das normas e procedimentos t&eacute;cnicos e administrativos para aprimoramento das rotinas, supera&ccedil;&atilde;o de eventuais iniquidades e melhoria do clima organizacional;<\/p>\n<p>A proposta ser&aacute; repassada aos trabalhadores na assembleia de Campanha Salarial 2019,que ocorre neste s&aacute;bado (12\/07), no Sindicato dos Sapateiros e Coureiros (Rua Coronel Cintra, 119 &ndash; Mooca), primeira chamada &agrave;s 9:30 e &agrave;s 10hs, segunda chamada com inicio da Assembleia.<\/p>\n","protected":false},"excerpt":{"rendered":"<p>Nesta quinta-feira (11\/07) a Funda&ccedil;&atilde;o CASA reafirmou sua proposta aos trabalhadores e reencaminhou reafirmando, que prop&otilde;e: Reajuste de 4,13% incidindo sobre&hellip;<\/p>\n","protected":false},"author":1,"featured_media":2328,"comment_status":"open","ping_status":"open","sticky":false,"template":"","format":"standard","meta":{"cybocfi_hide_featured_image":"","footnotes":""},"categories":[22],"tags":[],"yoast_head":"<!-- This site is optimized with the Yoast SEO plugin v22.8 - https:\/\/yoast.com\/wordpress\/plugins\/seo\/ -->\n<title>Funda\u00e7\u00e3o reafirma aos seus trabalhadores a proposta j\u00e1 encaminhada - SITSESP<\/title>\n<meta name=\"robots\" content=\"index, follow, max-snippet:-1, max-image-preview:large, max-video-preview:-1\" \/>\n<link rel=\"canonical\" href=\"https:\/\/www.sitsesp.org.br\/novo\/fundacao-reafirma-aos-seus-trabalhadores-a-proposta-ja-encaminhada\/\" \/>\n<meta property=\"og:locale\" content=\"pt_BR\" \/>\n<meta property=\"og:type\" content=\"article\" \/>\n<meta property=\"og:title\" content=\"Funda\u00e7\u00e3o reafirma aos seus trabalhadores a proposta j\u00e1 encaminhada - SITSESP\" \/>\n<meta property=\"og:description\" content=\"Nesta quinta-feira (11\/07) a Funda&ccedil;&atilde;o CASA reafirmou sua proposta aos trabalhadores e reencaminhou reafirmando, que prop&otilde;e: Reajuste de 4,13% incidindo sobre&hellip;\" \/>\n<meta property=\"og:url\" content=\"https:\/\/www.sitsesp.org.br\/novo\/fundacao-reafirma-aos-seus-trabalhadores-a-proposta-ja-encaminhada\/\" \/>\n<meta property=\"og:site_name\" content=\"SITSESP\" \/>\n<meta property=\"article:published_time\" content=\"2019-07-12T12:43:23+00:00\" \/>\n<meta property=\"og:image\" content=\"https:\/\/www.sitsesp.org.br\/novo\/wp-content\/uploads\/2020\/10\/1562935403-1.png\" \/>\n\t<meta property=\"og:image:width\" content=\"815\" \/>\n\t<meta property=\"og:image:height\" content=\"960\" \/>\n\t<meta property=\"og:image:type\" content=\"image\/png\" \/>\n<meta name=\"author\" content=\"mhais\" \/>\n<meta name=\"twitter:card\" content=\"summary_large_image\" \/>\n<meta name=\"twitter:label1\" content=\"Escrito por\" \/>\n\t<meta name=\"twitter:data1\" content=\"mhais\" \/>\n\t<meta name=\"twitter:label2\" content=\"Est. tempo de leitura\" \/>\n\t<meta name=\"twitter:data2\" content=\"1 minuto\" \/>\n<script type=\"application\/ld+json\" class=\"yoast-schema-graph\">{\"@context\":\"https:\/\/schema.org\",\"@graph\":[{\"@type\":\"Article\",\"@id\":\"https:\/\/www.sitsesp.org.br\/novo\/fundacao-reafirma-aos-seus-trabalhadores-a-proposta-ja-encaminhada\/#article\",\"isPartOf\":{\"@id\":\"https:\/\/www.sitsesp.org.br\/novo\/fundacao-reafirma-aos-seus-trabalhadores-a-proposta-ja-encaminhada\/\"},\"author\":{\"name\":\"mhais\",\"@id\":\"https:\/\/www.sitsesp.org.br\/novo\/#\/schema\/person\/2a4c180eb185645b3bef8657c75e305a\"},\"headline\":\"Funda\u00e7\u00e3o reafirma aos seus trabalhadores a proposta j\u00e1 encaminhada\",\"datePublished\":\"2019-07-12T12:43:23+00:00\",\"dateModified\":\"2019-07-12T12:43:23+00:00\",\"mainEntityOfPage\":{\"@id\":\"https:\/\/www.sitsesp.org.br\/novo\/fundacao-reafirma-aos-seus-trabalhadores-a-proposta-ja-encaminhada\/\"},\"wordCount\":158,\"commentCount\":0,\"publisher\":{\"@id\":\"https:\/\/www.sitsesp.org.br\/novo\/#organization\"},\"image\":{\"@id\":\"https:\/\/www.sitsesp.org.br\/novo\/fundacao-reafirma-aos-seus-trabalhadores-a-proposta-ja-encaminhada\/#primaryimage\"},\"thumbnailUrl\":\"https:\/\/www.sitsesp.org.br\/novo\/wp-content\/uploads\/2020\/10\/1562935403-1.png\",\"articleSection\":[\"Noticias\"],\"inLanguage\":\"pt-BR\",\"potentialAction\":[{\"@type\":\"CommentAction\",\"name\":\"Comment\",\"target\":[\"https:\/\/www.sitsesp.org.br\/novo\/fundacao-reafirma-aos-seus-trabalhadores-a-proposta-ja-encaminhada\/#respond\"]}]},{\"@type\":\"WebPage\",\"@id\":\"https:\/\/www.sitsesp.org.br\/novo\/fundacao-reafirma-aos-seus-trabalhadores-a-proposta-ja-encaminhada\/\",\"url\":\"https:\/\/www.sitsesp.org.br\/novo\/fundacao-reafirma-aos-seus-trabalhadores-a-proposta-ja-encaminhada\/\",\"name\":\"Funda\u00e7\u00e3o reafirma aos seus trabalhadores a proposta j\u00e1 encaminhada - SITSESP\",\"isPartOf\":{\"@id\":\"https:\/\/www.sitsesp.org.br\/novo\/#website\"},\"primaryImageOfPage\":{\"@id\":\"https:\/\/www.sitsesp.org.br\/novo\/fundacao-reafirma-aos-seus-trabalhadores-a-proposta-ja-encaminhada\/#primaryimage\"},\"image\":{\"@id\":\"https:\/\/www.sitsesp.org.br\/novo\/fundacao-reafirma-aos-seus-trabalhadores-a-proposta-ja-encaminhada\/#primaryimage\"},\"thumbnailUrl\":\"https:\/\/www.sitsesp.org.br\/novo\/wp-content\/uploads\/2020\/10\/1562935403-1.png\",\"datePublished\":\"2019-07-12T12:43:23+00:00\",\"dateModified\":\"2019-07-12T12:43:23+00:00\",\"breadcrumb\":{\"@id\":\"https:\/\/www.sitsesp.org.br\/novo\/fundacao-reafirma-aos-seus-trabalhadores-a-proposta-ja-encaminhada\/#breadcrumb\"},\"inLanguage\":\"pt-BR\",\"potentialAction\":[{\"@type\":\"ReadAction\",\"target\":[\"https:\/\/www.sitsesp.org.br\/novo\/fundacao-reafirma-aos-seus-trabalhadores-a-proposta-ja-encaminhada\/\"]}]},{\"@type\":\"ImageObject\",\"inLanguage\":\"pt-BR\",\"@id\":\"https:\/\/www.sitsesp.org.br\/novo\/fundacao-reafirma-aos-seus-trabalhadores-a-proposta-ja-encaminhada\/#primaryimage\",\"url\":\"https:\/\/www.sitsesp.org.br\/novo\/wp-content\/uploads\/2020\/10\/1562935403-1.png\",\"contentUrl\":\"https:\/\/www.sitsesp.org.br\/novo\/wp-content\/uploads\/2020\/10\/1562935403-1.png\",\"width\":815,\"height\":960},{\"@type\":\"BreadcrumbList\",\"@id\":\"https:\/\/www.sitsesp.org.br\/novo\/fundacao-reafirma-aos-seus-trabalhadores-a-proposta-ja-encaminhada\/#breadcrumb\",\"itemListElement\":[{\"@type\":\"ListItem\",\"position\":1,\"name\":\"In\u00edcio\",\"item\":\"https:\/\/www.sitsesp.org.br\/novo\/\"},{\"@type\":\"ListItem\",\"position\":2,\"name\":\"Funda\u00e7\u00e3o reafirma aos seus trabalhadores a proposta j\u00e1 encaminhada\"}]},{\"@type\":\"WebSite\",\"@id\":\"https:\/\/www.sitsesp.org.br\/novo\/#website\",\"url\":\"https:\/\/www.sitsesp.org.br\/novo\/\",\"name\":\"Sitsesp\",\"description\":\"SIndicato da Socioeduca\u00e7\u00e3o do Estado de S\u00e3o Paulo\",\"publisher\":{\"@id\":\"https:\/\/www.sitsesp.org.br\/novo\/#organization\"},\"potentialAction\":[{\"@type\":\"SearchAction\",\"target\":{\"@type\":\"EntryPoint\",\"urlTemplate\":\"https:\/\/www.sitsesp.org.br\/novo\/?s={search_term_string}\"},\"query-input\":\"required name=search_term_string\"}],\"inLanguage\":\"pt-BR\"},{\"@type\":\"Organization\",\"@id\":\"https:\/\/www.sitsesp.org.br\/novo\/#organization\",\"name\":\"Sitsesp\",\"url\":\"https:\/\/www.sitsesp.org.br\/novo\/\",\"logo\":{\"@type\":\"ImageObject\",\"inLanguage\":\"pt-BR\",\"@id\":\"https:\/\/www.sitsesp.org.br\/novo\/#\/schema\/logo\/image\/\",\"url\":\"https:\/\/www.sitsesp.org.br\/novo\/wp-content\/uploads\/2020\/09\/Design-sem-nome-1.jpg\",\"contentUrl\":\"https:\/\/www.sitsesp.org.br\/novo\/wp-content\/uploads\/2020\/09\/Design-sem-nome-1.jpg\",\"width\":300,\"height\":300,\"caption\":\"Sitsesp\"},\"image\":{\"@id\":\"https:\/\/www.sitsesp.org.br\/novo\/#\/schema\/logo\/image\/\"}},{\"@type\":\"Person\",\"@id\":\"https:\/\/www.sitsesp.org.br\/novo\/#\/schema\/person\/2a4c180eb185645b3bef8657c75e305a\",\"name\":\"mhais\",\"image\":{\"@type\":\"ImageObject\",\"inLanguage\":\"pt-BR\",\"@id\":\"https:\/\/www.sitsesp.org.br\/novo\/#\/schema\/person\/image\/\",\"url\":\"https:\/\/secure.gravatar.com\/avatar\/6f4eabe86990e81328cf702edfa92a60?s=96&d=mm&r=g\",\"contentUrl\":\"https:\/\/secure.gravatar.com\/avatar\/6f4eabe86990e81328cf702edfa92a60?s=96&d=mm&r=g\",\"caption\":\"mhais\"},\"sameAs\":[\"http:\/\/localhost\/sitsesp\"]}]}<\/script>\n<!-- \/ Yoast SEO plugin. -->","yoast_head_json":{"title":"Funda\u00e7\u00e3o reafirma aos seus trabalhadores a proposta j\u00e1 encaminhada - SITSESP","robots":{"index":"index","follow":"follow","max-snippet":"max-snippet:-1","max-image-preview":"max-image-preview:large","max-video-preview":"max-video-preview:-1"},"canonical":"https:\/\/www.sitsesp.org.br\/novo\/fundacao-reafirma-aos-seus-trabalhadores-a-proposta-ja-encaminhada\/","og_locale":"pt_BR","og_type":"article","og_title":"Funda\u00e7\u00e3o reafirma aos seus trabalhadores a proposta j\u00e1 encaminhada - SITSESP","og_description":"Nesta quinta-feira (11\/07) a Funda&ccedil;&atilde;o CASA reafirmou sua proposta aos trabalhadores e reencaminhou reafirmando, que prop&otilde;e: Reajuste de 4,13% incidindo sobre&hellip;","og_url":"https:\/\/www.sitsesp.org.br\/novo\/fundacao-reafirma-aos-seus-trabalhadores-a-proposta-ja-encaminhada\/","og_site_name":"SITSESP","article_published_time":"2019-07-12T12:43:23+00:00","og_image":[{"width":815,"height":960,"url":"https:\/\/www.sitsesp.org.br\/novo\/wp-content\/uploads\/2020\/10\/1562935403-1.png","type":"image\/png"}],"author":"mhais","twitter_card":"summary_large_image","twitter_misc":{"Escrito por":"mhais","Est. tempo de leitura":"1 minuto"},"schema":{"@context":"https:\/\/schema.org","@graph":[{"@type":"Article","@id":"https:\/\/www.sitsesp.org.br\/novo\/fundacao-reafirma-aos-seus-trabalhadores-a-proposta-ja-encaminhada\/#article","isPartOf":{"@id":"https:\/\/www.sitsesp.org.br\/novo\/fundacao-reafirma-aos-seus-trabalhadores-a-proposta-ja-encaminhada\/"},"author":{"name":"mhais","@id":"https:\/\/www.sitsesp.org.br\/novo\/#\/schema\/person\/2a4c180eb185645b3bef8657c75e305a"},"headline":"Funda\u00e7\u00e3o reafirma aos seus trabalhadores a proposta j\u00e1 encaminhada","datePublished":"2019-07-12T12:43:23+00:00","dateModified":"2019-07-12T12:43:23+00:00","mainEntityOfPage":{"@id":"https:\/\/www.sitsesp.org.br\/novo\/fundacao-reafirma-aos-seus-trabalhadores-a-proposta-ja-encaminhada\/"},"wordCount":158,"commentCount":0,"publisher":{"@id":"https:\/\/www.sitsesp.org.br\/novo\/#organization"},"image":{"@id":"https:\/\/www.sitsesp.org.br\/novo\/fundacao-reafirma-aos-seus-trabalhadores-a-proposta-ja-encaminhada\/#primaryimage"},"thumbnailUrl":"https:\/\/www.sitsesp.org.br\/novo\/wp-content\/uploads\/2020\/10\/1562935403-1.png","articleSection":["Noticias"],"inLanguage":"pt-BR","potentialAction":[{"@type":"CommentAction","name":"Comment","target":["https:\/\/www.sitsesp.org.br\/novo\/fundacao-reafirma-aos-seus-trabalhadores-a-proposta-ja-encaminhada\/#respond"]}]},{"@type":"WebPage","@id":"https:\/\/www.sitsesp.org.br\/novo\/fundacao-reafirma-aos-seus-trabalhadores-a-proposta-ja-encaminhada\/","url":"https:\/\/www.sitsesp.org.br\/novo\/fundacao-reafirma-aos-seus-trabalhadores-a-proposta-ja-encaminhada\/","name":"Funda\u00e7\u00e3o reafirma aos seus trabalhadores a proposta j\u00e1 encaminhada - SITSESP","isPartOf":{"@id":"https:\/\/www.sitsesp.org.br\/novo\/#website"},"primaryImageOfPage":{"@id":"https:\/\/www.sitsesp.org.br\/novo\/fundacao-reafirma-aos-seus-trabalhadores-a-proposta-ja-encaminhada\/#primaryimage"},"image":{"@id":"https:\/\/www.sitsesp.org.br\/novo\/fundacao-reafirma-aos-seus-trabalhadores-a-proposta-ja-encaminhada\/#primaryimage"},"thumbnailUrl":"https:\/\/www.sitsesp.org.br\/novo\/wp-content\/uploads\/2020\/10\/1562935403-1.png","datePublished":"2019-07-12T12:43:23+00:00","dateModified":"2019-07-12T12:43:23+00:00","breadcrumb":{"@id":"https:\/\/www.sitsesp.org.br\/novo\/fundacao-reafirma-aos-seus-trabalhadores-a-proposta-ja-encaminhada\/#breadcrumb"},"inLanguage":"pt-BR","potentialAction":[{"@type":"ReadAction","target":["https:\/\/www.sitsesp.org.br\/novo\/fundacao-reafirma-aos-seus-trabalhadores-a-proposta-ja-encaminhada\/"]}]},{"@type":"ImageObject","inLanguage":"pt-BR","@id":"https:\/\/www.sitsesp.org.br\/novo\/fundacao-reafirma-aos-seus-trabalhadores-a-proposta-ja-encaminhada\/#primaryimage","url":"https:\/\/www.sitsesp.org.br\/novo\/wp-content\/uploads\/2020\/10\/1562935403-1.png","contentUrl":"https:\/\/www.sitsesp.org.br\/novo\/wp-content\/uploads\/2020\/10\/1562935403-1.png","width":815,"height":960},{"@type":"BreadcrumbList","@id":"https:\/\/www.sitsesp.org.br\/novo\/fundacao-reafirma-aos-seus-trabalhadores-a-proposta-ja-encaminhada\/#breadcrumb","itemListElement":[{"@type":"ListItem","position":1,"name":"In\u00edcio","item":"https:\/\/www.sitsesp.org.br\/novo\/"},{"@type":"ListItem","position":2,"name":"Funda\u00e7\u00e3o reafirma aos seus trabalhadores a proposta j\u00e1 encaminhada"}]},{"@type":"WebSite","@id":"https:\/\/www.sitsesp.org.br\/novo\/#website","url":"https:\/\/www.sitsesp.org.br\/novo\/","name":"Sitsesp","description":"SIndicato da Socioeduca\u00e7\u00e3o do Estado de S\u00e3o Paulo","publisher":{"@id":"https:\/\/www.sitsesp.org.br\/novo\/#organization"},"potentialAction":[{"@type":"SearchAction","target":{"@type":"EntryPoint","urlTemplate":"https:\/\/www.sitsesp.org.br\/novo\/?s={search_term_string}"},"query-input":"required name=search_term_string"}],"inLanguage":"pt-BR"},{"@type":"Organization","@id":"https:\/\/www.sitsesp.org.br\/novo\/#organization","name":"Sitsesp","url":"https:\/\/www.sitsesp.org.br\/novo\/","logo":{"@type":"ImageObject","inLanguage":"pt-BR","@id":"https:\/\/www.sitsesp.org.br\/novo\/#\/schema\/logo\/image\/","url":"https:\/\/www.sitsesp.org.br\/novo\/wp-content\/uploads\/2020\/09\/Design-sem-nome-1.jpg","contentUrl":"https:\/\/www.sitsesp.org.br\/novo\/wp-content\/uploads\/2020\/09\/Design-sem-nome-1.jpg","width":300,"height":300,"caption":"Sitsesp"},"image":{"@id":"https:\/\/www.sitsesp.org.br\/novo\/#\/schema\/logo\/image\/"}},{"@type":"Person","@id":"https:\/\/www.sitsesp.org.br\/novo\/#\/schema\/person\/2a4c180eb185645b3bef8657c75e305a","name":"mhais","image":{"@type":"ImageObject","inLanguage":"pt-BR","@id":"https:\/\/www.sitsesp.org.br\/novo\/#\/schema\/person\/image\/","url":"https:\/\/secure.gravatar.com\/avatar\/6f4eabe86990e81328cf702edfa92a60?s=96&d=mm&r=g","contentUrl":"https:\/\/secure.gravatar.com\/avatar\/6f4eabe86990e81328cf702edfa92a60?s=96&d=mm&r=g","caption":"mhais"},"sameAs":["http:\/\/localhost\/sitsesp"]}]}},"_links":{"self":[{"href":"https:\/\/www.sitsesp.org.br\/novo\/wp-json\/wp\/v2\/posts\/2327"}],"collection":[{"href":"https:\/\/www.sitsesp.org.br\/novo\/wp-json\/wp\/v2\/posts"}],"about":[{"href":"https:\/\/www.sitsesp.org.br\/novo\/wp-json\/wp\/v2\/types\/post"}],"author":[{"embeddable":true,"href":"https:\/\/www.sitsesp.org.br\/novo\/wp-json\/wp\/v2\/users\/1"}],"replies":[{"embeddable":true,"href":"https:\/\/www.sitsesp.org.br\/novo\/wp-json\/wp\/v2\/comments?post=2327"}],"version-history":[{"count":0,"href":"https:\/\/www.sitsesp.org.br\/novo\/wp-json\/wp\/v2\/posts\/2327\/revisions"}],"wp:featuredmedia":[{"embeddable":true,"href":"https:\/\/www.sitsesp.org.br\/novo\/wp-json\/wp\/v2\/media\/2328"}],"wp:attachment":[{"href":"https:\/\/www.sitsesp.org.br\/novo\/wp-json\/wp\/v2\/media?parent=2327"}],"wp:term":[{"taxonomy":"category","embeddable":true,"href":"https:\/\/www.sitsesp.org.br\/novo\/wp-json\/wp\/v2\/categories?post=2327"},{"taxonomy":"post_tag","embeddable":true,"href":"https:\/\/www.sitsesp.org.br\/novo\/wp-json\/wp\/v2\/tags?post=2327"}],"curies":[{"name":"wp","href":"https:\/\/api.w.org\/{rel}","templated":true}]}}