{"id":2339,"date":"2019-07-24T22:14:50","date_gmt":"2019-07-25T01:14:50","guid":{"rendered":"https:\/\/pecorari-cloud72.pecoraricloud.com.br\/~sitsesporg\/portaria-que-prejudicava-trabalhadores-com-pas-de-atraso-e-revogada\/"},"modified":"2019-07-24T22:14:50","modified_gmt":"2019-07-25T01:14:50","slug":"portaria-que-prejudicava-trabalhadores-com-pas-de-atraso-e-revogada","status":"publish","type":"post","link":"https:\/\/www.sitsesp.org.br\/novo\/portaria-que-prejudicava-trabalhadores-com-pas-de-atraso-e-revogada\/","title":{"rendered":"Portaria que prejudicava trabalhadores com PA\u2019s de atraso \u00e9 revogada"},"content":{"rendered":"<p><!-- VideographyWP Plugin Message: Automatic video embedding prevented by plugin options. --><\/p>\n<p>A Funda&ccedil;&atilde;o CASA em Di&aacute;rio Oficial revogou os incisos l, ll e lll da portaria normativa 316\/ 18, que disciplina o hor&aacute;rio de trabalho e registro de ponto.<\/p>\n<p>Os PAs de atraso foram amplamente discutidos com a Funda&ccedil;&atilde;o CASA, para que fosse reavalia&ccedil;&atilde;o. E no dia 05\/07, na reuni&atilde;o de Campanha Salarial 2019, quando estavam dire&ccedil;&atilde;o do Sindicato, Comiss&atilde;o de Trabalhadores e dire&ccedil;&atilde;o da Institui&ccedil;&atilde;o foi novamente cobrada essa mudan&ccedil;a. No que a insitui&ccedil;&atilde;o se comprometeu a reavaliar e agora realizou a altera&ccedil;&atilde;o. <a href=\"https:\/\/sitsesp.org.br\/novo\/noticia.php?id=5415\">(Leia mat&eacute;ria na integra aqui).<br \/><\/a><br \/>Essa era uma portaria que prejudicava e, muito os trabalhadores da Funda&ccedil;&atilde;o CASA e gerava muitos Processos Administrativos. Com essa altera&ccedil;&atilde;o, al&eacute;m de diminuir os PAs por atrasos e faltas, ela ir&aacute; beneficiar aqueles trabalhadores que penavam para chegar ao trabalho.<\/p>\n","protected":false},"excerpt":{"rendered":"<p>A Funda&ccedil;&atilde;o CASA em Di&aacute;rio Oficial revogou os incisos l, ll e lll da portaria normativa 316\/ 18, que disciplina o&hellip;<\/p>\n","protected":false},"author":1,"featured_media":2340,"comment_status":"open","ping_status":"open","sticky":false,"template":"","format":"standard","meta":{"cybocfi_hide_featured_image":"","footnotes":""},"categories":[22],"tags":[],"yoast_head":"<!-- This site is optimized with the Yoast SEO plugin v22.8 - https:\/\/yoast.com\/wordpress\/plugins\/seo\/ -->\n<title>Portaria que prejudicava trabalhadores com PA\u2019s de atraso \u00e9 revogada - SITSESP<\/title>\n<meta name=\"robots\" content=\"index, follow, max-snippet:-1, max-image-preview:large, max-video-preview:-1\" \/>\n<link rel=\"canonical\" href=\"https:\/\/www.sitsesp.org.br\/novo\/portaria-que-prejudicava-trabalhadores-com-pas-de-atraso-e-revogada\/\" \/>\n<meta property=\"og:locale\" content=\"pt_BR\" \/>\n<meta property=\"og:type\" content=\"article\" \/>\n<meta property=\"og:title\" content=\"Portaria que prejudicava trabalhadores com PA\u2019s de atraso \u00e9 revogada - SITSESP\" \/>\n<meta property=\"og:description\" content=\"A Funda&ccedil;&atilde;o CASA em Di&aacute;rio Oficial revogou os incisos l, ll e lll da portaria normativa 316\/ 18, que disciplina o&hellip;\" \/>\n<meta property=\"og:url\" content=\"https:\/\/www.sitsesp.org.br\/novo\/portaria-que-prejudicava-trabalhadores-com-pas-de-atraso-e-revogada\/\" \/>\n<meta property=\"og:site_name\" content=\"SITSESP\" \/>\n<meta property=\"article:published_time\" content=\"2019-07-25T01:14:50+00:00\" \/>\n<meta property=\"og:image\" content=\"https:\/\/www.sitsesp.org.br\/novo\/wp-content\/uploads\/2020\/10\/1564017290-1.jpg\" \/>\n\t<meta property=\"og:image:width\" content=\"290\" \/>\n\t<meta property=\"og:image:height\" content=\"162\" \/>\n\t<meta property=\"og:image:type\" content=\"image\/jpeg\" \/>\n<meta name=\"author\" content=\"mhais\" \/>\n<meta name=\"twitter:card\" content=\"summary_large_image\" \/>\n<meta name=\"twitter:label1\" content=\"Escrito por\" \/>\n\t<meta name=\"twitter:data1\" content=\"mhais\" \/>\n\t<meta name=\"twitter:label2\" content=\"Est. tempo de leitura\" \/>\n\t<meta name=\"twitter:data2\" content=\"1 minuto\" \/>\n<script type=\"application\/ld+json\" class=\"yoast-schema-graph\">{\"@context\":\"https:\/\/schema.org\",\"@graph\":[{\"@type\":\"Article\",\"@id\":\"https:\/\/www.sitsesp.org.br\/novo\/portaria-que-prejudicava-trabalhadores-com-pas-de-atraso-e-revogada\/#article\",\"isPartOf\":{\"@id\":\"https:\/\/www.sitsesp.org.br\/novo\/portaria-que-prejudicava-trabalhadores-com-pas-de-atraso-e-revogada\/\"},\"author\":{\"name\":\"mhais\",\"@id\":\"https:\/\/www.sitsesp.org.br\/novo\/#\/schema\/person\/2a4c180eb185645b3bef8657c75e305a\"},\"headline\":\"Portaria que prejudicava trabalhadores com PA\u2019s de atraso \u00e9 revogada\",\"datePublished\":\"2019-07-25T01:14:50+00:00\",\"dateModified\":\"2019-07-25T01:14:50+00:00\",\"mainEntityOfPage\":{\"@id\":\"https:\/\/www.sitsesp.org.br\/novo\/portaria-que-prejudicava-trabalhadores-com-pas-de-atraso-e-revogada\/\"},\"wordCount\":180,\"commentCount\":0,\"publisher\":{\"@id\":\"https:\/\/www.sitsesp.org.br\/novo\/#organization\"},\"image\":{\"@id\":\"https:\/\/www.sitsesp.org.br\/novo\/portaria-que-prejudicava-trabalhadores-com-pas-de-atraso-e-revogada\/#primaryimage\"},\"thumbnailUrl\":\"https:\/\/www.sitsesp.org.br\/novo\/wp-content\/uploads\/2020\/10\/1564017290-1.jpg\",\"articleSection\":[\"Noticias\"],\"inLanguage\":\"pt-BR\",\"potentialAction\":[{\"@type\":\"CommentAction\",\"name\":\"Comment\",\"target\":[\"https:\/\/www.sitsesp.org.br\/novo\/portaria-que-prejudicava-trabalhadores-com-pas-de-atraso-e-revogada\/#respond\"]}]},{\"@type\":\"WebPage\",\"@id\":\"https:\/\/www.sitsesp.org.br\/novo\/portaria-que-prejudicava-trabalhadores-com-pas-de-atraso-e-revogada\/\",\"url\":\"https:\/\/www.sitsesp.org.br\/novo\/portaria-que-prejudicava-trabalhadores-com-pas-de-atraso-e-revogada\/\",\"name\":\"Portaria que prejudicava trabalhadores com PA\u2019s de atraso \u00e9 revogada - SITSESP\",\"isPartOf\":{\"@id\":\"https:\/\/www.sitsesp.org.br\/novo\/#website\"},\"primaryImageOfPage\":{\"@id\":\"https:\/\/www.sitsesp.org.br\/novo\/portaria-que-prejudicava-trabalhadores-com-pas-de-atraso-e-revogada\/#primaryimage\"},\"image\":{\"@id\":\"https:\/\/www.sitsesp.org.br\/novo\/portaria-que-prejudicava-trabalhadores-com-pas-de-atraso-e-revogada\/#primaryimage\"},\"thumbnailUrl\":\"https:\/\/www.sitsesp.org.br\/novo\/wp-content\/uploads\/2020\/10\/1564017290-1.jpg\",\"datePublished\":\"2019-07-25T01:14:50+00:00\",\"dateModified\":\"2019-07-25T01:14:50+00:00\",\"breadcrumb\":{\"@id\":\"https:\/\/www.sitsesp.org.br\/novo\/portaria-que-prejudicava-trabalhadores-com-pas-de-atraso-e-revogada\/#breadcrumb\"},\"inLanguage\":\"pt-BR\",\"potentialAction\":[{\"@type\":\"ReadAction\",\"target\":[\"https:\/\/www.sitsesp.org.br\/novo\/portaria-que-prejudicava-trabalhadores-com-pas-de-atraso-e-revogada\/\"]}]},{\"@type\":\"ImageObject\",\"inLanguage\":\"pt-BR\",\"@id\":\"https:\/\/www.sitsesp.org.br\/novo\/portaria-que-prejudicava-trabalhadores-com-pas-de-atraso-e-revogada\/#primaryimage\",\"url\":\"https:\/\/www.sitsesp.org.br\/novo\/wp-content\/uploads\/2020\/10\/1564017290-1.jpg\",\"contentUrl\":\"https:\/\/www.sitsesp.org.br\/novo\/wp-content\/uploads\/2020\/10\/1564017290-1.jpg\",\"width\":290,\"height\":162},{\"@type\":\"BreadcrumbList\",\"@id\":\"https:\/\/www.sitsesp.org.br\/novo\/portaria-que-prejudicava-trabalhadores-com-pas-de-atraso-e-revogada\/#breadcrumb\",\"itemListElement\":[{\"@type\":\"ListItem\",\"position\":1,\"name\":\"In\u00edcio\",\"item\":\"https:\/\/www.sitsesp.org.br\/novo\/\"},{\"@type\":\"ListItem\",\"position\":2,\"name\":\"Portaria que prejudicava trabalhadores com PA\u2019s de atraso \u00e9 revogada\"}]},{\"@type\":\"WebSite\",\"@id\":\"https:\/\/www.sitsesp.org.br\/novo\/#website\",\"url\":\"https:\/\/www.sitsesp.org.br\/novo\/\",\"name\":\"Sitsesp\",\"description\":\"SIndicato da Socioeduca\u00e7\u00e3o do Estado de S\u00e3o Paulo\",\"publisher\":{\"@id\":\"https:\/\/www.sitsesp.org.br\/novo\/#organization\"},\"potentialAction\":[{\"@type\":\"SearchAction\",\"target\":{\"@type\":\"EntryPoint\",\"urlTemplate\":\"https:\/\/www.sitsesp.org.br\/novo\/?s={search_term_string}\"},\"query-input\":\"required name=search_term_string\"}],\"inLanguage\":\"pt-BR\"},{\"@type\":\"Organization\",\"@id\":\"https:\/\/www.sitsesp.org.br\/novo\/#organization\",\"name\":\"Sitsesp\",\"url\":\"https:\/\/www.sitsesp.org.br\/novo\/\",\"logo\":{\"@type\":\"ImageObject\",\"inLanguage\":\"pt-BR\",\"@id\":\"https:\/\/www.sitsesp.org.br\/novo\/#\/schema\/logo\/image\/\",\"url\":\"https:\/\/www.sitsesp.org.br\/novo\/wp-content\/uploads\/2020\/09\/Design-sem-nome-1.jpg\",\"contentUrl\":\"https:\/\/www.sitsesp.org.br\/novo\/wp-content\/uploads\/2020\/09\/Design-sem-nome-1.jpg\",\"width\":300,\"height\":300,\"caption\":\"Sitsesp\"},\"image\":{\"@id\":\"https:\/\/www.sitsesp.org.br\/novo\/#\/schema\/logo\/image\/\"}},{\"@type\":\"Person\",\"@id\":\"https:\/\/www.sitsesp.org.br\/novo\/#\/schema\/person\/2a4c180eb185645b3bef8657c75e305a\",\"name\":\"mhais\",\"image\":{\"@type\":\"ImageObject\",\"inLanguage\":\"pt-BR\",\"@id\":\"https:\/\/www.sitsesp.org.br\/novo\/#\/schema\/person\/image\/\",\"url\":\"https:\/\/secure.gravatar.com\/avatar\/6f4eabe86990e81328cf702edfa92a60?s=96&d=mm&r=g\",\"contentUrl\":\"https:\/\/secure.gravatar.com\/avatar\/6f4eabe86990e81328cf702edfa92a60?s=96&d=mm&r=g\",\"caption\":\"mhais\"},\"sameAs\":[\"http:\/\/localhost\/sitsesp\"]}]}<\/script>\n<!-- \/ Yoast SEO plugin. -->","yoast_head_json":{"title":"Portaria que prejudicava trabalhadores com PA\u2019s de atraso \u00e9 revogada - SITSESP","robots":{"index":"index","follow":"follow","max-snippet":"max-snippet:-1","max-image-preview":"max-image-preview:large","max-video-preview":"max-video-preview:-1"},"canonical":"https:\/\/www.sitsesp.org.br\/novo\/portaria-que-prejudicava-trabalhadores-com-pas-de-atraso-e-revogada\/","og_locale":"pt_BR","og_type":"article","og_title":"Portaria que prejudicava trabalhadores com PA\u2019s de atraso \u00e9 revogada - SITSESP","og_description":"A Funda&ccedil;&atilde;o CASA em Di&aacute;rio Oficial revogou os incisos l, ll e lll da portaria normativa 316\/ 18, que disciplina o&hellip;","og_url":"https:\/\/www.sitsesp.org.br\/novo\/portaria-que-prejudicava-trabalhadores-com-pas-de-atraso-e-revogada\/","og_site_name":"SITSESP","article_published_time":"2019-07-25T01:14:50+00:00","og_image":[{"width":290,"height":162,"url":"https:\/\/www.sitsesp.org.br\/novo\/wp-content\/uploads\/2020\/10\/1564017290-1.jpg","type":"image\/jpeg"}],"author":"mhais","twitter_card":"summary_large_image","twitter_misc":{"Escrito por":"mhais","Est. tempo de leitura":"1 minuto"},"schema":{"@context":"https:\/\/schema.org","@graph":[{"@type":"Article","@id":"https:\/\/www.sitsesp.org.br\/novo\/portaria-que-prejudicava-trabalhadores-com-pas-de-atraso-e-revogada\/#article","isPartOf":{"@id":"https:\/\/www.sitsesp.org.br\/novo\/portaria-que-prejudicava-trabalhadores-com-pas-de-atraso-e-revogada\/"},"author":{"name":"mhais","@id":"https:\/\/www.sitsesp.org.br\/novo\/#\/schema\/person\/2a4c180eb185645b3bef8657c75e305a"},"headline":"Portaria que prejudicava trabalhadores com PA\u2019s de atraso \u00e9 revogada","datePublished":"2019-07-25T01:14:50+00:00","dateModified":"2019-07-25T01:14:50+00:00","mainEntityOfPage":{"@id":"https:\/\/www.sitsesp.org.br\/novo\/portaria-que-prejudicava-trabalhadores-com-pas-de-atraso-e-revogada\/"},"wordCount":180,"commentCount":0,"publisher":{"@id":"https:\/\/www.sitsesp.org.br\/novo\/#organization"},"image":{"@id":"https:\/\/www.sitsesp.org.br\/novo\/portaria-que-prejudicava-trabalhadores-com-pas-de-atraso-e-revogada\/#primaryimage"},"thumbnailUrl":"https:\/\/www.sitsesp.org.br\/novo\/wp-content\/uploads\/2020\/10\/1564017290-1.jpg","articleSection":["Noticias"],"inLanguage":"pt-BR","potentialAction":[{"@type":"CommentAction","name":"Comment","target":["https:\/\/www.sitsesp.org.br\/novo\/portaria-que-prejudicava-trabalhadores-com-pas-de-atraso-e-revogada\/#respond"]}]},{"@type":"WebPage","@id":"https:\/\/www.sitsesp.org.br\/novo\/portaria-que-prejudicava-trabalhadores-com-pas-de-atraso-e-revogada\/","url":"https:\/\/www.sitsesp.org.br\/novo\/portaria-que-prejudicava-trabalhadores-com-pas-de-atraso-e-revogada\/","name":"Portaria que prejudicava trabalhadores com PA\u2019s de atraso \u00e9 revogada - SITSESP","isPartOf":{"@id":"https:\/\/www.sitsesp.org.br\/novo\/#website"},"primaryImageOfPage":{"@id":"https:\/\/www.sitsesp.org.br\/novo\/portaria-que-prejudicava-trabalhadores-com-pas-de-atraso-e-revogada\/#primaryimage"},"image":{"@id":"https:\/\/www.sitsesp.org.br\/novo\/portaria-que-prejudicava-trabalhadores-com-pas-de-atraso-e-revogada\/#primaryimage"},"thumbnailUrl":"https:\/\/www.sitsesp.org.br\/novo\/wp-content\/uploads\/2020\/10\/1564017290-1.jpg","datePublished":"2019-07-25T01:14:50+00:00","dateModified":"2019-07-25T01:14:50+00:00","breadcrumb":{"@id":"https:\/\/www.sitsesp.org.br\/novo\/portaria-que-prejudicava-trabalhadores-com-pas-de-atraso-e-revogada\/#breadcrumb"},"inLanguage":"pt-BR","potentialAction":[{"@type":"ReadAction","target":["https:\/\/www.sitsesp.org.br\/novo\/portaria-que-prejudicava-trabalhadores-com-pas-de-atraso-e-revogada\/"]}]},{"@type":"ImageObject","inLanguage":"pt-BR","@id":"https:\/\/www.sitsesp.org.br\/novo\/portaria-que-prejudicava-trabalhadores-com-pas-de-atraso-e-revogada\/#primaryimage","url":"https:\/\/www.sitsesp.org.br\/novo\/wp-content\/uploads\/2020\/10\/1564017290-1.jpg","contentUrl":"https:\/\/www.sitsesp.org.br\/novo\/wp-content\/uploads\/2020\/10\/1564017290-1.jpg","width":290,"height":162},{"@type":"BreadcrumbList","@id":"https:\/\/www.sitsesp.org.br\/novo\/portaria-que-prejudicava-trabalhadores-com-pas-de-atraso-e-revogada\/#breadcrumb","itemListElement":[{"@type":"ListItem","position":1,"name":"In\u00edcio","item":"https:\/\/www.sitsesp.org.br\/novo\/"},{"@type":"ListItem","position":2,"name":"Portaria que prejudicava trabalhadores com PA\u2019s de atraso \u00e9 revogada"}]},{"@type":"WebSite","@id":"https:\/\/www.sitsesp.org.br\/novo\/#website","url":"https:\/\/www.sitsesp.org.br\/novo\/","name":"Sitsesp","description":"SIndicato da Socioeduca\u00e7\u00e3o do Estado de S\u00e3o Paulo","publisher":{"@id":"https:\/\/www.sitsesp.org.br\/novo\/#organization"},"potentialAction":[{"@type":"SearchAction","target":{"@type":"EntryPoint","urlTemplate":"https:\/\/www.sitsesp.org.br\/novo\/?s={search_term_string}"},"query-input":"required name=search_term_string"}],"inLanguage":"pt-BR"},{"@type":"Organization","@id":"https:\/\/www.sitsesp.org.br\/novo\/#organization","name":"Sitsesp","url":"https:\/\/www.sitsesp.org.br\/novo\/","logo":{"@type":"ImageObject","inLanguage":"pt-BR","@id":"https:\/\/www.sitsesp.org.br\/novo\/#\/schema\/logo\/image\/","url":"https:\/\/www.sitsesp.org.br\/novo\/wp-content\/uploads\/2020\/09\/Design-sem-nome-1.jpg","contentUrl":"https:\/\/www.sitsesp.org.br\/novo\/wp-content\/uploads\/2020\/09\/Design-sem-nome-1.jpg","width":300,"height":300,"caption":"Sitsesp"},"image":{"@id":"https:\/\/www.sitsesp.org.br\/novo\/#\/schema\/logo\/image\/"}},{"@type":"Person","@id":"https:\/\/www.sitsesp.org.br\/novo\/#\/schema\/person\/2a4c180eb185645b3bef8657c75e305a","name":"mhais","image":{"@type":"ImageObject","inLanguage":"pt-BR","@id":"https:\/\/www.sitsesp.org.br\/novo\/#\/schema\/person\/image\/","url":"https:\/\/secure.gravatar.com\/avatar\/6f4eabe86990e81328cf702edfa92a60?s=96&d=mm&r=g","contentUrl":"https:\/\/secure.gravatar.com\/avatar\/6f4eabe86990e81328cf702edfa92a60?s=96&d=mm&r=g","caption":"mhais"},"sameAs":["http:\/\/localhost\/sitsesp"]}]}},"_links":{"self":[{"href":"https:\/\/www.sitsesp.org.br\/novo\/wp-json\/wp\/v2\/posts\/2339"}],"collection":[{"href":"https:\/\/www.sitsesp.org.br\/novo\/wp-json\/wp\/v2\/posts"}],"about":[{"href":"https:\/\/www.sitsesp.org.br\/novo\/wp-json\/wp\/v2\/types\/post"}],"author":[{"embeddable":true,"href":"https:\/\/www.sitsesp.org.br\/novo\/wp-json\/wp\/v2\/users\/1"}],"replies":[{"embeddable":true,"href":"https:\/\/www.sitsesp.org.br\/novo\/wp-json\/wp\/v2\/comments?post=2339"}],"version-history":[{"count":0,"href":"https:\/\/www.sitsesp.org.br\/novo\/wp-json\/wp\/v2\/posts\/2339\/revisions"}],"wp:featuredmedia":[{"embeddable":true,"href":"https:\/\/www.sitsesp.org.br\/novo\/wp-json\/wp\/v2\/media\/2340"}],"wp:attachment":[{"href":"https:\/\/www.sitsesp.org.br\/novo\/wp-json\/wp\/v2\/media?parent=2339"}],"wp:term":[{"taxonomy":"category","embeddable":true,"href":"https:\/\/www.sitsesp.org.br\/novo\/wp-json\/wp\/v2\/categories?post=2339"},{"taxonomy":"post_tag","embeddable":true,"href":"https:\/\/www.sitsesp.org.br\/novo\/wp-json\/wp\/v2\/tags?post=2339"}],"curies":[{"name":"wp","href":"https:\/\/api.w.org\/{rel}","templated":true}]}}