{"id":2341,"date":"2019-07-26T10:18:57","date_gmt":"2019-07-26T13:18:57","guid":{"rendered":"https:\/\/pecorari-cloud72.pecoraricloud.com.br\/~sitsesporg\/ata-de-trabalhos-e-deliberacoes-da-comissao-de-comissao-eleitoral\/"},"modified":"2019-07-26T10:18:57","modified_gmt":"2019-07-26T13:18:57","slug":"ata-de-trabalhos-e-deliberacoes-da-comissao-de-comissao-eleitoral","status":"publish","type":"post","link":"https:\/\/www.sitsesp.org.br\/novo\/ata-de-trabalhos-e-deliberacoes-da-comissao-de-comissao-eleitoral\/","title":{"rendered":"Ata de trabalhos e delibera\u00e7\u00f5es da Comiss\u00e3o de Comiss\u00e3o Eleitoral"},"content":{"rendered":"<p><!-- VideographyWP Plugin Message: Automatic video embedding prevented by plugin options. --><\/p>\n<p>Ata de trabalhos e delibera&ccedil;&otilde;es da Comiss&atilde;o de Comiss&atilde;o Eleitoral<\/p>\n<p><strong>&nbsp;<\/strong><\/p>\n<p>ATA DE DELIBERA&Ccedil;&Atilde;O<\/p>\n<p><strong>&nbsp;<\/strong><\/p>\n<p>Aos 25 dias do m&ecirc;s de julho do ano de dois mil e dezenove, &agrave;s 11h28min, reunida na sede do <strong>SITSESP,<\/strong> sito a Rua Engenho Velho n.&ordm; 111 &ndash; Tatuap&eacute; -SP,<em> sala onde funciona a Comiss&atilde;o,<\/em> consignando a aus&ecirc;ncia nesse ato <strong>Sr. MARIVALDO DA SILVA BRITO<\/strong>, portador do RG 19.506.598-0 e CPF\/MF 129.404.568-79, por problemas de sa&uacute;de, havendo qu&oacute;rum e representada por seus <strong>SR. EDSON ROBERTO NUNES<\/strong>, RG12918385-4 e CPF\/MF 031120618-29, Sra. <strong>CLEUSA DE ALMEIDA,<\/strong> RG.: 27.860.925-9-SSP\/SP- CPF: 186.212.598-85, assessorado pelo advogado do pleito <strong>Dr. MARCO AUR&Eacute;LIO ALVES DE OLIVEIRA<\/strong>, OAB\/SP 212.792, todos eleitos nos termos do <em>1&ordm; Congresso do SITSESP, nos termos do artigo 11, inciso IV da do estatuto social, <\/em>por for&ccedil;a do artigo 52 e seguintes do estatuto social, do <strong>SITSESP<\/strong>, procedeu-se a instala&ccedil;&atilde;o da Comiss&atilde;o e tiveram in&iacute;cio os trabalhos ratificando o t&eacute;rmino do prazo para inscri&ccedil;&atilde;o de chapas nos termos do artigo 59 do estatuto social.<\/p>\n<p>Fica consignado a presen&ccedil;a dos <strong>SR. DIEGO FREDERICO DA SILVA CARVALHO<\/strong>, RG44.953518-6 e CPF\/MF 371314168-19, membro eleito para fiscalizar as elei&ccedil;&otilde;es conforme delibera&ccedil;&atilde;o do Congresso da Categoria., consignada a presen&ccedil;a a presen&ccedil;a do representante e fiscal da CHAPA 01, <strong>ALDO DAMI&Atilde;O ANTONIO, JO&Atilde;O FAUTINO COLOMBRO PEREIRA; <\/strong>em raz&atilde;o do atraso para come&ccedil;o da reuni&atilde;o os representantes da<strong> CHAPA02, SR. CESAR AUGUSTO HORTA E WILSON APARECIDO RIBEIRO, <\/strong>que apresentou protesto pela CHAPA02, em raz&atilde;o do atraso do in&iacute;cio da reuni&atilde;o. A qual foi devidamente recebido pela comiss&atilde;o eleitoral.<\/p>\n<p>N&atilde;o obstante a comiss&atilde;o eleitoral, ratifica que no momento determinado para in&iacute;cio dos trabalhos &agrave;s 10h00min, s&oacute; estava representantes da Chapa01, SR. CESAR AUGUSTO HORTA e os demais da Chapa 02, chegaram &agrave;s 10h30min, ou seja, o atraso foi percebido e por bom senso n&atilde;o iniciaram os trabalhos at&eacute; por conta do problema de sa&uacute;de apresentado pelo Sr. MARIVALDO DA SILVA BRITO.<\/p>\n<p>Nesse sentido, ap&oacute;s a tentativa de in&iacute;cio dos trabalhos foi informada pelo Sr. CESAR AUGUSTO HORTA e o Sr. Wilson Aparecido Ribeiro que iriam se evadir da sala da comiss&atilde;o eleitoral e n&atilde;o participariam da reuni&atilde;o.<\/p>\n<p>Em ato continuo ap&oacute;s recebimento da documenta&ccedil;&otilde;es entregue a comiss&atilde;o eleitoral, pelo associado <strong>GILSON LOPES DE ALMEIDA, <\/strong>portador do RG 22.268.871-3 e CPF\/MF 117.603.868-04, que apresentou impugna&ccedil;&atilde;o ao candidato <strong>ALDO DAMI&Atilde;O ANTONIO, <\/strong>inscrito pela Chapa 01 , nesse ato a comiss&atilde;o deliberou instaurado o procedimento descrito nos artigos 62 e seguintes do Estatuto Social, em raz&atilde;o da presen&ccedil;a do candidato impugnado por economia processual, foi devidamente cientificado e notificado do prazo de defesa de tr&ecirc;s dias.<\/p>\n<p>Por fim, a comiss&atilde;o eleitoral, ratifica nessa data dos trabalhos o recebimento de requerimentos fundamentados pela Chapa02 de n&uacute;mero de 01 &agrave; 05, que ser&atilde;o respondidos no prazo estabelecido no artigo 55, par&aacute;grafo &uacute;nico e artigo 69 do Estatuto Social.<\/p>\n<p>Diante disso, n&atilde;o ser&atilde;o analisados no ato presente, mas ser&atilde;o apreciados no momento oportuno.<\/p>\n<p>N&atilde;o restando, mais nada a deliberar e tratar se encerrou a presente reuni&atilde;o as 12h42 min., da qual participaram os membros supracitados, para constar, eu, CLEUSA DE ALMEIDA, na qualidade de Secret&aacute;rio da Comiss&atilde;o, lavrou a presente ata que vai por mim assinada e pelo Presidente e os demais membros da Comiss&atilde;o de Eleitoral, advogado do pleito e representante das chapas.<\/p>\n<p>&nbsp;<\/p>\n<p>&nbsp;<\/p>\n<p>EDSON ROBERTO NUNES &nbsp;&nbsp;&nbsp;&nbsp;&nbsp;&nbsp;&nbsp;&nbsp;&nbsp; CLEUSA DE ALMEIDA<\/p>\n<p>Membros <strong>da Comiss&atilde;o Eleitoral<\/strong><\/p>\n<p>&nbsp;<\/p>\n<p>&nbsp;<\/p>\n<p>MARCO AUR&Eacute;LIO ALVES DE OLIVEIRA<\/p>\n<p>Advogado do pleito<\/p>\n<p>OAB\/SP 212.792<\/p>\n<p>&nbsp;<\/p>\n<p>&nbsp;<\/p>\n<p>DIEGO FREDERICO DA SILVA CARVALHO<\/p>\n<p>Fiscal eleito pela categoria no congresso sindical<\/p>\n<p>&nbsp;<\/p>\n<p>&nbsp;<\/p>\n<p>JO&Atilde;O FAUSTINO COLOMBO PEREIRA&nbsp;&nbsp; ALDO DAMI&Atilde;O ANTONIO<\/p>\n<p>PELA CHAPA 01<\/p>\n","protected":false},"excerpt":{"rendered":"<p>Ata de trabalhos e delibera&ccedil;&otilde;es da Comiss&atilde;o de Comiss&atilde;o Eleitoral &nbsp; ATA DE DELIBERA&Ccedil;&Atilde;O &nbsp; Aos 25 dias do m&ecirc;s de&hellip;<\/p>\n","protected":false},"author":1,"featured_media":2342,"comment_status":"open","ping_status":"open","sticky":false,"template":"","format":"standard","meta":{"cybocfi_hide_featured_image":"","footnotes":""},"categories":[22],"tags":[],"yoast_head":"<!-- This site is optimized with the Yoast SEO plugin v22.8 - https:\/\/yoast.com\/wordpress\/plugins\/seo\/ -->\n<title>Ata de trabalhos e delibera\u00e7\u00f5es da Comiss\u00e3o de Comiss\u00e3o Eleitoral - SITSESP<\/title>\n<meta name=\"robots\" content=\"index, follow, max-snippet:-1, max-image-preview:large, max-video-preview:-1\" \/>\n<link rel=\"canonical\" href=\"https:\/\/www.sitsesp.org.br\/novo\/ata-de-trabalhos-e-deliberacoes-da-comissao-de-comissao-eleitoral\/\" \/>\n<meta property=\"og:locale\" content=\"pt_BR\" \/>\n<meta property=\"og:type\" content=\"article\" \/>\n<meta property=\"og:title\" content=\"Ata de trabalhos e delibera\u00e7\u00f5es da Comiss\u00e3o de Comiss\u00e3o Eleitoral - SITSESP\" \/>\n<meta property=\"og:description\" content=\"Ata de trabalhos e delibera&ccedil;&otilde;es da Comiss&atilde;o de Comiss&atilde;o Eleitoral &nbsp; ATA DE DELIBERA&Ccedil;&Atilde;O &nbsp; Aos 25 dias do m&ecirc;s de&hellip;\" \/>\n<meta property=\"og:url\" content=\"https:\/\/www.sitsesp.org.br\/novo\/ata-de-trabalhos-e-deliberacoes-da-comissao-de-comissao-eleitoral\/\" \/>\n<meta property=\"og:site_name\" content=\"SITSESP\" \/>\n<meta property=\"article:published_time\" content=\"2019-07-26T13:18:57+00:00\" \/>\n<meta property=\"og:image\" content=\"https:\/\/www.sitsesp.org.br\/novo\/wp-content\/uploads\/2020\/10\/1564147137-1.png\" \/>\n\t<meta property=\"og:image:width\" content=\"811\" \/>\n\t<meta property=\"og:image:height\" content=\"670\" \/>\n\t<meta property=\"og:image:type\" content=\"image\/png\" \/>\n<meta name=\"author\" content=\"mhais\" \/>\n<meta name=\"twitter:card\" content=\"summary_large_image\" \/>\n<meta name=\"twitter:label1\" content=\"Escrito por\" \/>\n\t<meta name=\"twitter:data1\" content=\"mhais\" \/>\n\t<meta name=\"twitter:label2\" content=\"Est. tempo de leitura\" \/>\n\t<meta name=\"twitter:data2\" content=\"4 minutos\" \/>\n<script type=\"application\/ld+json\" class=\"yoast-schema-graph\">{\"@context\":\"https:\/\/schema.org\",\"@graph\":[{\"@type\":\"Article\",\"@id\":\"https:\/\/www.sitsesp.org.br\/novo\/ata-de-trabalhos-e-deliberacoes-da-comissao-de-comissao-eleitoral\/#article\",\"isPartOf\":{\"@id\":\"https:\/\/www.sitsesp.org.br\/novo\/ata-de-trabalhos-e-deliberacoes-da-comissao-de-comissao-eleitoral\/\"},\"author\":{\"name\":\"mhais\",\"@id\":\"https:\/\/www.sitsesp.org.br\/novo\/#\/schema\/person\/2a4c180eb185645b3bef8657c75e305a\"},\"headline\":\"Ata de trabalhos e delibera\u00e7\u00f5es da Comiss\u00e3o de Comiss\u00e3o Eleitoral\",\"datePublished\":\"2019-07-26T13:18:57+00:00\",\"dateModified\":\"2019-07-26T13:18:57+00:00\",\"mainEntityOfPage\":{\"@id\":\"https:\/\/www.sitsesp.org.br\/novo\/ata-de-trabalhos-e-deliberacoes-da-comissao-de-comissao-eleitoral\/\"},\"wordCount\":758,\"commentCount\":0,\"publisher\":{\"@id\":\"https:\/\/www.sitsesp.org.br\/novo\/#organization\"},\"image\":{\"@id\":\"https:\/\/www.sitsesp.org.br\/novo\/ata-de-trabalhos-e-deliberacoes-da-comissao-de-comissao-eleitoral\/#primaryimage\"},\"thumbnailUrl\":\"https:\/\/www.sitsesp.org.br\/novo\/wp-content\/uploads\/2020\/10\/1564147137-1.png\",\"articleSection\":[\"Noticias\"],\"inLanguage\":\"pt-BR\",\"potentialAction\":[{\"@type\":\"CommentAction\",\"name\":\"Comment\",\"target\":[\"https:\/\/www.sitsesp.org.br\/novo\/ata-de-trabalhos-e-deliberacoes-da-comissao-de-comissao-eleitoral\/#respond\"]}]},{\"@type\":\"WebPage\",\"@id\":\"https:\/\/www.sitsesp.org.br\/novo\/ata-de-trabalhos-e-deliberacoes-da-comissao-de-comissao-eleitoral\/\",\"url\":\"https:\/\/www.sitsesp.org.br\/novo\/ata-de-trabalhos-e-deliberacoes-da-comissao-de-comissao-eleitoral\/\",\"name\":\"Ata de trabalhos e delibera\u00e7\u00f5es da Comiss\u00e3o de Comiss\u00e3o Eleitoral - SITSESP\",\"isPartOf\":{\"@id\":\"https:\/\/www.sitsesp.org.br\/novo\/#website\"},\"primaryImageOfPage\":{\"@id\":\"https:\/\/www.sitsesp.org.br\/novo\/ata-de-trabalhos-e-deliberacoes-da-comissao-de-comissao-eleitoral\/#primaryimage\"},\"image\":{\"@id\":\"https:\/\/www.sitsesp.org.br\/novo\/ata-de-trabalhos-e-deliberacoes-da-comissao-de-comissao-eleitoral\/#primaryimage\"},\"thumbnailUrl\":\"https:\/\/www.sitsesp.org.br\/novo\/wp-content\/uploads\/2020\/10\/1564147137-1.png\",\"datePublished\":\"2019-07-26T13:18:57+00:00\",\"dateModified\":\"2019-07-26T13:18:57+00:00\",\"breadcrumb\":{\"@id\":\"https:\/\/www.sitsesp.org.br\/novo\/ata-de-trabalhos-e-deliberacoes-da-comissao-de-comissao-eleitoral\/#breadcrumb\"},\"inLanguage\":\"pt-BR\",\"potentialAction\":[{\"@type\":\"ReadAction\",\"target\":[\"https:\/\/www.sitsesp.org.br\/novo\/ata-de-trabalhos-e-deliberacoes-da-comissao-de-comissao-eleitoral\/\"]}]},{\"@type\":\"ImageObject\",\"inLanguage\":\"pt-BR\",\"@id\":\"https:\/\/www.sitsesp.org.br\/novo\/ata-de-trabalhos-e-deliberacoes-da-comissao-de-comissao-eleitoral\/#primaryimage\",\"url\":\"https:\/\/www.sitsesp.org.br\/novo\/wp-content\/uploads\/2020\/10\/1564147137-1.png\",\"contentUrl\":\"https:\/\/www.sitsesp.org.br\/novo\/wp-content\/uploads\/2020\/10\/1564147137-1.png\",\"width\":811,\"height\":670},{\"@type\":\"BreadcrumbList\",\"@id\":\"https:\/\/www.sitsesp.org.br\/novo\/ata-de-trabalhos-e-deliberacoes-da-comissao-de-comissao-eleitoral\/#breadcrumb\",\"itemListElement\":[{\"@type\":\"ListItem\",\"position\":1,\"name\":\"In\u00edcio\",\"item\":\"https:\/\/www.sitsesp.org.br\/novo\/\"},{\"@type\":\"ListItem\",\"position\":2,\"name\":\"Ata de trabalhos e delibera\u00e7\u00f5es da Comiss\u00e3o de Comiss\u00e3o Eleitoral\"}]},{\"@type\":\"WebSite\",\"@id\":\"https:\/\/www.sitsesp.org.br\/novo\/#website\",\"url\":\"https:\/\/www.sitsesp.org.br\/novo\/\",\"name\":\"Sitsesp\",\"description\":\"SIndicato da Socioeduca\u00e7\u00e3o do Estado de S\u00e3o Paulo\",\"publisher\":{\"@id\":\"https:\/\/www.sitsesp.org.br\/novo\/#organization\"},\"potentialAction\":[{\"@type\":\"SearchAction\",\"target\":{\"@type\":\"EntryPoint\",\"urlTemplate\":\"https:\/\/www.sitsesp.org.br\/novo\/?s={search_term_string}\"},\"query-input\":\"required name=search_term_string\"}],\"inLanguage\":\"pt-BR\"},{\"@type\":\"Organization\",\"@id\":\"https:\/\/www.sitsesp.org.br\/novo\/#organization\",\"name\":\"Sitsesp\",\"url\":\"https:\/\/www.sitsesp.org.br\/novo\/\",\"logo\":{\"@type\":\"ImageObject\",\"inLanguage\":\"pt-BR\",\"@id\":\"https:\/\/www.sitsesp.org.br\/novo\/#\/schema\/logo\/image\/\",\"url\":\"https:\/\/www.sitsesp.org.br\/novo\/wp-content\/uploads\/2020\/09\/Design-sem-nome-1.jpg\",\"contentUrl\":\"https:\/\/www.sitsesp.org.br\/novo\/wp-content\/uploads\/2020\/09\/Design-sem-nome-1.jpg\",\"width\":300,\"height\":300,\"caption\":\"Sitsesp\"},\"image\":{\"@id\":\"https:\/\/www.sitsesp.org.br\/novo\/#\/schema\/logo\/image\/\"}},{\"@type\":\"Person\",\"@id\":\"https:\/\/www.sitsesp.org.br\/novo\/#\/schema\/person\/2a4c180eb185645b3bef8657c75e305a\",\"name\":\"mhais\",\"image\":{\"@type\":\"ImageObject\",\"inLanguage\":\"pt-BR\",\"@id\":\"https:\/\/www.sitsesp.org.br\/novo\/#\/schema\/person\/image\/\",\"url\":\"https:\/\/secure.gravatar.com\/avatar\/6f4eabe86990e81328cf702edfa92a60?s=96&d=mm&r=g\",\"contentUrl\":\"https:\/\/secure.gravatar.com\/avatar\/6f4eabe86990e81328cf702edfa92a60?s=96&d=mm&r=g\",\"caption\":\"mhais\"},\"sameAs\":[\"http:\/\/localhost\/sitsesp\"]}]}<\/script>\n<!-- \/ Yoast SEO plugin. -->","yoast_head_json":{"title":"Ata de trabalhos e delibera\u00e7\u00f5es da Comiss\u00e3o de Comiss\u00e3o Eleitoral - SITSESP","robots":{"index":"index","follow":"follow","max-snippet":"max-snippet:-1","max-image-preview":"max-image-preview:large","max-video-preview":"max-video-preview:-1"},"canonical":"https:\/\/www.sitsesp.org.br\/novo\/ata-de-trabalhos-e-deliberacoes-da-comissao-de-comissao-eleitoral\/","og_locale":"pt_BR","og_type":"article","og_title":"Ata de trabalhos e delibera\u00e7\u00f5es da Comiss\u00e3o de Comiss\u00e3o Eleitoral - SITSESP","og_description":"Ata de trabalhos e delibera&ccedil;&otilde;es da Comiss&atilde;o de Comiss&atilde;o Eleitoral &nbsp; ATA DE DELIBERA&Ccedil;&Atilde;O &nbsp; Aos 25 dias do m&ecirc;s de&hellip;","og_url":"https:\/\/www.sitsesp.org.br\/novo\/ata-de-trabalhos-e-deliberacoes-da-comissao-de-comissao-eleitoral\/","og_site_name":"SITSESP","article_published_time":"2019-07-26T13:18:57+00:00","og_image":[{"width":811,"height":670,"url":"https:\/\/www.sitsesp.org.br\/novo\/wp-content\/uploads\/2020\/10\/1564147137-1.png","type":"image\/png"}],"author":"mhais","twitter_card":"summary_large_image","twitter_misc":{"Escrito por":"mhais","Est. tempo de leitura":"4 minutos"},"schema":{"@context":"https:\/\/schema.org","@graph":[{"@type":"Article","@id":"https:\/\/www.sitsesp.org.br\/novo\/ata-de-trabalhos-e-deliberacoes-da-comissao-de-comissao-eleitoral\/#article","isPartOf":{"@id":"https:\/\/www.sitsesp.org.br\/novo\/ata-de-trabalhos-e-deliberacoes-da-comissao-de-comissao-eleitoral\/"},"author":{"name":"mhais","@id":"https:\/\/www.sitsesp.org.br\/novo\/#\/schema\/person\/2a4c180eb185645b3bef8657c75e305a"},"headline":"Ata de trabalhos e delibera\u00e7\u00f5es da Comiss\u00e3o de Comiss\u00e3o Eleitoral","datePublished":"2019-07-26T13:18:57+00:00","dateModified":"2019-07-26T13:18:57+00:00","mainEntityOfPage":{"@id":"https:\/\/www.sitsesp.org.br\/novo\/ata-de-trabalhos-e-deliberacoes-da-comissao-de-comissao-eleitoral\/"},"wordCount":758,"commentCount":0,"publisher":{"@id":"https:\/\/www.sitsesp.org.br\/novo\/#organization"},"image":{"@id":"https:\/\/www.sitsesp.org.br\/novo\/ata-de-trabalhos-e-deliberacoes-da-comissao-de-comissao-eleitoral\/#primaryimage"},"thumbnailUrl":"https:\/\/www.sitsesp.org.br\/novo\/wp-content\/uploads\/2020\/10\/1564147137-1.png","articleSection":["Noticias"],"inLanguage":"pt-BR","potentialAction":[{"@type":"CommentAction","name":"Comment","target":["https:\/\/www.sitsesp.org.br\/novo\/ata-de-trabalhos-e-deliberacoes-da-comissao-de-comissao-eleitoral\/#respond"]}]},{"@type":"WebPage","@id":"https:\/\/www.sitsesp.org.br\/novo\/ata-de-trabalhos-e-deliberacoes-da-comissao-de-comissao-eleitoral\/","url":"https:\/\/www.sitsesp.org.br\/novo\/ata-de-trabalhos-e-deliberacoes-da-comissao-de-comissao-eleitoral\/","name":"Ata de trabalhos e delibera\u00e7\u00f5es da Comiss\u00e3o de Comiss\u00e3o Eleitoral - SITSESP","isPartOf":{"@id":"https:\/\/www.sitsesp.org.br\/novo\/#website"},"primaryImageOfPage":{"@id":"https:\/\/www.sitsesp.org.br\/novo\/ata-de-trabalhos-e-deliberacoes-da-comissao-de-comissao-eleitoral\/#primaryimage"},"image":{"@id":"https:\/\/www.sitsesp.org.br\/novo\/ata-de-trabalhos-e-deliberacoes-da-comissao-de-comissao-eleitoral\/#primaryimage"},"thumbnailUrl":"https:\/\/www.sitsesp.org.br\/novo\/wp-content\/uploads\/2020\/10\/1564147137-1.png","datePublished":"2019-07-26T13:18:57+00:00","dateModified":"2019-07-26T13:18:57+00:00","breadcrumb":{"@id":"https:\/\/www.sitsesp.org.br\/novo\/ata-de-trabalhos-e-deliberacoes-da-comissao-de-comissao-eleitoral\/#breadcrumb"},"inLanguage":"pt-BR","potentialAction":[{"@type":"ReadAction","target":["https:\/\/www.sitsesp.org.br\/novo\/ata-de-trabalhos-e-deliberacoes-da-comissao-de-comissao-eleitoral\/"]}]},{"@type":"ImageObject","inLanguage":"pt-BR","@id":"https:\/\/www.sitsesp.org.br\/novo\/ata-de-trabalhos-e-deliberacoes-da-comissao-de-comissao-eleitoral\/#primaryimage","url":"https:\/\/www.sitsesp.org.br\/novo\/wp-content\/uploads\/2020\/10\/1564147137-1.png","contentUrl":"https:\/\/www.sitsesp.org.br\/novo\/wp-content\/uploads\/2020\/10\/1564147137-1.png","width":811,"height":670},{"@type":"BreadcrumbList","@id":"https:\/\/www.sitsesp.org.br\/novo\/ata-de-trabalhos-e-deliberacoes-da-comissao-de-comissao-eleitoral\/#breadcrumb","itemListElement":[{"@type":"ListItem","position":1,"name":"In\u00edcio","item":"https:\/\/www.sitsesp.org.br\/novo\/"},{"@type":"ListItem","position":2,"name":"Ata de trabalhos e delibera\u00e7\u00f5es da Comiss\u00e3o de Comiss\u00e3o Eleitoral"}]},{"@type":"WebSite","@id":"https:\/\/www.sitsesp.org.br\/novo\/#website","url":"https:\/\/www.sitsesp.org.br\/novo\/","name":"Sitsesp","description":"SIndicato da Socioeduca\u00e7\u00e3o do Estado de S\u00e3o Paulo","publisher":{"@id":"https:\/\/www.sitsesp.org.br\/novo\/#organization"},"potentialAction":[{"@type":"SearchAction","target":{"@type":"EntryPoint","urlTemplate":"https:\/\/www.sitsesp.org.br\/novo\/?s={search_term_string}"},"query-input":"required name=search_term_string"}],"inLanguage":"pt-BR"},{"@type":"Organization","@id":"https:\/\/www.sitsesp.org.br\/novo\/#organization","name":"Sitsesp","url":"https:\/\/www.sitsesp.org.br\/novo\/","logo":{"@type":"ImageObject","inLanguage":"pt-BR","@id":"https:\/\/www.sitsesp.org.br\/novo\/#\/schema\/logo\/image\/","url":"https:\/\/www.sitsesp.org.br\/novo\/wp-content\/uploads\/2020\/09\/Design-sem-nome-1.jpg","contentUrl":"https:\/\/www.sitsesp.org.br\/novo\/wp-content\/uploads\/2020\/09\/Design-sem-nome-1.jpg","width":300,"height":300,"caption":"Sitsesp"},"image":{"@id":"https:\/\/www.sitsesp.org.br\/novo\/#\/schema\/logo\/image\/"}},{"@type":"Person","@id":"https:\/\/www.sitsesp.org.br\/novo\/#\/schema\/person\/2a4c180eb185645b3bef8657c75e305a","name":"mhais","image":{"@type":"ImageObject","inLanguage":"pt-BR","@id":"https:\/\/www.sitsesp.org.br\/novo\/#\/schema\/person\/image\/","url":"https:\/\/secure.gravatar.com\/avatar\/6f4eabe86990e81328cf702edfa92a60?s=96&d=mm&r=g","contentUrl":"https:\/\/secure.gravatar.com\/avatar\/6f4eabe86990e81328cf702edfa92a60?s=96&d=mm&r=g","caption":"mhais"},"sameAs":["http:\/\/localhost\/sitsesp"]}]}},"_links":{"self":[{"href":"https:\/\/www.sitsesp.org.br\/novo\/wp-json\/wp\/v2\/posts\/2341"}],"collection":[{"href":"https:\/\/www.sitsesp.org.br\/novo\/wp-json\/wp\/v2\/posts"}],"about":[{"href":"https:\/\/www.sitsesp.org.br\/novo\/wp-json\/wp\/v2\/types\/post"}],"author":[{"embeddable":true,"href":"https:\/\/www.sitsesp.org.br\/novo\/wp-json\/wp\/v2\/users\/1"}],"replies":[{"embeddable":true,"href":"https:\/\/www.sitsesp.org.br\/novo\/wp-json\/wp\/v2\/comments?post=2341"}],"version-history":[{"count":0,"href":"https:\/\/www.sitsesp.org.br\/novo\/wp-json\/wp\/v2\/posts\/2341\/revisions"}],"wp:featuredmedia":[{"embeddable":true,"href":"https:\/\/www.sitsesp.org.br\/novo\/wp-json\/wp\/v2\/media\/2342"}],"wp:attachment":[{"href":"https:\/\/www.sitsesp.org.br\/novo\/wp-json\/wp\/v2\/media?parent=2341"}],"wp:term":[{"taxonomy":"category","embeddable":true,"href":"https:\/\/www.sitsesp.org.br\/novo\/wp-json\/wp\/v2\/categories?post=2341"},{"taxonomy":"post_tag","embeddable":true,"href":"https:\/\/www.sitsesp.org.br\/novo\/wp-json\/wp\/v2\/tags?post=2341"}],"curies":[{"name":"wp","href":"https:\/\/api.w.org\/{rel}","templated":true}]}}