{"id":2359,"date":"2019-08-26T20:07:36","date_gmt":"2019-08-26T23:07:36","guid":{"rendered":"https:\/\/pecorari-cloud72.pecoraricloud.com.br\/~sitsesporg\/eleicao-sindical-2019-urnas-do-interior-e-litoral-ja-estao-na-estrada\/"},"modified":"2019-08-26T20:07:36","modified_gmt":"2019-08-26T23:07:36","slug":"eleicao-sindical-2019-urnas-do-interior-e-litoral-ja-estao-na-estrada","status":"publish","type":"post","link":"https:\/\/www.sitsesp.org.br\/novo\/eleicao-sindical-2019-urnas-do-interior-e-litoral-ja-estao-na-estrada\/","title":{"rendered":"Elei\u00e7\u00e3o Sindical 2019 &#8211; Urnas do interior e litoral j\u00e1 est\u00e3o na estrada"},"content":{"rendered":"<p><!-- VideographyWP Plugin Message: Automatic video embedding prevented by plugin options. --><br \/>\nHoje, (26\/08) a Comiss&atilde;o Eleitoral deu inicio aos trabalhos, com a libera&ccedil;&atilde;o das 21 urnas em dire&ccedil;&atilde;o ao interior e litoral paulista. O processo de distribui&ccedil;&atilde;o de urna teve a participa&ccedil;&atilde;o dos fiscais de chapas e um observador representando os trabalhadores. <br \/>A primeira urna a sair foi em dire&ccedil;&atilde;o a Fernand&oacute;polis, S&atilde;o Jos&eacute; do Rio Preto e Ara&ccedil;atuba. Foram mais de 4 horas liberando presidente de mesa, mes&aacute;rios da Chapa 1 e 2 para comporem a estrutura que ir&aacute; aparelhar para que os trabalhadores da Funda&ccedil;&atilde;o CASA possam votar nos seus candidatos.<br \/>Amanh&atilde; (27\/08) as urnas da cidade de S&atilde;o Paulo sair&atilde;o da sede do sindicato em dire&ccedil;&atilde;o as unidades da Funda&ccedil;&atilde;o CASA. Na sede do SITSESP a urna 01 estar&aacute; dispon&iacute;vel para os trabalhadores afastados e aposentados.<br \/>As urnas para a elei&ccedil;&atilde;o 2019 ser&atilde;o abertas amanh&atilde; &agrave;s 08hs e permanecer&atilde;o abertas at&eacute; &agrave;s 20hs.<\/p>\n","protected":false},"excerpt":{"rendered":"<p>Hoje, (26\/08) a Comiss&atilde;o Eleitoral deu inicio aos trabalhos, com a libera&ccedil;&atilde;o das 21 urnas em dire&ccedil;&atilde;o ao interior e litoral&hellip;<\/p>\n","protected":false},"author":1,"featured_media":2360,"comment_status":"open","ping_status":"open","sticky":false,"template":"","format":"standard","meta":{"cybocfi_hide_featured_image":"","footnotes":""},"categories":[22],"tags":[],"yoast_head":"<!-- This site is optimized with the Yoast SEO plugin v22.8 - https:\/\/yoast.com\/wordpress\/plugins\/seo\/ -->\n<title>Elei\u00e7\u00e3o Sindical 2019 - Urnas do interior e litoral j\u00e1 est\u00e3o na estrada - SITSESP<\/title>\n<meta name=\"robots\" content=\"index, follow, max-snippet:-1, max-image-preview:large, max-video-preview:-1\" \/>\n<link rel=\"canonical\" href=\"https:\/\/www.sitsesp.org.br\/novo\/eleicao-sindical-2019-urnas-do-interior-e-litoral-ja-estao-na-estrada\/\" \/>\n<meta property=\"og:locale\" content=\"pt_BR\" \/>\n<meta property=\"og:type\" content=\"article\" \/>\n<meta property=\"og:title\" content=\"Elei\u00e7\u00e3o Sindical 2019 - Urnas do interior e litoral j\u00e1 est\u00e3o na estrada - SITSESP\" \/>\n<meta property=\"og:description\" content=\"Hoje, (26\/08) a Comiss&atilde;o Eleitoral deu inicio aos trabalhos, com a libera&ccedil;&atilde;o das 21 urnas em dire&ccedil;&atilde;o ao interior e litoral&hellip;\" \/>\n<meta property=\"og:url\" content=\"https:\/\/www.sitsesp.org.br\/novo\/eleicao-sindical-2019-urnas-do-interior-e-litoral-ja-estao-na-estrada\/\" \/>\n<meta property=\"og:site_name\" content=\"SITSESP\" \/>\n<meta property=\"article:published_time\" content=\"2019-08-26T23:07:36+00:00\" \/>\n<meta property=\"og:image\" content=\"https:\/\/www.sitsesp.org.br\/novo\/wp-content\/uploads\/2020\/10\/1566860856-1.jpeg\" \/>\n\t<meta property=\"og:image:width\" content=\"774\" \/>\n\t<meta property=\"og:image:height\" content=\"1032\" \/>\n\t<meta property=\"og:image:type\" content=\"image\/jpeg\" \/>\n<meta name=\"author\" content=\"mhais\" \/>\n<meta name=\"twitter:card\" content=\"summary_large_image\" \/>\n<meta name=\"twitter:label1\" content=\"Escrito por\" \/>\n\t<meta name=\"twitter:data1\" content=\"mhais\" \/>\n\t<meta name=\"twitter:label2\" content=\"Est. tempo de leitura\" \/>\n\t<meta name=\"twitter:data2\" content=\"1 minuto\" \/>\n<script type=\"application\/ld+json\" class=\"yoast-schema-graph\">{\"@context\":\"https:\/\/schema.org\",\"@graph\":[{\"@type\":\"Article\",\"@id\":\"https:\/\/www.sitsesp.org.br\/novo\/eleicao-sindical-2019-urnas-do-interior-e-litoral-ja-estao-na-estrada\/#article\",\"isPartOf\":{\"@id\":\"https:\/\/www.sitsesp.org.br\/novo\/eleicao-sindical-2019-urnas-do-interior-e-litoral-ja-estao-na-estrada\/\"},\"author\":{\"name\":\"mhais\",\"@id\":\"https:\/\/www.sitsesp.org.br\/novo\/#\/schema\/person\/2a4c180eb185645b3bef8657c75e305a\"},\"headline\":\"Elei\u00e7\u00e3o Sindical 2019 &#8211; Urnas do interior e litoral j\u00e1 est\u00e3o na estrada\",\"datePublished\":\"2019-08-26T23:07:36+00:00\",\"dateModified\":\"2019-08-26T23:07:36+00:00\",\"mainEntityOfPage\":{\"@id\":\"https:\/\/www.sitsesp.org.br\/novo\/eleicao-sindical-2019-urnas-do-interior-e-litoral-ja-estao-na-estrada\/\"},\"wordCount\":206,\"commentCount\":0,\"publisher\":{\"@id\":\"https:\/\/www.sitsesp.org.br\/novo\/#organization\"},\"image\":{\"@id\":\"https:\/\/www.sitsesp.org.br\/novo\/eleicao-sindical-2019-urnas-do-interior-e-litoral-ja-estao-na-estrada\/#primaryimage\"},\"thumbnailUrl\":\"https:\/\/www.sitsesp.org.br\/novo\/wp-content\/uploads\/2020\/10\/1566860856-1.jpeg\",\"articleSection\":[\"Noticias\"],\"inLanguage\":\"pt-BR\",\"potentialAction\":[{\"@type\":\"CommentAction\",\"name\":\"Comment\",\"target\":[\"https:\/\/www.sitsesp.org.br\/novo\/eleicao-sindical-2019-urnas-do-interior-e-litoral-ja-estao-na-estrada\/#respond\"]}]},{\"@type\":\"WebPage\",\"@id\":\"https:\/\/www.sitsesp.org.br\/novo\/eleicao-sindical-2019-urnas-do-interior-e-litoral-ja-estao-na-estrada\/\",\"url\":\"https:\/\/www.sitsesp.org.br\/novo\/eleicao-sindical-2019-urnas-do-interior-e-litoral-ja-estao-na-estrada\/\",\"name\":\"Elei\u00e7\u00e3o Sindical 2019 - Urnas do interior e litoral j\u00e1 est\u00e3o na estrada - SITSESP\",\"isPartOf\":{\"@id\":\"https:\/\/www.sitsesp.org.br\/novo\/#website\"},\"primaryImageOfPage\":{\"@id\":\"https:\/\/www.sitsesp.org.br\/novo\/eleicao-sindical-2019-urnas-do-interior-e-litoral-ja-estao-na-estrada\/#primaryimage\"},\"image\":{\"@id\":\"https:\/\/www.sitsesp.org.br\/novo\/eleicao-sindical-2019-urnas-do-interior-e-litoral-ja-estao-na-estrada\/#primaryimage\"},\"thumbnailUrl\":\"https:\/\/www.sitsesp.org.br\/novo\/wp-content\/uploads\/2020\/10\/1566860856-1.jpeg\",\"datePublished\":\"2019-08-26T23:07:36+00:00\",\"dateModified\":\"2019-08-26T23:07:36+00:00\",\"breadcrumb\":{\"@id\":\"https:\/\/www.sitsesp.org.br\/novo\/eleicao-sindical-2019-urnas-do-interior-e-litoral-ja-estao-na-estrada\/#breadcrumb\"},\"inLanguage\":\"pt-BR\",\"potentialAction\":[{\"@type\":\"ReadAction\",\"target\":[\"https:\/\/www.sitsesp.org.br\/novo\/eleicao-sindical-2019-urnas-do-interior-e-litoral-ja-estao-na-estrada\/\"]}]},{\"@type\":\"ImageObject\",\"inLanguage\":\"pt-BR\",\"@id\":\"https:\/\/www.sitsesp.org.br\/novo\/eleicao-sindical-2019-urnas-do-interior-e-litoral-ja-estao-na-estrada\/#primaryimage\",\"url\":\"https:\/\/www.sitsesp.org.br\/novo\/wp-content\/uploads\/2020\/10\/1566860856-1.jpeg\",\"contentUrl\":\"https:\/\/www.sitsesp.org.br\/novo\/wp-content\/uploads\/2020\/10\/1566860856-1.jpeg\",\"width\":774,\"height\":1032},{\"@type\":\"BreadcrumbList\",\"@id\":\"https:\/\/www.sitsesp.org.br\/novo\/eleicao-sindical-2019-urnas-do-interior-e-litoral-ja-estao-na-estrada\/#breadcrumb\",\"itemListElement\":[{\"@type\":\"ListItem\",\"position\":1,\"name\":\"In\u00edcio\",\"item\":\"https:\/\/www.sitsesp.org.br\/novo\/\"},{\"@type\":\"ListItem\",\"position\":2,\"name\":\"Elei\u00e7\u00e3o Sindical 2019 &#8211; Urnas do interior e litoral j\u00e1 est\u00e3o na estrada\"}]},{\"@type\":\"WebSite\",\"@id\":\"https:\/\/www.sitsesp.org.br\/novo\/#website\",\"url\":\"https:\/\/www.sitsesp.org.br\/novo\/\",\"name\":\"Sitsesp\",\"description\":\"SIndicato da Socioeduca\u00e7\u00e3o do Estado de S\u00e3o Paulo\",\"publisher\":{\"@id\":\"https:\/\/www.sitsesp.org.br\/novo\/#organization\"},\"potentialAction\":[{\"@type\":\"SearchAction\",\"target\":{\"@type\":\"EntryPoint\",\"urlTemplate\":\"https:\/\/www.sitsesp.org.br\/novo\/?s={search_term_string}\"},\"query-input\":\"required name=search_term_string\"}],\"inLanguage\":\"pt-BR\"},{\"@type\":\"Organization\",\"@id\":\"https:\/\/www.sitsesp.org.br\/novo\/#organization\",\"name\":\"Sitsesp\",\"url\":\"https:\/\/www.sitsesp.org.br\/novo\/\",\"logo\":{\"@type\":\"ImageObject\",\"inLanguage\":\"pt-BR\",\"@id\":\"https:\/\/www.sitsesp.org.br\/novo\/#\/schema\/logo\/image\/\",\"url\":\"https:\/\/www.sitsesp.org.br\/novo\/wp-content\/uploads\/2020\/09\/Design-sem-nome-1.jpg\",\"contentUrl\":\"https:\/\/www.sitsesp.org.br\/novo\/wp-content\/uploads\/2020\/09\/Design-sem-nome-1.jpg\",\"width\":300,\"height\":300,\"caption\":\"Sitsesp\"},\"image\":{\"@id\":\"https:\/\/www.sitsesp.org.br\/novo\/#\/schema\/logo\/image\/\"}},{\"@type\":\"Person\",\"@id\":\"https:\/\/www.sitsesp.org.br\/novo\/#\/schema\/person\/2a4c180eb185645b3bef8657c75e305a\",\"name\":\"mhais\",\"image\":{\"@type\":\"ImageObject\",\"inLanguage\":\"pt-BR\",\"@id\":\"https:\/\/www.sitsesp.org.br\/novo\/#\/schema\/person\/image\/\",\"url\":\"https:\/\/secure.gravatar.com\/avatar\/6f4eabe86990e81328cf702edfa92a60?s=96&d=mm&r=g\",\"contentUrl\":\"https:\/\/secure.gravatar.com\/avatar\/6f4eabe86990e81328cf702edfa92a60?s=96&d=mm&r=g\",\"caption\":\"mhais\"},\"sameAs\":[\"http:\/\/localhost\/sitsesp\"]}]}<\/script>\n<!-- \/ Yoast SEO plugin. -->","yoast_head_json":{"title":"Elei\u00e7\u00e3o Sindical 2019 - Urnas do interior e litoral j\u00e1 est\u00e3o na estrada - SITSESP","robots":{"index":"index","follow":"follow","max-snippet":"max-snippet:-1","max-image-preview":"max-image-preview:large","max-video-preview":"max-video-preview:-1"},"canonical":"https:\/\/www.sitsesp.org.br\/novo\/eleicao-sindical-2019-urnas-do-interior-e-litoral-ja-estao-na-estrada\/","og_locale":"pt_BR","og_type":"article","og_title":"Elei\u00e7\u00e3o Sindical 2019 - Urnas do interior e litoral j\u00e1 est\u00e3o na estrada - SITSESP","og_description":"Hoje, (26\/08) a Comiss&atilde;o Eleitoral deu inicio aos trabalhos, com a libera&ccedil;&atilde;o das 21 urnas em dire&ccedil;&atilde;o ao interior e litoral&hellip;","og_url":"https:\/\/www.sitsesp.org.br\/novo\/eleicao-sindical-2019-urnas-do-interior-e-litoral-ja-estao-na-estrada\/","og_site_name":"SITSESP","article_published_time":"2019-08-26T23:07:36+00:00","og_image":[{"width":774,"height":1032,"url":"https:\/\/www.sitsesp.org.br\/novo\/wp-content\/uploads\/2020\/10\/1566860856-1.jpeg","type":"image\/jpeg"}],"author":"mhais","twitter_card":"summary_large_image","twitter_misc":{"Escrito por":"mhais","Est. tempo de leitura":"1 minuto"},"schema":{"@context":"https:\/\/schema.org","@graph":[{"@type":"Article","@id":"https:\/\/www.sitsesp.org.br\/novo\/eleicao-sindical-2019-urnas-do-interior-e-litoral-ja-estao-na-estrada\/#article","isPartOf":{"@id":"https:\/\/www.sitsesp.org.br\/novo\/eleicao-sindical-2019-urnas-do-interior-e-litoral-ja-estao-na-estrada\/"},"author":{"name":"mhais","@id":"https:\/\/www.sitsesp.org.br\/novo\/#\/schema\/person\/2a4c180eb185645b3bef8657c75e305a"},"headline":"Elei\u00e7\u00e3o Sindical 2019 &#8211; Urnas do interior e litoral j\u00e1 est\u00e3o na estrada","datePublished":"2019-08-26T23:07:36+00:00","dateModified":"2019-08-26T23:07:36+00:00","mainEntityOfPage":{"@id":"https:\/\/www.sitsesp.org.br\/novo\/eleicao-sindical-2019-urnas-do-interior-e-litoral-ja-estao-na-estrada\/"},"wordCount":206,"commentCount":0,"publisher":{"@id":"https:\/\/www.sitsesp.org.br\/novo\/#organization"},"image":{"@id":"https:\/\/www.sitsesp.org.br\/novo\/eleicao-sindical-2019-urnas-do-interior-e-litoral-ja-estao-na-estrada\/#primaryimage"},"thumbnailUrl":"https:\/\/www.sitsesp.org.br\/novo\/wp-content\/uploads\/2020\/10\/1566860856-1.jpeg","articleSection":["Noticias"],"inLanguage":"pt-BR","potentialAction":[{"@type":"CommentAction","name":"Comment","target":["https:\/\/www.sitsesp.org.br\/novo\/eleicao-sindical-2019-urnas-do-interior-e-litoral-ja-estao-na-estrada\/#respond"]}]},{"@type":"WebPage","@id":"https:\/\/www.sitsesp.org.br\/novo\/eleicao-sindical-2019-urnas-do-interior-e-litoral-ja-estao-na-estrada\/","url":"https:\/\/www.sitsesp.org.br\/novo\/eleicao-sindical-2019-urnas-do-interior-e-litoral-ja-estao-na-estrada\/","name":"Elei\u00e7\u00e3o Sindical 2019 - Urnas do interior e litoral j\u00e1 est\u00e3o na estrada - SITSESP","isPartOf":{"@id":"https:\/\/www.sitsesp.org.br\/novo\/#website"},"primaryImageOfPage":{"@id":"https:\/\/www.sitsesp.org.br\/novo\/eleicao-sindical-2019-urnas-do-interior-e-litoral-ja-estao-na-estrada\/#primaryimage"},"image":{"@id":"https:\/\/www.sitsesp.org.br\/novo\/eleicao-sindical-2019-urnas-do-interior-e-litoral-ja-estao-na-estrada\/#primaryimage"},"thumbnailUrl":"https:\/\/www.sitsesp.org.br\/novo\/wp-content\/uploads\/2020\/10\/1566860856-1.jpeg","datePublished":"2019-08-26T23:07:36+00:00","dateModified":"2019-08-26T23:07:36+00:00","breadcrumb":{"@id":"https:\/\/www.sitsesp.org.br\/novo\/eleicao-sindical-2019-urnas-do-interior-e-litoral-ja-estao-na-estrada\/#breadcrumb"},"inLanguage":"pt-BR","potentialAction":[{"@type":"ReadAction","target":["https:\/\/www.sitsesp.org.br\/novo\/eleicao-sindical-2019-urnas-do-interior-e-litoral-ja-estao-na-estrada\/"]}]},{"@type":"ImageObject","inLanguage":"pt-BR","@id":"https:\/\/www.sitsesp.org.br\/novo\/eleicao-sindical-2019-urnas-do-interior-e-litoral-ja-estao-na-estrada\/#primaryimage","url":"https:\/\/www.sitsesp.org.br\/novo\/wp-content\/uploads\/2020\/10\/1566860856-1.jpeg","contentUrl":"https:\/\/www.sitsesp.org.br\/novo\/wp-content\/uploads\/2020\/10\/1566860856-1.jpeg","width":774,"height":1032},{"@type":"BreadcrumbList","@id":"https:\/\/www.sitsesp.org.br\/novo\/eleicao-sindical-2019-urnas-do-interior-e-litoral-ja-estao-na-estrada\/#breadcrumb","itemListElement":[{"@type":"ListItem","position":1,"name":"In\u00edcio","item":"https:\/\/www.sitsesp.org.br\/novo\/"},{"@type":"ListItem","position":2,"name":"Elei\u00e7\u00e3o Sindical 2019 &#8211; Urnas do interior e litoral j\u00e1 est\u00e3o na estrada"}]},{"@type":"WebSite","@id":"https:\/\/www.sitsesp.org.br\/novo\/#website","url":"https:\/\/www.sitsesp.org.br\/novo\/","name":"Sitsesp","description":"SIndicato da Socioeduca\u00e7\u00e3o do Estado de S\u00e3o Paulo","publisher":{"@id":"https:\/\/www.sitsesp.org.br\/novo\/#organization"},"potentialAction":[{"@type":"SearchAction","target":{"@type":"EntryPoint","urlTemplate":"https:\/\/www.sitsesp.org.br\/novo\/?s={search_term_string}"},"query-input":"required name=search_term_string"}],"inLanguage":"pt-BR"},{"@type":"Organization","@id":"https:\/\/www.sitsesp.org.br\/novo\/#organization","name":"Sitsesp","url":"https:\/\/www.sitsesp.org.br\/novo\/","logo":{"@type":"ImageObject","inLanguage":"pt-BR","@id":"https:\/\/www.sitsesp.org.br\/novo\/#\/schema\/logo\/image\/","url":"https:\/\/www.sitsesp.org.br\/novo\/wp-content\/uploads\/2020\/09\/Design-sem-nome-1.jpg","contentUrl":"https:\/\/www.sitsesp.org.br\/novo\/wp-content\/uploads\/2020\/09\/Design-sem-nome-1.jpg","width":300,"height":300,"caption":"Sitsesp"},"image":{"@id":"https:\/\/www.sitsesp.org.br\/novo\/#\/schema\/logo\/image\/"}},{"@type":"Person","@id":"https:\/\/www.sitsesp.org.br\/novo\/#\/schema\/person\/2a4c180eb185645b3bef8657c75e305a","name":"mhais","image":{"@type":"ImageObject","inLanguage":"pt-BR","@id":"https:\/\/www.sitsesp.org.br\/novo\/#\/schema\/person\/image\/","url":"https:\/\/secure.gravatar.com\/avatar\/6f4eabe86990e81328cf702edfa92a60?s=96&d=mm&r=g","contentUrl":"https:\/\/secure.gravatar.com\/avatar\/6f4eabe86990e81328cf702edfa92a60?s=96&d=mm&r=g","caption":"mhais"},"sameAs":["http:\/\/localhost\/sitsesp"]}]}},"_links":{"self":[{"href":"https:\/\/www.sitsesp.org.br\/novo\/wp-json\/wp\/v2\/posts\/2359"}],"collection":[{"href":"https:\/\/www.sitsesp.org.br\/novo\/wp-json\/wp\/v2\/posts"}],"about":[{"href":"https:\/\/www.sitsesp.org.br\/novo\/wp-json\/wp\/v2\/types\/post"}],"author":[{"embeddable":true,"href":"https:\/\/www.sitsesp.org.br\/novo\/wp-json\/wp\/v2\/users\/1"}],"replies":[{"embeddable":true,"href":"https:\/\/www.sitsesp.org.br\/novo\/wp-json\/wp\/v2\/comments?post=2359"}],"version-history":[{"count":0,"href":"https:\/\/www.sitsesp.org.br\/novo\/wp-json\/wp\/v2\/posts\/2359\/revisions"}],"wp:featuredmedia":[{"embeddable":true,"href":"https:\/\/www.sitsesp.org.br\/novo\/wp-json\/wp\/v2\/media\/2360"}],"wp:attachment":[{"href":"https:\/\/www.sitsesp.org.br\/novo\/wp-json\/wp\/v2\/media?parent=2359"}],"wp:term":[{"taxonomy":"category","embeddable":true,"href":"https:\/\/www.sitsesp.org.br\/novo\/wp-json\/wp\/v2\/categories?post=2359"},{"taxonomy":"post_tag","embeddable":true,"href":"https:\/\/www.sitsesp.org.br\/novo\/wp-json\/wp\/v2\/tags?post=2359"}],"curies":[{"name":"wp","href":"https:\/\/api.w.org\/{rel}","templated":true}]}}