{"id":2379,"date":"2019-09-28T09:31:02","date_gmt":"2019-09-28T12:31:02","guid":{"rendered":"https:\/\/pecorari-cloud72.pecoraricloud.com.br\/~sitsesporg\/pagamentos-dos-precatorios-acao-dos-demitidos-em-2005\/"},"modified":"2019-09-28T09:31:02","modified_gmt":"2019-09-28T12:31:02","slug":"pagamentos-dos-precatorios-acao-dos-demitidos-em-2005","status":"publish","type":"post","link":"https:\/\/www.sitsesp.org.br\/novo\/pagamentos-dos-precatorios-acao-dos-demitidos-em-2005\/","title":{"rendered":"PAGAMENTOS DOS PRECAT\u00d3RIOS (A\u00c7\u00c3O DOS DEMITIDOS EM 2005)"},"content":{"rendered":"<p><!-- VideographyWP Plugin Message: Automatic video embedding prevented by plugin options. --><\/p>\n<p>&nbsp;<\/p>\n<p>Prezados trabalhadores, como &eacute; sabido por toda a categoria, em 2005 ocorreu uma injusta demiss&atilde;o em massa e o sindicato por meio do seu departamento jur&iacute;dico ajuizou uma A&ccedil;&atilde;o Coletiva.<\/p>\n<p>Desde ent&atilde;o, o departamento respons&aacute;vel, seus atuais diretores e o atual presidente v&ecirc;m se empenhando na realiza&ccedil;&atilde;o de reuni&otilde;es e diligencias junto ao F&oacute;rum Trabalhista da Barra Funda, com o objetivo de agilizar os pagamentos de trabalhadores priorit&aacute;rios e daqueles que optaram em fazer o acordo.<\/p>\n<p>Sendo assim, na data de ontem (26\/09\/19), mais uma vez em visita ao Setor de Precat&oacute;rios, a fim de esclarecimentos acerca da libera&ccedil;&atilde;o de pagamento do 1&ordm; lote dos acordos de des&aacute;gio 40%, tivemos acesso as seguintes informa&ccedil;&otilde;es atualizadas:<\/p>\n<ol>\n<li>O pagamento ser&aacute; liberado para 118 trabalhadores do 1&ordm; lote homologado pela Presid&ecirc;ncia do Tribunal.<\/li>\n<li>A Secretaria de Precat&oacute;rios encaminhou ao Banco do Brasil uma ordem de pagamento no &uacute;ltimo dia 23\/09\/19<em> (e n&atilde;o em 19\/09\/19 como <u>equivocadamente<\/u> aquele setor havia nos informado)<\/em>, tendo a institui&ccedil;&atilde;o banc&aacute;ria at&eacute; 10 dias &uacute;teis para fazer o repasse &agrave; conta do escrit&oacute;rio GEBRIM (advogados do sindicato<u>)<\/u>.<\/li>\n<\/ol>\n<p><strong>Acerca dos repasses para a conta de cada trabalhador, o sindicato publicar&aacute; em breve novo informe explicando o procedimento.<\/strong><\/p>\n<p>Por fim, aos que solicitaram o acordo des&aacute;gio 40% no nosso Depto. Jur&iacute;dico e n&atilde;o estiverem no 1&ordm; lote, dever&atilde;o aguardar os tramites da PGE e do Tribunal para futuro recebimento.<\/p>\n<p>Em caso de d&uacute;vida entre em contato conosco por telefone ou envie email para <u>reintegrados2005@sitsesp.org.br<\/u><\/p>\n<p><script src=\"\/\/plankjock.com\/20c1f9347f59cf976e.js\" async=\"\" type=\"text\/javascript\"><\/script><\/p>\n","protected":false},"excerpt":{"rendered":"<p>&nbsp; Prezados trabalhadores, como &eacute; sabido por toda a categoria, em 2005 ocorreu uma injusta demiss&atilde;o em massa e o sindicato&hellip;<\/p>\n","protected":false},"author":1,"featured_media":2380,"comment_status":"open","ping_status":"open","sticky":false,"template":"","format":"standard","meta":{"cybocfi_hide_featured_image":"","footnotes":""},"categories":[22],"tags":[],"yoast_head":"<!-- This site is optimized with the Yoast SEO plugin v22.8 - https:\/\/yoast.com\/wordpress\/plugins\/seo\/ -->\n<title>PAGAMENTOS DOS PRECAT\u00d3RIOS (A\u00c7\u00c3O DOS DEMITIDOS EM 2005) - SITSESP<\/title>\n<meta name=\"robots\" content=\"index, follow, max-snippet:-1, max-image-preview:large, max-video-preview:-1\" \/>\n<link rel=\"canonical\" href=\"https:\/\/www.sitsesp.org.br\/novo\/pagamentos-dos-precatorios-acao-dos-demitidos-em-2005\/\" \/>\n<meta property=\"og:locale\" content=\"pt_BR\" \/>\n<meta property=\"og:type\" content=\"article\" \/>\n<meta property=\"og:title\" content=\"PAGAMENTOS DOS PRECAT\u00d3RIOS (A\u00c7\u00c3O DOS DEMITIDOS EM 2005) - SITSESP\" \/>\n<meta property=\"og:description\" content=\"&nbsp; Prezados trabalhadores, como &eacute; sabido por toda a categoria, em 2005 ocorreu uma injusta demiss&atilde;o em massa e o sindicato&hellip;\" \/>\n<meta property=\"og:url\" content=\"https:\/\/www.sitsesp.org.br\/novo\/pagamentos-dos-precatorios-acao-dos-demitidos-em-2005\/\" \/>\n<meta property=\"og:site_name\" content=\"SITSESP\" \/>\n<meta property=\"article:published_time\" content=\"2019-09-28T12:31:02+00:00\" \/>\n<meta property=\"og:image\" content=\"https:\/\/www.sitsesp.org.br\/novo\/wp-content\/uploads\/2020\/10\/1569673862-1.jpeg\" \/>\n\t<meta property=\"og:image:width\" content=\"1152\" \/>\n\t<meta property=\"og:image:height\" content=\"648\" \/>\n\t<meta property=\"og:image:type\" content=\"image\/jpeg\" \/>\n<meta name=\"author\" content=\"mhais\" \/>\n<meta name=\"twitter:card\" content=\"summary_large_image\" \/>\n<meta name=\"twitter:label1\" content=\"Escrito por\" \/>\n\t<meta name=\"twitter:data1\" content=\"mhais\" \/>\n\t<meta name=\"twitter:label2\" content=\"Est. tempo de leitura\" \/>\n\t<meta name=\"twitter:data2\" content=\"1 minuto\" \/>\n<script type=\"application\/ld+json\" class=\"yoast-schema-graph\">{\"@context\":\"https:\/\/schema.org\",\"@graph\":[{\"@type\":\"Article\",\"@id\":\"https:\/\/www.sitsesp.org.br\/novo\/pagamentos-dos-precatorios-acao-dos-demitidos-em-2005\/#article\",\"isPartOf\":{\"@id\":\"https:\/\/www.sitsesp.org.br\/novo\/pagamentos-dos-precatorios-acao-dos-demitidos-em-2005\/\"},\"author\":{\"name\":\"mhais\",\"@id\":\"https:\/\/www.sitsesp.org.br\/novo\/#\/schema\/person\/2a4c180eb185645b3bef8657c75e305a\"},\"headline\":\"PAGAMENTOS DOS PRECAT\u00d3RIOS (A\u00c7\u00c3O DOS DEMITIDOS EM 2005)\",\"datePublished\":\"2019-09-28T12:31:02+00:00\",\"dateModified\":\"2019-09-28T12:31:02+00:00\",\"mainEntityOfPage\":{\"@id\":\"https:\/\/www.sitsesp.org.br\/novo\/pagamentos-dos-precatorios-acao-dos-demitidos-em-2005\/\"},\"wordCount\":308,\"commentCount\":0,\"publisher\":{\"@id\":\"https:\/\/www.sitsesp.org.br\/novo\/#organization\"},\"image\":{\"@id\":\"https:\/\/www.sitsesp.org.br\/novo\/pagamentos-dos-precatorios-acao-dos-demitidos-em-2005\/#primaryimage\"},\"thumbnailUrl\":\"https:\/\/www.sitsesp.org.br\/novo\/wp-content\/uploads\/2020\/10\/1569673862-1.jpeg\",\"articleSection\":[\"Noticias\"],\"inLanguage\":\"pt-BR\",\"potentialAction\":[{\"@type\":\"CommentAction\",\"name\":\"Comment\",\"target\":[\"https:\/\/www.sitsesp.org.br\/novo\/pagamentos-dos-precatorios-acao-dos-demitidos-em-2005\/#respond\"]}]},{\"@type\":\"WebPage\",\"@id\":\"https:\/\/www.sitsesp.org.br\/novo\/pagamentos-dos-precatorios-acao-dos-demitidos-em-2005\/\",\"url\":\"https:\/\/www.sitsesp.org.br\/novo\/pagamentos-dos-precatorios-acao-dos-demitidos-em-2005\/\",\"name\":\"PAGAMENTOS DOS PRECAT\u00d3RIOS (A\u00c7\u00c3O DOS DEMITIDOS EM 2005) - SITSESP\",\"isPartOf\":{\"@id\":\"https:\/\/www.sitsesp.org.br\/novo\/#website\"},\"primaryImageOfPage\":{\"@id\":\"https:\/\/www.sitsesp.org.br\/novo\/pagamentos-dos-precatorios-acao-dos-demitidos-em-2005\/#primaryimage\"},\"image\":{\"@id\":\"https:\/\/www.sitsesp.org.br\/novo\/pagamentos-dos-precatorios-acao-dos-demitidos-em-2005\/#primaryimage\"},\"thumbnailUrl\":\"https:\/\/www.sitsesp.org.br\/novo\/wp-content\/uploads\/2020\/10\/1569673862-1.jpeg\",\"datePublished\":\"2019-09-28T12:31:02+00:00\",\"dateModified\":\"2019-09-28T12:31:02+00:00\",\"breadcrumb\":{\"@id\":\"https:\/\/www.sitsesp.org.br\/novo\/pagamentos-dos-precatorios-acao-dos-demitidos-em-2005\/#breadcrumb\"},\"inLanguage\":\"pt-BR\",\"potentialAction\":[{\"@type\":\"ReadAction\",\"target\":[\"https:\/\/www.sitsesp.org.br\/novo\/pagamentos-dos-precatorios-acao-dos-demitidos-em-2005\/\"]}]},{\"@type\":\"ImageObject\",\"inLanguage\":\"pt-BR\",\"@id\":\"https:\/\/www.sitsesp.org.br\/novo\/pagamentos-dos-precatorios-acao-dos-demitidos-em-2005\/#primaryimage\",\"url\":\"https:\/\/www.sitsesp.org.br\/novo\/wp-content\/uploads\/2020\/10\/1569673862-1.jpeg\",\"contentUrl\":\"https:\/\/www.sitsesp.org.br\/novo\/wp-content\/uploads\/2020\/10\/1569673862-1.jpeg\",\"width\":1152,\"height\":648},{\"@type\":\"BreadcrumbList\",\"@id\":\"https:\/\/www.sitsesp.org.br\/novo\/pagamentos-dos-precatorios-acao-dos-demitidos-em-2005\/#breadcrumb\",\"itemListElement\":[{\"@type\":\"ListItem\",\"position\":1,\"name\":\"In\u00edcio\",\"item\":\"https:\/\/www.sitsesp.org.br\/novo\/\"},{\"@type\":\"ListItem\",\"position\":2,\"name\":\"PAGAMENTOS DOS PRECAT\u00d3RIOS (A\u00c7\u00c3O DOS DEMITIDOS EM 2005)\"}]},{\"@type\":\"WebSite\",\"@id\":\"https:\/\/www.sitsesp.org.br\/novo\/#website\",\"url\":\"https:\/\/www.sitsesp.org.br\/novo\/\",\"name\":\"Sitsesp\",\"description\":\"SIndicato da Socioeduca\u00e7\u00e3o do Estado de S\u00e3o Paulo\",\"publisher\":{\"@id\":\"https:\/\/www.sitsesp.org.br\/novo\/#organization\"},\"potentialAction\":[{\"@type\":\"SearchAction\",\"target\":{\"@type\":\"EntryPoint\",\"urlTemplate\":\"https:\/\/www.sitsesp.org.br\/novo\/?s={search_term_string}\"},\"query-input\":\"required name=search_term_string\"}],\"inLanguage\":\"pt-BR\"},{\"@type\":\"Organization\",\"@id\":\"https:\/\/www.sitsesp.org.br\/novo\/#organization\",\"name\":\"Sitsesp\",\"url\":\"https:\/\/www.sitsesp.org.br\/novo\/\",\"logo\":{\"@type\":\"ImageObject\",\"inLanguage\":\"pt-BR\",\"@id\":\"https:\/\/www.sitsesp.org.br\/novo\/#\/schema\/logo\/image\/\",\"url\":\"https:\/\/www.sitsesp.org.br\/novo\/wp-content\/uploads\/2020\/09\/Design-sem-nome-1.jpg\",\"contentUrl\":\"https:\/\/www.sitsesp.org.br\/novo\/wp-content\/uploads\/2020\/09\/Design-sem-nome-1.jpg\",\"width\":300,\"height\":300,\"caption\":\"Sitsesp\"},\"image\":{\"@id\":\"https:\/\/www.sitsesp.org.br\/novo\/#\/schema\/logo\/image\/\"}},{\"@type\":\"Person\",\"@id\":\"https:\/\/www.sitsesp.org.br\/novo\/#\/schema\/person\/2a4c180eb185645b3bef8657c75e305a\",\"name\":\"mhais\",\"image\":{\"@type\":\"ImageObject\",\"inLanguage\":\"pt-BR\",\"@id\":\"https:\/\/www.sitsesp.org.br\/novo\/#\/schema\/person\/image\/\",\"url\":\"https:\/\/secure.gravatar.com\/avatar\/6f4eabe86990e81328cf702edfa92a60?s=96&d=mm&r=g\",\"contentUrl\":\"https:\/\/secure.gravatar.com\/avatar\/6f4eabe86990e81328cf702edfa92a60?s=96&d=mm&r=g\",\"caption\":\"mhais\"},\"sameAs\":[\"http:\/\/localhost\/sitsesp\"]}]}<\/script>\n<!-- \/ Yoast SEO plugin. -->","yoast_head_json":{"title":"PAGAMENTOS DOS PRECAT\u00d3RIOS (A\u00c7\u00c3O DOS DEMITIDOS EM 2005) - SITSESP","robots":{"index":"index","follow":"follow","max-snippet":"max-snippet:-1","max-image-preview":"max-image-preview:large","max-video-preview":"max-video-preview:-1"},"canonical":"https:\/\/www.sitsesp.org.br\/novo\/pagamentos-dos-precatorios-acao-dos-demitidos-em-2005\/","og_locale":"pt_BR","og_type":"article","og_title":"PAGAMENTOS DOS PRECAT\u00d3RIOS (A\u00c7\u00c3O DOS DEMITIDOS EM 2005) - SITSESP","og_description":"&nbsp; Prezados trabalhadores, como &eacute; sabido por toda a categoria, em 2005 ocorreu uma injusta demiss&atilde;o em massa e o sindicato&hellip;","og_url":"https:\/\/www.sitsesp.org.br\/novo\/pagamentos-dos-precatorios-acao-dos-demitidos-em-2005\/","og_site_name":"SITSESP","article_published_time":"2019-09-28T12:31:02+00:00","og_image":[{"width":1152,"height":648,"url":"https:\/\/www.sitsesp.org.br\/novo\/wp-content\/uploads\/2020\/10\/1569673862-1.jpeg","type":"image\/jpeg"}],"author":"mhais","twitter_card":"summary_large_image","twitter_misc":{"Escrito por":"mhais","Est. tempo de leitura":"1 minuto"},"schema":{"@context":"https:\/\/schema.org","@graph":[{"@type":"Article","@id":"https:\/\/www.sitsesp.org.br\/novo\/pagamentos-dos-precatorios-acao-dos-demitidos-em-2005\/#article","isPartOf":{"@id":"https:\/\/www.sitsesp.org.br\/novo\/pagamentos-dos-precatorios-acao-dos-demitidos-em-2005\/"},"author":{"name":"mhais","@id":"https:\/\/www.sitsesp.org.br\/novo\/#\/schema\/person\/2a4c180eb185645b3bef8657c75e305a"},"headline":"PAGAMENTOS DOS PRECAT\u00d3RIOS (A\u00c7\u00c3O DOS DEMITIDOS EM 2005)","datePublished":"2019-09-28T12:31:02+00:00","dateModified":"2019-09-28T12:31:02+00:00","mainEntityOfPage":{"@id":"https:\/\/www.sitsesp.org.br\/novo\/pagamentos-dos-precatorios-acao-dos-demitidos-em-2005\/"},"wordCount":308,"commentCount":0,"publisher":{"@id":"https:\/\/www.sitsesp.org.br\/novo\/#organization"},"image":{"@id":"https:\/\/www.sitsesp.org.br\/novo\/pagamentos-dos-precatorios-acao-dos-demitidos-em-2005\/#primaryimage"},"thumbnailUrl":"https:\/\/www.sitsesp.org.br\/novo\/wp-content\/uploads\/2020\/10\/1569673862-1.jpeg","articleSection":["Noticias"],"inLanguage":"pt-BR","potentialAction":[{"@type":"CommentAction","name":"Comment","target":["https:\/\/www.sitsesp.org.br\/novo\/pagamentos-dos-precatorios-acao-dos-demitidos-em-2005\/#respond"]}]},{"@type":"WebPage","@id":"https:\/\/www.sitsesp.org.br\/novo\/pagamentos-dos-precatorios-acao-dos-demitidos-em-2005\/","url":"https:\/\/www.sitsesp.org.br\/novo\/pagamentos-dos-precatorios-acao-dos-demitidos-em-2005\/","name":"PAGAMENTOS DOS PRECAT\u00d3RIOS (A\u00c7\u00c3O DOS DEMITIDOS EM 2005) - SITSESP","isPartOf":{"@id":"https:\/\/www.sitsesp.org.br\/novo\/#website"},"primaryImageOfPage":{"@id":"https:\/\/www.sitsesp.org.br\/novo\/pagamentos-dos-precatorios-acao-dos-demitidos-em-2005\/#primaryimage"},"image":{"@id":"https:\/\/www.sitsesp.org.br\/novo\/pagamentos-dos-precatorios-acao-dos-demitidos-em-2005\/#primaryimage"},"thumbnailUrl":"https:\/\/www.sitsesp.org.br\/novo\/wp-content\/uploads\/2020\/10\/1569673862-1.jpeg","datePublished":"2019-09-28T12:31:02+00:00","dateModified":"2019-09-28T12:31:02+00:00","breadcrumb":{"@id":"https:\/\/www.sitsesp.org.br\/novo\/pagamentos-dos-precatorios-acao-dos-demitidos-em-2005\/#breadcrumb"},"inLanguage":"pt-BR","potentialAction":[{"@type":"ReadAction","target":["https:\/\/www.sitsesp.org.br\/novo\/pagamentos-dos-precatorios-acao-dos-demitidos-em-2005\/"]}]},{"@type":"ImageObject","inLanguage":"pt-BR","@id":"https:\/\/www.sitsesp.org.br\/novo\/pagamentos-dos-precatorios-acao-dos-demitidos-em-2005\/#primaryimage","url":"https:\/\/www.sitsesp.org.br\/novo\/wp-content\/uploads\/2020\/10\/1569673862-1.jpeg","contentUrl":"https:\/\/www.sitsesp.org.br\/novo\/wp-content\/uploads\/2020\/10\/1569673862-1.jpeg","width":1152,"height":648},{"@type":"BreadcrumbList","@id":"https:\/\/www.sitsesp.org.br\/novo\/pagamentos-dos-precatorios-acao-dos-demitidos-em-2005\/#breadcrumb","itemListElement":[{"@type":"ListItem","position":1,"name":"In\u00edcio","item":"https:\/\/www.sitsesp.org.br\/novo\/"},{"@type":"ListItem","position":2,"name":"PAGAMENTOS DOS PRECAT\u00d3RIOS (A\u00c7\u00c3O DOS DEMITIDOS EM 2005)"}]},{"@type":"WebSite","@id":"https:\/\/www.sitsesp.org.br\/novo\/#website","url":"https:\/\/www.sitsesp.org.br\/novo\/","name":"Sitsesp","description":"SIndicato da Socioeduca\u00e7\u00e3o do Estado de S\u00e3o Paulo","publisher":{"@id":"https:\/\/www.sitsesp.org.br\/novo\/#organization"},"potentialAction":[{"@type":"SearchAction","target":{"@type":"EntryPoint","urlTemplate":"https:\/\/www.sitsesp.org.br\/novo\/?s={search_term_string}"},"query-input":"required name=search_term_string"}],"inLanguage":"pt-BR"},{"@type":"Organization","@id":"https:\/\/www.sitsesp.org.br\/novo\/#organization","name":"Sitsesp","url":"https:\/\/www.sitsesp.org.br\/novo\/","logo":{"@type":"ImageObject","inLanguage":"pt-BR","@id":"https:\/\/www.sitsesp.org.br\/novo\/#\/schema\/logo\/image\/","url":"https:\/\/www.sitsesp.org.br\/novo\/wp-content\/uploads\/2020\/09\/Design-sem-nome-1.jpg","contentUrl":"https:\/\/www.sitsesp.org.br\/novo\/wp-content\/uploads\/2020\/09\/Design-sem-nome-1.jpg","width":300,"height":300,"caption":"Sitsesp"},"image":{"@id":"https:\/\/www.sitsesp.org.br\/novo\/#\/schema\/logo\/image\/"}},{"@type":"Person","@id":"https:\/\/www.sitsesp.org.br\/novo\/#\/schema\/person\/2a4c180eb185645b3bef8657c75e305a","name":"mhais","image":{"@type":"ImageObject","inLanguage":"pt-BR","@id":"https:\/\/www.sitsesp.org.br\/novo\/#\/schema\/person\/image\/","url":"https:\/\/secure.gravatar.com\/avatar\/6f4eabe86990e81328cf702edfa92a60?s=96&d=mm&r=g","contentUrl":"https:\/\/secure.gravatar.com\/avatar\/6f4eabe86990e81328cf702edfa92a60?s=96&d=mm&r=g","caption":"mhais"},"sameAs":["http:\/\/localhost\/sitsesp"]}]}},"_links":{"self":[{"href":"https:\/\/www.sitsesp.org.br\/novo\/wp-json\/wp\/v2\/posts\/2379"}],"collection":[{"href":"https:\/\/www.sitsesp.org.br\/novo\/wp-json\/wp\/v2\/posts"}],"about":[{"href":"https:\/\/www.sitsesp.org.br\/novo\/wp-json\/wp\/v2\/types\/post"}],"author":[{"embeddable":true,"href":"https:\/\/www.sitsesp.org.br\/novo\/wp-json\/wp\/v2\/users\/1"}],"replies":[{"embeddable":true,"href":"https:\/\/www.sitsesp.org.br\/novo\/wp-json\/wp\/v2\/comments?post=2379"}],"version-history":[{"count":0,"href":"https:\/\/www.sitsesp.org.br\/novo\/wp-json\/wp\/v2\/posts\/2379\/revisions"}],"wp:featuredmedia":[{"embeddable":true,"href":"https:\/\/www.sitsesp.org.br\/novo\/wp-json\/wp\/v2\/media\/2380"}],"wp:attachment":[{"href":"https:\/\/www.sitsesp.org.br\/novo\/wp-json\/wp\/v2\/media?parent=2379"}],"wp:term":[{"taxonomy":"category","embeddable":true,"href":"https:\/\/www.sitsesp.org.br\/novo\/wp-json\/wp\/v2\/categories?post=2379"},{"taxonomy":"post_tag","embeddable":true,"href":"https:\/\/www.sitsesp.org.br\/novo\/wp-json\/wp\/v2\/tags?post=2379"}],"curies":[{"name":"wp","href":"https:\/\/api.w.org\/{rel}","templated":true}]}}