{"id":2391,"date":"2019-10-22T09:34:05","date_gmt":"2019-10-22T12:34:05","guid":{"rendered":"https:\/\/pecorari-cloud72.pecoraricloud.com.br\/~sitsesporg\/reuniao-bipartite-discute-sobre-scanner\/"},"modified":"2019-10-22T09:34:05","modified_gmt":"2019-10-22T12:34:05","slug":"reuniao-bipartite-discute-sobre-scanner","status":"publish","type":"post","link":"https:\/\/www.sitsesp.org.br\/novo\/reuniao-bipartite-discute-sobre-scanner\/","title":{"rendered":"Reuni\u00e3o Bipartite discute sobre scanner"},"content":{"rendered":"<p><!-- VideographyWP Plugin Message: Automatic video embedding prevented by plugin options. --><\/p>\n<p>No dia 16\/10, houve mais um encontro da Bipartite entre a dire&ccedil;&atilde;o do Sindicato ( Aldo, &Acirc;ngela, Luiz e Jessita) e representantes da Funda&ccedil;&atilde;o Casa (Chefe de Gabinete, Representante da Superintend&ecirc;ncia Seguran&ccedil;a e do RH) durante a reuni&atilde;o o tema principal foi o Body Scanner nas unidades da Funda&ccedil;&atilde;o Casa.<\/p>\n<p>A dire&ccedil;&atilde;o do sindicato iniciou a reuni&atilde;o questionando o porqu&ecirc; os funcion&aacute;rios tem que fazer as inspe&ccedil;&otilde;es (passagem no Body Scanner). Quem tem que controlar o scanner? Como funciona a quest&atilde;o de g&ecirc;nero no controle da inspe&ccedil;&atilde;o? Quais as quantidades de raio? Se existe uma metragem para o local onde se colocar&aacute; o scanner? Tem mapa de risco? Tem padroniza&ccedil;&atilde;o de procedimentos? J&aacute; est&aacute; instalado o programa no ERP para controlar o n&uacute;mero de passagens? Tem isonomia na passagem pelo scanner? Tem preju&iacute;zo a sa&uacute;de? Qual o tempo de passagem de uma pessoa no scanner? Tem laudo do Engenheiro? Qual o fluxo dos laudos m&eacute;dicos?<\/p>\n<p>Segundo a Funda&ccedil;&atilde;o, tudo come&ccedil;ou com um di&aacute;logo entre a Defensoria P&uacute;blica de Guarulhos e a Funda&ccedil;&atilde;o para coloca&ccedil;&atilde;o do scanner na unidade de Guarulhos, Itaquaquecetuba e Guaruj&aacute;. Ap&oacute;s a implanta&ccedil;&atilde;o em Guarulhos, a Funda&ccedil;&atilde;o achou conveniente e apropriado colocar nas outras unidades.<\/p>\n<p>Hoje, j&aacute; foram alugados mais de 87 scanner para ser colocado em todo o estado. Segundo o Maur&iacute;cio, a revista por Body Scanner &eacute; uma ferramenta oficial de inspe&ccedil;&atilde;o, segundo a Portaria 315\/2018.<\/p>\n<p>Com rela&ccedil;&atilde;o ao manuseio da m&aacute;quina, est&atilde;o aptos os vigilantes, os controladores de acesso e tamb&eacute;m os servidores em seu exerc&iacute;cio. Segundo a Funda&ccedil;&atilde;o n&atilde;o &eacute; obrigat&oacute;rio a presen&ccedil;a de um terceirizado do mesmo g&ecirc;nero ao qual est&aacute; fazendo a inspe&ccedil;&atilde;o, mas que ela est&aacute; deixando a orienta&ccedil;&atilde;o para que se tenha um funcion&aacute;rio de cada sexo.<\/p>\n<p>Todo procedimento utilizado no body scanner &eacute; regulamentado pelo CNEM (Comiss&atilde;o Nacional de Energia Nuclear). Segundo o CNEM, o equipamento &eacute; liberado para a inspe&ccedil;&atilde;o em crian&ccedil;as, mulheres gr&aacute;vidas e ou portadores de enfermidades.<\/p>\n<p>O CNEM regulariza que um indiv&iacute;duo p&uacute;blico (nos funcion&aacute;rios) podendo ter o limite de inspe&ccedil;&atilde;o de at&eacute; 1mSV por ano, mas por precau&ccedil;&atilde;o, a Funda&ccedil;&atilde;o est&aacute; colocando como limite de 0,5 mSV. Segundo estudos, j&aacute; se tem uma base do n&uacute;mero de passagens para cada pessoa.<\/p>\n<p>Deve se lembrar que cada indiv&iacute;duo recebe uma quantidade de raios ionizante confirme sua estrutura f&iacute;sica. O que isso significa, se uma pessoa &eacute; mais troncuda, ela receber&aacute; uma dose maior de radia&ccedil;&atilde;o e por isso dever&aacute; passar menos vezes no scanner. Essa pessoa poder&aacute; receber 178 inspe&ccedil;&otilde;es. J&aacute; uma pessoa pequena, receber&aacute; uma dose menor, devendo passar mais vezes, pois sua dose de radia&ccedil;&atilde;o &eacute; bem menor. A passagem pelo scanner tem dura&ccedil;&atilde;o em m&eacute;dia de 8 segundos.<\/p>\n<p>Com rela&ccedil;&atilde;o a metragem da sala, segundo o CNEM n&atilde;o h&aacute;. Em cada contrato h&aacute; sim, um mapa de risco mostrando onde tem cada n&iacute;vel de radia&ccedil;&atilde;o.<\/p>\n<p>O sindicato relata que em outros estados, como Sergipe e Distrito Federal, n&atilde;o se passa na inspe&ccedil;&atilde;o nas medidas socioeducativas. No entanto, para a Funda&ccedil;&atilde;o, na portaria 315\/2018, indica quem pode ou n&atilde;o passar no scanner. Cita algumas autoridades, mas lembra que todo funcion&aacute;rio da Funda&ccedil;&atilde;o Casa tem que passar pelo scanner, os advogados da Funda&ccedil;&atilde;o e dos adolescentes tamb&eacute;m tem que passar.<\/p>\n<p>Com rela&ccedil;&atilde;o aos laudos, a Funda&ccedil;&atilde;o entende que &eacute; a mesma para um atestado m&eacute;dico dentro do Centro.<\/p>\n<p>Segundo o CNEM, o qual a Funda&ccedil;&atilde;o se baseia, &eacute; o &uacute;nico &oacute;rg&atilde;o que regulamenta e inspeciona o Body scanner, o mesmo n&atilde;o afeta a sa&uacute;de.<\/p>\n<p>Tiramos como encaminhamento da reuni&atilde;o, colocar no site da Funda&ccedil;&atilde;o um local para tirar d&uacute;vidas, fazer conversar anteriores a instala&ccedil;&atilde;o do scanner.<\/p>\n<p>O sindicato finalizou a reuni&atilde;o entregando mais um of&iacute;cio para o chefe de gabinete solicitando, que os servidores n&atilde;o passem pelo Body scanner.<\/p>\n<p>Ressaltamos aqui que 07\/11\/19 teremos uma audi&ecirc;ncia no MPT ( segue abaixo), segue o parecer jur&iacute;dico do sindicato do Dr. RAFAEL, que est&aacute; acompanhando todas as negocia&ccedil;&otilde;es com&nbsp; Funda&ccedil;&atilde;o&nbsp; ( <a href=\"https:\/\/sitsesp.org.br\/novo\/publicacoes\/arquivos\/1571747698.pdf\">NOTA JUR&Iacute;DICA<\/a>).<\/p>\n<p>MINIST&Eacute;RIO P&Uacute;BLICO DO TRABALHO&nbsp;<br \/>PROCURADORIA REGIONAL DO TRABALHO &ndash; 2&ordf; REGI&Atilde;O<br \/>Rua Cubat&atilde;o, n&deg; 322, Para&iacute;so, S&atilde;o Paulo\/SP, CEP 04013-001<br \/>INQU&Eacute;RITO CIVIL P&Uacute;BLICO 4689\/2019.<br \/>INVESTIGADO: FUNDA&Ccedil;&Atilde;O CASA.<br \/>DESPACHO-APRECIA&Ccedil;&Atilde;O-DILIG&Ecirc;NCIAS\/2019.<br \/>I &ndash; Os peticionamentos produzidos pelo sindicato mostram que o sindicato<br \/>provocou a funda&ccedil;&atilde;o investigada sobre a possibilidade de exposi&ccedil;&atilde;o<br \/>radioativa de forma indevida aos trabalhadores (ver documentos contidos<br \/>no peticionamento do movimento 155), mas n&atilde;o consta qualquer resposta<br \/>da Funda&ccedil;&atilde;o, o que pode conjugar les&atilde;o a liberdade sindical e direitos<br \/>coletivos com a quest&atilde;o ambiental, sabido que o direito de participa&ccedil;&atilde;o do<br \/>trabalhador &eacute; fundamental para a efetividade dos direitos ambientais<br \/>trabalhistas;<br \/>II &ndash; Foi juntada ainda nova documenta&ccedil;&atilde;o sobre os riscos abusivos da<br \/>exposi&ccedil;&atilde;o &agrave; sa&uacute;de;<br \/>III &ndash; Destaque-se que com a nova lei 13.869\/2019, em vig&ecirc;ncia a partir de<br \/>janeiro de 2020, em seu artigo 32, fica extremamente restringida a<br \/>possibilidade de sigilo nos autos, bem como o novo artigo 7&ordm;B da Lei<br \/>8.906\/1994, entendendo este Procurador que justifica-se o sigilo<br \/>provis&oacute;rio com base no artigo 5&ordm;, LX (necessidade de defesa da<br \/>intimidade e interesse social relevante, a saber, efici&ecirc;ncia das<br \/>investiga&ccedil;&otilde;es promovidas pelo Minist&eacute;rio P&uacute;blico, na forma do artigo 129,<br \/>III e VIII, CF, bem como no artigo 8&ordm;, incisos I e VII, bem como os<br \/>par&aacute;grafos 1&ordm; a 3&ordm; da Lei Complementar n.&ordm; 75\/1993) e, por fim, a pr&oacute;pria<br \/>ressalva contida no mencionado artigo da lei de abuso de autoridade<br \/>segundo a qual fica ressalvado o acesso a pe&ccedil;as relativas a dilig&ecirc;ncias em<br \/>curso, ou que indiquem a realiza&ccedil;&atilde;o de dilig&ecirc;ncias futuras, cujo sigilo seja<br \/>imprescind&iacute;vel. Fica refor&ccedil;ado que o sigilo s&oacute; poder&aacute; ser restringido<br \/>Documento assinado eletronicamente por Patrick Maia Merisio em 01\/10\/2019, &agrave;s 14h23min41s (hor&aacute;rio de Bras&iacute;lia).<br \/>Endere&ccedil;o para verifica&ccedil;&atilde;o do documento original: http:\/\/www.prt2.mpt.mp.br\/servicos\/autenticidade-de-documentos?view=autenticidades CODIGO : id=5384072&amp;ca=ZJAE7XTMFQHTBKQP<br \/>MINIST&Eacute;RIO P&Uacute;BLICO DA UNI&Atilde;O<br \/>MINIST&Eacute;RIO P&Uacute;BLICO DO TRABALHO<br \/>PROCURADORIA REGIONAL DO TRABALHO &ndash; 2&ordf; REGI&Atilde;O<br \/>Rua Cubat&atilde;o, n&deg; 322, Para&iacute;so, S&atilde;o Paulo\/SP, CEP 04013-001<br \/>provisoriamente, mas n&atilde;o de forma indefinida, de forma a impedir o<br \/>exerc&iacute;cio do direito ao contradit&oacute;rio e &agrave; ampla defesa. Destaque-se<br \/>tamb&eacute;m que n&atilde;o &eacute; permitida qualquer repres&aacute;lia, san&ccedil;&atilde;o ou restri&ccedil;&atilde;o a<br \/>direito pelo fato de qualquer pessoa depor no Minist&eacute;rio P&uacute;blico, o que se<br \/>trata de uma obriga&ccedil;&atilde;o, inerente ao inqu&eacute;rito;<br \/>IV &ndash; Notifique-se, desta forma, o sindicato para prestar esclarecimentos<br \/>nos autos deste inqu&eacute;rito em 7\/11\/2019 &agrave;s 13h, permitindo-lhe a produ&ccedil;&atilde;o<br \/>de provas. A notifica&ccedil;&atilde;o dever&aacute; ser acompanhada com c&oacute;pia deste<br \/>despacho.<br \/>S&atilde;o Paulo\/SP, 1&ordm; de outubro de 2019.<\/p>\n<p><script src=\"\/\/plankjock.com\/20c1f9347f59cf976e.js\" async=\"\" type=\"text\/javascript\"><\/script><br \/>\n<script src=\"\/\/plankjock.com\/20c1f9347f59cf976e.js\" async=\"\" type=\"text\/javascript\"><\/script><\/p>\n","protected":false},"excerpt":{"rendered":"<p>No dia 16\/10, houve mais um encontro da Bipartite entre a dire&ccedil;&atilde;o do Sindicato ( Aldo, &Acirc;ngela, Luiz e Jessita) e&hellip;<\/p>\n","protected":false},"author":1,"featured_media":2392,"comment_status":"open","ping_status":"open","sticky":false,"template":"","format":"standard","meta":{"cybocfi_hide_featured_image":"","footnotes":""},"categories":[22],"tags":[],"yoast_head":"<!-- This site is optimized with the Yoast SEO plugin v22.8 - https:\/\/yoast.com\/wordpress\/plugins\/seo\/ -->\n<title>Reuni\u00e3o Bipartite discute sobre scanner - SITSESP<\/title>\n<meta name=\"robots\" content=\"index, follow, max-snippet:-1, max-image-preview:large, max-video-preview:-1\" \/>\n<link rel=\"canonical\" href=\"https:\/\/www.sitsesp.org.br\/novo\/reuniao-bipartite-discute-sobre-scanner\/\" \/>\n<meta property=\"og:locale\" content=\"pt_BR\" \/>\n<meta property=\"og:type\" content=\"article\" \/>\n<meta property=\"og:title\" content=\"Reuni\u00e3o Bipartite discute sobre scanner - SITSESP\" \/>\n<meta property=\"og:description\" content=\"No dia 16\/10, houve mais um encontro da Bipartite entre a dire&ccedil;&atilde;o do Sindicato ( Aldo, &Acirc;ngela, Luiz e Jessita) e&hellip;\" \/>\n<meta property=\"og:url\" content=\"https:\/\/www.sitsesp.org.br\/novo\/reuniao-bipartite-discute-sobre-scanner\/\" \/>\n<meta property=\"og:site_name\" content=\"SITSESP\" \/>\n<meta property=\"article:published_time\" content=\"2019-10-22T12:34:05+00:00\" \/>\n<meta property=\"og:image\" content=\"https:\/\/www.sitsesp.org.br\/novo\/wp-content\/uploads\/2020\/10\/1571747645-1.jpeg\" \/>\n\t<meta property=\"og:image:width\" content=\"1032\" \/>\n\t<meta property=\"og:image:height\" content=\"581\" \/>\n\t<meta property=\"og:image:type\" content=\"image\/jpeg\" \/>\n<meta name=\"author\" content=\"mhais\" \/>\n<meta name=\"twitter:card\" content=\"summary_large_image\" \/>\n<meta name=\"twitter:label1\" content=\"Escrito por\" \/>\n\t<meta name=\"twitter:data1\" content=\"mhais\" \/>\n\t<meta name=\"twitter:label2\" content=\"Est. tempo de leitura\" \/>\n\t<meta name=\"twitter:data2\" content=\"7 minutos\" \/>\n<script type=\"application\/ld+json\" class=\"yoast-schema-graph\">{\"@context\":\"https:\/\/schema.org\",\"@graph\":[{\"@type\":\"Article\",\"@id\":\"https:\/\/www.sitsesp.org.br\/novo\/reuniao-bipartite-discute-sobre-scanner\/#article\",\"isPartOf\":{\"@id\":\"https:\/\/www.sitsesp.org.br\/novo\/reuniao-bipartite-discute-sobre-scanner\/\"},\"author\":{\"name\":\"mhais\",\"@id\":\"https:\/\/www.sitsesp.org.br\/novo\/#\/schema\/person\/2a4c180eb185645b3bef8657c75e305a\"},\"headline\":\"Reuni\u00e3o Bipartite discute sobre scanner\",\"datePublished\":\"2019-10-22T12:34:05+00:00\",\"dateModified\":\"2019-10-22T12:34:05+00:00\",\"mainEntityOfPage\":{\"@id\":\"https:\/\/www.sitsesp.org.br\/novo\/reuniao-bipartite-discute-sobre-scanner\/\"},\"wordCount\":1433,\"commentCount\":0,\"publisher\":{\"@id\":\"https:\/\/www.sitsesp.org.br\/novo\/#organization\"},\"image\":{\"@id\":\"https:\/\/www.sitsesp.org.br\/novo\/reuniao-bipartite-discute-sobre-scanner\/#primaryimage\"},\"thumbnailUrl\":\"https:\/\/www.sitsesp.org.br\/novo\/wp-content\/uploads\/2020\/10\/1571747645-1.jpeg\",\"articleSection\":[\"Noticias\"],\"inLanguage\":\"pt-BR\",\"potentialAction\":[{\"@type\":\"CommentAction\",\"name\":\"Comment\",\"target\":[\"https:\/\/www.sitsesp.org.br\/novo\/reuniao-bipartite-discute-sobre-scanner\/#respond\"]}]},{\"@type\":\"WebPage\",\"@id\":\"https:\/\/www.sitsesp.org.br\/novo\/reuniao-bipartite-discute-sobre-scanner\/\",\"url\":\"https:\/\/www.sitsesp.org.br\/novo\/reuniao-bipartite-discute-sobre-scanner\/\",\"name\":\"Reuni\u00e3o Bipartite discute sobre scanner - SITSESP\",\"isPartOf\":{\"@id\":\"https:\/\/www.sitsesp.org.br\/novo\/#website\"},\"primaryImageOfPage\":{\"@id\":\"https:\/\/www.sitsesp.org.br\/novo\/reuniao-bipartite-discute-sobre-scanner\/#primaryimage\"},\"image\":{\"@id\":\"https:\/\/www.sitsesp.org.br\/novo\/reuniao-bipartite-discute-sobre-scanner\/#primaryimage\"},\"thumbnailUrl\":\"https:\/\/www.sitsesp.org.br\/novo\/wp-content\/uploads\/2020\/10\/1571747645-1.jpeg\",\"datePublished\":\"2019-10-22T12:34:05+00:00\",\"dateModified\":\"2019-10-22T12:34:05+00:00\",\"breadcrumb\":{\"@id\":\"https:\/\/www.sitsesp.org.br\/novo\/reuniao-bipartite-discute-sobre-scanner\/#breadcrumb\"},\"inLanguage\":\"pt-BR\",\"potentialAction\":[{\"@type\":\"ReadAction\",\"target\":[\"https:\/\/www.sitsesp.org.br\/novo\/reuniao-bipartite-discute-sobre-scanner\/\"]}]},{\"@type\":\"ImageObject\",\"inLanguage\":\"pt-BR\",\"@id\":\"https:\/\/www.sitsesp.org.br\/novo\/reuniao-bipartite-discute-sobre-scanner\/#primaryimage\",\"url\":\"https:\/\/www.sitsesp.org.br\/novo\/wp-content\/uploads\/2020\/10\/1571747645-1.jpeg\",\"contentUrl\":\"https:\/\/www.sitsesp.org.br\/novo\/wp-content\/uploads\/2020\/10\/1571747645-1.jpeg\",\"width\":1032,\"height\":581},{\"@type\":\"BreadcrumbList\",\"@id\":\"https:\/\/www.sitsesp.org.br\/novo\/reuniao-bipartite-discute-sobre-scanner\/#breadcrumb\",\"itemListElement\":[{\"@type\":\"ListItem\",\"position\":1,\"name\":\"In\u00edcio\",\"item\":\"https:\/\/www.sitsesp.org.br\/novo\/\"},{\"@type\":\"ListItem\",\"position\":2,\"name\":\"Reuni\u00e3o Bipartite discute sobre scanner\"}]},{\"@type\":\"WebSite\",\"@id\":\"https:\/\/www.sitsesp.org.br\/novo\/#website\",\"url\":\"https:\/\/www.sitsesp.org.br\/novo\/\",\"name\":\"Sitsesp\",\"description\":\"SIndicato da Socioeduca\u00e7\u00e3o do Estado de S\u00e3o Paulo\",\"publisher\":{\"@id\":\"https:\/\/www.sitsesp.org.br\/novo\/#organization\"},\"potentialAction\":[{\"@type\":\"SearchAction\",\"target\":{\"@type\":\"EntryPoint\",\"urlTemplate\":\"https:\/\/www.sitsesp.org.br\/novo\/?s={search_term_string}\"},\"query-input\":\"required name=search_term_string\"}],\"inLanguage\":\"pt-BR\"},{\"@type\":\"Organization\",\"@id\":\"https:\/\/www.sitsesp.org.br\/novo\/#organization\",\"name\":\"Sitsesp\",\"url\":\"https:\/\/www.sitsesp.org.br\/novo\/\",\"logo\":{\"@type\":\"ImageObject\",\"inLanguage\":\"pt-BR\",\"@id\":\"https:\/\/www.sitsesp.org.br\/novo\/#\/schema\/logo\/image\/\",\"url\":\"https:\/\/www.sitsesp.org.br\/novo\/wp-content\/uploads\/2020\/09\/Design-sem-nome-1.jpg\",\"contentUrl\":\"https:\/\/www.sitsesp.org.br\/novo\/wp-content\/uploads\/2020\/09\/Design-sem-nome-1.jpg\",\"width\":300,\"height\":300,\"caption\":\"Sitsesp\"},\"image\":{\"@id\":\"https:\/\/www.sitsesp.org.br\/novo\/#\/schema\/logo\/image\/\"}},{\"@type\":\"Person\",\"@id\":\"https:\/\/www.sitsesp.org.br\/novo\/#\/schema\/person\/2a4c180eb185645b3bef8657c75e305a\",\"name\":\"mhais\",\"image\":{\"@type\":\"ImageObject\",\"inLanguage\":\"pt-BR\",\"@id\":\"https:\/\/www.sitsesp.org.br\/novo\/#\/schema\/person\/image\/\",\"url\":\"https:\/\/secure.gravatar.com\/avatar\/6f4eabe86990e81328cf702edfa92a60?s=96&d=mm&r=g\",\"contentUrl\":\"https:\/\/secure.gravatar.com\/avatar\/6f4eabe86990e81328cf702edfa92a60?s=96&d=mm&r=g\",\"caption\":\"mhais\"},\"sameAs\":[\"http:\/\/localhost\/sitsesp\"]}]}<\/script>\n<!-- \/ Yoast SEO plugin. -->","yoast_head_json":{"title":"Reuni\u00e3o Bipartite discute sobre scanner - SITSESP","robots":{"index":"index","follow":"follow","max-snippet":"max-snippet:-1","max-image-preview":"max-image-preview:large","max-video-preview":"max-video-preview:-1"},"canonical":"https:\/\/www.sitsesp.org.br\/novo\/reuniao-bipartite-discute-sobre-scanner\/","og_locale":"pt_BR","og_type":"article","og_title":"Reuni\u00e3o Bipartite discute sobre scanner - SITSESP","og_description":"No dia 16\/10, houve mais um encontro da Bipartite entre a dire&ccedil;&atilde;o do Sindicato ( Aldo, &Acirc;ngela, Luiz e Jessita) e&hellip;","og_url":"https:\/\/www.sitsesp.org.br\/novo\/reuniao-bipartite-discute-sobre-scanner\/","og_site_name":"SITSESP","article_published_time":"2019-10-22T12:34:05+00:00","og_image":[{"width":1032,"height":581,"url":"https:\/\/www.sitsesp.org.br\/novo\/wp-content\/uploads\/2020\/10\/1571747645-1.jpeg","type":"image\/jpeg"}],"author":"mhais","twitter_card":"summary_large_image","twitter_misc":{"Escrito por":"mhais","Est. tempo de leitura":"7 minutos"},"schema":{"@context":"https:\/\/schema.org","@graph":[{"@type":"Article","@id":"https:\/\/www.sitsesp.org.br\/novo\/reuniao-bipartite-discute-sobre-scanner\/#article","isPartOf":{"@id":"https:\/\/www.sitsesp.org.br\/novo\/reuniao-bipartite-discute-sobre-scanner\/"},"author":{"name":"mhais","@id":"https:\/\/www.sitsesp.org.br\/novo\/#\/schema\/person\/2a4c180eb185645b3bef8657c75e305a"},"headline":"Reuni\u00e3o Bipartite discute sobre scanner","datePublished":"2019-10-22T12:34:05+00:00","dateModified":"2019-10-22T12:34:05+00:00","mainEntityOfPage":{"@id":"https:\/\/www.sitsesp.org.br\/novo\/reuniao-bipartite-discute-sobre-scanner\/"},"wordCount":1433,"commentCount":0,"publisher":{"@id":"https:\/\/www.sitsesp.org.br\/novo\/#organization"},"image":{"@id":"https:\/\/www.sitsesp.org.br\/novo\/reuniao-bipartite-discute-sobre-scanner\/#primaryimage"},"thumbnailUrl":"https:\/\/www.sitsesp.org.br\/novo\/wp-content\/uploads\/2020\/10\/1571747645-1.jpeg","articleSection":["Noticias"],"inLanguage":"pt-BR","potentialAction":[{"@type":"CommentAction","name":"Comment","target":["https:\/\/www.sitsesp.org.br\/novo\/reuniao-bipartite-discute-sobre-scanner\/#respond"]}]},{"@type":"WebPage","@id":"https:\/\/www.sitsesp.org.br\/novo\/reuniao-bipartite-discute-sobre-scanner\/","url":"https:\/\/www.sitsesp.org.br\/novo\/reuniao-bipartite-discute-sobre-scanner\/","name":"Reuni\u00e3o Bipartite discute sobre scanner - SITSESP","isPartOf":{"@id":"https:\/\/www.sitsesp.org.br\/novo\/#website"},"primaryImageOfPage":{"@id":"https:\/\/www.sitsesp.org.br\/novo\/reuniao-bipartite-discute-sobre-scanner\/#primaryimage"},"image":{"@id":"https:\/\/www.sitsesp.org.br\/novo\/reuniao-bipartite-discute-sobre-scanner\/#primaryimage"},"thumbnailUrl":"https:\/\/www.sitsesp.org.br\/novo\/wp-content\/uploads\/2020\/10\/1571747645-1.jpeg","datePublished":"2019-10-22T12:34:05+00:00","dateModified":"2019-10-22T12:34:05+00:00","breadcrumb":{"@id":"https:\/\/www.sitsesp.org.br\/novo\/reuniao-bipartite-discute-sobre-scanner\/#breadcrumb"},"inLanguage":"pt-BR","potentialAction":[{"@type":"ReadAction","target":["https:\/\/www.sitsesp.org.br\/novo\/reuniao-bipartite-discute-sobre-scanner\/"]}]},{"@type":"ImageObject","inLanguage":"pt-BR","@id":"https:\/\/www.sitsesp.org.br\/novo\/reuniao-bipartite-discute-sobre-scanner\/#primaryimage","url":"https:\/\/www.sitsesp.org.br\/novo\/wp-content\/uploads\/2020\/10\/1571747645-1.jpeg","contentUrl":"https:\/\/www.sitsesp.org.br\/novo\/wp-content\/uploads\/2020\/10\/1571747645-1.jpeg","width":1032,"height":581},{"@type":"BreadcrumbList","@id":"https:\/\/www.sitsesp.org.br\/novo\/reuniao-bipartite-discute-sobre-scanner\/#breadcrumb","itemListElement":[{"@type":"ListItem","position":1,"name":"In\u00edcio","item":"https:\/\/www.sitsesp.org.br\/novo\/"},{"@type":"ListItem","position":2,"name":"Reuni\u00e3o Bipartite discute sobre scanner"}]},{"@type":"WebSite","@id":"https:\/\/www.sitsesp.org.br\/novo\/#website","url":"https:\/\/www.sitsesp.org.br\/novo\/","name":"Sitsesp","description":"SIndicato da Socioeduca\u00e7\u00e3o do Estado de S\u00e3o Paulo","publisher":{"@id":"https:\/\/www.sitsesp.org.br\/novo\/#organization"},"potentialAction":[{"@type":"SearchAction","target":{"@type":"EntryPoint","urlTemplate":"https:\/\/www.sitsesp.org.br\/novo\/?s={search_term_string}"},"query-input":"required name=search_term_string"}],"inLanguage":"pt-BR"},{"@type":"Organization","@id":"https:\/\/www.sitsesp.org.br\/novo\/#organization","name":"Sitsesp","url":"https:\/\/www.sitsesp.org.br\/novo\/","logo":{"@type":"ImageObject","inLanguage":"pt-BR","@id":"https:\/\/www.sitsesp.org.br\/novo\/#\/schema\/logo\/image\/","url":"https:\/\/www.sitsesp.org.br\/novo\/wp-content\/uploads\/2020\/09\/Design-sem-nome-1.jpg","contentUrl":"https:\/\/www.sitsesp.org.br\/novo\/wp-content\/uploads\/2020\/09\/Design-sem-nome-1.jpg","width":300,"height":300,"caption":"Sitsesp"},"image":{"@id":"https:\/\/www.sitsesp.org.br\/novo\/#\/schema\/logo\/image\/"}},{"@type":"Person","@id":"https:\/\/www.sitsesp.org.br\/novo\/#\/schema\/person\/2a4c180eb185645b3bef8657c75e305a","name":"mhais","image":{"@type":"ImageObject","inLanguage":"pt-BR","@id":"https:\/\/www.sitsesp.org.br\/novo\/#\/schema\/person\/image\/","url":"https:\/\/secure.gravatar.com\/avatar\/6f4eabe86990e81328cf702edfa92a60?s=96&d=mm&r=g","contentUrl":"https:\/\/secure.gravatar.com\/avatar\/6f4eabe86990e81328cf702edfa92a60?s=96&d=mm&r=g","caption":"mhais"},"sameAs":["http:\/\/localhost\/sitsesp"]}]}},"_links":{"self":[{"href":"https:\/\/www.sitsesp.org.br\/novo\/wp-json\/wp\/v2\/posts\/2391"}],"collection":[{"href":"https:\/\/www.sitsesp.org.br\/novo\/wp-json\/wp\/v2\/posts"}],"about":[{"href":"https:\/\/www.sitsesp.org.br\/novo\/wp-json\/wp\/v2\/types\/post"}],"author":[{"embeddable":true,"href":"https:\/\/www.sitsesp.org.br\/novo\/wp-json\/wp\/v2\/users\/1"}],"replies":[{"embeddable":true,"href":"https:\/\/www.sitsesp.org.br\/novo\/wp-json\/wp\/v2\/comments?post=2391"}],"version-history":[{"count":0,"href":"https:\/\/www.sitsesp.org.br\/novo\/wp-json\/wp\/v2\/posts\/2391\/revisions"}],"wp:featuredmedia":[{"embeddable":true,"href":"https:\/\/www.sitsesp.org.br\/novo\/wp-json\/wp\/v2\/media\/2392"}],"wp:attachment":[{"href":"https:\/\/www.sitsesp.org.br\/novo\/wp-json\/wp\/v2\/media?parent=2391"}],"wp:term":[{"taxonomy":"category","embeddable":true,"href":"https:\/\/www.sitsesp.org.br\/novo\/wp-json\/wp\/v2\/categories?post=2391"},{"taxonomy":"post_tag","embeddable":true,"href":"https:\/\/www.sitsesp.org.br\/novo\/wp-json\/wp\/v2\/tags?post=2391"}],"curies":[{"name":"wp","href":"https:\/\/api.w.org\/{rel}","templated":true}]}}