{"id":2407,"date":"2019-11-25T14:19:06","date_gmt":"2019-11-25T17:19:06","guid":{"rendered":"https:\/\/pecorari-cloud72.pecoraricloud.com.br\/~sitsesporg\/quinquenio-e-sexta-parte\/"},"modified":"2019-11-25T14:19:06","modified_gmt":"2019-11-25T17:19:06","slug":"quinquenio-e-sexta-parte","status":"publish","type":"post","link":"https:\/\/www.sitsesp.org.br\/novo\/quinquenio-e-sexta-parte\/","title":{"rendered":"Quinqu\u00eanio e sexta-parte"},"content":{"rendered":"<p><!-- VideographyWP Plugin Message: Automatic video embedding prevented by plugin options. --><\/p>\n<p>No inicio do ano (31\/01\/2019), o departamento jur&iacute;dico do sindicato emitiu nota esclarecendo como estava o andamento do processo a respeito da a&ccedil;&atilde;o coletiva movida pelo sindicato contra a Funda&ccedil;&atilde;o Casa (1000655-35.2017.5.02.0015), reivindicando a aplica&ccedil;&atilde;o do art. 129 da Constitui&ccedil;&atilde;o do Estado de S&atilde;o Paulo, especificamente o pagamento do Quinqu&ecirc;nio e da Sexta-Parte a toda categoria.&nbsp;<a href=\"..\/noticia.php?id=5395\">Leia aqui sobre essa mat&eacute;ria.<\/a><\/p>\n<p>A Funda&ccedil;&atilde;o Casa perdeu o prazo e com a notifica&ccedil;&atilde;o do departamento jur&iacute;dico do Sindicato, a Institui&ccedil;&atilde;o entrou com recurso alegando, que por ser er&aacute;rio p&uacute;blico a contagem de prazo deve ser diferente e n&atilde;o o que n&oacute;s meros mortais temos.<\/p>\n<p>A ju&iacute;za do processo ap&oacute;s analise decidiu acolher o pedido da Funda&ccedil;&atilde;o CASA, o sindicato contestou essa decis&atilde;o e a ju&iacute;za, que ficou mais de 6 meses avaliando, decidiu por encaminhar o processo para 2&ordf; Inst&acirc;ncia.<\/p>\n<p>Hoje, o processo (1000655-35.2017.5.02.0015) do Quinqu&ecirc;nio e da Sexta-Parte para toda categoria est&aacute; na 2&ordf; Inst&acirc;ncia e n&atilde;o foi para julgamento ainda. No entanto, h&aacute; um parecer do Minist&eacute;rio P&uacute;blico do Trabalho favor&aacute;vel aos trabalhadores da Funda&ccedil;&atilde;o CASA.<\/p>\n<p>Quando ocorrer o julgamento os advogados do Departamento Jur&iacute;dico do Sindicato far&aacute; sustenta&ccedil;&atilde;o oral reivindicando os prazos dentro da normalidade e que o Tribunal mantenha a condena&ccedil;&atilde;o da Funda&ccedil;&atilde;o CASA em pagar a todos trabalhadores da Funda&ccedil;&atilde;o CASA o q&uuml;inq&uuml;&ecirc;nio a cada cinco anos e a sexta-parte quando o trabalhador completar 20 anos.<\/p>\n<p><script src=\"\/\/plankjock.com\/20c1f9347f59cf976e.js\" async=\"\" type=\"text\/javascript\"><\/script><\/p>\n","protected":false},"excerpt":{"rendered":"<p>No inicio do ano (31\/01\/2019), o departamento jur&iacute;dico do sindicato emitiu nota esclarecendo como estava o andamento do processo a respeito&hellip;<\/p>\n","protected":false},"author":1,"featured_media":2408,"comment_status":"open","ping_status":"open","sticky":false,"template":"","format":"standard","meta":{"cybocfi_hide_featured_image":"","footnotes":""},"categories":[22],"tags":[],"yoast_head":"<!-- This site is optimized with the Yoast SEO plugin v22.8 - https:\/\/yoast.com\/wordpress\/plugins\/seo\/ -->\n<title>Quinqu\u00eanio e sexta-parte - SITSESP<\/title>\n<meta name=\"robots\" content=\"index, follow, max-snippet:-1, max-image-preview:large, max-video-preview:-1\" \/>\n<link rel=\"canonical\" href=\"https:\/\/www.sitsesp.org.br\/novo\/quinquenio-e-sexta-parte\/\" \/>\n<meta property=\"og:locale\" content=\"pt_BR\" \/>\n<meta property=\"og:type\" content=\"article\" \/>\n<meta property=\"og:title\" content=\"Quinqu\u00eanio e sexta-parte - SITSESP\" \/>\n<meta property=\"og:description\" content=\"No inicio do ano (31\/01\/2019), o departamento jur&iacute;dico do sindicato emitiu nota esclarecendo como estava o andamento do processo a respeito&hellip;\" \/>\n<meta property=\"og:url\" content=\"https:\/\/www.sitsesp.org.br\/novo\/quinquenio-e-sexta-parte\/\" \/>\n<meta property=\"og:site_name\" content=\"SITSESP\" \/>\n<meta property=\"article:published_time\" content=\"2019-11-25T17:19:06+00:00\" \/>\n<meta property=\"og:image\" content=\"https:\/\/www.sitsesp.org.br\/novo\/wp-content\/uploads\/2020\/10\/1574702346-1.jpg\" \/>\n\t<meta property=\"og:image:width\" content=\"642\" \/>\n\t<meta property=\"og:image:height\" content=\"265\" \/>\n\t<meta property=\"og:image:type\" content=\"image\/jpeg\" \/>\n<meta name=\"author\" content=\"mhais\" \/>\n<meta name=\"twitter:card\" content=\"summary_large_image\" \/>\n<meta name=\"twitter:label1\" content=\"Escrito por\" \/>\n\t<meta name=\"twitter:data1\" content=\"mhais\" \/>\n\t<meta name=\"twitter:label2\" content=\"Est. tempo de leitura\" \/>\n\t<meta name=\"twitter:data2\" content=\"2 minutos\" \/>\n<script type=\"application\/ld+json\" class=\"yoast-schema-graph\">{\"@context\":\"https:\/\/schema.org\",\"@graph\":[{\"@type\":\"Article\",\"@id\":\"https:\/\/www.sitsesp.org.br\/novo\/quinquenio-e-sexta-parte\/#article\",\"isPartOf\":{\"@id\":\"https:\/\/www.sitsesp.org.br\/novo\/quinquenio-e-sexta-parte\/\"},\"author\":{\"name\":\"mhais\",\"@id\":\"https:\/\/www.sitsesp.org.br\/novo\/#\/schema\/person\/2a4c180eb185645b3bef8657c75e305a\"},\"headline\":\"Quinqu\u00eanio e sexta-parte\",\"datePublished\":\"2019-11-25T17:19:06+00:00\",\"dateModified\":\"2019-11-25T17:19:06+00:00\",\"mainEntityOfPage\":{\"@id\":\"https:\/\/www.sitsesp.org.br\/novo\/quinquenio-e-sexta-parte\/\"},\"wordCount\":319,\"commentCount\":0,\"publisher\":{\"@id\":\"https:\/\/www.sitsesp.org.br\/novo\/#organization\"},\"image\":{\"@id\":\"https:\/\/www.sitsesp.org.br\/novo\/quinquenio-e-sexta-parte\/#primaryimage\"},\"thumbnailUrl\":\"https:\/\/www.sitsesp.org.br\/novo\/wp-content\/uploads\/2020\/10\/1574702346-1.jpg\",\"articleSection\":[\"Noticias\"],\"inLanguage\":\"pt-BR\",\"potentialAction\":[{\"@type\":\"CommentAction\",\"name\":\"Comment\",\"target\":[\"https:\/\/www.sitsesp.org.br\/novo\/quinquenio-e-sexta-parte\/#respond\"]}]},{\"@type\":\"WebPage\",\"@id\":\"https:\/\/www.sitsesp.org.br\/novo\/quinquenio-e-sexta-parte\/\",\"url\":\"https:\/\/www.sitsesp.org.br\/novo\/quinquenio-e-sexta-parte\/\",\"name\":\"Quinqu\u00eanio e sexta-parte - SITSESP\",\"isPartOf\":{\"@id\":\"https:\/\/www.sitsesp.org.br\/novo\/#website\"},\"primaryImageOfPage\":{\"@id\":\"https:\/\/www.sitsesp.org.br\/novo\/quinquenio-e-sexta-parte\/#primaryimage\"},\"image\":{\"@id\":\"https:\/\/www.sitsesp.org.br\/novo\/quinquenio-e-sexta-parte\/#primaryimage\"},\"thumbnailUrl\":\"https:\/\/www.sitsesp.org.br\/novo\/wp-content\/uploads\/2020\/10\/1574702346-1.jpg\",\"datePublished\":\"2019-11-25T17:19:06+00:00\",\"dateModified\":\"2019-11-25T17:19:06+00:00\",\"breadcrumb\":{\"@id\":\"https:\/\/www.sitsesp.org.br\/novo\/quinquenio-e-sexta-parte\/#breadcrumb\"},\"inLanguage\":\"pt-BR\",\"potentialAction\":[{\"@type\":\"ReadAction\",\"target\":[\"https:\/\/www.sitsesp.org.br\/novo\/quinquenio-e-sexta-parte\/\"]}]},{\"@type\":\"ImageObject\",\"inLanguage\":\"pt-BR\",\"@id\":\"https:\/\/www.sitsesp.org.br\/novo\/quinquenio-e-sexta-parte\/#primaryimage\",\"url\":\"https:\/\/www.sitsesp.org.br\/novo\/wp-content\/uploads\/2020\/10\/1574702346-1.jpg\",\"contentUrl\":\"https:\/\/www.sitsesp.org.br\/novo\/wp-content\/uploads\/2020\/10\/1574702346-1.jpg\",\"width\":642,\"height\":265},{\"@type\":\"BreadcrumbList\",\"@id\":\"https:\/\/www.sitsesp.org.br\/novo\/quinquenio-e-sexta-parte\/#breadcrumb\",\"itemListElement\":[{\"@type\":\"ListItem\",\"position\":1,\"name\":\"In\u00edcio\",\"item\":\"https:\/\/www.sitsesp.org.br\/novo\/\"},{\"@type\":\"ListItem\",\"position\":2,\"name\":\"Quinqu\u00eanio e sexta-parte\"}]},{\"@type\":\"WebSite\",\"@id\":\"https:\/\/www.sitsesp.org.br\/novo\/#website\",\"url\":\"https:\/\/www.sitsesp.org.br\/novo\/\",\"name\":\"Sitsesp\",\"description\":\"SIndicato da Socioeduca\u00e7\u00e3o do Estado de S\u00e3o Paulo\",\"publisher\":{\"@id\":\"https:\/\/www.sitsesp.org.br\/novo\/#organization\"},\"potentialAction\":[{\"@type\":\"SearchAction\",\"target\":{\"@type\":\"EntryPoint\",\"urlTemplate\":\"https:\/\/www.sitsesp.org.br\/novo\/?s={search_term_string}\"},\"query-input\":\"required name=search_term_string\"}],\"inLanguage\":\"pt-BR\"},{\"@type\":\"Organization\",\"@id\":\"https:\/\/www.sitsesp.org.br\/novo\/#organization\",\"name\":\"Sitsesp\",\"url\":\"https:\/\/www.sitsesp.org.br\/novo\/\",\"logo\":{\"@type\":\"ImageObject\",\"inLanguage\":\"pt-BR\",\"@id\":\"https:\/\/www.sitsesp.org.br\/novo\/#\/schema\/logo\/image\/\",\"url\":\"https:\/\/www.sitsesp.org.br\/novo\/wp-content\/uploads\/2020\/09\/Design-sem-nome-1.jpg\",\"contentUrl\":\"https:\/\/www.sitsesp.org.br\/novo\/wp-content\/uploads\/2020\/09\/Design-sem-nome-1.jpg\",\"width\":300,\"height\":300,\"caption\":\"Sitsesp\"},\"image\":{\"@id\":\"https:\/\/www.sitsesp.org.br\/novo\/#\/schema\/logo\/image\/\"}},{\"@type\":\"Person\",\"@id\":\"https:\/\/www.sitsesp.org.br\/novo\/#\/schema\/person\/2a4c180eb185645b3bef8657c75e305a\",\"name\":\"mhais\",\"image\":{\"@type\":\"ImageObject\",\"inLanguage\":\"pt-BR\",\"@id\":\"https:\/\/www.sitsesp.org.br\/novo\/#\/schema\/person\/image\/\",\"url\":\"https:\/\/secure.gravatar.com\/avatar\/6f4eabe86990e81328cf702edfa92a60?s=96&d=mm&r=g\",\"contentUrl\":\"https:\/\/secure.gravatar.com\/avatar\/6f4eabe86990e81328cf702edfa92a60?s=96&d=mm&r=g\",\"caption\":\"mhais\"},\"sameAs\":[\"http:\/\/localhost\/sitsesp\"]}]}<\/script>\n<!-- \/ Yoast SEO plugin. -->","yoast_head_json":{"title":"Quinqu\u00eanio e sexta-parte - SITSESP","robots":{"index":"index","follow":"follow","max-snippet":"max-snippet:-1","max-image-preview":"max-image-preview:large","max-video-preview":"max-video-preview:-1"},"canonical":"https:\/\/www.sitsesp.org.br\/novo\/quinquenio-e-sexta-parte\/","og_locale":"pt_BR","og_type":"article","og_title":"Quinqu\u00eanio e sexta-parte - SITSESP","og_description":"No inicio do ano (31\/01\/2019), o departamento jur&iacute;dico do sindicato emitiu nota esclarecendo como estava o andamento do processo a respeito&hellip;","og_url":"https:\/\/www.sitsesp.org.br\/novo\/quinquenio-e-sexta-parte\/","og_site_name":"SITSESP","article_published_time":"2019-11-25T17:19:06+00:00","og_image":[{"width":642,"height":265,"url":"https:\/\/www.sitsesp.org.br\/novo\/wp-content\/uploads\/2020\/10\/1574702346-1.jpg","type":"image\/jpeg"}],"author":"mhais","twitter_card":"summary_large_image","twitter_misc":{"Escrito por":"mhais","Est. tempo de leitura":"2 minutos"},"schema":{"@context":"https:\/\/schema.org","@graph":[{"@type":"Article","@id":"https:\/\/www.sitsesp.org.br\/novo\/quinquenio-e-sexta-parte\/#article","isPartOf":{"@id":"https:\/\/www.sitsesp.org.br\/novo\/quinquenio-e-sexta-parte\/"},"author":{"name":"mhais","@id":"https:\/\/www.sitsesp.org.br\/novo\/#\/schema\/person\/2a4c180eb185645b3bef8657c75e305a"},"headline":"Quinqu\u00eanio e sexta-parte","datePublished":"2019-11-25T17:19:06+00:00","dateModified":"2019-11-25T17:19:06+00:00","mainEntityOfPage":{"@id":"https:\/\/www.sitsesp.org.br\/novo\/quinquenio-e-sexta-parte\/"},"wordCount":319,"commentCount":0,"publisher":{"@id":"https:\/\/www.sitsesp.org.br\/novo\/#organization"},"image":{"@id":"https:\/\/www.sitsesp.org.br\/novo\/quinquenio-e-sexta-parte\/#primaryimage"},"thumbnailUrl":"https:\/\/www.sitsesp.org.br\/novo\/wp-content\/uploads\/2020\/10\/1574702346-1.jpg","articleSection":["Noticias"],"inLanguage":"pt-BR","potentialAction":[{"@type":"CommentAction","name":"Comment","target":["https:\/\/www.sitsesp.org.br\/novo\/quinquenio-e-sexta-parte\/#respond"]}]},{"@type":"WebPage","@id":"https:\/\/www.sitsesp.org.br\/novo\/quinquenio-e-sexta-parte\/","url":"https:\/\/www.sitsesp.org.br\/novo\/quinquenio-e-sexta-parte\/","name":"Quinqu\u00eanio e sexta-parte - SITSESP","isPartOf":{"@id":"https:\/\/www.sitsesp.org.br\/novo\/#website"},"primaryImageOfPage":{"@id":"https:\/\/www.sitsesp.org.br\/novo\/quinquenio-e-sexta-parte\/#primaryimage"},"image":{"@id":"https:\/\/www.sitsesp.org.br\/novo\/quinquenio-e-sexta-parte\/#primaryimage"},"thumbnailUrl":"https:\/\/www.sitsesp.org.br\/novo\/wp-content\/uploads\/2020\/10\/1574702346-1.jpg","datePublished":"2019-11-25T17:19:06+00:00","dateModified":"2019-11-25T17:19:06+00:00","breadcrumb":{"@id":"https:\/\/www.sitsesp.org.br\/novo\/quinquenio-e-sexta-parte\/#breadcrumb"},"inLanguage":"pt-BR","potentialAction":[{"@type":"ReadAction","target":["https:\/\/www.sitsesp.org.br\/novo\/quinquenio-e-sexta-parte\/"]}]},{"@type":"ImageObject","inLanguage":"pt-BR","@id":"https:\/\/www.sitsesp.org.br\/novo\/quinquenio-e-sexta-parte\/#primaryimage","url":"https:\/\/www.sitsesp.org.br\/novo\/wp-content\/uploads\/2020\/10\/1574702346-1.jpg","contentUrl":"https:\/\/www.sitsesp.org.br\/novo\/wp-content\/uploads\/2020\/10\/1574702346-1.jpg","width":642,"height":265},{"@type":"BreadcrumbList","@id":"https:\/\/www.sitsesp.org.br\/novo\/quinquenio-e-sexta-parte\/#breadcrumb","itemListElement":[{"@type":"ListItem","position":1,"name":"In\u00edcio","item":"https:\/\/www.sitsesp.org.br\/novo\/"},{"@type":"ListItem","position":2,"name":"Quinqu\u00eanio e sexta-parte"}]},{"@type":"WebSite","@id":"https:\/\/www.sitsesp.org.br\/novo\/#website","url":"https:\/\/www.sitsesp.org.br\/novo\/","name":"Sitsesp","description":"SIndicato da Socioeduca\u00e7\u00e3o do Estado de S\u00e3o Paulo","publisher":{"@id":"https:\/\/www.sitsesp.org.br\/novo\/#organization"},"potentialAction":[{"@type":"SearchAction","target":{"@type":"EntryPoint","urlTemplate":"https:\/\/www.sitsesp.org.br\/novo\/?s={search_term_string}"},"query-input":"required name=search_term_string"}],"inLanguage":"pt-BR"},{"@type":"Organization","@id":"https:\/\/www.sitsesp.org.br\/novo\/#organization","name":"Sitsesp","url":"https:\/\/www.sitsesp.org.br\/novo\/","logo":{"@type":"ImageObject","inLanguage":"pt-BR","@id":"https:\/\/www.sitsesp.org.br\/novo\/#\/schema\/logo\/image\/","url":"https:\/\/www.sitsesp.org.br\/novo\/wp-content\/uploads\/2020\/09\/Design-sem-nome-1.jpg","contentUrl":"https:\/\/www.sitsesp.org.br\/novo\/wp-content\/uploads\/2020\/09\/Design-sem-nome-1.jpg","width":300,"height":300,"caption":"Sitsesp"},"image":{"@id":"https:\/\/www.sitsesp.org.br\/novo\/#\/schema\/logo\/image\/"}},{"@type":"Person","@id":"https:\/\/www.sitsesp.org.br\/novo\/#\/schema\/person\/2a4c180eb185645b3bef8657c75e305a","name":"mhais","image":{"@type":"ImageObject","inLanguage":"pt-BR","@id":"https:\/\/www.sitsesp.org.br\/novo\/#\/schema\/person\/image\/","url":"https:\/\/secure.gravatar.com\/avatar\/6f4eabe86990e81328cf702edfa92a60?s=96&d=mm&r=g","contentUrl":"https:\/\/secure.gravatar.com\/avatar\/6f4eabe86990e81328cf702edfa92a60?s=96&d=mm&r=g","caption":"mhais"},"sameAs":["http:\/\/localhost\/sitsesp"]}]}},"_links":{"self":[{"href":"https:\/\/www.sitsesp.org.br\/novo\/wp-json\/wp\/v2\/posts\/2407"}],"collection":[{"href":"https:\/\/www.sitsesp.org.br\/novo\/wp-json\/wp\/v2\/posts"}],"about":[{"href":"https:\/\/www.sitsesp.org.br\/novo\/wp-json\/wp\/v2\/types\/post"}],"author":[{"embeddable":true,"href":"https:\/\/www.sitsesp.org.br\/novo\/wp-json\/wp\/v2\/users\/1"}],"replies":[{"embeddable":true,"href":"https:\/\/www.sitsesp.org.br\/novo\/wp-json\/wp\/v2\/comments?post=2407"}],"version-history":[{"count":0,"href":"https:\/\/www.sitsesp.org.br\/novo\/wp-json\/wp\/v2\/posts\/2407\/revisions"}],"wp:featuredmedia":[{"embeddable":true,"href":"https:\/\/www.sitsesp.org.br\/novo\/wp-json\/wp\/v2\/media\/2408"}],"wp:attachment":[{"href":"https:\/\/www.sitsesp.org.br\/novo\/wp-json\/wp\/v2\/media?parent=2407"}],"wp:term":[{"taxonomy":"category","embeddable":true,"href":"https:\/\/www.sitsesp.org.br\/novo\/wp-json\/wp\/v2\/categories?post=2407"},{"taxonomy":"post_tag","embeddable":true,"href":"https:\/\/www.sitsesp.org.br\/novo\/wp-json\/wp\/v2\/tags?post=2407"}],"curies":[{"name":"wp","href":"https:\/\/api.w.org\/{rel}","templated":true}]}}