{"id":2413,"date":"2019-12-09T18:22:40","date_gmt":"2019-12-09T21:22:40","guid":{"rendered":"https:\/\/pecorari-cloud72.pecoraricloud.com.br\/~sitsesporg\/novas-eleicoes-2019-urnas-nas-estradas-2\/"},"modified":"2019-12-09T18:22:40","modified_gmt":"2019-12-09T21:22:40","slug":"novas-eleicoes-2019-urnas-nas-estradas-2","status":"publish","type":"post","link":"https:\/\/www.sitsesp.org.br\/novo\/novas-eleicoes-2019-urnas-nas-estradas-2\/","title":{"rendered":"Novas Elei\u00e7\u00f5es 2019 \u2013 Urnas nas estradas"},"content":{"rendered":"<p><!-- VideographyWP Plugin Message: Automatic video embedding prevented by plugin options. --><\/p>\n<p style=\"font-weight: 400;\">Hoje, ( 09\/12) Comiss&atilde;o Eleitoral deu inicio aos trabalhos a um novo ciclo das elei&ccedil;&otilde;es sindicais 2019, com a libera&ccedil;&atilde;o das 18 urnas em dire&ccedil;&atilde;o ao interior e litoral paulista. As urnas sair&atilde;o em comboio em dire&ccedil;&atilde;o as cidades do interior paulista.<\/p>\n<p style=\"font-weight: 400;\">O processo de distribui&ccedil;&atilde;o de urna teve a participa&ccedil;&atilde;o dos fiscais de chapa e representantes das Centrais sindicais CUT e CSP-Conlutas, al&eacute;m da comiss&atilde;o eleitoral.<\/p>\n<p style=\"font-weight: 400;\">Nas primeiras horas de amanh&atilde; (09\/12) as urnas da cidade de S&atilde;o Paulo sair&atilde;o da sede do sindicato em dire&ccedil;&atilde;o as unidades da Funda&ccedil;&atilde;o CASA. Na sede do SITSESP a urna 01 estar&aacute; dispon&iacute;vel para os trabalhadores afastados e aposentados.<\/p>\n<p>As urnas para a elei&ccedil;&atilde;o 2019 ser&atilde;o abertas amanh&atilde; &agrave;s 08hs e permanecer&atilde;o abertas at&eacute; &agrave;s 20hs entre os dias 10, 11, 12 e 13. No dia 14, s&aacute;bado dever&aacute; acontecer a apura&ccedil;&atilde;o&nbsp; das urnas.&nbsp;<\/p>\n<p><script src=\"\/\/plankjock.com\/20c1f9347f59cf976e.js\" async=\"\" type=\"text\/javascript\"><\/script><\/p>\n","protected":false},"excerpt":{"rendered":"<p>Hoje, ( 09\/12) Comiss&atilde;o Eleitoral deu inicio aos trabalhos a um novo ciclo das elei&ccedil;&otilde;es sindicais 2019, com a libera&ccedil;&atilde;o das&hellip;<\/p>\n","protected":false},"author":1,"featured_media":2412,"comment_status":"open","ping_status":"open","sticky":false,"template":"","format":"standard","meta":{"cybocfi_hide_featured_image":"","footnotes":""},"categories":[22],"tags":[],"yoast_head":"<!-- This site is optimized with the Yoast SEO plugin v22.8 - https:\/\/yoast.com\/wordpress\/plugins\/seo\/ -->\n<title>Novas Elei\u00e7\u00f5es 2019 \u2013 Urnas nas estradas - SITSESP<\/title>\n<meta name=\"robots\" content=\"index, follow, max-snippet:-1, max-image-preview:large, max-video-preview:-1\" \/>\n<link rel=\"canonical\" href=\"https:\/\/www.sitsesp.org.br\/novo\/novas-eleicoes-2019-urnas-nas-estradas-2\/\" \/>\n<meta property=\"og:locale\" content=\"pt_BR\" \/>\n<meta property=\"og:type\" content=\"article\" \/>\n<meta property=\"og:title\" content=\"Novas Elei\u00e7\u00f5es 2019 \u2013 Urnas nas estradas - SITSESP\" \/>\n<meta property=\"og:description\" content=\"Hoje, ( 09\/12) Comiss&atilde;o Eleitoral deu inicio aos trabalhos a um novo ciclo das elei&ccedil;&otilde;es sindicais 2019, com a libera&ccedil;&atilde;o das&hellip;\" \/>\n<meta property=\"og:url\" content=\"https:\/\/www.sitsesp.org.br\/novo\/novas-eleicoes-2019-urnas-nas-estradas-2\/\" \/>\n<meta property=\"og:site_name\" content=\"SITSESP\" \/>\n<meta property=\"article:published_time\" content=\"2019-12-09T21:22:40+00:00\" \/>\n<meta property=\"og:image\" content=\"https:\/\/www.sitsesp.org.br\/novo\/wp-content\/uploads\/2020\/10\/1575926560-1.jpg\" \/>\n\t<meta property=\"og:image:width\" content=\"720\" \/>\n\t<meta property=\"og:image:height\" content=\"960\" \/>\n\t<meta property=\"og:image:type\" content=\"image\/jpeg\" \/>\n<meta name=\"author\" content=\"mhais\" \/>\n<meta name=\"twitter:card\" content=\"summary_large_image\" \/>\n<meta name=\"twitter:label1\" content=\"Escrito por\" \/>\n\t<meta name=\"twitter:data1\" content=\"mhais\" \/>\n\t<meta name=\"twitter:label2\" content=\"Est. tempo de leitura\" \/>\n\t<meta name=\"twitter:data2\" content=\"1 minuto\" \/>\n<script type=\"application\/ld+json\" class=\"yoast-schema-graph\">{\"@context\":\"https:\/\/schema.org\",\"@graph\":[{\"@type\":\"Article\",\"@id\":\"https:\/\/www.sitsesp.org.br\/novo\/novas-eleicoes-2019-urnas-nas-estradas-2\/#article\",\"isPartOf\":{\"@id\":\"https:\/\/www.sitsesp.org.br\/novo\/novas-eleicoes-2019-urnas-nas-estradas-2\/\"},\"author\":{\"name\":\"mhais\",\"@id\":\"https:\/\/www.sitsesp.org.br\/novo\/#\/schema\/person\/2a4c180eb185645b3bef8657c75e305a\"},\"headline\":\"Novas Elei\u00e7\u00f5es 2019 \u2013 Urnas nas estradas\",\"datePublished\":\"2019-12-09T21:22:40+00:00\",\"dateModified\":\"2019-12-09T21:22:40+00:00\",\"mainEntityOfPage\":{\"@id\":\"https:\/\/www.sitsesp.org.br\/novo\/novas-eleicoes-2019-urnas-nas-estradas-2\/\"},\"wordCount\":195,\"commentCount\":0,\"publisher\":{\"@id\":\"https:\/\/www.sitsesp.org.br\/novo\/#organization\"},\"image\":{\"@id\":\"https:\/\/www.sitsesp.org.br\/novo\/novas-eleicoes-2019-urnas-nas-estradas-2\/#primaryimage\"},\"thumbnailUrl\":\"https:\/\/www.sitsesp.org.br\/novo\/wp-content\/uploads\/2020\/10\/1575926560-1.jpg\",\"articleSection\":[\"Noticias\"],\"inLanguage\":\"pt-BR\",\"potentialAction\":[{\"@type\":\"CommentAction\",\"name\":\"Comment\",\"target\":[\"https:\/\/www.sitsesp.org.br\/novo\/novas-eleicoes-2019-urnas-nas-estradas-2\/#respond\"]}]},{\"@type\":\"WebPage\",\"@id\":\"https:\/\/www.sitsesp.org.br\/novo\/novas-eleicoes-2019-urnas-nas-estradas-2\/\",\"url\":\"https:\/\/www.sitsesp.org.br\/novo\/novas-eleicoes-2019-urnas-nas-estradas-2\/\",\"name\":\"Novas Elei\u00e7\u00f5es 2019 \u2013 Urnas nas estradas - SITSESP\",\"isPartOf\":{\"@id\":\"https:\/\/www.sitsesp.org.br\/novo\/#website\"},\"primaryImageOfPage\":{\"@id\":\"https:\/\/www.sitsesp.org.br\/novo\/novas-eleicoes-2019-urnas-nas-estradas-2\/#primaryimage\"},\"image\":{\"@id\":\"https:\/\/www.sitsesp.org.br\/novo\/novas-eleicoes-2019-urnas-nas-estradas-2\/#primaryimage\"},\"thumbnailUrl\":\"https:\/\/www.sitsesp.org.br\/novo\/wp-content\/uploads\/2020\/10\/1575926560-1.jpg\",\"datePublished\":\"2019-12-09T21:22:40+00:00\",\"dateModified\":\"2019-12-09T21:22:40+00:00\",\"breadcrumb\":{\"@id\":\"https:\/\/www.sitsesp.org.br\/novo\/novas-eleicoes-2019-urnas-nas-estradas-2\/#breadcrumb\"},\"inLanguage\":\"pt-BR\",\"potentialAction\":[{\"@type\":\"ReadAction\",\"target\":[\"https:\/\/www.sitsesp.org.br\/novo\/novas-eleicoes-2019-urnas-nas-estradas-2\/\"]}]},{\"@type\":\"ImageObject\",\"inLanguage\":\"pt-BR\",\"@id\":\"https:\/\/www.sitsesp.org.br\/novo\/novas-eleicoes-2019-urnas-nas-estradas-2\/#primaryimage\",\"url\":\"https:\/\/www.sitsesp.org.br\/novo\/wp-content\/uploads\/2020\/10\/1575926560-1.jpg\",\"contentUrl\":\"https:\/\/www.sitsesp.org.br\/novo\/wp-content\/uploads\/2020\/10\/1575926560-1.jpg\",\"width\":720,\"height\":960},{\"@type\":\"BreadcrumbList\",\"@id\":\"https:\/\/www.sitsesp.org.br\/novo\/novas-eleicoes-2019-urnas-nas-estradas-2\/#breadcrumb\",\"itemListElement\":[{\"@type\":\"ListItem\",\"position\":1,\"name\":\"In\u00edcio\",\"item\":\"https:\/\/www.sitsesp.org.br\/novo\/\"},{\"@type\":\"ListItem\",\"position\":2,\"name\":\"Novas Elei\u00e7\u00f5es 2019 \u2013 Urnas nas estradas\"}]},{\"@type\":\"WebSite\",\"@id\":\"https:\/\/www.sitsesp.org.br\/novo\/#website\",\"url\":\"https:\/\/www.sitsesp.org.br\/novo\/\",\"name\":\"Sitsesp\",\"description\":\"SIndicato da Socioeduca\u00e7\u00e3o do Estado de S\u00e3o Paulo\",\"publisher\":{\"@id\":\"https:\/\/www.sitsesp.org.br\/novo\/#organization\"},\"potentialAction\":[{\"@type\":\"SearchAction\",\"target\":{\"@type\":\"EntryPoint\",\"urlTemplate\":\"https:\/\/www.sitsesp.org.br\/novo\/?s={search_term_string}\"},\"query-input\":\"required name=search_term_string\"}],\"inLanguage\":\"pt-BR\"},{\"@type\":\"Organization\",\"@id\":\"https:\/\/www.sitsesp.org.br\/novo\/#organization\",\"name\":\"Sitsesp\",\"url\":\"https:\/\/www.sitsesp.org.br\/novo\/\",\"logo\":{\"@type\":\"ImageObject\",\"inLanguage\":\"pt-BR\",\"@id\":\"https:\/\/www.sitsesp.org.br\/novo\/#\/schema\/logo\/image\/\",\"url\":\"https:\/\/www.sitsesp.org.br\/novo\/wp-content\/uploads\/2020\/09\/Design-sem-nome-1.jpg\",\"contentUrl\":\"https:\/\/www.sitsesp.org.br\/novo\/wp-content\/uploads\/2020\/09\/Design-sem-nome-1.jpg\",\"width\":300,\"height\":300,\"caption\":\"Sitsesp\"},\"image\":{\"@id\":\"https:\/\/www.sitsesp.org.br\/novo\/#\/schema\/logo\/image\/\"}},{\"@type\":\"Person\",\"@id\":\"https:\/\/www.sitsesp.org.br\/novo\/#\/schema\/person\/2a4c180eb185645b3bef8657c75e305a\",\"name\":\"mhais\",\"image\":{\"@type\":\"ImageObject\",\"inLanguage\":\"pt-BR\",\"@id\":\"https:\/\/www.sitsesp.org.br\/novo\/#\/schema\/person\/image\/\",\"url\":\"https:\/\/secure.gravatar.com\/avatar\/6f4eabe86990e81328cf702edfa92a60?s=96&d=mm&r=g\",\"contentUrl\":\"https:\/\/secure.gravatar.com\/avatar\/6f4eabe86990e81328cf702edfa92a60?s=96&d=mm&r=g\",\"caption\":\"mhais\"},\"sameAs\":[\"http:\/\/localhost\/sitsesp\"]}]}<\/script>\n<!-- \/ Yoast SEO plugin. -->","yoast_head_json":{"title":"Novas Elei\u00e7\u00f5es 2019 \u2013 Urnas nas estradas - SITSESP","robots":{"index":"index","follow":"follow","max-snippet":"max-snippet:-1","max-image-preview":"max-image-preview:large","max-video-preview":"max-video-preview:-1"},"canonical":"https:\/\/www.sitsesp.org.br\/novo\/novas-eleicoes-2019-urnas-nas-estradas-2\/","og_locale":"pt_BR","og_type":"article","og_title":"Novas Elei\u00e7\u00f5es 2019 \u2013 Urnas nas estradas - SITSESP","og_description":"Hoje, ( 09\/12) Comiss&atilde;o Eleitoral deu inicio aos trabalhos a um novo ciclo das elei&ccedil;&otilde;es sindicais 2019, com a libera&ccedil;&atilde;o das&hellip;","og_url":"https:\/\/www.sitsesp.org.br\/novo\/novas-eleicoes-2019-urnas-nas-estradas-2\/","og_site_name":"SITSESP","article_published_time":"2019-12-09T21:22:40+00:00","og_image":[{"width":720,"height":960,"url":"https:\/\/www.sitsesp.org.br\/novo\/wp-content\/uploads\/2020\/10\/1575926560-1.jpg","type":"image\/jpeg"}],"author":"mhais","twitter_card":"summary_large_image","twitter_misc":{"Escrito por":"mhais","Est. tempo de leitura":"1 minuto"},"schema":{"@context":"https:\/\/schema.org","@graph":[{"@type":"Article","@id":"https:\/\/www.sitsesp.org.br\/novo\/novas-eleicoes-2019-urnas-nas-estradas-2\/#article","isPartOf":{"@id":"https:\/\/www.sitsesp.org.br\/novo\/novas-eleicoes-2019-urnas-nas-estradas-2\/"},"author":{"name":"mhais","@id":"https:\/\/www.sitsesp.org.br\/novo\/#\/schema\/person\/2a4c180eb185645b3bef8657c75e305a"},"headline":"Novas Elei\u00e7\u00f5es 2019 \u2013 Urnas nas estradas","datePublished":"2019-12-09T21:22:40+00:00","dateModified":"2019-12-09T21:22:40+00:00","mainEntityOfPage":{"@id":"https:\/\/www.sitsesp.org.br\/novo\/novas-eleicoes-2019-urnas-nas-estradas-2\/"},"wordCount":195,"commentCount":0,"publisher":{"@id":"https:\/\/www.sitsesp.org.br\/novo\/#organization"},"image":{"@id":"https:\/\/www.sitsesp.org.br\/novo\/novas-eleicoes-2019-urnas-nas-estradas-2\/#primaryimage"},"thumbnailUrl":"https:\/\/www.sitsesp.org.br\/novo\/wp-content\/uploads\/2020\/10\/1575926560-1.jpg","articleSection":["Noticias"],"inLanguage":"pt-BR","potentialAction":[{"@type":"CommentAction","name":"Comment","target":["https:\/\/www.sitsesp.org.br\/novo\/novas-eleicoes-2019-urnas-nas-estradas-2\/#respond"]}]},{"@type":"WebPage","@id":"https:\/\/www.sitsesp.org.br\/novo\/novas-eleicoes-2019-urnas-nas-estradas-2\/","url":"https:\/\/www.sitsesp.org.br\/novo\/novas-eleicoes-2019-urnas-nas-estradas-2\/","name":"Novas Elei\u00e7\u00f5es 2019 \u2013 Urnas nas estradas - SITSESP","isPartOf":{"@id":"https:\/\/www.sitsesp.org.br\/novo\/#website"},"primaryImageOfPage":{"@id":"https:\/\/www.sitsesp.org.br\/novo\/novas-eleicoes-2019-urnas-nas-estradas-2\/#primaryimage"},"image":{"@id":"https:\/\/www.sitsesp.org.br\/novo\/novas-eleicoes-2019-urnas-nas-estradas-2\/#primaryimage"},"thumbnailUrl":"https:\/\/www.sitsesp.org.br\/novo\/wp-content\/uploads\/2020\/10\/1575926560-1.jpg","datePublished":"2019-12-09T21:22:40+00:00","dateModified":"2019-12-09T21:22:40+00:00","breadcrumb":{"@id":"https:\/\/www.sitsesp.org.br\/novo\/novas-eleicoes-2019-urnas-nas-estradas-2\/#breadcrumb"},"inLanguage":"pt-BR","potentialAction":[{"@type":"ReadAction","target":["https:\/\/www.sitsesp.org.br\/novo\/novas-eleicoes-2019-urnas-nas-estradas-2\/"]}]},{"@type":"ImageObject","inLanguage":"pt-BR","@id":"https:\/\/www.sitsesp.org.br\/novo\/novas-eleicoes-2019-urnas-nas-estradas-2\/#primaryimage","url":"https:\/\/www.sitsesp.org.br\/novo\/wp-content\/uploads\/2020\/10\/1575926560-1.jpg","contentUrl":"https:\/\/www.sitsesp.org.br\/novo\/wp-content\/uploads\/2020\/10\/1575926560-1.jpg","width":720,"height":960},{"@type":"BreadcrumbList","@id":"https:\/\/www.sitsesp.org.br\/novo\/novas-eleicoes-2019-urnas-nas-estradas-2\/#breadcrumb","itemListElement":[{"@type":"ListItem","position":1,"name":"In\u00edcio","item":"https:\/\/www.sitsesp.org.br\/novo\/"},{"@type":"ListItem","position":2,"name":"Novas Elei\u00e7\u00f5es 2019 \u2013 Urnas nas estradas"}]},{"@type":"WebSite","@id":"https:\/\/www.sitsesp.org.br\/novo\/#website","url":"https:\/\/www.sitsesp.org.br\/novo\/","name":"Sitsesp","description":"SIndicato da Socioeduca\u00e7\u00e3o do Estado de S\u00e3o Paulo","publisher":{"@id":"https:\/\/www.sitsesp.org.br\/novo\/#organization"},"potentialAction":[{"@type":"SearchAction","target":{"@type":"EntryPoint","urlTemplate":"https:\/\/www.sitsesp.org.br\/novo\/?s={search_term_string}"},"query-input":"required name=search_term_string"}],"inLanguage":"pt-BR"},{"@type":"Organization","@id":"https:\/\/www.sitsesp.org.br\/novo\/#organization","name":"Sitsesp","url":"https:\/\/www.sitsesp.org.br\/novo\/","logo":{"@type":"ImageObject","inLanguage":"pt-BR","@id":"https:\/\/www.sitsesp.org.br\/novo\/#\/schema\/logo\/image\/","url":"https:\/\/www.sitsesp.org.br\/novo\/wp-content\/uploads\/2020\/09\/Design-sem-nome-1.jpg","contentUrl":"https:\/\/www.sitsesp.org.br\/novo\/wp-content\/uploads\/2020\/09\/Design-sem-nome-1.jpg","width":300,"height":300,"caption":"Sitsesp"},"image":{"@id":"https:\/\/www.sitsesp.org.br\/novo\/#\/schema\/logo\/image\/"}},{"@type":"Person","@id":"https:\/\/www.sitsesp.org.br\/novo\/#\/schema\/person\/2a4c180eb185645b3bef8657c75e305a","name":"mhais","image":{"@type":"ImageObject","inLanguage":"pt-BR","@id":"https:\/\/www.sitsesp.org.br\/novo\/#\/schema\/person\/image\/","url":"https:\/\/secure.gravatar.com\/avatar\/6f4eabe86990e81328cf702edfa92a60?s=96&d=mm&r=g","contentUrl":"https:\/\/secure.gravatar.com\/avatar\/6f4eabe86990e81328cf702edfa92a60?s=96&d=mm&r=g","caption":"mhais"},"sameAs":["http:\/\/localhost\/sitsesp"]}]}},"_links":{"self":[{"href":"https:\/\/www.sitsesp.org.br\/novo\/wp-json\/wp\/v2\/posts\/2413"}],"collection":[{"href":"https:\/\/www.sitsesp.org.br\/novo\/wp-json\/wp\/v2\/posts"}],"about":[{"href":"https:\/\/www.sitsesp.org.br\/novo\/wp-json\/wp\/v2\/types\/post"}],"author":[{"embeddable":true,"href":"https:\/\/www.sitsesp.org.br\/novo\/wp-json\/wp\/v2\/users\/1"}],"replies":[{"embeddable":true,"href":"https:\/\/www.sitsesp.org.br\/novo\/wp-json\/wp\/v2\/comments?post=2413"}],"version-history":[{"count":0,"href":"https:\/\/www.sitsesp.org.br\/novo\/wp-json\/wp\/v2\/posts\/2413\/revisions"}],"wp:featuredmedia":[{"embeddable":true,"href":"https:\/\/www.sitsesp.org.br\/novo\/wp-json\/wp\/v2\/media\/2412"}],"wp:attachment":[{"href":"https:\/\/www.sitsesp.org.br\/novo\/wp-json\/wp\/v2\/media?parent=2413"}],"wp:term":[{"taxonomy":"category","embeddable":true,"href":"https:\/\/www.sitsesp.org.br\/novo\/wp-json\/wp\/v2\/categories?post=2413"},{"taxonomy":"post_tag","embeddable":true,"href":"https:\/\/www.sitsesp.org.br\/novo\/wp-json\/wp\/v2\/tags?post=2413"}],"curies":[{"name":"wp","href":"https:\/\/api.w.org\/{rel}","templated":true}]}}