{"id":2420,"date":"2020-05-20T09:07:47","date_gmt":"2020-05-20T12:07:47","guid":{"rendered":"https:\/\/pecorari-cloud72.pecoraricloud.com.br\/~sitsesporg\/gestao-reconstrucao-e-luta-atende-denuncias-no-casa-sao-luiz\/"},"modified":"2020-05-20T09:07:47","modified_gmt":"2020-05-20T12:07:47","slug":"gestao-reconstrucao-e-luta-atende-denuncias-no-casa-sao-luiz","status":"publish","type":"post","link":"https:\/\/www.sitsesp.org.br\/novo\/gestao-reconstrucao-e-luta-atende-denuncias-no-casa-sao-luiz\/","title":{"rendered":"GEST\u00c3O RECONSTRU\u00c7\u00c3O E LUTA ATENDE DEN\u00daNCIAS NO CASA S\u00c3O LUIZ"},"content":{"rendered":"<p><!-- VideographyWP Plugin Message: Automatic video embedding prevented by plugin options. --><\/p>\n<p>Os diretores Aline, Antonia e Iuri, juntamente com o apoiador Paulo Preto estiveram nesta ter&ccedil;a feira (19) no Casa S&atilde;o Luiz atendendo den&uacute;ncias feitas por servidores, onde foi constatada falta de condi&ccedil;&otilde;es de trabalho e aglomera&ccedil;&atilde;o de adolescentes.<\/p>\n<p>A rotina dos servidores est&aacute; dificultada pela falta de funcion&aacute;rios que est&atilde;o afastados por diversos motivos, inclusive, com quatro casos de COVID-19. S&atilde;o servidores que est&atilde;o trabalhando em situa&ccedil;&atilde;o limite para monitorar 48 adolescentes que se encontram internados naquela unidade.<\/p>\n<p>A dire&ccedil;&atilde;o do SITSESP Gest&atilde;o Reconstru&ccedil;&atilde;o e Luta, ir&aacute; oficializar a Funda&ccedil;&atilde;o Casa no sentido de elaborarem com URG&Ecirc;NCIA um plano de conting&ecirc;ncia para assegurar o andamento dos trabalhos no Centro e assegurar tamb&eacute;m, que a sa&uacute;de dos trabalhadores n&atilde;o seja ainda mais afetada pela falta de condi&ccedil;&otilde;es no ambiente de trabalho.<\/p>\n","protected":false},"excerpt":{"rendered":"<p>Os diretores Aline, Antonia e Iuri, juntamente com o apoiador Paulo Preto estiveram nesta ter&ccedil;a feira (19) no Casa S&atilde;o Luiz&hellip;<\/p>\n","protected":false},"author":1,"featured_media":2421,"comment_status":"open","ping_status":"open","sticky":false,"template":"","format":"standard","meta":{"cybocfi_hide_featured_image":"","footnotes":""},"categories":[22],"tags":[],"yoast_head":"<!-- This site is optimized with the Yoast SEO plugin v22.8 - https:\/\/yoast.com\/wordpress\/plugins\/seo\/ -->\n<title>GEST\u00c3O RECONSTRU\u00c7\u00c3O E LUTA ATENDE DEN\u00daNCIAS NO CASA S\u00c3O LUIZ - SITSESP<\/title>\n<meta name=\"robots\" content=\"index, follow, max-snippet:-1, max-image-preview:large, max-video-preview:-1\" \/>\n<link rel=\"canonical\" href=\"https:\/\/www.sitsesp.org.br\/novo\/gestao-reconstrucao-e-luta-atende-denuncias-no-casa-sao-luiz\/\" \/>\n<meta property=\"og:locale\" content=\"pt_BR\" \/>\n<meta property=\"og:type\" content=\"article\" \/>\n<meta property=\"og:title\" content=\"GEST\u00c3O RECONSTRU\u00c7\u00c3O E LUTA ATENDE DEN\u00daNCIAS NO CASA S\u00c3O LUIZ - SITSESP\" \/>\n<meta property=\"og:description\" content=\"Os diretores Aline, Antonia e Iuri, juntamente com o apoiador Paulo Preto estiveram nesta ter&ccedil;a feira (19) no Casa S&atilde;o Luiz&hellip;\" \/>\n<meta property=\"og:url\" content=\"https:\/\/www.sitsesp.org.br\/novo\/gestao-reconstrucao-e-luta-atende-denuncias-no-casa-sao-luiz\/\" \/>\n<meta property=\"og:site_name\" content=\"SITSESP\" \/>\n<meta property=\"article:published_time\" content=\"2020-05-20T12:07:47+00:00\" \/>\n<meta property=\"og:image\" content=\"https:\/\/www.sitsesp.org.br\/novo\/wp-content\/uploads\/2020\/10\/1589976467-1.jpg\" \/>\n\t<meta property=\"og:image:width\" content=\"557\" \/>\n\t<meta property=\"og:image:height\" content=\"338\" \/>\n\t<meta property=\"og:image:type\" content=\"image\/jpeg\" \/>\n<meta name=\"author\" content=\"mhais\" \/>\n<meta name=\"twitter:card\" content=\"summary_large_image\" \/>\n<meta name=\"twitter:label1\" content=\"Escrito por\" \/>\n\t<meta name=\"twitter:data1\" content=\"mhais\" \/>\n\t<meta name=\"twitter:label2\" content=\"Est. tempo de leitura\" \/>\n\t<meta name=\"twitter:data2\" content=\"1 minuto\" \/>\n<script type=\"application\/ld+json\" class=\"yoast-schema-graph\">{\"@context\":\"https:\/\/schema.org\",\"@graph\":[{\"@type\":\"Article\",\"@id\":\"https:\/\/www.sitsesp.org.br\/novo\/gestao-reconstrucao-e-luta-atende-denuncias-no-casa-sao-luiz\/#article\",\"isPartOf\":{\"@id\":\"https:\/\/www.sitsesp.org.br\/novo\/gestao-reconstrucao-e-luta-atende-denuncias-no-casa-sao-luiz\/\"},\"author\":{\"name\":\"mhais\",\"@id\":\"https:\/\/www.sitsesp.org.br\/novo\/#\/schema\/person\/2a4c180eb185645b3bef8657c75e305a\"},\"headline\":\"GEST\u00c3O RECONSTRU\u00c7\u00c3O E LUTA ATENDE DEN\u00daNCIAS NO CASA S\u00c3O LUIZ\",\"datePublished\":\"2020-05-20T12:07:47+00:00\",\"dateModified\":\"2020-05-20T12:07:47+00:00\",\"mainEntityOfPage\":{\"@id\":\"https:\/\/www.sitsesp.org.br\/novo\/gestao-reconstrucao-e-luta-atende-denuncias-no-casa-sao-luiz\/\"},\"wordCount\":191,\"commentCount\":0,\"publisher\":{\"@id\":\"https:\/\/www.sitsesp.org.br\/novo\/#organization\"},\"image\":{\"@id\":\"https:\/\/www.sitsesp.org.br\/novo\/gestao-reconstrucao-e-luta-atende-denuncias-no-casa-sao-luiz\/#primaryimage\"},\"thumbnailUrl\":\"https:\/\/www.sitsesp.org.br\/novo\/wp-content\/uploads\/2020\/10\/1589976467-1.jpg\",\"articleSection\":[\"Noticias\"],\"inLanguage\":\"pt-BR\",\"potentialAction\":[{\"@type\":\"CommentAction\",\"name\":\"Comment\",\"target\":[\"https:\/\/www.sitsesp.org.br\/novo\/gestao-reconstrucao-e-luta-atende-denuncias-no-casa-sao-luiz\/#respond\"]}]},{\"@type\":\"WebPage\",\"@id\":\"https:\/\/www.sitsesp.org.br\/novo\/gestao-reconstrucao-e-luta-atende-denuncias-no-casa-sao-luiz\/\",\"url\":\"https:\/\/www.sitsesp.org.br\/novo\/gestao-reconstrucao-e-luta-atende-denuncias-no-casa-sao-luiz\/\",\"name\":\"GEST\u00c3O RECONSTRU\u00c7\u00c3O E LUTA ATENDE DEN\u00daNCIAS NO CASA S\u00c3O LUIZ - SITSESP\",\"isPartOf\":{\"@id\":\"https:\/\/www.sitsesp.org.br\/novo\/#website\"},\"primaryImageOfPage\":{\"@id\":\"https:\/\/www.sitsesp.org.br\/novo\/gestao-reconstrucao-e-luta-atende-denuncias-no-casa-sao-luiz\/#primaryimage\"},\"image\":{\"@id\":\"https:\/\/www.sitsesp.org.br\/novo\/gestao-reconstrucao-e-luta-atende-denuncias-no-casa-sao-luiz\/#primaryimage\"},\"thumbnailUrl\":\"https:\/\/www.sitsesp.org.br\/novo\/wp-content\/uploads\/2020\/10\/1589976467-1.jpg\",\"datePublished\":\"2020-05-20T12:07:47+00:00\",\"dateModified\":\"2020-05-20T12:07:47+00:00\",\"breadcrumb\":{\"@id\":\"https:\/\/www.sitsesp.org.br\/novo\/gestao-reconstrucao-e-luta-atende-denuncias-no-casa-sao-luiz\/#breadcrumb\"},\"inLanguage\":\"pt-BR\",\"potentialAction\":[{\"@type\":\"ReadAction\",\"target\":[\"https:\/\/www.sitsesp.org.br\/novo\/gestao-reconstrucao-e-luta-atende-denuncias-no-casa-sao-luiz\/\"]}]},{\"@type\":\"ImageObject\",\"inLanguage\":\"pt-BR\",\"@id\":\"https:\/\/www.sitsesp.org.br\/novo\/gestao-reconstrucao-e-luta-atende-denuncias-no-casa-sao-luiz\/#primaryimage\",\"url\":\"https:\/\/www.sitsesp.org.br\/novo\/wp-content\/uploads\/2020\/10\/1589976467-1.jpg\",\"contentUrl\":\"https:\/\/www.sitsesp.org.br\/novo\/wp-content\/uploads\/2020\/10\/1589976467-1.jpg\",\"width\":557,\"height\":338},{\"@type\":\"BreadcrumbList\",\"@id\":\"https:\/\/www.sitsesp.org.br\/novo\/gestao-reconstrucao-e-luta-atende-denuncias-no-casa-sao-luiz\/#breadcrumb\",\"itemListElement\":[{\"@type\":\"ListItem\",\"position\":1,\"name\":\"In\u00edcio\",\"item\":\"https:\/\/www.sitsesp.org.br\/novo\/\"},{\"@type\":\"ListItem\",\"position\":2,\"name\":\"GEST\u00c3O RECONSTRU\u00c7\u00c3O E LUTA ATENDE DEN\u00daNCIAS NO CASA S\u00c3O LUIZ\"}]},{\"@type\":\"WebSite\",\"@id\":\"https:\/\/www.sitsesp.org.br\/novo\/#website\",\"url\":\"https:\/\/www.sitsesp.org.br\/novo\/\",\"name\":\"Sitsesp\",\"description\":\"SIndicato da Socioeduca\u00e7\u00e3o do Estado de S\u00e3o Paulo\",\"publisher\":{\"@id\":\"https:\/\/www.sitsesp.org.br\/novo\/#organization\"},\"potentialAction\":[{\"@type\":\"SearchAction\",\"target\":{\"@type\":\"EntryPoint\",\"urlTemplate\":\"https:\/\/www.sitsesp.org.br\/novo\/?s={search_term_string}\"},\"query-input\":\"required name=search_term_string\"}],\"inLanguage\":\"pt-BR\"},{\"@type\":\"Organization\",\"@id\":\"https:\/\/www.sitsesp.org.br\/novo\/#organization\",\"name\":\"Sitsesp\",\"url\":\"https:\/\/www.sitsesp.org.br\/novo\/\",\"logo\":{\"@type\":\"ImageObject\",\"inLanguage\":\"pt-BR\",\"@id\":\"https:\/\/www.sitsesp.org.br\/novo\/#\/schema\/logo\/image\/\",\"url\":\"https:\/\/www.sitsesp.org.br\/novo\/wp-content\/uploads\/2020\/09\/Design-sem-nome-1.jpg\",\"contentUrl\":\"https:\/\/www.sitsesp.org.br\/novo\/wp-content\/uploads\/2020\/09\/Design-sem-nome-1.jpg\",\"width\":300,\"height\":300,\"caption\":\"Sitsesp\"},\"image\":{\"@id\":\"https:\/\/www.sitsesp.org.br\/novo\/#\/schema\/logo\/image\/\"}},{\"@type\":\"Person\",\"@id\":\"https:\/\/www.sitsesp.org.br\/novo\/#\/schema\/person\/2a4c180eb185645b3bef8657c75e305a\",\"name\":\"mhais\",\"image\":{\"@type\":\"ImageObject\",\"inLanguage\":\"pt-BR\",\"@id\":\"https:\/\/www.sitsesp.org.br\/novo\/#\/schema\/person\/image\/\",\"url\":\"https:\/\/secure.gravatar.com\/avatar\/6f4eabe86990e81328cf702edfa92a60?s=96&d=mm&r=g\",\"contentUrl\":\"https:\/\/secure.gravatar.com\/avatar\/6f4eabe86990e81328cf702edfa92a60?s=96&d=mm&r=g\",\"caption\":\"mhais\"},\"sameAs\":[\"http:\/\/localhost\/sitsesp\"]}]}<\/script>\n<!-- \/ Yoast SEO plugin. -->","yoast_head_json":{"title":"GEST\u00c3O RECONSTRU\u00c7\u00c3O E LUTA ATENDE DEN\u00daNCIAS NO CASA S\u00c3O LUIZ - SITSESP","robots":{"index":"index","follow":"follow","max-snippet":"max-snippet:-1","max-image-preview":"max-image-preview:large","max-video-preview":"max-video-preview:-1"},"canonical":"https:\/\/www.sitsesp.org.br\/novo\/gestao-reconstrucao-e-luta-atende-denuncias-no-casa-sao-luiz\/","og_locale":"pt_BR","og_type":"article","og_title":"GEST\u00c3O RECONSTRU\u00c7\u00c3O E LUTA ATENDE DEN\u00daNCIAS NO CASA S\u00c3O LUIZ - SITSESP","og_description":"Os diretores Aline, Antonia e Iuri, juntamente com o apoiador Paulo Preto estiveram nesta ter&ccedil;a feira (19) no Casa S&atilde;o Luiz&hellip;","og_url":"https:\/\/www.sitsesp.org.br\/novo\/gestao-reconstrucao-e-luta-atende-denuncias-no-casa-sao-luiz\/","og_site_name":"SITSESP","article_published_time":"2020-05-20T12:07:47+00:00","og_image":[{"width":557,"height":338,"url":"https:\/\/www.sitsesp.org.br\/novo\/wp-content\/uploads\/2020\/10\/1589976467-1.jpg","type":"image\/jpeg"}],"author":"mhais","twitter_card":"summary_large_image","twitter_misc":{"Escrito por":"mhais","Est. tempo de leitura":"1 minuto"},"schema":{"@context":"https:\/\/schema.org","@graph":[{"@type":"Article","@id":"https:\/\/www.sitsesp.org.br\/novo\/gestao-reconstrucao-e-luta-atende-denuncias-no-casa-sao-luiz\/#article","isPartOf":{"@id":"https:\/\/www.sitsesp.org.br\/novo\/gestao-reconstrucao-e-luta-atende-denuncias-no-casa-sao-luiz\/"},"author":{"name":"mhais","@id":"https:\/\/www.sitsesp.org.br\/novo\/#\/schema\/person\/2a4c180eb185645b3bef8657c75e305a"},"headline":"GEST\u00c3O RECONSTRU\u00c7\u00c3O E LUTA ATENDE DEN\u00daNCIAS NO CASA S\u00c3O LUIZ","datePublished":"2020-05-20T12:07:47+00:00","dateModified":"2020-05-20T12:07:47+00:00","mainEntityOfPage":{"@id":"https:\/\/www.sitsesp.org.br\/novo\/gestao-reconstrucao-e-luta-atende-denuncias-no-casa-sao-luiz\/"},"wordCount":191,"commentCount":0,"publisher":{"@id":"https:\/\/www.sitsesp.org.br\/novo\/#organization"},"image":{"@id":"https:\/\/www.sitsesp.org.br\/novo\/gestao-reconstrucao-e-luta-atende-denuncias-no-casa-sao-luiz\/#primaryimage"},"thumbnailUrl":"https:\/\/www.sitsesp.org.br\/novo\/wp-content\/uploads\/2020\/10\/1589976467-1.jpg","articleSection":["Noticias"],"inLanguage":"pt-BR","potentialAction":[{"@type":"CommentAction","name":"Comment","target":["https:\/\/www.sitsesp.org.br\/novo\/gestao-reconstrucao-e-luta-atende-denuncias-no-casa-sao-luiz\/#respond"]}]},{"@type":"WebPage","@id":"https:\/\/www.sitsesp.org.br\/novo\/gestao-reconstrucao-e-luta-atende-denuncias-no-casa-sao-luiz\/","url":"https:\/\/www.sitsesp.org.br\/novo\/gestao-reconstrucao-e-luta-atende-denuncias-no-casa-sao-luiz\/","name":"GEST\u00c3O RECONSTRU\u00c7\u00c3O E LUTA ATENDE DEN\u00daNCIAS NO CASA S\u00c3O LUIZ - SITSESP","isPartOf":{"@id":"https:\/\/www.sitsesp.org.br\/novo\/#website"},"primaryImageOfPage":{"@id":"https:\/\/www.sitsesp.org.br\/novo\/gestao-reconstrucao-e-luta-atende-denuncias-no-casa-sao-luiz\/#primaryimage"},"image":{"@id":"https:\/\/www.sitsesp.org.br\/novo\/gestao-reconstrucao-e-luta-atende-denuncias-no-casa-sao-luiz\/#primaryimage"},"thumbnailUrl":"https:\/\/www.sitsesp.org.br\/novo\/wp-content\/uploads\/2020\/10\/1589976467-1.jpg","datePublished":"2020-05-20T12:07:47+00:00","dateModified":"2020-05-20T12:07:47+00:00","breadcrumb":{"@id":"https:\/\/www.sitsesp.org.br\/novo\/gestao-reconstrucao-e-luta-atende-denuncias-no-casa-sao-luiz\/#breadcrumb"},"inLanguage":"pt-BR","potentialAction":[{"@type":"ReadAction","target":["https:\/\/www.sitsesp.org.br\/novo\/gestao-reconstrucao-e-luta-atende-denuncias-no-casa-sao-luiz\/"]}]},{"@type":"ImageObject","inLanguage":"pt-BR","@id":"https:\/\/www.sitsesp.org.br\/novo\/gestao-reconstrucao-e-luta-atende-denuncias-no-casa-sao-luiz\/#primaryimage","url":"https:\/\/www.sitsesp.org.br\/novo\/wp-content\/uploads\/2020\/10\/1589976467-1.jpg","contentUrl":"https:\/\/www.sitsesp.org.br\/novo\/wp-content\/uploads\/2020\/10\/1589976467-1.jpg","width":557,"height":338},{"@type":"BreadcrumbList","@id":"https:\/\/www.sitsesp.org.br\/novo\/gestao-reconstrucao-e-luta-atende-denuncias-no-casa-sao-luiz\/#breadcrumb","itemListElement":[{"@type":"ListItem","position":1,"name":"In\u00edcio","item":"https:\/\/www.sitsesp.org.br\/novo\/"},{"@type":"ListItem","position":2,"name":"GEST\u00c3O RECONSTRU\u00c7\u00c3O E LUTA ATENDE DEN\u00daNCIAS NO CASA S\u00c3O LUIZ"}]},{"@type":"WebSite","@id":"https:\/\/www.sitsesp.org.br\/novo\/#website","url":"https:\/\/www.sitsesp.org.br\/novo\/","name":"Sitsesp","description":"SIndicato da Socioeduca\u00e7\u00e3o do Estado de S\u00e3o Paulo","publisher":{"@id":"https:\/\/www.sitsesp.org.br\/novo\/#organization"},"potentialAction":[{"@type":"SearchAction","target":{"@type":"EntryPoint","urlTemplate":"https:\/\/www.sitsesp.org.br\/novo\/?s={search_term_string}"},"query-input":"required name=search_term_string"}],"inLanguage":"pt-BR"},{"@type":"Organization","@id":"https:\/\/www.sitsesp.org.br\/novo\/#organization","name":"Sitsesp","url":"https:\/\/www.sitsesp.org.br\/novo\/","logo":{"@type":"ImageObject","inLanguage":"pt-BR","@id":"https:\/\/www.sitsesp.org.br\/novo\/#\/schema\/logo\/image\/","url":"https:\/\/www.sitsesp.org.br\/novo\/wp-content\/uploads\/2020\/09\/Design-sem-nome-1.jpg","contentUrl":"https:\/\/www.sitsesp.org.br\/novo\/wp-content\/uploads\/2020\/09\/Design-sem-nome-1.jpg","width":300,"height":300,"caption":"Sitsesp"},"image":{"@id":"https:\/\/www.sitsesp.org.br\/novo\/#\/schema\/logo\/image\/"}},{"@type":"Person","@id":"https:\/\/www.sitsesp.org.br\/novo\/#\/schema\/person\/2a4c180eb185645b3bef8657c75e305a","name":"mhais","image":{"@type":"ImageObject","inLanguage":"pt-BR","@id":"https:\/\/www.sitsesp.org.br\/novo\/#\/schema\/person\/image\/","url":"https:\/\/secure.gravatar.com\/avatar\/6f4eabe86990e81328cf702edfa92a60?s=96&d=mm&r=g","contentUrl":"https:\/\/secure.gravatar.com\/avatar\/6f4eabe86990e81328cf702edfa92a60?s=96&d=mm&r=g","caption":"mhais"},"sameAs":["http:\/\/localhost\/sitsesp"]}]}},"_links":{"self":[{"href":"https:\/\/www.sitsesp.org.br\/novo\/wp-json\/wp\/v2\/posts\/2420"}],"collection":[{"href":"https:\/\/www.sitsesp.org.br\/novo\/wp-json\/wp\/v2\/posts"}],"about":[{"href":"https:\/\/www.sitsesp.org.br\/novo\/wp-json\/wp\/v2\/types\/post"}],"author":[{"embeddable":true,"href":"https:\/\/www.sitsesp.org.br\/novo\/wp-json\/wp\/v2\/users\/1"}],"replies":[{"embeddable":true,"href":"https:\/\/www.sitsesp.org.br\/novo\/wp-json\/wp\/v2\/comments?post=2420"}],"version-history":[{"count":0,"href":"https:\/\/www.sitsesp.org.br\/novo\/wp-json\/wp\/v2\/posts\/2420\/revisions"}],"wp:featuredmedia":[{"embeddable":true,"href":"https:\/\/www.sitsesp.org.br\/novo\/wp-json\/wp\/v2\/media\/2421"}],"wp:attachment":[{"href":"https:\/\/www.sitsesp.org.br\/novo\/wp-json\/wp\/v2\/media?parent=2420"}],"wp:term":[{"taxonomy":"category","embeddable":true,"href":"https:\/\/www.sitsesp.org.br\/novo\/wp-json\/wp\/v2\/categories?post=2420"},{"taxonomy":"post_tag","embeddable":true,"href":"https:\/\/www.sitsesp.org.br\/novo\/wp-json\/wp\/v2\/tags?post=2420"}],"curies":[{"name":"wp","href":"https:\/\/api.w.org\/{rel}","templated":true}]}}