{"id":2422,"date":"2020-05-22T10:03:12","date_gmt":"2020-05-22T13:03:12","guid":{"rendered":"https:\/\/pecorari-cloud72.pecoraricloud.com.br\/~sitsesporg\/gestao-reconstrucao-e-luta-vai-ate-aracatuba-ouvir-servidores-sobre-o-pessimo-atendimento-realizado-pelo-plano-de-saude-amil\/"},"modified":"2020-05-22T10:03:12","modified_gmt":"2020-05-22T13:03:12","slug":"gestao-reconstrucao-e-luta-vai-ate-aracatuba-ouvir-servidores-sobre-o-pessimo-atendimento-realizado-pelo-plano-de-saude-amil","status":"publish","type":"post","link":"https:\/\/www.sitsesp.org.br\/novo\/gestao-reconstrucao-e-luta-vai-ate-aracatuba-ouvir-servidores-sobre-o-pessimo-atendimento-realizado-pelo-plano-de-saude-amil\/","title":{"rendered":"Gest\u00e3o Reconstru\u00e7\u00e3o e Luta vai at\u00e9 Ara\u00e7atuba ouvir servidores sobre o p\u00e9ssimo atendimento realizado pelo Plano De Sa\u00fade Amil"},"content":{"rendered":"<p><!-- VideographyWP Plugin Message: Automatic video embedding prevented by plugin options. --><\/p>\n<p>Nesta quinta feira, (21), a Gest&atilde;o Reconstru&ccedil;&atilde;o e Luta &#8211; SITSESP na presen&ccedil;a do nosso Diretor Sindical da DRO Claudio Alonso, esteve na cidade de Ara&ccedil;atuba para ouvir dos servidores a real situa&ccedil;&atilde;o do atendimento do plano de sa&uacute;de AMIL naquela cidade e regi&atilde;o.<\/p>\n<p>Por ser refer&ecirc;ncia na regi&atilde;o, a cidade de Ara&ccedil;atuba recebe diversos servidores da FC que trabalham em outros Centros espalhados por toda macrorregi&atilde;o.<\/p>\n<p><em>&ldquo;Logo pela manh&atilde; estive no Hospital Central conversando com a Graziela, funcion&aacute;ria respons&aacute;vel para o cadastro de novos m&eacute;dicos, j&aacute; digo de antem&atilde;o, que ser&aacute; um processo demorado e de baixa ades&atilde;o desses referidos profissionais&rdquo; <\/em>relata nosso diretor.<\/p>\n<p>Segundo Claudio, o Hospital Central &eacute; de pequeno porte, n&atilde;o tem UTI, a emerg&ecirc;ncia por ser pequena, n&atilde;o atende as necessidades dos servidores conveniados da AMIL e conta apenas com 15 leitos na enfermaria.<\/p>\n<p>Ap&oacute;s a reuni&atilde;o que teve no hospital, o diretor Claudio se deslocou para os Centros onde foi muito bem recebido pelos Diretores de unidades e ouviu relatos dos servidores, percebeu que a situa&ccedil;&atilde;o &eacute; &ldquo;<em>alarmante<\/em>&rdquo;. Servidores aguardando autoriza&ccedil;&atilde;o para cirurgias a semanas, conveniado aguardando para fazer quimioterapia, mas n&atilde;o tem local para ser administrado pois, o hospital est&aacute; com o aparelho que prepara a medica&ccedil;&atilde;o quebrado, sendo s&oacute; ontem 20\/05, autorizado a fazer o procedimento na Santa Casa, servidores com familiares idosos com complexidade de sa&uacute;de e os m&eacute;dicos se recusam a atender.<\/p>\n<p><em>&ldquo;Se eu passar todos os relatos de funcion&aacute;rios, ter&aacute; uma lista extensa de queixas, Hospital Central n&atilde;o est&aacute; preparado para fazer uma cirurgia de m&eacute;dio porte, porque n&atilde;o tem suporte de UTI. Pacientes est&atilde;o indo na cidade de Votuporanga 150 km, na cidade de S&atilde;o Jos&eacute; do Rio Preto 160 km para fazer exames, em um desses relatos o funcion&aacute;rio foi em um cardiologista em S&atilde;o Jos&eacute; do Rio Preto, foi colocado um aparelho de monitoramento da press&atilde;o arterial por 24 horas, o funcion&aacute;rio se deslocou novamente a Ara&ccedil;atuba, no outro dia necessitou voltar a S&atilde;o Jos&eacute; do Rio Preto, para retirada do equipamento&rdquo; <\/em>afirma nosso Diretor Claudio<em>.<\/em><\/p>\n<p><u>Alguns relatos de servidores conveniados pela AMIL.<\/u><\/p>\n<p><em>&ldquo;Estou h&aacute; um m&ecirc;s sem atendimento, j&aacute; liguei duas vezes pra Amil v&aacute;rias vezes para o Hospital Central com o Senhor Amauri e at&eacute; agora nada. Amil me passou um e-mail dizendo que eu tenho que pagar as consultas e pedir o reembolso para Funda&ccedil;&atilde;o. Isso &eacute; uma vergonha. &rdquo;<\/em><\/p>\n<p><em>&ldquo;Minha cirurgia n&atilde;o consegui fazer por causa do Hospital Central e agora n&atilde;o consegue m&eacute;dico para fazer, pois alguns m&eacute;dicos n&atilde;o querem fazer no hospital devido a v&aacute;rios problemas e at&eacute; por ter sido fechado pela vigil&acirc;ncia sanit&aacute;ria de Ara&ccedil;atuba. &rdquo;<\/em><\/p>\n<p><em>&ldquo;Tenho pedido de exame parado no Hospital Central, aguardando. &ldquo;<\/em><\/p>\n<p><em>&ldquo;Acontece que tive que deixar a guia a 15 dias, mas o conv&ecirc;nio da Alcance n&atilde;o aceitou e eu n&atilde;o consegui autoriza&ccedil;&atilde;o. Ontem deixei uma c&oacute;pia do pedido no Hospital Central, deixei o n&uacute;mero do celular e estou no aguardo. &ldquo;<\/em><\/p>\n<p>Estes s&atilde;o apenas alguns relatos de insatisfa&ccedil;&atilde;o de centenas de servidores que a Gest&atilde;o Reconstru&ccedil;&atilde;o e Luta &#8211; SITSESP recebeu por WhatsApp, liga&ccedil;&otilde;es e pessoalmente pelo nosso diretor Claudio Alonso.<\/p>\n<p>Avaliando a situa&ccedil;&atilde;o s&oacute; vemos uma solu&ccedil;&atilde;o imediata, a AMIL credenciar a Santa Casa de Ara&ccedil;atuba. Trata-se de um hospital de m&eacute;dio porte, de m&eacute;dia complexidade, que tem UTI e um bom suporte para os servidores Conveniados.<\/p>\n<p>A Gest&atilde;o Reconstru&ccedil;&atilde;o e Luta &ndash; SITSESP, agradece aos Diretores, Servidores e ao Laudemir que esteve acompanhando o nosso Diretor Claudio Alonso nessa incans&aacute;vel luta para tentar amenizar e sanar os problemas que acometem nossos servidores na regi&atilde;o de Ara&ccedil;atuba.<\/p>\n<p>&nbsp;<\/p>\n","protected":false},"excerpt":{"rendered":"<p>Nesta quinta feira, (21), a Gest&atilde;o Reconstru&ccedil;&atilde;o e Luta &#8211; SITSESP na presen&ccedil;a do nosso Diretor Sindical da DRO Claudio Alonso,&hellip;<\/p>\n","protected":false},"author":1,"featured_media":2423,"comment_status":"open","ping_status":"open","sticky":false,"template":"","format":"standard","meta":{"cybocfi_hide_featured_image":"","footnotes":""},"categories":[22],"tags":[],"yoast_head":"<!-- This site is optimized with the Yoast SEO plugin v22.8 - https:\/\/yoast.com\/wordpress\/plugins\/seo\/ -->\n<title>Gest\u00e3o Reconstru\u00e7\u00e3o e Luta vai at\u00e9 Ara\u00e7atuba ouvir servidores sobre o p\u00e9ssimo atendimento realizado pelo Plano De Sa\u00fade Amil - SITSESP<\/title>\n<meta name=\"robots\" content=\"index, follow, max-snippet:-1, max-image-preview:large, max-video-preview:-1\" \/>\n<link rel=\"canonical\" href=\"https:\/\/www.sitsesp.org.br\/novo\/gestao-reconstrucao-e-luta-vai-ate-aracatuba-ouvir-servidores-sobre-o-pessimo-atendimento-realizado-pelo-plano-de-saude-amil\/\" \/>\n<meta property=\"og:locale\" content=\"pt_BR\" \/>\n<meta property=\"og:type\" content=\"article\" \/>\n<meta property=\"og:title\" content=\"Gest\u00e3o Reconstru\u00e7\u00e3o e Luta vai at\u00e9 Ara\u00e7atuba ouvir servidores sobre o p\u00e9ssimo atendimento realizado pelo Plano De Sa\u00fade Amil - SITSESP\" \/>\n<meta property=\"og:description\" content=\"Nesta quinta feira, (21), a Gest&atilde;o Reconstru&ccedil;&atilde;o e Luta &#8211; SITSESP na presen&ccedil;a do nosso Diretor Sindical da DRO Claudio Alonso,&hellip;\" \/>\n<meta property=\"og:url\" content=\"https:\/\/www.sitsesp.org.br\/novo\/gestao-reconstrucao-e-luta-vai-ate-aracatuba-ouvir-servidores-sobre-o-pessimo-atendimento-realizado-pelo-plano-de-saude-amil\/\" \/>\n<meta property=\"og:site_name\" content=\"SITSESP\" \/>\n<meta property=\"article:published_time\" content=\"2020-05-22T13:03:12+00:00\" \/>\n<meta property=\"og:image\" content=\"https:\/\/www.sitsesp.org.br\/novo\/wp-content\/uploads\/2020\/10\/1590154436-1.jpg\" \/>\n\t<meta property=\"og:image:width\" content=\"571\" \/>\n\t<meta property=\"og:image:height\" content=\"429\" \/>\n\t<meta property=\"og:image:type\" content=\"image\/jpeg\" \/>\n<meta name=\"author\" content=\"mhais\" \/>\n<meta name=\"twitter:card\" content=\"summary_large_image\" \/>\n<meta name=\"twitter:label1\" content=\"Escrito por\" \/>\n\t<meta name=\"twitter:data1\" content=\"mhais\" \/>\n\t<meta name=\"twitter:label2\" content=\"Est. tempo de leitura\" \/>\n\t<meta name=\"twitter:data2\" content=\"4 minutos\" \/>\n<script type=\"application\/ld+json\" class=\"yoast-schema-graph\">{\"@context\":\"https:\/\/schema.org\",\"@graph\":[{\"@type\":\"Article\",\"@id\":\"https:\/\/www.sitsesp.org.br\/novo\/gestao-reconstrucao-e-luta-vai-ate-aracatuba-ouvir-servidores-sobre-o-pessimo-atendimento-realizado-pelo-plano-de-saude-amil\/#article\",\"isPartOf\":{\"@id\":\"https:\/\/www.sitsesp.org.br\/novo\/gestao-reconstrucao-e-luta-vai-ate-aracatuba-ouvir-servidores-sobre-o-pessimo-atendimento-realizado-pelo-plano-de-saude-amil\/\"},\"author\":{\"name\":\"mhais\",\"@id\":\"https:\/\/www.sitsesp.org.br\/novo\/#\/schema\/person\/2a4c180eb185645b3bef8657c75e305a\"},\"headline\":\"Gest\u00e3o Reconstru\u00e7\u00e3o e Luta vai at\u00e9 Ara\u00e7atuba ouvir servidores sobre o p\u00e9ssimo atendimento realizado pelo Plano De Sa\u00fade Amil\",\"datePublished\":\"2020-05-22T13:03:12+00:00\",\"dateModified\":\"2020-05-22T13:03:12+00:00\",\"mainEntityOfPage\":{\"@id\":\"https:\/\/www.sitsesp.org.br\/novo\/gestao-reconstrucao-e-luta-vai-ate-aracatuba-ouvir-servidores-sobre-o-pessimo-atendimento-realizado-pelo-plano-de-saude-amil\/\"},\"wordCount\":796,\"commentCount\":0,\"publisher\":{\"@id\":\"https:\/\/www.sitsesp.org.br\/novo\/#organization\"},\"image\":{\"@id\":\"https:\/\/www.sitsesp.org.br\/novo\/gestao-reconstrucao-e-luta-vai-ate-aracatuba-ouvir-servidores-sobre-o-pessimo-atendimento-realizado-pelo-plano-de-saude-amil\/#primaryimage\"},\"thumbnailUrl\":\"https:\/\/www.sitsesp.org.br\/novo\/wp-content\/uploads\/2020\/10\/1590154436-1.jpg\",\"articleSection\":[\"Noticias\"],\"inLanguage\":\"pt-BR\",\"potentialAction\":[{\"@type\":\"CommentAction\",\"name\":\"Comment\",\"target\":[\"https:\/\/www.sitsesp.org.br\/novo\/gestao-reconstrucao-e-luta-vai-ate-aracatuba-ouvir-servidores-sobre-o-pessimo-atendimento-realizado-pelo-plano-de-saude-amil\/#respond\"]}]},{\"@type\":\"WebPage\",\"@id\":\"https:\/\/www.sitsesp.org.br\/novo\/gestao-reconstrucao-e-luta-vai-ate-aracatuba-ouvir-servidores-sobre-o-pessimo-atendimento-realizado-pelo-plano-de-saude-amil\/\",\"url\":\"https:\/\/www.sitsesp.org.br\/novo\/gestao-reconstrucao-e-luta-vai-ate-aracatuba-ouvir-servidores-sobre-o-pessimo-atendimento-realizado-pelo-plano-de-saude-amil\/\",\"name\":\"Gest\u00e3o Reconstru\u00e7\u00e3o e Luta vai at\u00e9 Ara\u00e7atuba ouvir servidores sobre o p\u00e9ssimo atendimento realizado pelo Plano De Sa\u00fade Amil - SITSESP\",\"isPartOf\":{\"@id\":\"https:\/\/www.sitsesp.org.br\/novo\/#website\"},\"primaryImageOfPage\":{\"@id\":\"https:\/\/www.sitsesp.org.br\/novo\/gestao-reconstrucao-e-luta-vai-ate-aracatuba-ouvir-servidores-sobre-o-pessimo-atendimento-realizado-pelo-plano-de-saude-amil\/#primaryimage\"},\"image\":{\"@id\":\"https:\/\/www.sitsesp.org.br\/novo\/gestao-reconstrucao-e-luta-vai-ate-aracatuba-ouvir-servidores-sobre-o-pessimo-atendimento-realizado-pelo-plano-de-saude-amil\/#primaryimage\"},\"thumbnailUrl\":\"https:\/\/www.sitsesp.org.br\/novo\/wp-content\/uploads\/2020\/10\/1590154436-1.jpg\",\"datePublished\":\"2020-05-22T13:03:12+00:00\",\"dateModified\":\"2020-05-22T13:03:12+00:00\",\"breadcrumb\":{\"@id\":\"https:\/\/www.sitsesp.org.br\/novo\/gestao-reconstrucao-e-luta-vai-ate-aracatuba-ouvir-servidores-sobre-o-pessimo-atendimento-realizado-pelo-plano-de-saude-amil\/#breadcrumb\"},\"inLanguage\":\"pt-BR\",\"potentialAction\":[{\"@type\":\"ReadAction\",\"target\":[\"https:\/\/www.sitsesp.org.br\/novo\/gestao-reconstrucao-e-luta-vai-ate-aracatuba-ouvir-servidores-sobre-o-pessimo-atendimento-realizado-pelo-plano-de-saude-amil\/\"]}]},{\"@type\":\"ImageObject\",\"inLanguage\":\"pt-BR\",\"@id\":\"https:\/\/www.sitsesp.org.br\/novo\/gestao-reconstrucao-e-luta-vai-ate-aracatuba-ouvir-servidores-sobre-o-pessimo-atendimento-realizado-pelo-plano-de-saude-amil\/#primaryimage\",\"url\":\"https:\/\/www.sitsesp.org.br\/novo\/wp-content\/uploads\/2020\/10\/1590154436-1.jpg\",\"contentUrl\":\"https:\/\/www.sitsesp.org.br\/novo\/wp-content\/uploads\/2020\/10\/1590154436-1.jpg\",\"width\":571,\"height\":429},{\"@type\":\"BreadcrumbList\",\"@id\":\"https:\/\/www.sitsesp.org.br\/novo\/gestao-reconstrucao-e-luta-vai-ate-aracatuba-ouvir-servidores-sobre-o-pessimo-atendimento-realizado-pelo-plano-de-saude-amil\/#breadcrumb\",\"itemListElement\":[{\"@type\":\"ListItem\",\"position\":1,\"name\":\"In\u00edcio\",\"item\":\"https:\/\/www.sitsesp.org.br\/novo\/\"},{\"@type\":\"ListItem\",\"position\":2,\"name\":\"Gest\u00e3o Reconstru\u00e7\u00e3o e Luta vai at\u00e9 Ara\u00e7atuba ouvir servidores sobre o p\u00e9ssimo atendimento realizado pelo Plano De Sa\u00fade Amil\"}]},{\"@type\":\"WebSite\",\"@id\":\"https:\/\/www.sitsesp.org.br\/novo\/#website\",\"url\":\"https:\/\/www.sitsesp.org.br\/novo\/\",\"name\":\"Sitsesp\",\"description\":\"SIndicato da Socioeduca\u00e7\u00e3o do Estado de S\u00e3o Paulo\",\"publisher\":{\"@id\":\"https:\/\/www.sitsesp.org.br\/novo\/#organization\"},\"potentialAction\":[{\"@type\":\"SearchAction\",\"target\":{\"@type\":\"EntryPoint\",\"urlTemplate\":\"https:\/\/www.sitsesp.org.br\/novo\/?s={search_term_string}\"},\"query-input\":\"required name=search_term_string\"}],\"inLanguage\":\"pt-BR\"},{\"@type\":\"Organization\",\"@id\":\"https:\/\/www.sitsesp.org.br\/novo\/#organization\",\"name\":\"Sitsesp\",\"url\":\"https:\/\/www.sitsesp.org.br\/novo\/\",\"logo\":{\"@type\":\"ImageObject\",\"inLanguage\":\"pt-BR\",\"@id\":\"https:\/\/www.sitsesp.org.br\/novo\/#\/schema\/logo\/image\/\",\"url\":\"https:\/\/www.sitsesp.org.br\/novo\/wp-content\/uploads\/2020\/09\/Design-sem-nome-1.jpg\",\"contentUrl\":\"https:\/\/www.sitsesp.org.br\/novo\/wp-content\/uploads\/2020\/09\/Design-sem-nome-1.jpg\",\"width\":300,\"height\":300,\"caption\":\"Sitsesp\"},\"image\":{\"@id\":\"https:\/\/www.sitsesp.org.br\/novo\/#\/schema\/logo\/image\/\"}},{\"@type\":\"Person\",\"@id\":\"https:\/\/www.sitsesp.org.br\/novo\/#\/schema\/person\/2a4c180eb185645b3bef8657c75e305a\",\"name\":\"mhais\",\"image\":{\"@type\":\"ImageObject\",\"inLanguage\":\"pt-BR\",\"@id\":\"https:\/\/www.sitsesp.org.br\/novo\/#\/schema\/person\/image\/\",\"url\":\"https:\/\/secure.gravatar.com\/avatar\/6f4eabe86990e81328cf702edfa92a60?s=96&d=mm&r=g\",\"contentUrl\":\"https:\/\/secure.gravatar.com\/avatar\/6f4eabe86990e81328cf702edfa92a60?s=96&d=mm&r=g\",\"caption\":\"mhais\"},\"sameAs\":[\"http:\/\/localhost\/sitsesp\"]}]}<\/script>\n<!-- \/ Yoast SEO plugin. -->","yoast_head_json":{"title":"Gest\u00e3o Reconstru\u00e7\u00e3o e Luta vai at\u00e9 Ara\u00e7atuba ouvir servidores sobre o p\u00e9ssimo atendimento realizado pelo Plano De Sa\u00fade Amil - SITSESP","robots":{"index":"index","follow":"follow","max-snippet":"max-snippet:-1","max-image-preview":"max-image-preview:large","max-video-preview":"max-video-preview:-1"},"canonical":"https:\/\/www.sitsesp.org.br\/novo\/gestao-reconstrucao-e-luta-vai-ate-aracatuba-ouvir-servidores-sobre-o-pessimo-atendimento-realizado-pelo-plano-de-saude-amil\/","og_locale":"pt_BR","og_type":"article","og_title":"Gest\u00e3o Reconstru\u00e7\u00e3o e Luta vai at\u00e9 Ara\u00e7atuba ouvir servidores sobre o p\u00e9ssimo atendimento realizado pelo Plano De Sa\u00fade Amil - SITSESP","og_description":"Nesta quinta feira, (21), a Gest&atilde;o Reconstru&ccedil;&atilde;o e Luta &#8211; SITSESP na presen&ccedil;a do nosso Diretor Sindical da DRO Claudio Alonso,&hellip;","og_url":"https:\/\/www.sitsesp.org.br\/novo\/gestao-reconstrucao-e-luta-vai-ate-aracatuba-ouvir-servidores-sobre-o-pessimo-atendimento-realizado-pelo-plano-de-saude-amil\/","og_site_name":"SITSESP","article_published_time":"2020-05-22T13:03:12+00:00","og_image":[{"width":571,"height":429,"url":"https:\/\/www.sitsesp.org.br\/novo\/wp-content\/uploads\/2020\/10\/1590154436-1.jpg","type":"image\/jpeg"}],"author":"mhais","twitter_card":"summary_large_image","twitter_misc":{"Escrito por":"mhais","Est. tempo de leitura":"4 minutos"},"schema":{"@context":"https:\/\/schema.org","@graph":[{"@type":"Article","@id":"https:\/\/www.sitsesp.org.br\/novo\/gestao-reconstrucao-e-luta-vai-ate-aracatuba-ouvir-servidores-sobre-o-pessimo-atendimento-realizado-pelo-plano-de-saude-amil\/#article","isPartOf":{"@id":"https:\/\/www.sitsesp.org.br\/novo\/gestao-reconstrucao-e-luta-vai-ate-aracatuba-ouvir-servidores-sobre-o-pessimo-atendimento-realizado-pelo-plano-de-saude-amil\/"},"author":{"name":"mhais","@id":"https:\/\/www.sitsesp.org.br\/novo\/#\/schema\/person\/2a4c180eb185645b3bef8657c75e305a"},"headline":"Gest\u00e3o Reconstru\u00e7\u00e3o e Luta vai at\u00e9 Ara\u00e7atuba ouvir servidores sobre o p\u00e9ssimo atendimento realizado pelo Plano De Sa\u00fade Amil","datePublished":"2020-05-22T13:03:12+00:00","dateModified":"2020-05-22T13:03:12+00:00","mainEntityOfPage":{"@id":"https:\/\/www.sitsesp.org.br\/novo\/gestao-reconstrucao-e-luta-vai-ate-aracatuba-ouvir-servidores-sobre-o-pessimo-atendimento-realizado-pelo-plano-de-saude-amil\/"},"wordCount":796,"commentCount":0,"publisher":{"@id":"https:\/\/www.sitsesp.org.br\/novo\/#organization"},"image":{"@id":"https:\/\/www.sitsesp.org.br\/novo\/gestao-reconstrucao-e-luta-vai-ate-aracatuba-ouvir-servidores-sobre-o-pessimo-atendimento-realizado-pelo-plano-de-saude-amil\/#primaryimage"},"thumbnailUrl":"https:\/\/www.sitsesp.org.br\/novo\/wp-content\/uploads\/2020\/10\/1590154436-1.jpg","articleSection":["Noticias"],"inLanguage":"pt-BR","potentialAction":[{"@type":"CommentAction","name":"Comment","target":["https:\/\/www.sitsesp.org.br\/novo\/gestao-reconstrucao-e-luta-vai-ate-aracatuba-ouvir-servidores-sobre-o-pessimo-atendimento-realizado-pelo-plano-de-saude-amil\/#respond"]}]},{"@type":"WebPage","@id":"https:\/\/www.sitsesp.org.br\/novo\/gestao-reconstrucao-e-luta-vai-ate-aracatuba-ouvir-servidores-sobre-o-pessimo-atendimento-realizado-pelo-plano-de-saude-amil\/","url":"https:\/\/www.sitsesp.org.br\/novo\/gestao-reconstrucao-e-luta-vai-ate-aracatuba-ouvir-servidores-sobre-o-pessimo-atendimento-realizado-pelo-plano-de-saude-amil\/","name":"Gest\u00e3o Reconstru\u00e7\u00e3o e Luta vai at\u00e9 Ara\u00e7atuba ouvir servidores sobre o p\u00e9ssimo atendimento realizado pelo Plano De Sa\u00fade Amil - SITSESP","isPartOf":{"@id":"https:\/\/www.sitsesp.org.br\/novo\/#website"},"primaryImageOfPage":{"@id":"https:\/\/www.sitsesp.org.br\/novo\/gestao-reconstrucao-e-luta-vai-ate-aracatuba-ouvir-servidores-sobre-o-pessimo-atendimento-realizado-pelo-plano-de-saude-amil\/#primaryimage"},"image":{"@id":"https:\/\/www.sitsesp.org.br\/novo\/gestao-reconstrucao-e-luta-vai-ate-aracatuba-ouvir-servidores-sobre-o-pessimo-atendimento-realizado-pelo-plano-de-saude-amil\/#primaryimage"},"thumbnailUrl":"https:\/\/www.sitsesp.org.br\/novo\/wp-content\/uploads\/2020\/10\/1590154436-1.jpg","datePublished":"2020-05-22T13:03:12+00:00","dateModified":"2020-05-22T13:03:12+00:00","breadcrumb":{"@id":"https:\/\/www.sitsesp.org.br\/novo\/gestao-reconstrucao-e-luta-vai-ate-aracatuba-ouvir-servidores-sobre-o-pessimo-atendimento-realizado-pelo-plano-de-saude-amil\/#breadcrumb"},"inLanguage":"pt-BR","potentialAction":[{"@type":"ReadAction","target":["https:\/\/www.sitsesp.org.br\/novo\/gestao-reconstrucao-e-luta-vai-ate-aracatuba-ouvir-servidores-sobre-o-pessimo-atendimento-realizado-pelo-plano-de-saude-amil\/"]}]},{"@type":"ImageObject","inLanguage":"pt-BR","@id":"https:\/\/www.sitsesp.org.br\/novo\/gestao-reconstrucao-e-luta-vai-ate-aracatuba-ouvir-servidores-sobre-o-pessimo-atendimento-realizado-pelo-plano-de-saude-amil\/#primaryimage","url":"https:\/\/www.sitsesp.org.br\/novo\/wp-content\/uploads\/2020\/10\/1590154436-1.jpg","contentUrl":"https:\/\/www.sitsesp.org.br\/novo\/wp-content\/uploads\/2020\/10\/1590154436-1.jpg","width":571,"height":429},{"@type":"BreadcrumbList","@id":"https:\/\/www.sitsesp.org.br\/novo\/gestao-reconstrucao-e-luta-vai-ate-aracatuba-ouvir-servidores-sobre-o-pessimo-atendimento-realizado-pelo-plano-de-saude-amil\/#breadcrumb","itemListElement":[{"@type":"ListItem","position":1,"name":"In\u00edcio","item":"https:\/\/www.sitsesp.org.br\/novo\/"},{"@type":"ListItem","position":2,"name":"Gest\u00e3o Reconstru\u00e7\u00e3o e Luta vai at\u00e9 Ara\u00e7atuba ouvir servidores sobre o p\u00e9ssimo atendimento realizado pelo Plano De Sa\u00fade Amil"}]},{"@type":"WebSite","@id":"https:\/\/www.sitsesp.org.br\/novo\/#website","url":"https:\/\/www.sitsesp.org.br\/novo\/","name":"Sitsesp","description":"SIndicato da Socioeduca\u00e7\u00e3o do Estado de S\u00e3o Paulo","publisher":{"@id":"https:\/\/www.sitsesp.org.br\/novo\/#organization"},"potentialAction":[{"@type":"SearchAction","target":{"@type":"EntryPoint","urlTemplate":"https:\/\/www.sitsesp.org.br\/novo\/?s={search_term_string}"},"query-input":"required name=search_term_string"}],"inLanguage":"pt-BR"},{"@type":"Organization","@id":"https:\/\/www.sitsesp.org.br\/novo\/#organization","name":"Sitsesp","url":"https:\/\/www.sitsesp.org.br\/novo\/","logo":{"@type":"ImageObject","inLanguage":"pt-BR","@id":"https:\/\/www.sitsesp.org.br\/novo\/#\/schema\/logo\/image\/","url":"https:\/\/www.sitsesp.org.br\/novo\/wp-content\/uploads\/2020\/09\/Design-sem-nome-1.jpg","contentUrl":"https:\/\/www.sitsesp.org.br\/novo\/wp-content\/uploads\/2020\/09\/Design-sem-nome-1.jpg","width":300,"height":300,"caption":"Sitsesp"},"image":{"@id":"https:\/\/www.sitsesp.org.br\/novo\/#\/schema\/logo\/image\/"}},{"@type":"Person","@id":"https:\/\/www.sitsesp.org.br\/novo\/#\/schema\/person\/2a4c180eb185645b3bef8657c75e305a","name":"mhais","image":{"@type":"ImageObject","inLanguage":"pt-BR","@id":"https:\/\/www.sitsesp.org.br\/novo\/#\/schema\/person\/image\/","url":"https:\/\/secure.gravatar.com\/avatar\/6f4eabe86990e81328cf702edfa92a60?s=96&d=mm&r=g","contentUrl":"https:\/\/secure.gravatar.com\/avatar\/6f4eabe86990e81328cf702edfa92a60?s=96&d=mm&r=g","caption":"mhais"},"sameAs":["http:\/\/localhost\/sitsesp"]}]}},"_links":{"self":[{"href":"https:\/\/www.sitsesp.org.br\/novo\/wp-json\/wp\/v2\/posts\/2422"}],"collection":[{"href":"https:\/\/www.sitsesp.org.br\/novo\/wp-json\/wp\/v2\/posts"}],"about":[{"href":"https:\/\/www.sitsesp.org.br\/novo\/wp-json\/wp\/v2\/types\/post"}],"author":[{"embeddable":true,"href":"https:\/\/www.sitsesp.org.br\/novo\/wp-json\/wp\/v2\/users\/1"}],"replies":[{"embeddable":true,"href":"https:\/\/www.sitsesp.org.br\/novo\/wp-json\/wp\/v2\/comments?post=2422"}],"version-history":[{"count":0,"href":"https:\/\/www.sitsesp.org.br\/novo\/wp-json\/wp\/v2\/posts\/2422\/revisions"}],"wp:featuredmedia":[{"embeddable":true,"href":"https:\/\/www.sitsesp.org.br\/novo\/wp-json\/wp\/v2\/media\/2423"}],"wp:attachment":[{"href":"https:\/\/www.sitsesp.org.br\/novo\/wp-json\/wp\/v2\/media?parent=2422"}],"wp:term":[{"taxonomy":"category","embeddable":true,"href":"https:\/\/www.sitsesp.org.br\/novo\/wp-json\/wp\/v2\/categories?post=2422"},{"taxonomy":"post_tag","embeddable":true,"href":"https:\/\/www.sitsesp.org.br\/novo\/wp-json\/wp\/v2\/tags?post=2422"}],"curies":[{"name":"wp","href":"https:\/\/api.w.org\/{rel}","templated":true}]}}