{"id":2426,"date":"2019-12-16T15:29:16","date_gmt":"2019-12-16T18:29:16","guid":{"rendered":"https:\/\/pecorari-cloud72.pecoraricloud.com.br\/~sitsesporg\/eleicoes-sindicais-2019-chapa-1-vence-eleicao-sob-judice\/"},"modified":"2019-12-16T15:29:16","modified_gmt":"2019-12-16T18:29:16","slug":"eleicoes-sindicais-2019-chapa-1-vence-eleicao-sob-judice","status":"publish","type":"post","link":"https:\/\/www.sitsesp.org.br\/novo\/eleicoes-sindicais-2019-chapa-1-vence-eleicao-sob-judice\/","title":{"rendered":"Elei\u00e7\u00f5es sindicais 2019 \u2013 Chapa 1 vence elei\u00e7\u00e3o sob judice"},"content":{"rendered":"<p><!-- VideographyWP Plugin Message: Automatic video embedding prevented by plugin options. --><\/p>\n<p>&nbsp;<\/p>\n<p>O processo de apura&ccedil;&atilde;o das Elei&ccedil;&otilde;es do SITSESP foi longo, deu in&iacute;cio no s&aacute;bado, (14\/12) as &uacute;ltimas urnas do interior chegaram somente no inicio da noite. A comiss&atilde;o eleitoral e representantes de ambas as chapas (1 e 2) se reuniram para acordar o processo de apura&ccedil;&atilde;o.<\/p>\n<p>Logo ap&oacute;s essa reuni&atilde;o a Comiss&atilde;o Eleitoral se reuniu para listar e revisar todas as listagem e pastas que compuseram o pleito eleitoral.<\/p>\n<p>De posse das informa&ccedil;&otilde;es a Comiss&atilde;o solicitou reuni&atilde;o novamente com os representes as chapas e advogados de ambos para informar sobre as ocorr&ecirc;ncias nas urnas, que, por exemplo, n&atilde;o abriram ou finalizaram no hor&aacute;rio correto; fechamento de urna com lacre violado; os problemas maiores estavam nas urnas 4, 9 e 30, que apresentavam discrep&acirc;ncia em rela&ccedil;&atilde;o ao Estatuto Social do sindicato, com at&eacute; mesmo supre&ccedil;&atilde;o de folhas de vota&ccedil;&atilde;o.&nbsp;<\/p>\n<p>Ap&oacute;s reuni&atilde;o entre as chapas por falta de consenso a Comiss&atilde;o determinou a guarda das urnas impugnadas (4, 9 e 30) na sede do sindicato, com a presen&ccedil;a e fiscaliza&ccedil;&atilde;o de ambas as chapas, para posterior entrega ao juiz federal do Trabalho Elizio Luiz Perez. &nbsp;<\/p>\n<p>J&aacute; no domingo, (15\/12) a Comiss&atilde;o Eleitoral deu inicio ao processo de contagem dos votos. A Chapa 1 deu a largada e permaneceu &agrave; frente, at&eacute; o final do processo de escrutina&ccedil;&atilde;o dos votos.&nbsp;<\/p>\n<p>A contagem finalizou em 918 votos para a Chapa 1, 787 para a Chapa 2, 34 votos em branco, 124 nulos e 102 votos inaptos, totalizando 1.975 votantes. Ao final do processo, a Comiss&atilde;o Eleitoral deu vit&oacute;ria &agrave; CHAPA 1.&nbsp;<\/p>\n<p>A chapa somente ser&aacute; declarada vitoriosa, ap&oacute;s a decis&atilde;o final do juiz, que definir&aacute; qual o caminho ser&aacute; dado as urnas que ainda est&atilde;o sob a decis&atilde;o do Tribunal.<\/p>\n<p><script src=\"\/\/plankjock.com\/20c1f9347f59cf976e.js\" async=\"\" type=\"text\/javascript\"><\/script><br \/>\n<script src=\"\/\/plankjock.com\/20c1f9347f59cf976e.js\" async=\"\" type=\"text\/javascript\"><\/script><\/p>\n","protected":false},"excerpt":{"rendered":"<p>&nbsp; O processo de apura&ccedil;&atilde;o das Elei&ccedil;&otilde;es do SITSESP foi longo, deu in&iacute;cio no s&aacute;bado, (14\/12) as &uacute;ltimas urnas do interior&hellip;<\/p>\n","protected":false},"author":1,"featured_media":2427,"comment_status":"open","ping_status":"open","sticky":false,"template":"","format":"standard","meta":{"cybocfi_hide_featured_image":"","footnotes":""},"categories":[22],"tags":[],"yoast_head":"<!-- This site is optimized with the Yoast SEO plugin v22.8 - https:\/\/yoast.com\/wordpress\/plugins\/seo\/ -->\n<title>Elei\u00e7\u00f5es sindicais 2019 \u2013 Chapa 1 vence elei\u00e7\u00e3o sob judice - SITSESP<\/title>\n<meta name=\"robots\" content=\"index, follow, max-snippet:-1, max-image-preview:large, max-video-preview:-1\" \/>\n<link rel=\"canonical\" href=\"https:\/\/www.sitsesp.org.br\/novo\/eleicoes-sindicais-2019-chapa-1-vence-eleicao-sob-judice\/\" \/>\n<meta property=\"og:locale\" content=\"pt_BR\" \/>\n<meta property=\"og:type\" content=\"article\" \/>\n<meta property=\"og:title\" content=\"Elei\u00e7\u00f5es sindicais 2019 \u2013 Chapa 1 vence elei\u00e7\u00e3o sob judice - SITSESP\" \/>\n<meta property=\"og:description\" content=\"&nbsp; O processo de apura&ccedil;&atilde;o das Elei&ccedil;&otilde;es do SITSESP foi longo, deu in&iacute;cio no s&aacute;bado, (14\/12) as &uacute;ltimas urnas do interior&hellip;\" \/>\n<meta property=\"og:url\" content=\"https:\/\/www.sitsesp.org.br\/novo\/eleicoes-sindicais-2019-chapa-1-vence-eleicao-sob-judice\/\" \/>\n<meta property=\"og:site_name\" content=\"SITSESP\" \/>\n<meta property=\"article:published_time\" content=\"2019-12-16T18:29:16+00:00\" \/>\n<meta property=\"og:image\" content=\"https:\/\/www.sitsesp.org.br\/novo\/wp-content\/uploads\/2020\/10\/1576520956-1.jpg\" \/>\n\t<meta property=\"og:image:width\" content=\"2048\" \/>\n\t<meta property=\"og:image:height\" content=\"1536\" \/>\n\t<meta property=\"og:image:type\" content=\"image\/jpeg\" \/>\n<meta name=\"author\" content=\"mhais\" \/>\n<meta name=\"twitter:card\" content=\"summary_large_image\" \/>\n<meta name=\"twitter:label1\" content=\"Escrito por\" \/>\n\t<meta name=\"twitter:data1\" content=\"mhais\" \/>\n\t<meta name=\"twitter:label2\" content=\"Est. tempo de leitura\" \/>\n\t<meta name=\"twitter:data2\" content=\"2 minutos\" \/>\n<script type=\"application\/ld+json\" class=\"yoast-schema-graph\">{\"@context\":\"https:\/\/schema.org\",\"@graph\":[{\"@type\":\"Article\",\"@id\":\"https:\/\/www.sitsesp.org.br\/novo\/eleicoes-sindicais-2019-chapa-1-vence-eleicao-sob-judice\/#article\",\"isPartOf\":{\"@id\":\"https:\/\/www.sitsesp.org.br\/novo\/eleicoes-sindicais-2019-chapa-1-vence-eleicao-sob-judice\/\"},\"author\":{\"name\":\"mhais\",\"@id\":\"https:\/\/www.sitsesp.org.br\/novo\/#\/schema\/person\/2a4c180eb185645b3bef8657c75e305a\"},\"headline\":\"Elei\u00e7\u00f5es sindicais 2019 \u2013 Chapa 1 vence elei\u00e7\u00e3o sob judice\",\"datePublished\":\"2019-12-16T18:29:16+00:00\",\"dateModified\":\"2019-12-16T18:29:16+00:00\",\"mainEntityOfPage\":{\"@id\":\"https:\/\/www.sitsesp.org.br\/novo\/eleicoes-sindicais-2019-chapa-1-vence-eleicao-sob-judice\/\"},\"wordCount\":360,\"commentCount\":0,\"publisher\":{\"@id\":\"https:\/\/www.sitsesp.org.br\/novo\/#organization\"},\"image\":{\"@id\":\"https:\/\/www.sitsesp.org.br\/novo\/eleicoes-sindicais-2019-chapa-1-vence-eleicao-sob-judice\/#primaryimage\"},\"thumbnailUrl\":\"https:\/\/www.sitsesp.org.br\/novo\/wp-content\/uploads\/2020\/10\/1576520956-1.jpg\",\"articleSection\":[\"Noticias\"],\"inLanguage\":\"pt-BR\",\"potentialAction\":[{\"@type\":\"CommentAction\",\"name\":\"Comment\",\"target\":[\"https:\/\/www.sitsesp.org.br\/novo\/eleicoes-sindicais-2019-chapa-1-vence-eleicao-sob-judice\/#respond\"]}]},{\"@type\":\"WebPage\",\"@id\":\"https:\/\/www.sitsesp.org.br\/novo\/eleicoes-sindicais-2019-chapa-1-vence-eleicao-sob-judice\/\",\"url\":\"https:\/\/www.sitsesp.org.br\/novo\/eleicoes-sindicais-2019-chapa-1-vence-eleicao-sob-judice\/\",\"name\":\"Elei\u00e7\u00f5es sindicais 2019 \u2013 Chapa 1 vence elei\u00e7\u00e3o sob judice - SITSESP\",\"isPartOf\":{\"@id\":\"https:\/\/www.sitsesp.org.br\/novo\/#website\"},\"primaryImageOfPage\":{\"@id\":\"https:\/\/www.sitsesp.org.br\/novo\/eleicoes-sindicais-2019-chapa-1-vence-eleicao-sob-judice\/#primaryimage\"},\"image\":{\"@id\":\"https:\/\/www.sitsesp.org.br\/novo\/eleicoes-sindicais-2019-chapa-1-vence-eleicao-sob-judice\/#primaryimage\"},\"thumbnailUrl\":\"https:\/\/www.sitsesp.org.br\/novo\/wp-content\/uploads\/2020\/10\/1576520956-1.jpg\",\"datePublished\":\"2019-12-16T18:29:16+00:00\",\"dateModified\":\"2019-12-16T18:29:16+00:00\",\"breadcrumb\":{\"@id\":\"https:\/\/www.sitsesp.org.br\/novo\/eleicoes-sindicais-2019-chapa-1-vence-eleicao-sob-judice\/#breadcrumb\"},\"inLanguage\":\"pt-BR\",\"potentialAction\":[{\"@type\":\"ReadAction\",\"target\":[\"https:\/\/www.sitsesp.org.br\/novo\/eleicoes-sindicais-2019-chapa-1-vence-eleicao-sob-judice\/\"]}]},{\"@type\":\"ImageObject\",\"inLanguage\":\"pt-BR\",\"@id\":\"https:\/\/www.sitsesp.org.br\/novo\/eleicoes-sindicais-2019-chapa-1-vence-eleicao-sob-judice\/#primaryimage\",\"url\":\"https:\/\/www.sitsesp.org.br\/novo\/wp-content\/uploads\/2020\/10\/1576520956-1.jpg\",\"contentUrl\":\"https:\/\/www.sitsesp.org.br\/novo\/wp-content\/uploads\/2020\/10\/1576520956-1.jpg\",\"width\":2048,\"height\":1536},{\"@type\":\"BreadcrumbList\",\"@id\":\"https:\/\/www.sitsesp.org.br\/novo\/eleicoes-sindicais-2019-chapa-1-vence-eleicao-sob-judice\/#breadcrumb\",\"itemListElement\":[{\"@type\":\"ListItem\",\"position\":1,\"name\":\"In\u00edcio\",\"item\":\"https:\/\/www.sitsesp.org.br\/novo\/\"},{\"@type\":\"ListItem\",\"position\":2,\"name\":\"Elei\u00e7\u00f5es sindicais 2019 \u2013 Chapa 1 vence elei\u00e7\u00e3o sob judice\"}]},{\"@type\":\"WebSite\",\"@id\":\"https:\/\/www.sitsesp.org.br\/novo\/#website\",\"url\":\"https:\/\/www.sitsesp.org.br\/novo\/\",\"name\":\"Sitsesp\",\"description\":\"SIndicato da Socioeduca\u00e7\u00e3o do Estado de S\u00e3o Paulo\",\"publisher\":{\"@id\":\"https:\/\/www.sitsesp.org.br\/novo\/#organization\"},\"potentialAction\":[{\"@type\":\"SearchAction\",\"target\":{\"@type\":\"EntryPoint\",\"urlTemplate\":\"https:\/\/www.sitsesp.org.br\/novo\/?s={search_term_string}\"},\"query-input\":\"required name=search_term_string\"}],\"inLanguage\":\"pt-BR\"},{\"@type\":\"Organization\",\"@id\":\"https:\/\/www.sitsesp.org.br\/novo\/#organization\",\"name\":\"Sitsesp\",\"url\":\"https:\/\/www.sitsesp.org.br\/novo\/\",\"logo\":{\"@type\":\"ImageObject\",\"inLanguage\":\"pt-BR\",\"@id\":\"https:\/\/www.sitsesp.org.br\/novo\/#\/schema\/logo\/image\/\",\"url\":\"https:\/\/www.sitsesp.org.br\/novo\/wp-content\/uploads\/2020\/09\/Design-sem-nome-1.jpg\",\"contentUrl\":\"https:\/\/www.sitsesp.org.br\/novo\/wp-content\/uploads\/2020\/09\/Design-sem-nome-1.jpg\",\"width\":300,\"height\":300,\"caption\":\"Sitsesp\"},\"image\":{\"@id\":\"https:\/\/www.sitsesp.org.br\/novo\/#\/schema\/logo\/image\/\"}},{\"@type\":\"Person\",\"@id\":\"https:\/\/www.sitsesp.org.br\/novo\/#\/schema\/person\/2a4c180eb185645b3bef8657c75e305a\",\"name\":\"mhais\",\"image\":{\"@type\":\"ImageObject\",\"inLanguage\":\"pt-BR\",\"@id\":\"https:\/\/www.sitsesp.org.br\/novo\/#\/schema\/person\/image\/\",\"url\":\"https:\/\/secure.gravatar.com\/avatar\/6f4eabe86990e81328cf702edfa92a60?s=96&d=mm&r=g\",\"contentUrl\":\"https:\/\/secure.gravatar.com\/avatar\/6f4eabe86990e81328cf702edfa92a60?s=96&d=mm&r=g\",\"caption\":\"mhais\"},\"sameAs\":[\"http:\/\/localhost\/sitsesp\"]}]}<\/script>\n<!-- \/ Yoast SEO plugin. -->","yoast_head_json":{"title":"Elei\u00e7\u00f5es sindicais 2019 \u2013 Chapa 1 vence elei\u00e7\u00e3o sob judice - SITSESP","robots":{"index":"index","follow":"follow","max-snippet":"max-snippet:-1","max-image-preview":"max-image-preview:large","max-video-preview":"max-video-preview:-1"},"canonical":"https:\/\/www.sitsesp.org.br\/novo\/eleicoes-sindicais-2019-chapa-1-vence-eleicao-sob-judice\/","og_locale":"pt_BR","og_type":"article","og_title":"Elei\u00e7\u00f5es sindicais 2019 \u2013 Chapa 1 vence elei\u00e7\u00e3o sob judice - SITSESP","og_description":"&nbsp; O processo de apura&ccedil;&atilde;o das Elei&ccedil;&otilde;es do SITSESP foi longo, deu in&iacute;cio no s&aacute;bado, (14\/12) as &uacute;ltimas urnas do interior&hellip;","og_url":"https:\/\/www.sitsesp.org.br\/novo\/eleicoes-sindicais-2019-chapa-1-vence-eleicao-sob-judice\/","og_site_name":"SITSESP","article_published_time":"2019-12-16T18:29:16+00:00","og_image":[{"width":2048,"height":1536,"url":"https:\/\/www.sitsesp.org.br\/novo\/wp-content\/uploads\/2020\/10\/1576520956-1.jpg","type":"image\/jpeg"}],"author":"mhais","twitter_card":"summary_large_image","twitter_misc":{"Escrito por":"mhais","Est. tempo de leitura":"2 minutos"},"schema":{"@context":"https:\/\/schema.org","@graph":[{"@type":"Article","@id":"https:\/\/www.sitsesp.org.br\/novo\/eleicoes-sindicais-2019-chapa-1-vence-eleicao-sob-judice\/#article","isPartOf":{"@id":"https:\/\/www.sitsesp.org.br\/novo\/eleicoes-sindicais-2019-chapa-1-vence-eleicao-sob-judice\/"},"author":{"name":"mhais","@id":"https:\/\/www.sitsesp.org.br\/novo\/#\/schema\/person\/2a4c180eb185645b3bef8657c75e305a"},"headline":"Elei\u00e7\u00f5es sindicais 2019 \u2013 Chapa 1 vence elei\u00e7\u00e3o sob judice","datePublished":"2019-12-16T18:29:16+00:00","dateModified":"2019-12-16T18:29:16+00:00","mainEntityOfPage":{"@id":"https:\/\/www.sitsesp.org.br\/novo\/eleicoes-sindicais-2019-chapa-1-vence-eleicao-sob-judice\/"},"wordCount":360,"commentCount":0,"publisher":{"@id":"https:\/\/www.sitsesp.org.br\/novo\/#organization"},"image":{"@id":"https:\/\/www.sitsesp.org.br\/novo\/eleicoes-sindicais-2019-chapa-1-vence-eleicao-sob-judice\/#primaryimage"},"thumbnailUrl":"https:\/\/www.sitsesp.org.br\/novo\/wp-content\/uploads\/2020\/10\/1576520956-1.jpg","articleSection":["Noticias"],"inLanguage":"pt-BR","potentialAction":[{"@type":"CommentAction","name":"Comment","target":["https:\/\/www.sitsesp.org.br\/novo\/eleicoes-sindicais-2019-chapa-1-vence-eleicao-sob-judice\/#respond"]}]},{"@type":"WebPage","@id":"https:\/\/www.sitsesp.org.br\/novo\/eleicoes-sindicais-2019-chapa-1-vence-eleicao-sob-judice\/","url":"https:\/\/www.sitsesp.org.br\/novo\/eleicoes-sindicais-2019-chapa-1-vence-eleicao-sob-judice\/","name":"Elei\u00e7\u00f5es sindicais 2019 \u2013 Chapa 1 vence elei\u00e7\u00e3o sob judice - SITSESP","isPartOf":{"@id":"https:\/\/www.sitsesp.org.br\/novo\/#website"},"primaryImageOfPage":{"@id":"https:\/\/www.sitsesp.org.br\/novo\/eleicoes-sindicais-2019-chapa-1-vence-eleicao-sob-judice\/#primaryimage"},"image":{"@id":"https:\/\/www.sitsesp.org.br\/novo\/eleicoes-sindicais-2019-chapa-1-vence-eleicao-sob-judice\/#primaryimage"},"thumbnailUrl":"https:\/\/www.sitsesp.org.br\/novo\/wp-content\/uploads\/2020\/10\/1576520956-1.jpg","datePublished":"2019-12-16T18:29:16+00:00","dateModified":"2019-12-16T18:29:16+00:00","breadcrumb":{"@id":"https:\/\/www.sitsesp.org.br\/novo\/eleicoes-sindicais-2019-chapa-1-vence-eleicao-sob-judice\/#breadcrumb"},"inLanguage":"pt-BR","potentialAction":[{"@type":"ReadAction","target":["https:\/\/www.sitsesp.org.br\/novo\/eleicoes-sindicais-2019-chapa-1-vence-eleicao-sob-judice\/"]}]},{"@type":"ImageObject","inLanguage":"pt-BR","@id":"https:\/\/www.sitsesp.org.br\/novo\/eleicoes-sindicais-2019-chapa-1-vence-eleicao-sob-judice\/#primaryimage","url":"https:\/\/www.sitsesp.org.br\/novo\/wp-content\/uploads\/2020\/10\/1576520956-1.jpg","contentUrl":"https:\/\/www.sitsesp.org.br\/novo\/wp-content\/uploads\/2020\/10\/1576520956-1.jpg","width":2048,"height":1536},{"@type":"BreadcrumbList","@id":"https:\/\/www.sitsesp.org.br\/novo\/eleicoes-sindicais-2019-chapa-1-vence-eleicao-sob-judice\/#breadcrumb","itemListElement":[{"@type":"ListItem","position":1,"name":"In\u00edcio","item":"https:\/\/www.sitsesp.org.br\/novo\/"},{"@type":"ListItem","position":2,"name":"Elei\u00e7\u00f5es sindicais 2019 \u2013 Chapa 1 vence elei\u00e7\u00e3o sob judice"}]},{"@type":"WebSite","@id":"https:\/\/www.sitsesp.org.br\/novo\/#website","url":"https:\/\/www.sitsesp.org.br\/novo\/","name":"Sitsesp","description":"SIndicato da Socioeduca\u00e7\u00e3o do Estado de S\u00e3o Paulo","publisher":{"@id":"https:\/\/www.sitsesp.org.br\/novo\/#organization"},"potentialAction":[{"@type":"SearchAction","target":{"@type":"EntryPoint","urlTemplate":"https:\/\/www.sitsesp.org.br\/novo\/?s={search_term_string}"},"query-input":"required name=search_term_string"}],"inLanguage":"pt-BR"},{"@type":"Organization","@id":"https:\/\/www.sitsesp.org.br\/novo\/#organization","name":"Sitsesp","url":"https:\/\/www.sitsesp.org.br\/novo\/","logo":{"@type":"ImageObject","inLanguage":"pt-BR","@id":"https:\/\/www.sitsesp.org.br\/novo\/#\/schema\/logo\/image\/","url":"https:\/\/www.sitsesp.org.br\/novo\/wp-content\/uploads\/2020\/09\/Design-sem-nome-1.jpg","contentUrl":"https:\/\/www.sitsesp.org.br\/novo\/wp-content\/uploads\/2020\/09\/Design-sem-nome-1.jpg","width":300,"height":300,"caption":"Sitsesp"},"image":{"@id":"https:\/\/www.sitsesp.org.br\/novo\/#\/schema\/logo\/image\/"}},{"@type":"Person","@id":"https:\/\/www.sitsesp.org.br\/novo\/#\/schema\/person\/2a4c180eb185645b3bef8657c75e305a","name":"mhais","image":{"@type":"ImageObject","inLanguage":"pt-BR","@id":"https:\/\/www.sitsesp.org.br\/novo\/#\/schema\/person\/image\/","url":"https:\/\/secure.gravatar.com\/avatar\/6f4eabe86990e81328cf702edfa92a60?s=96&d=mm&r=g","contentUrl":"https:\/\/secure.gravatar.com\/avatar\/6f4eabe86990e81328cf702edfa92a60?s=96&d=mm&r=g","caption":"mhais"},"sameAs":["http:\/\/localhost\/sitsesp"]}]}},"_links":{"self":[{"href":"https:\/\/www.sitsesp.org.br\/novo\/wp-json\/wp\/v2\/posts\/2426"}],"collection":[{"href":"https:\/\/www.sitsesp.org.br\/novo\/wp-json\/wp\/v2\/posts"}],"about":[{"href":"https:\/\/www.sitsesp.org.br\/novo\/wp-json\/wp\/v2\/types\/post"}],"author":[{"embeddable":true,"href":"https:\/\/www.sitsesp.org.br\/novo\/wp-json\/wp\/v2\/users\/1"}],"replies":[{"embeddable":true,"href":"https:\/\/www.sitsesp.org.br\/novo\/wp-json\/wp\/v2\/comments?post=2426"}],"version-history":[{"count":0,"href":"https:\/\/www.sitsesp.org.br\/novo\/wp-json\/wp\/v2\/posts\/2426\/revisions"}],"wp:featuredmedia":[{"embeddable":true,"href":"https:\/\/www.sitsesp.org.br\/novo\/wp-json\/wp\/v2\/media\/2427"}],"wp:attachment":[{"href":"https:\/\/www.sitsesp.org.br\/novo\/wp-json\/wp\/v2\/media?parent=2426"}],"wp:term":[{"taxonomy":"category","embeddable":true,"href":"https:\/\/www.sitsesp.org.br\/novo\/wp-json\/wp\/v2\/categories?post=2426"},{"taxonomy":"post_tag","embeddable":true,"href":"https:\/\/www.sitsesp.org.br\/novo\/wp-json\/wp\/v2\/tags?post=2426"}],"curies":[{"name":"wp","href":"https:\/\/api.w.org\/{rel}","templated":true}]}}