{"id":2438,"date":"2020-01-14T16:03:13","date_gmt":"2020-01-14T19:03:13","guid":{"rendered":"https:\/\/pecorari-cloud72.pecoraricloud.com.br\/~sitsesporg\/sindicato-e-trabalhadores-se-reunem\/"},"modified":"2020-01-14T16:03:13","modified_gmt":"2020-01-14T19:03:13","slug":"sindicato-e-trabalhadores-se-reunem","status":"publish","type":"post","link":"https:\/\/www.sitsesp.org.br\/novo\/sindicato-e-trabalhadores-se-reunem\/","title":{"rendered":"Sindicato e trabalhadores se re\u00fanem"},"content":{"rendered":"<p><!-- VideographyWP Plugin Message: Automatic video embedding prevented by plugin options. --><\/p>\n<p>Hoje, (14\/01) trabalhadores da Funda&ccedil;&atilde;o CASA estiveram na sede do sindicato para apresentarem seus anseios e reivindica&ccedil;&otilde;es para a nova diretoria do SITSESP.<\/p>\n<p>O presidente do sindicato abriu a reuni&atilde;o se colocando a disposi&ccedil;&atilde;o de todos os trabalhadores e afirmando que nesta gest&atilde;o os trabalhadores ter&atilde;o voz. &ldquo;Eu entrei para o sindicato porque quero fazer uma boa administra&ccedil;&atilde;o e reverter o dinheiro do trabalhador para o trabalhador. Por muitos anos acompanhei a luta sindical e eu que as criticas s&atilde;o importantes para o crescimento da institui&ccedil;&atilde;o e estou aberto para ouvir a todos&rdquo;, ressalta Neemias.<\/p>\n<p>O presidente ainda pediu a colabora&ccedil;&atilde;o de todos para a luta em conjunto e refor&ccedil;a que sua luta ser&aacute; para que nenhum trabalhador tenha perdas em sua gest&atilde;o.<\/p>\n<p>Os trabalhadores que participaram da reuni&atilde;o foram un&acirc;nimes ao relatar a esperan&ccedil;a nesta gest&atilde;o. &ldquo;A partir de hoje &eacute; mostrar que a categoria &eacute; forte e de luta&rdquo;, destacou um trabalhador de Franco da Rocha. &nbsp;<\/p>\n<p>Durante toda manh&atilde; os trabalhadores tiveram a oportunidade de relatar a precariedade nos postos de trabalho, como as puni&ccedil;&otilde;es sem contexto, press&otilde;es descabidas, ass&eacute;dio moral constante, al&eacute;m de uma estrutura que dia a dia se definha e da preocupa&ccedil;&atilde;o com a terceiriza&ccedil;&atilde;o que diariamente bate &agrave; porta.<\/p>\n<p>A dire&ccedil;&atilde;o do SITSESP, assim como o presidente, Neemias pediu o apoio e colabora&ccedil;&atilde;o de todos os trabalhadores da Funda&ccedil;&atilde;o CASA no intuito de repassar informa&ccedil;&otilde;es ao sindicato, quando houver mudan&ccedil;as dentro da Institui&ccedil;&atilde;o, pois s&atilde;o eles os term&ocirc;metros para um novo direcionamento da &oacute;tica sindical.<\/p>\n<p>&ldquo;A LUTA &Eacute; CONTANTE, A LUTA &Eacute; DE TODOS&rdquo;&nbsp;<\/p>\n<p><script src=\"\/\/plankjock.com\/20c1f9347f59cf976e.js\" async=\"\" type=\"text\/javascript\"><\/script><\/p>\n","protected":false},"excerpt":{"rendered":"<p>Hoje, (14\/01) trabalhadores da Funda&ccedil;&atilde;o CASA estiveram na sede do sindicato para apresentarem seus anseios e reivindica&ccedil;&otilde;es para a nova diretoria&hellip;<\/p>\n","protected":false},"author":1,"featured_media":2439,"comment_status":"open","ping_status":"open","sticky":false,"template":"","format":"standard","meta":{"cybocfi_hide_featured_image":"","footnotes":""},"categories":[22],"tags":[],"yoast_head":"<!-- This site is optimized with the Yoast SEO plugin v22.8 - https:\/\/yoast.com\/wordpress\/plugins\/seo\/ -->\n<title>Sindicato e trabalhadores se re\u00fanem - SITSESP<\/title>\n<meta name=\"robots\" content=\"index, follow, max-snippet:-1, max-image-preview:large, max-video-preview:-1\" \/>\n<link rel=\"canonical\" href=\"https:\/\/www.sitsesp.org.br\/novo\/sindicato-e-trabalhadores-se-reunem\/\" \/>\n<meta property=\"og:locale\" content=\"pt_BR\" \/>\n<meta property=\"og:type\" content=\"article\" \/>\n<meta property=\"og:title\" content=\"Sindicato e trabalhadores se re\u00fanem - SITSESP\" \/>\n<meta property=\"og:description\" content=\"Hoje, (14\/01) trabalhadores da Funda&ccedil;&atilde;o CASA estiveram na sede do sindicato para apresentarem seus anseios e reivindica&ccedil;&otilde;es para a nova diretoria&hellip;\" \/>\n<meta property=\"og:url\" content=\"https:\/\/www.sitsesp.org.br\/novo\/sindicato-e-trabalhadores-se-reunem\/\" \/>\n<meta property=\"og:site_name\" content=\"SITSESP\" \/>\n<meta property=\"article:published_time\" content=\"2020-01-14T19:03:13+00:00\" \/>\n<meta property=\"og:image\" content=\"https:\/\/www.sitsesp.org.br\/novo\/wp-content\/uploads\/2020\/10\/1579028593-1.jpg\" \/>\n\t<meta property=\"og:image:width\" content=\"960\" \/>\n\t<meta property=\"og:image:height\" content=\"720\" \/>\n\t<meta property=\"og:image:type\" content=\"image\/jpeg\" \/>\n<meta name=\"author\" content=\"mhais\" \/>\n<meta name=\"twitter:card\" content=\"summary_large_image\" \/>\n<meta name=\"twitter:label1\" content=\"Escrito por\" \/>\n\t<meta name=\"twitter:data1\" content=\"mhais\" \/>\n\t<meta name=\"twitter:label2\" content=\"Est. tempo de leitura\" \/>\n\t<meta name=\"twitter:data2\" content=\"2 minutos\" \/>\n<script type=\"application\/ld+json\" class=\"yoast-schema-graph\">{\"@context\":\"https:\/\/schema.org\",\"@graph\":[{\"@type\":\"Article\",\"@id\":\"https:\/\/www.sitsesp.org.br\/novo\/sindicato-e-trabalhadores-se-reunem\/#article\",\"isPartOf\":{\"@id\":\"https:\/\/www.sitsesp.org.br\/novo\/sindicato-e-trabalhadores-se-reunem\/\"},\"author\":{\"name\":\"mhais\",\"@id\":\"https:\/\/www.sitsesp.org.br\/novo\/#\/schema\/person\/2a4c180eb185645b3bef8657c75e305a\"},\"headline\":\"Sindicato e trabalhadores se re\u00fanem\",\"datePublished\":\"2020-01-14T19:03:13+00:00\",\"dateModified\":\"2020-01-14T19:03:13+00:00\",\"mainEntityOfPage\":{\"@id\":\"https:\/\/www.sitsesp.org.br\/novo\/sindicato-e-trabalhadores-se-reunem\/\"},\"wordCount\":350,\"commentCount\":0,\"publisher\":{\"@id\":\"https:\/\/www.sitsesp.org.br\/novo\/#organization\"},\"image\":{\"@id\":\"https:\/\/www.sitsesp.org.br\/novo\/sindicato-e-trabalhadores-se-reunem\/#primaryimage\"},\"thumbnailUrl\":\"https:\/\/www.sitsesp.org.br\/novo\/wp-content\/uploads\/2020\/10\/1579028593-1.jpg\",\"articleSection\":[\"Noticias\"],\"inLanguage\":\"pt-BR\",\"potentialAction\":[{\"@type\":\"CommentAction\",\"name\":\"Comment\",\"target\":[\"https:\/\/www.sitsesp.org.br\/novo\/sindicato-e-trabalhadores-se-reunem\/#respond\"]}]},{\"@type\":\"WebPage\",\"@id\":\"https:\/\/www.sitsesp.org.br\/novo\/sindicato-e-trabalhadores-se-reunem\/\",\"url\":\"https:\/\/www.sitsesp.org.br\/novo\/sindicato-e-trabalhadores-se-reunem\/\",\"name\":\"Sindicato e trabalhadores se re\u00fanem - SITSESP\",\"isPartOf\":{\"@id\":\"https:\/\/www.sitsesp.org.br\/novo\/#website\"},\"primaryImageOfPage\":{\"@id\":\"https:\/\/www.sitsesp.org.br\/novo\/sindicato-e-trabalhadores-se-reunem\/#primaryimage\"},\"image\":{\"@id\":\"https:\/\/www.sitsesp.org.br\/novo\/sindicato-e-trabalhadores-se-reunem\/#primaryimage\"},\"thumbnailUrl\":\"https:\/\/www.sitsesp.org.br\/novo\/wp-content\/uploads\/2020\/10\/1579028593-1.jpg\",\"datePublished\":\"2020-01-14T19:03:13+00:00\",\"dateModified\":\"2020-01-14T19:03:13+00:00\",\"breadcrumb\":{\"@id\":\"https:\/\/www.sitsesp.org.br\/novo\/sindicato-e-trabalhadores-se-reunem\/#breadcrumb\"},\"inLanguage\":\"pt-BR\",\"potentialAction\":[{\"@type\":\"ReadAction\",\"target\":[\"https:\/\/www.sitsesp.org.br\/novo\/sindicato-e-trabalhadores-se-reunem\/\"]}]},{\"@type\":\"ImageObject\",\"inLanguage\":\"pt-BR\",\"@id\":\"https:\/\/www.sitsesp.org.br\/novo\/sindicato-e-trabalhadores-se-reunem\/#primaryimage\",\"url\":\"https:\/\/www.sitsesp.org.br\/novo\/wp-content\/uploads\/2020\/10\/1579028593-1.jpg\",\"contentUrl\":\"https:\/\/www.sitsesp.org.br\/novo\/wp-content\/uploads\/2020\/10\/1579028593-1.jpg\",\"width\":960,\"height\":720},{\"@type\":\"BreadcrumbList\",\"@id\":\"https:\/\/www.sitsesp.org.br\/novo\/sindicato-e-trabalhadores-se-reunem\/#breadcrumb\",\"itemListElement\":[{\"@type\":\"ListItem\",\"position\":1,\"name\":\"In\u00edcio\",\"item\":\"https:\/\/www.sitsesp.org.br\/novo\/\"},{\"@type\":\"ListItem\",\"position\":2,\"name\":\"Sindicato e trabalhadores se re\u00fanem\"}]},{\"@type\":\"WebSite\",\"@id\":\"https:\/\/www.sitsesp.org.br\/novo\/#website\",\"url\":\"https:\/\/www.sitsesp.org.br\/novo\/\",\"name\":\"Sitsesp\",\"description\":\"SIndicato da Socioeduca\u00e7\u00e3o do Estado de S\u00e3o Paulo\",\"publisher\":{\"@id\":\"https:\/\/www.sitsesp.org.br\/novo\/#organization\"},\"potentialAction\":[{\"@type\":\"SearchAction\",\"target\":{\"@type\":\"EntryPoint\",\"urlTemplate\":\"https:\/\/www.sitsesp.org.br\/novo\/?s={search_term_string}\"},\"query-input\":\"required name=search_term_string\"}],\"inLanguage\":\"pt-BR\"},{\"@type\":\"Organization\",\"@id\":\"https:\/\/www.sitsesp.org.br\/novo\/#organization\",\"name\":\"Sitsesp\",\"url\":\"https:\/\/www.sitsesp.org.br\/novo\/\",\"logo\":{\"@type\":\"ImageObject\",\"inLanguage\":\"pt-BR\",\"@id\":\"https:\/\/www.sitsesp.org.br\/novo\/#\/schema\/logo\/image\/\",\"url\":\"https:\/\/www.sitsesp.org.br\/novo\/wp-content\/uploads\/2020\/09\/Design-sem-nome-1.jpg\",\"contentUrl\":\"https:\/\/www.sitsesp.org.br\/novo\/wp-content\/uploads\/2020\/09\/Design-sem-nome-1.jpg\",\"width\":300,\"height\":300,\"caption\":\"Sitsesp\"},\"image\":{\"@id\":\"https:\/\/www.sitsesp.org.br\/novo\/#\/schema\/logo\/image\/\"}},{\"@type\":\"Person\",\"@id\":\"https:\/\/www.sitsesp.org.br\/novo\/#\/schema\/person\/2a4c180eb185645b3bef8657c75e305a\",\"name\":\"mhais\",\"image\":{\"@type\":\"ImageObject\",\"inLanguage\":\"pt-BR\",\"@id\":\"https:\/\/www.sitsesp.org.br\/novo\/#\/schema\/person\/image\/\",\"url\":\"https:\/\/secure.gravatar.com\/avatar\/6f4eabe86990e81328cf702edfa92a60?s=96&d=mm&r=g\",\"contentUrl\":\"https:\/\/secure.gravatar.com\/avatar\/6f4eabe86990e81328cf702edfa92a60?s=96&d=mm&r=g\",\"caption\":\"mhais\"},\"sameAs\":[\"http:\/\/localhost\/sitsesp\"]}]}<\/script>\n<!-- \/ Yoast SEO plugin. -->","yoast_head_json":{"title":"Sindicato e trabalhadores se re\u00fanem - SITSESP","robots":{"index":"index","follow":"follow","max-snippet":"max-snippet:-1","max-image-preview":"max-image-preview:large","max-video-preview":"max-video-preview:-1"},"canonical":"https:\/\/www.sitsesp.org.br\/novo\/sindicato-e-trabalhadores-se-reunem\/","og_locale":"pt_BR","og_type":"article","og_title":"Sindicato e trabalhadores se re\u00fanem - SITSESP","og_description":"Hoje, (14\/01) trabalhadores da Funda&ccedil;&atilde;o CASA estiveram na sede do sindicato para apresentarem seus anseios e reivindica&ccedil;&otilde;es para a nova diretoria&hellip;","og_url":"https:\/\/www.sitsesp.org.br\/novo\/sindicato-e-trabalhadores-se-reunem\/","og_site_name":"SITSESP","article_published_time":"2020-01-14T19:03:13+00:00","og_image":[{"width":960,"height":720,"url":"https:\/\/www.sitsesp.org.br\/novo\/wp-content\/uploads\/2020\/10\/1579028593-1.jpg","type":"image\/jpeg"}],"author":"mhais","twitter_card":"summary_large_image","twitter_misc":{"Escrito por":"mhais","Est. tempo de leitura":"2 minutos"},"schema":{"@context":"https:\/\/schema.org","@graph":[{"@type":"Article","@id":"https:\/\/www.sitsesp.org.br\/novo\/sindicato-e-trabalhadores-se-reunem\/#article","isPartOf":{"@id":"https:\/\/www.sitsesp.org.br\/novo\/sindicato-e-trabalhadores-se-reunem\/"},"author":{"name":"mhais","@id":"https:\/\/www.sitsesp.org.br\/novo\/#\/schema\/person\/2a4c180eb185645b3bef8657c75e305a"},"headline":"Sindicato e trabalhadores se re\u00fanem","datePublished":"2020-01-14T19:03:13+00:00","dateModified":"2020-01-14T19:03:13+00:00","mainEntityOfPage":{"@id":"https:\/\/www.sitsesp.org.br\/novo\/sindicato-e-trabalhadores-se-reunem\/"},"wordCount":350,"commentCount":0,"publisher":{"@id":"https:\/\/www.sitsesp.org.br\/novo\/#organization"},"image":{"@id":"https:\/\/www.sitsesp.org.br\/novo\/sindicato-e-trabalhadores-se-reunem\/#primaryimage"},"thumbnailUrl":"https:\/\/www.sitsesp.org.br\/novo\/wp-content\/uploads\/2020\/10\/1579028593-1.jpg","articleSection":["Noticias"],"inLanguage":"pt-BR","potentialAction":[{"@type":"CommentAction","name":"Comment","target":["https:\/\/www.sitsesp.org.br\/novo\/sindicato-e-trabalhadores-se-reunem\/#respond"]}]},{"@type":"WebPage","@id":"https:\/\/www.sitsesp.org.br\/novo\/sindicato-e-trabalhadores-se-reunem\/","url":"https:\/\/www.sitsesp.org.br\/novo\/sindicato-e-trabalhadores-se-reunem\/","name":"Sindicato e trabalhadores se re\u00fanem - SITSESP","isPartOf":{"@id":"https:\/\/www.sitsesp.org.br\/novo\/#website"},"primaryImageOfPage":{"@id":"https:\/\/www.sitsesp.org.br\/novo\/sindicato-e-trabalhadores-se-reunem\/#primaryimage"},"image":{"@id":"https:\/\/www.sitsesp.org.br\/novo\/sindicato-e-trabalhadores-se-reunem\/#primaryimage"},"thumbnailUrl":"https:\/\/www.sitsesp.org.br\/novo\/wp-content\/uploads\/2020\/10\/1579028593-1.jpg","datePublished":"2020-01-14T19:03:13+00:00","dateModified":"2020-01-14T19:03:13+00:00","breadcrumb":{"@id":"https:\/\/www.sitsesp.org.br\/novo\/sindicato-e-trabalhadores-se-reunem\/#breadcrumb"},"inLanguage":"pt-BR","potentialAction":[{"@type":"ReadAction","target":["https:\/\/www.sitsesp.org.br\/novo\/sindicato-e-trabalhadores-se-reunem\/"]}]},{"@type":"ImageObject","inLanguage":"pt-BR","@id":"https:\/\/www.sitsesp.org.br\/novo\/sindicato-e-trabalhadores-se-reunem\/#primaryimage","url":"https:\/\/www.sitsesp.org.br\/novo\/wp-content\/uploads\/2020\/10\/1579028593-1.jpg","contentUrl":"https:\/\/www.sitsesp.org.br\/novo\/wp-content\/uploads\/2020\/10\/1579028593-1.jpg","width":960,"height":720},{"@type":"BreadcrumbList","@id":"https:\/\/www.sitsesp.org.br\/novo\/sindicato-e-trabalhadores-se-reunem\/#breadcrumb","itemListElement":[{"@type":"ListItem","position":1,"name":"In\u00edcio","item":"https:\/\/www.sitsesp.org.br\/novo\/"},{"@type":"ListItem","position":2,"name":"Sindicato e trabalhadores se re\u00fanem"}]},{"@type":"WebSite","@id":"https:\/\/www.sitsesp.org.br\/novo\/#website","url":"https:\/\/www.sitsesp.org.br\/novo\/","name":"Sitsesp","description":"SIndicato da Socioeduca\u00e7\u00e3o do Estado de S\u00e3o Paulo","publisher":{"@id":"https:\/\/www.sitsesp.org.br\/novo\/#organization"},"potentialAction":[{"@type":"SearchAction","target":{"@type":"EntryPoint","urlTemplate":"https:\/\/www.sitsesp.org.br\/novo\/?s={search_term_string}"},"query-input":"required name=search_term_string"}],"inLanguage":"pt-BR"},{"@type":"Organization","@id":"https:\/\/www.sitsesp.org.br\/novo\/#organization","name":"Sitsesp","url":"https:\/\/www.sitsesp.org.br\/novo\/","logo":{"@type":"ImageObject","inLanguage":"pt-BR","@id":"https:\/\/www.sitsesp.org.br\/novo\/#\/schema\/logo\/image\/","url":"https:\/\/www.sitsesp.org.br\/novo\/wp-content\/uploads\/2020\/09\/Design-sem-nome-1.jpg","contentUrl":"https:\/\/www.sitsesp.org.br\/novo\/wp-content\/uploads\/2020\/09\/Design-sem-nome-1.jpg","width":300,"height":300,"caption":"Sitsesp"},"image":{"@id":"https:\/\/www.sitsesp.org.br\/novo\/#\/schema\/logo\/image\/"}},{"@type":"Person","@id":"https:\/\/www.sitsesp.org.br\/novo\/#\/schema\/person\/2a4c180eb185645b3bef8657c75e305a","name":"mhais","image":{"@type":"ImageObject","inLanguage":"pt-BR","@id":"https:\/\/www.sitsesp.org.br\/novo\/#\/schema\/person\/image\/","url":"https:\/\/secure.gravatar.com\/avatar\/6f4eabe86990e81328cf702edfa92a60?s=96&d=mm&r=g","contentUrl":"https:\/\/secure.gravatar.com\/avatar\/6f4eabe86990e81328cf702edfa92a60?s=96&d=mm&r=g","caption":"mhais"},"sameAs":["http:\/\/localhost\/sitsesp"]}]}},"_links":{"self":[{"href":"https:\/\/www.sitsesp.org.br\/novo\/wp-json\/wp\/v2\/posts\/2438"}],"collection":[{"href":"https:\/\/www.sitsesp.org.br\/novo\/wp-json\/wp\/v2\/posts"}],"about":[{"href":"https:\/\/www.sitsesp.org.br\/novo\/wp-json\/wp\/v2\/types\/post"}],"author":[{"embeddable":true,"href":"https:\/\/www.sitsesp.org.br\/novo\/wp-json\/wp\/v2\/users\/1"}],"replies":[{"embeddable":true,"href":"https:\/\/www.sitsesp.org.br\/novo\/wp-json\/wp\/v2\/comments?post=2438"}],"version-history":[{"count":0,"href":"https:\/\/www.sitsesp.org.br\/novo\/wp-json\/wp\/v2\/posts\/2438\/revisions"}],"wp:featuredmedia":[{"embeddable":true,"href":"https:\/\/www.sitsesp.org.br\/novo\/wp-json\/wp\/v2\/media\/2439"}],"wp:attachment":[{"href":"https:\/\/www.sitsesp.org.br\/novo\/wp-json\/wp\/v2\/media?parent=2438"}],"wp:term":[{"taxonomy":"category","embeddable":true,"href":"https:\/\/www.sitsesp.org.br\/novo\/wp-json\/wp\/v2\/categories?post=2438"},{"taxonomy":"post_tag","embeddable":true,"href":"https:\/\/www.sitsesp.org.br\/novo\/wp-json\/wp\/v2\/tags?post=2438"}],"curies":[{"name":"wp","href":"https:\/\/api.w.org\/{rel}","templated":true}]}}