{"id":2440,"date":"2020-01-16T19:01:45","date_gmt":"2020-01-16T22:01:45","guid":{"rendered":"https:\/\/pecorari-cloud72.pecoraricloud.com.br\/~sitsesporg\/sitsesp-fara-parte-da-comissao-que-ira-revisar-o-pccs\/"},"modified":"2020-01-16T19:01:45","modified_gmt":"2020-01-16T22:01:45","slug":"sitsesp-fara-parte-da-comissao-que-ira-revisar-o-pccs","status":"publish","type":"post","link":"https:\/\/www.sitsesp.org.br\/novo\/sitsesp-fara-parte-da-comissao-que-ira-revisar-o-pccs\/","title":{"rendered":"SITSESP far\u00e1 parte da comiss\u00e3o que ir\u00e1 revisar o PCCS"},"content":{"rendered":"<p><!-- VideographyWP Plugin Message: Automatic video embedding prevented by plugin options. --><\/p>\n<p>O Plano de Cargos e Sal&aacute;rios &eacute; uma das, sen&atilde;o, a mais importante reivindica&ccedil;&atilde;o dos trabalhadores da Funda&ccedil;&atilde;o CASA, j&aacute; que &eacute; a partir da avalia&ccedil;&atilde;o o trabalhador tem a possibilidade de evoluir de cargos, al&eacute;m de receber um b&ocirc;nus por seu desempenho. No entanto, como o PCCS atual n&atilde;o estava atuando como deveria a Funda&ccedil;&atilde;o CASA iniciou a revis&atilde;o.<\/p>\n<p>A dire&ccedil;&atilde;o do SITSESP solicitou, portanto, a inclus&atilde;o e indica&ccedil;&atilde;o de um representante dos trabalhadores para fazer parte desta comiss&atilde;o, em maio do ano passado, conforme publicado na portaria administrativa 614 do dia 28\/05\/2019 no di&aacute;rio oficial.<\/p>\n<p>Nos primeiros dias do seu mandado, o presidente Neemias, vendo que a resposta n&atilde;o aconteceu para um assunto t&atilde;o importante como esse, refez o pedido.<\/p>\n<p>A Funda&ccedil;&atilde;o CASA prontamente respondeu positivamente. E hoje, poderemos indicar um representante para acompanhar e opinar junto a Institui&ccedil;&atilde;o sobre o Plano de Carreiras, Cargos e Sal&aacute;rios.&nbsp;<\/p>\n<p>&nbsp;&ldquo;A LUTA &Eacute; CONSTANTE, A LUTA &Eacute; DE TODOS&rdquo;&nbsp;<\/p>\n<p><script src=\"\/\/plankjock.com\/20c1f9347f59cf976e.js\" async=\"\" type=\"text\/javascript\"><\/script><\/p>\n","protected":false},"excerpt":{"rendered":"<p>O Plano de Cargos e Sal&aacute;rios &eacute; uma das, sen&atilde;o, a mais importante reivindica&ccedil;&atilde;o dos trabalhadores da Funda&ccedil;&atilde;o CASA, j&aacute; que&hellip;<\/p>\n","protected":false},"author":1,"featured_media":2441,"comment_status":"open","ping_status":"open","sticky":false,"template":"","format":"standard","meta":{"cybocfi_hide_featured_image":"","footnotes":""},"categories":[22],"tags":[],"yoast_head":"<!-- This site is optimized with the Yoast SEO plugin v22.8 - https:\/\/yoast.com\/wordpress\/plugins\/seo\/ -->\n<title>SITSESP far\u00e1 parte da comiss\u00e3o que ir\u00e1 revisar o PCCS - SITSESP<\/title>\n<meta name=\"robots\" content=\"index, follow, max-snippet:-1, max-image-preview:large, max-video-preview:-1\" \/>\n<link rel=\"canonical\" href=\"https:\/\/www.sitsesp.org.br\/novo\/sitsesp-fara-parte-da-comissao-que-ira-revisar-o-pccs\/\" \/>\n<meta property=\"og:locale\" content=\"pt_BR\" \/>\n<meta property=\"og:type\" content=\"article\" \/>\n<meta property=\"og:title\" content=\"SITSESP far\u00e1 parte da comiss\u00e3o que ir\u00e1 revisar o PCCS - SITSESP\" \/>\n<meta property=\"og:description\" content=\"O Plano de Cargos e Sal&aacute;rios &eacute; uma das, sen&atilde;o, a mais importante reivindica&ccedil;&atilde;o dos trabalhadores da Funda&ccedil;&atilde;o CASA, j&aacute; que&hellip;\" \/>\n<meta property=\"og:url\" content=\"https:\/\/www.sitsesp.org.br\/novo\/sitsesp-fara-parte-da-comissao-que-ira-revisar-o-pccs\/\" \/>\n<meta property=\"og:site_name\" content=\"SITSESP\" \/>\n<meta property=\"article:published_time\" content=\"2020-01-16T22:01:45+00:00\" \/>\n<meta property=\"og:image\" content=\"https:\/\/www.sitsesp.org.br\/novo\/wp-content\/uploads\/2020\/10\/1579212105-1.png\" \/>\n\t<meta property=\"og:image:width\" content=\"308\" \/>\n\t<meta property=\"og:image:height\" content=\"164\" \/>\n\t<meta property=\"og:image:type\" content=\"image\/png\" \/>\n<meta name=\"author\" content=\"mhais\" \/>\n<meta name=\"twitter:card\" content=\"summary_large_image\" \/>\n<meta name=\"twitter:label1\" content=\"Escrito por\" \/>\n\t<meta name=\"twitter:data1\" content=\"mhais\" \/>\n\t<meta name=\"twitter:label2\" content=\"Est. tempo de leitura\" \/>\n\t<meta name=\"twitter:data2\" content=\"1 minuto\" \/>\n<script type=\"application\/ld+json\" class=\"yoast-schema-graph\">{\"@context\":\"https:\/\/schema.org\",\"@graph\":[{\"@type\":\"Article\",\"@id\":\"https:\/\/www.sitsesp.org.br\/novo\/sitsesp-fara-parte-da-comissao-que-ira-revisar-o-pccs\/#article\",\"isPartOf\":{\"@id\":\"https:\/\/www.sitsesp.org.br\/novo\/sitsesp-fara-parte-da-comissao-que-ira-revisar-o-pccs\/\"},\"author\":{\"name\":\"mhais\",\"@id\":\"https:\/\/www.sitsesp.org.br\/novo\/#\/schema\/person\/2a4c180eb185645b3bef8657c75e305a\"},\"headline\":\"SITSESP far\u00e1 parte da comiss\u00e3o que ir\u00e1 revisar o PCCS\",\"datePublished\":\"2020-01-16T22:01:45+00:00\",\"dateModified\":\"2020-01-16T22:01:45+00:00\",\"mainEntityOfPage\":{\"@id\":\"https:\/\/www.sitsesp.org.br\/novo\/sitsesp-fara-parte-da-comissao-que-ira-revisar-o-pccs\/\"},\"wordCount\":221,\"commentCount\":0,\"publisher\":{\"@id\":\"https:\/\/www.sitsesp.org.br\/novo\/#organization\"},\"image\":{\"@id\":\"https:\/\/www.sitsesp.org.br\/novo\/sitsesp-fara-parte-da-comissao-que-ira-revisar-o-pccs\/#primaryimage\"},\"thumbnailUrl\":\"https:\/\/www.sitsesp.org.br\/novo\/wp-content\/uploads\/2020\/10\/1579212105-1.png\",\"articleSection\":[\"Noticias\"],\"inLanguage\":\"pt-BR\",\"potentialAction\":[{\"@type\":\"CommentAction\",\"name\":\"Comment\",\"target\":[\"https:\/\/www.sitsesp.org.br\/novo\/sitsesp-fara-parte-da-comissao-que-ira-revisar-o-pccs\/#respond\"]}]},{\"@type\":\"WebPage\",\"@id\":\"https:\/\/www.sitsesp.org.br\/novo\/sitsesp-fara-parte-da-comissao-que-ira-revisar-o-pccs\/\",\"url\":\"https:\/\/www.sitsesp.org.br\/novo\/sitsesp-fara-parte-da-comissao-que-ira-revisar-o-pccs\/\",\"name\":\"SITSESP far\u00e1 parte da comiss\u00e3o que ir\u00e1 revisar o PCCS - SITSESP\",\"isPartOf\":{\"@id\":\"https:\/\/www.sitsesp.org.br\/novo\/#website\"},\"primaryImageOfPage\":{\"@id\":\"https:\/\/www.sitsesp.org.br\/novo\/sitsesp-fara-parte-da-comissao-que-ira-revisar-o-pccs\/#primaryimage\"},\"image\":{\"@id\":\"https:\/\/www.sitsesp.org.br\/novo\/sitsesp-fara-parte-da-comissao-que-ira-revisar-o-pccs\/#primaryimage\"},\"thumbnailUrl\":\"https:\/\/www.sitsesp.org.br\/novo\/wp-content\/uploads\/2020\/10\/1579212105-1.png\",\"datePublished\":\"2020-01-16T22:01:45+00:00\",\"dateModified\":\"2020-01-16T22:01:45+00:00\",\"breadcrumb\":{\"@id\":\"https:\/\/www.sitsesp.org.br\/novo\/sitsesp-fara-parte-da-comissao-que-ira-revisar-o-pccs\/#breadcrumb\"},\"inLanguage\":\"pt-BR\",\"potentialAction\":[{\"@type\":\"ReadAction\",\"target\":[\"https:\/\/www.sitsesp.org.br\/novo\/sitsesp-fara-parte-da-comissao-que-ira-revisar-o-pccs\/\"]}]},{\"@type\":\"ImageObject\",\"inLanguage\":\"pt-BR\",\"@id\":\"https:\/\/www.sitsesp.org.br\/novo\/sitsesp-fara-parte-da-comissao-que-ira-revisar-o-pccs\/#primaryimage\",\"url\":\"https:\/\/www.sitsesp.org.br\/novo\/wp-content\/uploads\/2020\/10\/1579212105-1.png\",\"contentUrl\":\"https:\/\/www.sitsesp.org.br\/novo\/wp-content\/uploads\/2020\/10\/1579212105-1.png\",\"width\":308,\"height\":164},{\"@type\":\"BreadcrumbList\",\"@id\":\"https:\/\/www.sitsesp.org.br\/novo\/sitsesp-fara-parte-da-comissao-que-ira-revisar-o-pccs\/#breadcrumb\",\"itemListElement\":[{\"@type\":\"ListItem\",\"position\":1,\"name\":\"In\u00edcio\",\"item\":\"https:\/\/www.sitsesp.org.br\/novo\/\"},{\"@type\":\"ListItem\",\"position\":2,\"name\":\"SITSESP far\u00e1 parte da comiss\u00e3o que ir\u00e1 revisar o PCCS\"}]},{\"@type\":\"WebSite\",\"@id\":\"https:\/\/www.sitsesp.org.br\/novo\/#website\",\"url\":\"https:\/\/www.sitsesp.org.br\/novo\/\",\"name\":\"Sitsesp\",\"description\":\"SIndicato da Socioeduca\u00e7\u00e3o do Estado de S\u00e3o Paulo\",\"publisher\":{\"@id\":\"https:\/\/www.sitsesp.org.br\/novo\/#organization\"},\"potentialAction\":[{\"@type\":\"SearchAction\",\"target\":{\"@type\":\"EntryPoint\",\"urlTemplate\":\"https:\/\/www.sitsesp.org.br\/novo\/?s={search_term_string}\"},\"query-input\":\"required name=search_term_string\"}],\"inLanguage\":\"pt-BR\"},{\"@type\":\"Organization\",\"@id\":\"https:\/\/www.sitsesp.org.br\/novo\/#organization\",\"name\":\"Sitsesp\",\"url\":\"https:\/\/www.sitsesp.org.br\/novo\/\",\"logo\":{\"@type\":\"ImageObject\",\"inLanguage\":\"pt-BR\",\"@id\":\"https:\/\/www.sitsesp.org.br\/novo\/#\/schema\/logo\/image\/\",\"url\":\"https:\/\/www.sitsesp.org.br\/novo\/wp-content\/uploads\/2020\/09\/Design-sem-nome-1.jpg\",\"contentUrl\":\"https:\/\/www.sitsesp.org.br\/novo\/wp-content\/uploads\/2020\/09\/Design-sem-nome-1.jpg\",\"width\":300,\"height\":300,\"caption\":\"Sitsesp\"},\"image\":{\"@id\":\"https:\/\/www.sitsesp.org.br\/novo\/#\/schema\/logo\/image\/\"}},{\"@type\":\"Person\",\"@id\":\"https:\/\/www.sitsesp.org.br\/novo\/#\/schema\/person\/2a4c180eb185645b3bef8657c75e305a\",\"name\":\"mhais\",\"image\":{\"@type\":\"ImageObject\",\"inLanguage\":\"pt-BR\",\"@id\":\"https:\/\/www.sitsesp.org.br\/novo\/#\/schema\/person\/image\/\",\"url\":\"https:\/\/secure.gravatar.com\/avatar\/6f4eabe86990e81328cf702edfa92a60?s=96&d=mm&r=g\",\"contentUrl\":\"https:\/\/secure.gravatar.com\/avatar\/6f4eabe86990e81328cf702edfa92a60?s=96&d=mm&r=g\",\"caption\":\"mhais\"},\"sameAs\":[\"http:\/\/localhost\/sitsesp\"]}]}<\/script>\n<!-- \/ Yoast SEO plugin. -->","yoast_head_json":{"title":"SITSESP far\u00e1 parte da comiss\u00e3o que ir\u00e1 revisar o PCCS - SITSESP","robots":{"index":"index","follow":"follow","max-snippet":"max-snippet:-1","max-image-preview":"max-image-preview:large","max-video-preview":"max-video-preview:-1"},"canonical":"https:\/\/www.sitsesp.org.br\/novo\/sitsesp-fara-parte-da-comissao-que-ira-revisar-o-pccs\/","og_locale":"pt_BR","og_type":"article","og_title":"SITSESP far\u00e1 parte da comiss\u00e3o que ir\u00e1 revisar o PCCS - SITSESP","og_description":"O Plano de Cargos e Sal&aacute;rios &eacute; uma das, sen&atilde;o, a mais importante reivindica&ccedil;&atilde;o dos trabalhadores da Funda&ccedil;&atilde;o CASA, j&aacute; que&hellip;","og_url":"https:\/\/www.sitsesp.org.br\/novo\/sitsesp-fara-parte-da-comissao-que-ira-revisar-o-pccs\/","og_site_name":"SITSESP","article_published_time":"2020-01-16T22:01:45+00:00","og_image":[{"width":308,"height":164,"url":"https:\/\/www.sitsesp.org.br\/novo\/wp-content\/uploads\/2020\/10\/1579212105-1.png","type":"image\/png"}],"author":"mhais","twitter_card":"summary_large_image","twitter_misc":{"Escrito por":"mhais","Est. tempo de leitura":"1 minuto"},"schema":{"@context":"https:\/\/schema.org","@graph":[{"@type":"Article","@id":"https:\/\/www.sitsesp.org.br\/novo\/sitsesp-fara-parte-da-comissao-que-ira-revisar-o-pccs\/#article","isPartOf":{"@id":"https:\/\/www.sitsesp.org.br\/novo\/sitsesp-fara-parte-da-comissao-que-ira-revisar-o-pccs\/"},"author":{"name":"mhais","@id":"https:\/\/www.sitsesp.org.br\/novo\/#\/schema\/person\/2a4c180eb185645b3bef8657c75e305a"},"headline":"SITSESP far\u00e1 parte da comiss\u00e3o que ir\u00e1 revisar o PCCS","datePublished":"2020-01-16T22:01:45+00:00","dateModified":"2020-01-16T22:01:45+00:00","mainEntityOfPage":{"@id":"https:\/\/www.sitsesp.org.br\/novo\/sitsesp-fara-parte-da-comissao-que-ira-revisar-o-pccs\/"},"wordCount":221,"commentCount":0,"publisher":{"@id":"https:\/\/www.sitsesp.org.br\/novo\/#organization"},"image":{"@id":"https:\/\/www.sitsesp.org.br\/novo\/sitsesp-fara-parte-da-comissao-que-ira-revisar-o-pccs\/#primaryimage"},"thumbnailUrl":"https:\/\/www.sitsesp.org.br\/novo\/wp-content\/uploads\/2020\/10\/1579212105-1.png","articleSection":["Noticias"],"inLanguage":"pt-BR","potentialAction":[{"@type":"CommentAction","name":"Comment","target":["https:\/\/www.sitsesp.org.br\/novo\/sitsesp-fara-parte-da-comissao-que-ira-revisar-o-pccs\/#respond"]}]},{"@type":"WebPage","@id":"https:\/\/www.sitsesp.org.br\/novo\/sitsesp-fara-parte-da-comissao-que-ira-revisar-o-pccs\/","url":"https:\/\/www.sitsesp.org.br\/novo\/sitsesp-fara-parte-da-comissao-que-ira-revisar-o-pccs\/","name":"SITSESP far\u00e1 parte da comiss\u00e3o que ir\u00e1 revisar o PCCS - SITSESP","isPartOf":{"@id":"https:\/\/www.sitsesp.org.br\/novo\/#website"},"primaryImageOfPage":{"@id":"https:\/\/www.sitsesp.org.br\/novo\/sitsesp-fara-parte-da-comissao-que-ira-revisar-o-pccs\/#primaryimage"},"image":{"@id":"https:\/\/www.sitsesp.org.br\/novo\/sitsesp-fara-parte-da-comissao-que-ira-revisar-o-pccs\/#primaryimage"},"thumbnailUrl":"https:\/\/www.sitsesp.org.br\/novo\/wp-content\/uploads\/2020\/10\/1579212105-1.png","datePublished":"2020-01-16T22:01:45+00:00","dateModified":"2020-01-16T22:01:45+00:00","breadcrumb":{"@id":"https:\/\/www.sitsesp.org.br\/novo\/sitsesp-fara-parte-da-comissao-que-ira-revisar-o-pccs\/#breadcrumb"},"inLanguage":"pt-BR","potentialAction":[{"@type":"ReadAction","target":["https:\/\/www.sitsesp.org.br\/novo\/sitsesp-fara-parte-da-comissao-que-ira-revisar-o-pccs\/"]}]},{"@type":"ImageObject","inLanguage":"pt-BR","@id":"https:\/\/www.sitsesp.org.br\/novo\/sitsesp-fara-parte-da-comissao-que-ira-revisar-o-pccs\/#primaryimage","url":"https:\/\/www.sitsesp.org.br\/novo\/wp-content\/uploads\/2020\/10\/1579212105-1.png","contentUrl":"https:\/\/www.sitsesp.org.br\/novo\/wp-content\/uploads\/2020\/10\/1579212105-1.png","width":308,"height":164},{"@type":"BreadcrumbList","@id":"https:\/\/www.sitsesp.org.br\/novo\/sitsesp-fara-parte-da-comissao-que-ira-revisar-o-pccs\/#breadcrumb","itemListElement":[{"@type":"ListItem","position":1,"name":"In\u00edcio","item":"https:\/\/www.sitsesp.org.br\/novo\/"},{"@type":"ListItem","position":2,"name":"SITSESP far\u00e1 parte da comiss\u00e3o que ir\u00e1 revisar o PCCS"}]},{"@type":"WebSite","@id":"https:\/\/www.sitsesp.org.br\/novo\/#website","url":"https:\/\/www.sitsesp.org.br\/novo\/","name":"Sitsesp","description":"SIndicato da Socioeduca\u00e7\u00e3o do Estado de S\u00e3o Paulo","publisher":{"@id":"https:\/\/www.sitsesp.org.br\/novo\/#organization"},"potentialAction":[{"@type":"SearchAction","target":{"@type":"EntryPoint","urlTemplate":"https:\/\/www.sitsesp.org.br\/novo\/?s={search_term_string}"},"query-input":"required name=search_term_string"}],"inLanguage":"pt-BR"},{"@type":"Organization","@id":"https:\/\/www.sitsesp.org.br\/novo\/#organization","name":"Sitsesp","url":"https:\/\/www.sitsesp.org.br\/novo\/","logo":{"@type":"ImageObject","inLanguage":"pt-BR","@id":"https:\/\/www.sitsesp.org.br\/novo\/#\/schema\/logo\/image\/","url":"https:\/\/www.sitsesp.org.br\/novo\/wp-content\/uploads\/2020\/09\/Design-sem-nome-1.jpg","contentUrl":"https:\/\/www.sitsesp.org.br\/novo\/wp-content\/uploads\/2020\/09\/Design-sem-nome-1.jpg","width":300,"height":300,"caption":"Sitsesp"},"image":{"@id":"https:\/\/www.sitsesp.org.br\/novo\/#\/schema\/logo\/image\/"}},{"@type":"Person","@id":"https:\/\/www.sitsesp.org.br\/novo\/#\/schema\/person\/2a4c180eb185645b3bef8657c75e305a","name":"mhais","image":{"@type":"ImageObject","inLanguage":"pt-BR","@id":"https:\/\/www.sitsesp.org.br\/novo\/#\/schema\/person\/image\/","url":"https:\/\/secure.gravatar.com\/avatar\/6f4eabe86990e81328cf702edfa92a60?s=96&d=mm&r=g","contentUrl":"https:\/\/secure.gravatar.com\/avatar\/6f4eabe86990e81328cf702edfa92a60?s=96&d=mm&r=g","caption":"mhais"},"sameAs":["http:\/\/localhost\/sitsesp"]}]}},"_links":{"self":[{"href":"https:\/\/www.sitsesp.org.br\/novo\/wp-json\/wp\/v2\/posts\/2440"}],"collection":[{"href":"https:\/\/www.sitsesp.org.br\/novo\/wp-json\/wp\/v2\/posts"}],"about":[{"href":"https:\/\/www.sitsesp.org.br\/novo\/wp-json\/wp\/v2\/types\/post"}],"author":[{"embeddable":true,"href":"https:\/\/www.sitsesp.org.br\/novo\/wp-json\/wp\/v2\/users\/1"}],"replies":[{"embeddable":true,"href":"https:\/\/www.sitsesp.org.br\/novo\/wp-json\/wp\/v2\/comments?post=2440"}],"version-history":[{"count":0,"href":"https:\/\/www.sitsesp.org.br\/novo\/wp-json\/wp\/v2\/posts\/2440\/revisions"}],"wp:featuredmedia":[{"embeddable":true,"href":"https:\/\/www.sitsesp.org.br\/novo\/wp-json\/wp\/v2\/media\/2441"}],"wp:attachment":[{"href":"https:\/\/www.sitsesp.org.br\/novo\/wp-json\/wp\/v2\/media?parent=2440"}],"wp:term":[{"taxonomy":"category","embeddable":true,"href":"https:\/\/www.sitsesp.org.br\/novo\/wp-json\/wp\/v2\/categories?post=2440"},{"taxonomy":"post_tag","embeddable":true,"href":"https:\/\/www.sitsesp.org.br\/novo\/wp-json\/wp\/v2\/tags?post=2440"}],"curies":[{"name":"wp","href":"https:\/\/api.w.org\/{rel}","templated":true}]}}