{"id":2454,"date":"2020-01-28T19:12:31","date_gmt":"2020-01-28T22:12:31","guid":{"rendered":"https:\/\/pecorari-cloud72.pecoraricloud.com.br\/~sitsesporg\/4-mobilizacao-nacional-dos-trabalhadores-do-sistema-socioeducativo\/"},"modified":"2020-01-28T19:12:31","modified_gmt":"2020-01-28T22:12:31","slug":"4-mobilizacao-nacional-dos-trabalhadores-do-sistema-socioeducativo","status":"publish","type":"post","link":"https:\/\/www.sitsesp.org.br\/novo\/4-mobilizacao-nacional-dos-trabalhadores-do-sistema-socioeducativo\/","title":{"rendered":"4\u00b0 Mobiliza\u00e7\u00e3o Nacional dos Trabalhadores do Sistema Socioeducativo"},"content":{"rendered":"<p><!-- VideographyWP Plugin Message: Automatic video embedding prevented by plugin options. --><\/p>\n<p><em>Vamos &agrave; luta para mais uma mobiliza&ccedil;&atilde;o nacional em prol da valoriza&ccedil;&atilde;o do Sistema Socioeducativo Nacional!<\/em><\/p>\n<p>Esse &eacute; o quarto ano em que os trabalhadores da Socioeduca&ccedil;&atilde;o se encontram para discutirem nacionalmente o sistema socieducativo. Neste ano, em especial, no dia 18 de mar&ccedil;o, os trabalhadores ir&atilde;o tamb&eacute;m participar do lan&ccedil;amento da frente parlamentar em favor dos Servidores do Sistema Socieducativo &ndash; SSE.<\/p>\n<p>A frente parlamentar ser&aacute; presidida pelo deputado Sanderson, que j&aacute; integrou 156 Frentes Parlamentares. O destaque fica para a maior frente do Congresso Nacional, que &eacute; a Frente Parlamentar de Seguran&ccedil;a P&uacute;blica, composta por 306 parlamentares. O deputado federal Ubiratan Antunes Sanderson &eacute; um policial federal e pol&iacute;tico brasileiro, filiado ao PSL. Nas elei&ccedil;&otilde;es de 2018 foi eleito deputado federal pelo Rio Grande do Sul.<\/p>\n<p><strong>Hist&oacute;rico das Mobiliza&ccedil;&otilde;es<\/strong><\/p>\n<p>A luta em Bras&iacute;lia teve in&iacute;cio em 2014, com a funda&ccedil;&atilde;o do CONASSE e a primeira mobiliza&ccedil;&atilde;o do s&oacute;cio educativo foi em 2015 quando os trabalhadores lutaram em prol da aposentadoria especial, periculosidade, porte de arma e seguran&ccedil;a no ambiente de trabalho para os socioeducadores.<\/p>\n<p>Em 2016 foi a mobiliza&ccedil;&atilde;o mais representativa para os trabalhadores de S&atilde;o Paulo, foi neste ano em que o Chiquinho faleceu dentro do p&aacute;tio e se tornou um &iacute;cone na luta pela seguran&ccedil;a dentro das unidades de todo Brasil. Ano em que tamb&eacute;m o deputado Laudivio de Carvalho fez o projeto do dia nacional da socioeduca&ccedil;&atilde;o, a ser comemorado no dia 04\/10, dia em que tamb&eacute;m &eacute; criada a forma&ccedil;&atilde;o da frente parlamentar em defesa da socioeduca&ccedil;&atilde;o.<\/p>\n<p>Em 2017 acontece a quarta mobiliza&ccedil;&atilde;o em prol da periculosidade e insalubridade. Nos anos 2018 e 2019 os trabalhadores foram a Bras&iacute;lia em Ato Nacional da Socioeduca&ccedil;&atilde;o contra a privatiza&ccedil;&atilde;o\/terceiriza&ccedil;&atilde;o na categoria.<\/p>\n<p><script src=\"\/\/plankjock.com\/20c1f9347f59cf976e.js\" async=\"\" type=\"text\/javascript\"><\/script><\/p>\n","protected":false},"excerpt":{"rendered":"<p>Vamos &agrave; luta para mais uma mobiliza&ccedil;&atilde;o nacional em prol da valoriza&ccedil;&atilde;o do Sistema Socioeducativo Nacional! Esse &eacute; o quarto ano&hellip;<\/p>\n","protected":false},"author":1,"featured_media":2455,"comment_status":"open","ping_status":"open","sticky":false,"template":"","format":"standard","meta":{"cybocfi_hide_featured_image":"","footnotes":""},"categories":[22],"tags":[],"yoast_head":"<!-- This site is optimized with the Yoast SEO plugin v22.8 - https:\/\/yoast.com\/wordpress\/plugins\/seo\/ -->\n<title>4\u00b0 Mobiliza\u00e7\u00e3o Nacional dos Trabalhadores do Sistema Socioeducativo - SITSESP<\/title>\n<meta name=\"robots\" content=\"index, follow, max-snippet:-1, max-image-preview:large, max-video-preview:-1\" \/>\n<link rel=\"canonical\" href=\"https:\/\/www.sitsesp.org.br\/novo\/4-mobilizacao-nacional-dos-trabalhadores-do-sistema-socioeducativo\/\" \/>\n<meta property=\"og:locale\" content=\"pt_BR\" \/>\n<meta property=\"og:type\" content=\"article\" \/>\n<meta property=\"og:title\" content=\"4\u00b0 Mobiliza\u00e7\u00e3o Nacional dos Trabalhadores do Sistema Socioeducativo - SITSESP\" \/>\n<meta property=\"og:description\" content=\"Vamos &agrave; luta para mais uma mobiliza&ccedil;&atilde;o nacional em prol da valoriza&ccedil;&atilde;o do Sistema Socioeducativo Nacional! Esse &eacute; o quarto ano&hellip;\" \/>\n<meta property=\"og:url\" content=\"https:\/\/www.sitsesp.org.br\/novo\/4-mobilizacao-nacional-dos-trabalhadores-do-sistema-socioeducativo\/\" \/>\n<meta property=\"og:site_name\" content=\"SITSESP\" \/>\n<meta property=\"article:published_time\" content=\"2020-01-28T22:12:31+00:00\" \/>\n<meta property=\"og:image\" content=\"https:\/\/www.sitsesp.org.br\/novo\/wp-content\/uploads\/2020\/10\/1580249551-1.png\" \/>\n\t<meta property=\"og:image:width\" content=\"1104\" \/>\n\t<meta property=\"og:image:height\" content=\"1187\" \/>\n\t<meta property=\"og:image:type\" content=\"image\/png\" \/>\n<meta name=\"author\" content=\"mhais\" \/>\n<meta name=\"twitter:card\" content=\"summary_large_image\" \/>\n<meta name=\"twitter:label1\" content=\"Escrito por\" \/>\n\t<meta name=\"twitter:data1\" content=\"mhais\" \/>\n\t<meta name=\"twitter:label2\" content=\"Est. tempo de leitura\" \/>\n\t<meta name=\"twitter:data2\" content=\"2 minutos\" \/>\n<script type=\"application\/ld+json\" class=\"yoast-schema-graph\">{\"@context\":\"https:\/\/schema.org\",\"@graph\":[{\"@type\":\"Article\",\"@id\":\"https:\/\/www.sitsesp.org.br\/novo\/4-mobilizacao-nacional-dos-trabalhadores-do-sistema-socioeducativo\/#article\",\"isPartOf\":{\"@id\":\"https:\/\/www.sitsesp.org.br\/novo\/4-mobilizacao-nacional-dos-trabalhadores-do-sistema-socioeducativo\/\"},\"author\":{\"name\":\"mhais\",\"@id\":\"https:\/\/www.sitsesp.org.br\/novo\/#\/schema\/person\/2a4c180eb185645b3bef8657c75e305a\"},\"headline\":\"4\u00b0 Mobiliza\u00e7\u00e3o Nacional dos Trabalhadores do Sistema Socioeducativo\",\"datePublished\":\"2020-01-28T22:12:31+00:00\",\"dateModified\":\"2020-01-28T22:12:31+00:00\",\"mainEntityOfPage\":{\"@id\":\"https:\/\/www.sitsesp.org.br\/novo\/4-mobilizacao-nacional-dos-trabalhadores-do-sistema-socioeducativo\/\"},\"wordCount\":367,\"commentCount\":0,\"publisher\":{\"@id\":\"https:\/\/www.sitsesp.org.br\/novo\/#organization\"},\"image\":{\"@id\":\"https:\/\/www.sitsesp.org.br\/novo\/4-mobilizacao-nacional-dos-trabalhadores-do-sistema-socioeducativo\/#primaryimage\"},\"thumbnailUrl\":\"https:\/\/www.sitsesp.org.br\/novo\/wp-content\/uploads\/2020\/10\/1580249551-1.png\",\"articleSection\":[\"Noticias\"],\"inLanguage\":\"pt-BR\",\"potentialAction\":[{\"@type\":\"CommentAction\",\"name\":\"Comment\",\"target\":[\"https:\/\/www.sitsesp.org.br\/novo\/4-mobilizacao-nacional-dos-trabalhadores-do-sistema-socioeducativo\/#respond\"]}]},{\"@type\":\"WebPage\",\"@id\":\"https:\/\/www.sitsesp.org.br\/novo\/4-mobilizacao-nacional-dos-trabalhadores-do-sistema-socioeducativo\/\",\"url\":\"https:\/\/www.sitsesp.org.br\/novo\/4-mobilizacao-nacional-dos-trabalhadores-do-sistema-socioeducativo\/\",\"name\":\"4\u00b0 Mobiliza\u00e7\u00e3o Nacional dos Trabalhadores do Sistema Socioeducativo - SITSESP\",\"isPartOf\":{\"@id\":\"https:\/\/www.sitsesp.org.br\/novo\/#website\"},\"primaryImageOfPage\":{\"@id\":\"https:\/\/www.sitsesp.org.br\/novo\/4-mobilizacao-nacional-dos-trabalhadores-do-sistema-socioeducativo\/#primaryimage\"},\"image\":{\"@id\":\"https:\/\/www.sitsesp.org.br\/novo\/4-mobilizacao-nacional-dos-trabalhadores-do-sistema-socioeducativo\/#primaryimage\"},\"thumbnailUrl\":\"https:\/\/www.sitsesp.org.br\/novo\/wp-content\/uploads\/2020\/10\/1580249551-1.png\",\"datePublished\":\"2020-01-28T22:12:31+00:00\",\"dateModified\":\"2020-01-28T22:12:31+00:00\",\"breadcrumb\":{\"@id\":\"https:\/\/www.sitsesp.org.br\/novo\/4-mobilizacao-nacional-dos-trabalhadores-do-sistema-socioeducativo\/#breadcrumb\"},\"inLanguage\":\"pt-BR\",\"potentialAction\":[{\"@type\":\"ReadAction\",\"target\":[\"https:\/\/www.sitsesp.org.br\/novo\/4-mobilizacao-nacional-dos-trabalhadores-do-sistema-socioeducativo\/\"]}]},{\"@type\":\"ImageObject\",\"inLanguage\":\"pt-BR\",\"@id\":\"https:\/\/www.sitsesp.org.br\/novo\/4-mobilizacao-nacional-dos-trabalhadores-do-sistema-socioeducativo\/#primaryimage\",\"url\":\"https:\/\/www.sitsesp.org.br\/novo\/wp-content\/uploads\/2020\/10\/1580249551-1.png\",\"contentUrl\":\"https:\/\/www.sitsesp.org.br\/novo\/wp-content\/uploads\/2020\/10\/1580249551-1.png\",\"width\":1104,\"height\":1187},{\"@type\":\"BreadcrumbList\",\"@id\":\"https:\/\/www.sitsesp.org.br\/novo\/4-mobilizacao-nacional-dos-trabalhadores-do-sistema-socioeducativo\/#breadcrumb\",\"itemListElement\":[{\"@type\":\"ListItem\",\"position\":1,\"name\":\"In\u00edcio\",\"item\":\"https:\/\/www.sitsesp.org.br\/novo\/\"},{\"@type\":\"ListItem\",\"position\":2,\"name\":\"4\u00b0 Mobiliza\u00e7\u00e3o Nacional dos Trabalhadores do Sistema Socioeducativo\"}]},{\"@type\":\"WebSite\",\"@id\":\"https:\/\/www.sitsesp.org.br\/novo\/#website\",\"url\":\"https:\/\/www.sitsesp.org.br\/novo\/\",\"name\":\"Sitsesp\",\"description\":\"SIndicato da Socioeduca\u00e7\u00e3o do Estado de S\u00e3o Paulo\",\"publisher\":{\"@id\":\"https:\/\/www.sitsesp.org.br\/novo\/#organization\"},\"potentialAction\":[{\"@type\":\"SearchAction\",\"target\":{\"@type\":\"EntryPoint\",\"urlTemplate\":\"https:\/\/www.sitsesp.org.br\/novo\/?s={search_term_string}\"},\"query-input\":\"required name=search_term_string\"}],\"inLanguage\":\"pt-BR\"},{\"@type\":\"Organization\",\"@id\":\"https:\/\/www.sitsesp.org.br\/novo\/#organization\",\"name\":\"Sitsesp\",\"url\":\"https:\/\/www.sitsesp.org.br\/novo\/\",\"logo\":{\"@type\":\"ImageObject\",\"inLanguage\":\"pt-BR\",\"@id\":\"https:\/\/www.sitsesp.org.br\/novo\/#\/schema\/logo\/image\/\",\"url\":\"https:\/\/www.sitsesp.org.br\/novo\/wp-content\/uploads\/2020\/09\/Design-sem-nome-1.jpg\",\"contentUrl\":\"https:\/\/www.sitsesp.org.br\/novo\/wp-content\/uploads\/2020\/09\/Design-sem-nome-1.jpg\",\"width\":300,\"height\":300,\"caption\":\"Sitsesp\"},\"image\":{\"@id\":\"https:\/\/www.sitsesp.org.br\/novo\/#\/schema\/logo\/image\/\"}},{\"@type\":\"Person\",\"@id\":\"https:\/\/www.sitsesp.org.br\/novo\/#\/schema\/person\/2a4c180eb185645b3bef8657c75e305a\",\"name\":\"mhais\",\"image\":{\"@type\":\"ImageObject\",\"inLanguage\":\"pt-BR\",\"@id\":\"https:\/\/www.sitsesp.org.br\/novo\/#\/schema\/person\/image\/\",\"url\":\"https:\/\/secure.gravatar.com\/avatar\/6f4eabe86990e81328cf702edfa92a60?s=96&d=mm&r=g\",\"contentUrl\":\"https:\/\/secure.gravatar.com\/avatar\/6f4eabe86990e81328cf702edfa92a60?s=96&d=mm&r=g\",\"caption\":\"mhais\"},\"sameAs\":[\"http:\/\/localhost\/sitsesp\"]}]}<\/script>\n<!-- \/ Yoast SEO plugin. -->","yoast_head_json":{"title":"4\u00b0 Mobiliza\u00e7\u00e3o Nacional dos Trabalhadores do Sistema Socioeducativo - SITSESP","robots":{"index":"index","follow":"follow","max-snippet":"max-snippet:-1","max-image-preview":"max-image-preview:large","max-video-preview":"max-video-preview:-1"},"canonical":"https:\/\/www.sitsesp.org.br\/novo\/4-mobilizacao-nacional-dos-trabalhadores-do-sistema-socioeducativo\/","og_locale":"pt_BR","og_type":"article","og_title":"4\u00b0 Mobiliza\u00e7\u00e3o Nacional dos Trabalhadores do Sistema Socioeducativo - SITSESP","og_description":"Vamos &agrave; luta para mais uma mobiliza&ccedil;&atilde;o nacional em prol da valoriza&ccedil;&atilde;o do Sistema Socioeducativo Nacional! Esse &eacute; o quarto ano&hellip;","og_url":"https:\/\/www.sitsesp.org.br\/novo\/4-mobilizacao-nacional-dos-trabalhadores-do-sistema-socioeducativo\/","og_site_name":"SITSESP","article_published_time":"2020-01-28T22:12:31+00:00","og_image":[{"width":1104,"height":1187,"url":"https:\/\/www.sitsesp.org.br\/novo\/wp-content\/uploads\/2020\/10\/1580249551-1.png","type":"image\/png"}],"author":"mhais","twitter_card":"summary_large_image","twitter_misc":{"Escrito por":"mhais","Est. tempo de leitura":"2 minutos"},"schema":{"@context":"https:\/\/schema.org","@graph":[{"@type":"Article","@id":"https:\/\/www.sitsesp.org.br\/novo\/4-mobilizacao-nacional-dos-trabalhadores-do-sistema-socioeducativo\/#article","isPartOf":{"@id":"https:\/\/www.sitsesp.org.br\/novo\/4-mobilizacao-nacional-dos-trabalhadores-do-sistema-socioeducativo\/"},"author":{"name":"mhais","@id":"https:\/\/www.sitsesp.org.br\/novo\/#\/schema\/person\/2a4c180eb185645b3bef8657c75e305a"},"headline":"4\u00b0 Mobiliza\u00e7\u00e3o Nacional dos Trabalhadores do Sistema Socioeducativo","datePublished":"2020-01-28T22:12:31+00:00","dateModified":"2020-01-28T22:12:31+00:00","mainEntityOfPage":{"@id":"https:\/\/www.sitsesp.org.br\/novo\/4-mobilizacao-nacional-dos-trabalhadores-do-sistema-socioeducativo\/"},"wordCount":367,"commentCount":0,"publisher":{"@id":"https:\/\/www.sitsesp.org.br\/novo\/#organization"},"image":{"@id":"https:\/\/www.sitsesp.org.br\/novo\/4-mobilizacao-nacional-dos-trabalhadores-do-sistema-socioeducativo\/#primaryimage"},"thumbnailUrl":"https:\/\/www.sitsesp.org.br\/novo\/wp-content\/uploads\/2020\/10\/1580249551-1.png","articleSection":["Noticias"],"inLanguage":"pt-BR","potentialAction":[{"@type":"CommentAction","name":"Comment","target":["https:\/\/www.sitsesp.org.br\/novo\/4-mobilizacao-nacional-dos-trabalhadores-do-sistema-socioeducativo\/#respond"]}]},{"@type":"WebPage","@id":"https:\/\/www.sitsesp.org.br\/novo\/4-mobilizacao-nacional-dos-trabalhadores-do-sistema-socioeducativo\/","url":"https:\/\/www.sitsesp.org.br\/novo\/4-mobilizacao-nacional-dos-trabalhadores-do-sistema-socioeducativo\/","name":"4\u00b0 Mobiliza\u00e7\u00e3o Nacional dos Trabalhadores do Sistema Socioeducativo - SITSESP","isPartOf":{"@id":"https:\/\/www.sitsesp.org.br\/novo\/#website"},"primaryImageOfPage":{"@id":"https:\/\/www.sitsesp.org.br\/novo\/4-mobilizacao-nacional-dos-trabalhadores-do-sistema-socioeducativo\/#primaryimage"},"image":{"@id":"https:\/\/www.sitsesp.org.br\/novo\/4-mobilizacao-nacional-dos-trabalhadores-do-sistema-socioeducativo\/#primaryimage"},"thumbnailUrl":"https:\/\/www.sitsesp.org.br\/novo\/wp-content\/uploads\/2020\/10\/1580249551-1.png","datePublished":"2020-01-28T22:12:31+00:00","dateModified":"2020-01-28T22:12:31+00:00","breadcrumb":{"@id":"https:\/\/www.sitsesp.org.br\/novo\/4-mobilizacao-nacional-dos-trabalhadores-do-sistema-socioeducativo\/#breadcrumb"},"inLanguage":"pt-BR","potentialAction":[{"@type":"ReadAction","target":["https:\/\/www.sitsesp.org.br\/novo\/4-mobilizacao-nacional-dos-trabalhadores-do-sistema-socioeducativo\/"]}]},{"@type":"ImageObject","inLanguage":"pt-BR","@id":"https:\/\/www.sitsesp.org.br\/novo\/4-mobilizacao-nacional-dos-trabalhadores-do-sistema-socioeducativo\/#primaryimage","url":"https:\/\/www.sitsesp.org.br\/novo\/wp-content\/uploads\/2020\/10\/1580249551-1.png","contentUrl":"https:\/\/www.sitsesp.org.br\/novo\/wp-content\/uploads\/2020\/10\/1580249551-1.png","width":1104,"height":1187},{"@type":"BreadcrumbList","@id":"https:\/\/www.sitsesp.org.br\/novo\/4-mobilizacao-nacional-dos-trabalhadores-do-sistema-socioeducativo\/#breadcrumb","itemListElement":[{"@type":"ListItem","position":1,"name":"In\u00edcio","item":"https:\/\/www.sitsesp.org.br\/novo\/"},{"@type":"ListItem","position":2,"name":"4\u00b0 Mobiliza\u00e7\u00e3o Nacional dos Trabalhadores do Sistema Socioeducativo"}]},{"@type":"WebSite","@id":"https:\/\/www.sitsesp.org.br\/novo\/#website","url":"https:\/\/www.sitsesp.org.br\/novo\/","name":"Sitsesp","description":"SIndicato da Socioeduca\u00e7\u00e3o do Estado de S\u00e3o Paulo","publisher":{"@id":"https:\/\/www.sitsesp.org.br\/novo\/#organization"},"potentialAction":[{"@type":"SearchAction","target":{"@type":"EntryPoint","urlTemplate":"https:\/\/www.sitsesp.org.br\/novo\/?s={search_term_string}"},"query-input":"required name=search_term_string"}],"inLanguage":"pt-BR"},{"@type":"Organization","@id":"https:\/\/www.sitsesp.org.br\/novo\/#organization","name":"Sitsesp","url":"https:\/\/www.sitsesp.org.br\/novo\/","logo":{"@type":"ImageObject","inLanguage":"pt-BR","@id":"https:\/\/www.sitsesp.org.br\/novo\/#\/schema\/logo\/image\/","url":"https:\/\/www.sitsesp.org.br\/novo\/wp-content\/uploads\/2020\/09\/Design-sem-nome-1.jpg","contentUrl":"https:\/\/www.sitsesp.org.br\/novo\/wp-content\/uploads\/2020\/09\/Design-sem-nome-1.jpg","width":300,"height":300,"caption":"Sitsesp"},"image":{"@id":"https:\/\/www.sitsesp.org.br\/novo\/#\/schema\/logo\/image\/"}},{"@type":"Person","@id":"https:\/\/www.sitsesp.org.br\/novo\/#\/schema\/person\/2a4c180eb185645b3bef8657c75e305a","name":"mhais","image":{"@type":"ImageObject","inLanguage":"pt-BR","@id":"https:\/\/www.sitsesp.org.br\/novo\/#\/schema\/person\/image\/","url":"https:\/\/secure.gravatar.com\/avatar\/6f4eabe86990e81328cf702edfa92a60?s=96&d=mm&r=g","contentUrl":"https:\/\/secure.gravatar.com\/avatar\/6f4eabe86990e81328cf702edfa92a60?s=96&d=mm&r=g","caption":"mhais"},"sameAs":["http:\/\/localhost\/sitsesp"]}]}},"_links":{"self":[{"href":"https:\/\/www.sitsesp.org.br\/novo\/wp-json\/wp\/v2\/posts\/2454"}],"collection":[{"href":"https:\/\/www.sitsesp.org.br\/novo\/wp-json\/wp\/v2\/posts"}],"about":[{"href":"https:\/\/www.sitsesp.org.br\/novo\/wp-json\/wp\/v2\/types\/post"}],"author":[{"embeddable":true,"href":"https:\/\/www.sitsesp.org.br\/novo\/wp-json\/wp\/v2\/users\/1"}],"replies":[{"embeddable":true,"href":"https:\/\/www.sitsesp.org.br\/novo\/wp-json\/wp\/v2\/comments?post=2454"}],"version-history":[{"count":0,"href":"https:\/\/www.sitsesp.org.br\/novo\/wp-json\/wp\/v2\/posts\/2454\/revisions"}],"wp:featuredmedia":[{"embeddable":true,"href":"https:\/\/www.sitsesp.org.br\/novo\/wp-json\/wp\/v2\/media\/2455"}],"wp:attachment":[{"href":"https:\/\/www.sitsesp.org.br\/novo\/wp-json\/wp\/v2\/media?parent=2454"}],"wp:term":[{"taxonomy":"category","embeddable":true,"href":"https:\/\/www.sitsesp.org.br\/novo\/wp-json\/wp\/v2\/categories?post=2454"},{"taxonomy":"post_tag","embeddable":true,"href":"https:\/\/www.sitsesp.org.br\/novo\/wp-json\/wp\/v2\/tags?post=2454"}],"curies":[{"name":"wp","href":"https:\/\/api.w.org\/{rel}","templated":true}]}}