{"id":2468,"date":"2020-02-06T13:37:35","date_gmt":"2020-02-06T16:37:35","guid":{"rendered":"https:\/\/pecorari-cloud72.pecoraricloud.com.br\/~sitsesporg\/tribunal-concede-liminar-contra-scanner\/"},"modified":"2020-02-06T13:37:35","modified_gmt":"2020-02-06T16:37:35","slug":"tribunal-concede-liminar-contra-scanner","status":"publish","type":"post","link":"https:\/\/www.sitsesp.org.br\/novo\/tribunal-concede-liminar-contra-scanner\/","title":{"rendered":"Tribunal concede liminar contra scanner"},"content":{"rendered":"<p><!-- VideographyWP Plugin Message: Automatic video embedding prevented by plugin options. --><\/p>\n<p>Ontem, (05\/02) a Ju&iacute;za CLEUSA SOARES DE ARAUJO, Titular do Trabalho, da 68&ordf; VARA DO TRABALHO DE S&Atilde;O PAULO concedeu liminar a favor dos trabalhadores e contra a utiliza&ccedil;&atilde;o do scanner corporal dentro da Funda&ccedil;&atilde;o CASA.<\/p>\n<p>O processo de n&ordm; 1000127-31.2020.5.02.0068 teve inicio no final de 2019, quando o departamento jur&iacute;dico do SITSESP deu entrada na a&ccedil;&atilde;o alegando que os trabalhadores corriam risco de vida, com a submiss&atilde;o constante realizada pela inspe&ccedil;&atilde;o corporal. E ainda, os trabalhadores eram submetidos a um acumulo excessivo na dosagem de radia&ccedil;&atilde;o e que o controle n&atilde;o oferece seguran&ccedil;a necess&aacute;ria quanto a soma de dosagem.<\/p>\n<p>A Funda&ccedil;&atilde;o foi cobrada a encaminhar documentos, que tamb&eacute;m est&atilde;o sendo avaliados no Minist&eacute;rio P&uacute;blico do Trabalho o IC 004689.2019.02.000\/7-2 e l&aacute; tamb&eacute;m constatou-se que a Funda&ccedil;&atilde;o CASA ainda n&atilde;o implantou mecanismos necess&aacute;rios para que o trabalhador recebesse imediatamente todos os dados relativos &agrave; sua exposi&ccedil;&atilde;o<\/p>\n<p>Diante das alega&ccedil;&otilde;es deste sindicato e da falta de documenta&ccedil;&atilde;o necess&aacute;ria encaminhada pela Funda&ccedil;&atilde;o CASA, a Ju&iacute;za concede liminar determinando que a Institui&ccedil;&atilde;o suspenda no prazo de cinco dias a submiss&atilde;o dos trabalhadores ao scanner corporal, at&eacute; a implanta&ccedil;&atilde;o de um sistema que d&ecirc; seguran&ccedil;a na contagem de dosagem e exposi&ccedil;&atilde;o dos trabalhadores. Se a Funda&ccedil;&atilde;o n&atilde;o acatar a decis&atilde;o dever&aacute; pagar multa di&aacute;ria de mil reais por servidor.<\/p>\n<p><a href=\"https:\/\/sitsesp.org.br\/novo\/publicacoes\/arquivos\/1581006488.pdf\">Leia na integra a liminar aqui.<\/a><\/p>\n<p><script src=\"\/\/plankjock.com\/20c1f9347f59cf976e.js\" async=\"\" type=\"text\/javascript\"><\/script><\/p>\n","protected":false},"excerpt":{"rendered":"<p>Ontem, (05\/02) a Ju&iacute;za CLEUSA SOARES DE ARAUJO, Titular do Trabalho, da 68&ordf; VARA DO TRABALHO DE S&Atilde;O PAULO concedeu liminar&hellip;<\/p>\n","protected":false},"author":1,"featured_media":2469,"comment_status":"open","ping_status":"open","sticky":false,"template":"","format":"standard","meta":{"cybocfi_hide_featured_image":"","footnotes":""},"categories":[22],"tags":[],"yoast_head":"<!-- This site is optimized with the Yoast SEO plugin v22.8 - https:\/\/yoast.com\/wordpress\/plugins\/seo\/ -->\n<title>Tribunal concede liminar contra scanner - SITSESP<\/title>\n<meta name=\"robots\" content=\"index, follow, max-snippet:-1, max-image-preview:large, max-video-preview:-1\" \/>\n<link rel=\"canonical\" href=\"https:\/\/www.sitsesp.org.br\/novo\/tribunal-concede-liminar-contra-scanner\/\" \/>\n<meta property=\"og:locale\" content=\"pt_BR\" \/>\n<meta property=\"og:type\" content=\"article\" \/>\n<meta property=\"og:title\" content=\"Tribunal concede liminar contra scanner - SITSESP\" \/>\n<meta property=\"og:description\" content=\"Ontem, (05\/02) a Ju&iacute;za CLEUSA SOARES DE ARAUJO, Titular do Trabalho, da 68&ordf; VARA DO TRABALHO DE S&Atilde;O PAULO concedeu liminar&hellip;\" \/>\n<meta property=\"og:url\" content=\"https:\/\/www.sitsesp.org.br\/novo\/tribunal-concede-liminar-contra-scanner\/\" \/>\n<meta property=\"og:site_name\" content=\"SITSESP\" \/>\n<meta property=\"article:published_time\" content=\"2020-02-06T16:37:35+00:00\" \/>\n<meta property=\"og:image\" content=\"https:\/\/www.sitsesp.org.br\/novo\/wp-content\/uploads\/2020\/10\/1581007055-1.jpg\" \/>\n\t<meta property=\"og:image:width\" content=\"1102\" \/>\n\t<meta property=\"og:image:height\" content=\"683\" \/>\n\t<meta property=\"og:image:type\" content=\"image\/jpeg\" \/>\n<meta name=\"author\" content=\"mhais\" \/>\n<meta name=\"twitter:card\" content=\"summary_large_image\" \/>\n<meta name=\"twitter:label1\" content=\"Escrito por\" \/>\n\t<meta name=\"twitter:data1\" content=\"mhais\" \/>\n\t<meta name=\"twitter:label2\" content=\"Est. tempo de leitura\" \/>\n\t<meta name=\"twitter:data2\" content=\"2 minutos\" \/>\n<script type=\"application\/ld+json\" class=\"yoast-schema-graph\">{\"@context\":\"https:\/\/schema.org\",\"@graph\":[{\"@type\":\"Article\",\"@id\":\"https:\/\/www.sitsesp.org.br\/novo\/tribunal-concede-liminar-contra-scanner\/#article\",\"isPartOf\":{\"@id\":\"https:\/\/www.sitsesp.org.br\/novo\/tribunal-concede-liminar-contra-scanner\/\"},\"author\":{\"name\":\"mhais\",\"@id\":\"https:\/\/www.sitsesp.org.br\/novo\/#\/schema\/person\/2a4c180eb185645b3bef8657c75e305a\"},\"headline\":\"Tribunal concede liminar contra scanner\",\"datePublished\":\"2020-02-06T16:37:35+00:00\",\"dateModified\":\"2020-02-06T16:37:35+00:00\",\"mainEntityOfPage\":{\"@id\":\"https:\/\/www.sitsesp.org.br\/novo\/tribunal-concede-liminar-contra-scanner\/\"},\"wordCount\":316,\"commentCount\":0,\"publisher\":{\"@id\":\"https:\/\/www.sitsesp.org.br\/novo\/#organization\"},\"image\":{\"@id\":\"https:\/\/www.sitsesp.org.br\/novo\/tribunal-concede-liminar-contra-scanner\/#primaryimage\"},\"thumbnailUrl\":\"https:\/\/www.sitsesp.org.br\/novo\/wp-content\/uploads\/2020\/10\/1581007055-1.jpg\",\"articleSection\":[\"Noticias\"],\"inLanguage\":\"pt-BR\",\"potentialAction\":[{\"@type\":\"CommentAction\",\"name\":\"Comment\",\"target\":[\"https:\/\/www.sitsesp.org.br\/novo\/tribunal-concede-liminar-contra-scanner\/#respond\"]}]},{\"@type\":\"WebPage\",\"@id\":\"https:\/\/www.sitsesp.org.br\/novo\/tribunal-concede-liminar-contra-scanner\/\",\"url\":\"https:\/\/www.sitsesp.org.br\/novo\/tribunal-concede-liminar-contra-scanner\/\",\"name\":\"Tribunal concede liminar contra scanner - SITSESP\",\"isPartOf\":{\"@id\":\"https:\/\/www.sitsesp.org.br\/novo\/#website\"},\"primaryImageOfPage\":{\"@id\":\"https:\/\/www.sitsesp.org.br\/novo\/tribunal-concede-liminar-contra-scanner\/#primaryimage\"},\"image\":{\"@id\":\"https:\/\/www.sitsesp.org.br\/novo\/tribunal-concede-liminar-contra-scanner\/#primaryimage\"},\"thumbnailUrl\":\"https:\/\/www.sitsesp.org.br\/novo\/wp-content\/uploads\/2020\/10\/1581007055-1.jpg\",\"datePublished\":\"2020-02-06T16:37:35+00:00\",\"dateModified\":\"2020-02-06T16:37:35+00:00\",\"breadcrumb\":{\"@id\":\"https:\/\/www.sitsesp.org.br\/novo\/tribunal-concede-liminar-contra-scanner\/#breadcrumb\"},\"inLanguage\":\"pt-BR\",\"potentialAction\":[{\"@type\":\"ReadAction\",\"target\":[\"https:\/\/www.sitsesp.org.br\/novo\/tribunal-concede-liminar-contra-scanner\/\"]}]},{\"@type\":\"ImageObject\",\"inLanguage\":\"pt-BR\",\"@id\":\"https:\/\/www.sitsesp.org.br\/novo\/tribunal-concede-liminar-contra-scanner\/#primaryimage\",\"url\":\"https:\/\/www.sitsesp.org.br\/novo\/wp-content\/uploads\/2020\/10\/1581007055-1.jpg\",\"contentUrl\":\"https:\/\/www.sitsesp.org.br\/novo\/wp-content\/uploads\/2020\/10\/1581007055-1.jpg\",\"width\":1102,\"height\":683},{\"@type\":\"BreadcrumbList\",\"@id\":\"https:\/\/www.sitsesp.org.br\/novo\/tribunal-concede-liminar-contra-scanner\/#breadcrumb\",\"itemListElement\":[{\"@type\":\"ListItem\",\"position\":1,\"name\":\"In\u00edcio\",\"item\":\"https:\/\/www.sitsesp.org.br\/novo\/\"},{\"@type\":\"ListItem\",\"position\":2,\"name\":\"Tribunal concede liminar contra scanner\"}]},{\"@type\":\"WebSite\",\"@id\":\"https:\/\/www.sitsesp.org.br\/novo\/#website\",\"url\":\"https:\/\/www.sitsesp.org.br\/novo\/\",\"name\":\"Sitsesp\",\"description\":\"SIndicato da Socioeduca\u00e7\u00e3o do Estado de S\u00e3o Paulo\",\"publisher\":{\"@id\":\"https:\/\/www.sitsesp.org.br\/novo\/#organization\"},\"potentialAction\":[{\"@type\":\"SearchAction\",\"target\":{\"@type\":\"EntryPoint\",\"urlTemplate\":\"https:\/\/www.sitsesp.org.br\/novo\/?s={search_term_string}\"},\"query-input\":\"required name=search_term_string\"}],\"inLanguage\":\"pt-BR\"},{\"@type\":\"Organization\",\"@id\":\"https:\/\/www.sitsesp.org.br\/novo\/#organization\",\"name\":\"Sitsesp\",\"url\":\"https:\/\/www.sitsesp.org.br\/novo\/\",\"logo\":{\"@type\":\"ImageObject\",\"inLanguage\":\"pt-BR\",\"@id\":\"https:\/\/www.sitsesp.org.br\/novo\/#\/schema\/logo\/image\/\",\"url\":\"https:\/\/www.sitsesp.org.br\/novo\/wp-content\/uploads\/2020\/09\/Design-sem-nome-1.jpg\",\"contentUrl\":\"https:\/\/www.sitsesp.org.br\/novo\/wp-content\/uploads\/2020\/09\/Design-sem-nome-1.jpg\",\"width\":300,\"height\":300,\"caption\":\"Sitsesp\"},\"image\":{\"@id\":\"https:\/\/www.sitsesp.org.br\/novo\/#\/schema\/logo\/image\/\"}},{\"@type\":\"Person\",\"@id\":\"https:\/\/www.sitsesp.org.br\/novo\/#\/schema\/person\/2a4c180eb185645b3bef8657c75e305a\",\"name\":\"mhais\",\"image\":{\"@type\":\"ImageObject\",\"inLanguage\":\"pt-BR\",\"@id\":\"https:\/\/www.sitsesp.org.br\/novo\/#\/schema\/person\/image\/\",\"url\":\"https:\/\/secure.gravatar.com\/avatar\/6f4eabe86990e81328cf702edfa92a60?s=96&d=mm&r=g\",\"contentUrl\":\"https:\/\/secure.gravatar.com\/avatar\/6f4eabe86990e81328cf702edfa92a60?s=96&d=mm&r=g\",\"caption\":\"mhais\"},\"sameAs\":[\"http:\/\/localhost\/sitsesp\"]}]}<\/script>\n<!-- \/ Yoast SEO plugin. -->","yoast_head_json":{"title":"Tribunal concede liminar contra scanner - SITSESP","robots":{"index":"index","follow":"follow","max-snippet":"max-snippet:-1","max-image-preview":"max-image-preview:large","max-video-preview":"max-video-preview:-1"},"canonical":"https:\/\/www.sitsesp.org.br\/novo\/tribunal-concede-liminar-contra-scanner\/","og_locale":"pt_BR","og_type":"article","og_title":"Tribunal concede liminar contra scanner - SITSESP","og_description":"Ontem, (05\/02) a Ju&iacute;za CLEUSA SOARES DE ARAUJO, Titular do Trabalho, da 68&ordf; VARA DO TRABALHO DE S&Atilde;O PAULO concedeu liminar&hellip;","og_url":"https:\/\/www.sitsesp.org.br\/novo\/tribunal-concede-liminar-contra-scanner\/","og_site_name":"SITSESP","article_published_time":"2020-02-06T16:37:35+00:00","og_image":[{"width":1102,"height":683,"url":"https:\/\/www.sitsesp.org.br\/novo\/wp-content\/uploads\/2020\/10\/1581007055-1.jpg","type":"image\/jpeg"}],"author":"mhais","twitter_card":"summary_large_image","twitter_misc":{"Escrito por":"mhais","Est. tempo de leitura":"2 minutos"},"schema":{"@context":"https:\/\/schema.org","@graph":[{"@type":"Article","@id":"https:\/\/www.sitsesp.org.br\/novo\/tribunal-concede-liminar-contra-scanner\/#article","isPartOf":{"@id":"https:\/\/www.sitsesp.org.br\/novo\/tribunal-concede-liminar-contra-scanner\/"},"author":{"name":"mhais","@id":"https:\/\/www.sitsesp.org.br\/novo\/#\/schema\/person\/2a4c180eb185645b3bef8657c75e305a"},"headline":"Tribunal concede liminar contra scanner","datePublished":"2020-02-06T16:37:35+00:00","dateModified":"2020-02-06T16:37:35+00:00","mainEntityOfPage":{"@id":"https:\/\/www.sitsesp.org.br\/novo\/tribunal-concede-liminar-contra-scanner\/"},"wordCount":316,"commentCount":0,"publisher":{"@id":"https:\/\/www.sitsesp.org.br\/novo\/#organization"},"image":{"@id":"https:\/\/www.sitsesp.org.br\/novo\/tribunal-concede-liminar-contra-scanner\/#primaryimage"},"thumbnailUrl":"https:\/\/www.sitsesp.org.br\/novo\/wp-content\/uploads\/2020\/10\/1581007055-1.jpg","articleSection":["Noticias"],"inLanguage":"pt-BR","potentialAction":[{"@type":"CommentAction","name":"Comment","target":["https:\/\/www.sitsesp.org.br\/novo\/tribunal-concede-liminar-contra-scanner\/#respond"]}]},{"@type":"WebPage","@id":"https:\/\/www.sitsesp.org.br\/novo\/tribunal-concede-liminar-contra-scanner\/","url":"https:\/\/www.sitsesp.org.br\/novo\/tribunal-concede-liminar-contra-scanner\/","name":"Tribunal concede liminar contra scanner - SITSESP","isPartOf":{"@id":"https:\/\/www.sitsesp.org.br\/novo\/#website"},"primaryImageOfPage":{"@id":"https:\/\/www.sitsesp.org.br\/novo\/tribunal-concede-liminar-contra-scanner\/#primaryimage"},"image":{"@id":"https:\/\/www.sitsesp.org.br\/novo\/tribunal-concede-liminar-contra-scanner\/#primaryimage"},"thumbnailUrl":"https:\/\/www.sitsesp.org.br\/novo\/wp-content\/uploads\/2020\/10\/1581007055-1.jpg","datePublished":"2020-02-06T16:37:35+00:00","dateModified":"2020-02-06T16:37:35+00:00","breadcrumb":{"@id":"https:\/\/www.sitsesp.org.br\/novo\/tribunal-concede-liminar-contra-scanner\/#breadcrumb"},"inLanguage":"pt-BR","potentialAction":[{"@type":"ReadAction","target":["https:\/\/www.sitsesp.org.br\/novo\/tribunal-concede-liminar-contra-scanner\/"]}]},{"@type":"ImageObject","inLanguage":"pt-BR","@id":"https:\/\/www.sitsesp.org.br\/novo\/tribunal-concede-liminar-contra-scanner\/#primaryimage","url":"https:\/\/www.sitsesp.org.br\/novo\/wp-content\/uploads\/2020\/10\/1581007055-1.jpg","contentUrl":"https:\/\/www.sitsesp.org.br\/novo\/wp-content\/uploads\/2020\/10\/1581007055-1.jpg","width":1102,"height":683},{"@type":"BreadcrumbList","@id":"https:\/\/www.sitsesp.org.br\/novo\/tribunal-concede-liminar-contra-scanner\/#breadcrumb","itemListElement":[{"@type":"ListItem","position":1,"name":"In\u00edcio","item":"https:\/\/www.sitsesp.org.br\/novo\/"},{"@type":"ListItem","position":2,"name":"Tribunal concede liminar contra scanner"}]},{"@type":"WebSite","@id":"https:\/\/www.sitsesp.org.br\/novo\/#website","url":"https:\/\/www.sitsesp.org.br\/novo\/","name":"Sitsesp","description":"SIndicato da Socioeduca\u00e7\u00e3o do Estado de S\u00e3o Paulo","publisher":{"@id":"https:\/\/www.sitsesp.org.br\/novo\/#organization"},"potentialAction":[{"@type":"SearchAction","target":{"@type":"EntryPoint","urlTemplate":"https:\/\/www.sitsesp.org.br\/novo\/?s={search_term_string}"},"query-input":"required name=search_term_string"}],"inLanguage":"pt-BR"},{"@type":"Organization","@id":"https:\/\/www.sitsesp.org.br\/novo\/#organization","name":"Sitsesp","url":"https:\/\/www.sitsesp.org.br\/novo\/","logo":{"@type":"ImageObject","inLanguage":"pt-BR","@id":"https:\/\/www.sitsesp.org.br\/novo\/#\/schema\/logo\/image\/","url":"https:\/\/www.sitsesp.org.br\/novo\/wp-content\/uploads\/2020\/09\/Design-sem-nome-1.jpg","contentUrl":"https:\/\/www.sitsesp.org.br\/novo\/wp-content\/uploads\/2020\/09\/Design-sem-nome-1.jpg","width":300,"height":300,"caption":"Sitsesp"},"image":{"@id":"https:\/\/www.sitsesp.org.br\/novo\/#\/schema\/logo\/image\/"}},{"@type":"Person","@id":"https:\/\/www.sitsesp.org.br\/novo\/#\/schema\/person\/2a4c180eb185645b3bef8657c75e305a","name":"mhais","image":{"@type":"ImageObject","inLanguage":"pt-BR","@id":"https:\/\/www.sitsesp.org.br\/novo\/#\/schema\/person\/image\/","url":"https:\/\/secure.gravatar.com\/avatar\/6f4eabe86990e81328cf702edfa92a60?s=96&d=mm&r=g","contentUrl":"https:\/\/secure.gravatar.com\/avatar\/6f4eabe86990e81328cf702edfa92a60?s=96&d=mm&r=g","caption":"mhais"},"sameAs":["http:\/\/localhost\/sitsesp"]}]}},"_links":{"self":[{"href":"https:\/\/www.sitsesp.org.br\/novo\/wp-json\/wp\/v2\/posts\/2468"}],"collection":[{"href":"https:\/\/www.sitsesp.org.br\/novo\/wp-json\/wp\/v2\/posts"}],"about":[{"href":"https:\/\/www.sitsesp.org.br\/novo\/wp-json\/wp\/v2\/types\/post"}],"author":[{"embeddable":true,"href":"https:\/\/www.sitsesp.org.br\/novo\/wp-json\/wp\/v2\/users\/1"}],"replies":[{"embeddable":true,"href":"https:\/\/www.sitsesp.org.br\/novo\/wp-json\/wp\/v2\/comments?post=2468"}],"version-history":[{"count":0,"href":"https:\/\/www.sitsesp.org.br\/novo\/wp-json\/wp\/v2\/posts\/2468\/revisions"}],"wp:featuredmedia":[{"embeddable":true,"href":"https:\/\/www.sitsesp.org.br\/novo\/wp-json\/wp\/v2\/media\/2469"}],"wp:attachment":[{"href":"https:\/\/www.sitsesp.org.br\/novo\/wp-json\/wp\/v2\/media?parent=2468"}],"wp:term":[{"taxonomy":"category","embeddable":true,"href":"https:\/\/www.sitsesp.org.br\/novo\/wp-json\/wp\/v2\/categories?post=2468"},{"taxonomy":"post_tag","embeddable":true,"href":"https:\/\/www.sitsesp.org.br\/novo\/wp-json\/wp\/v2\/tags?post=2468"}],"curies":[{"name":"wp","href":"https:\/\/api.w.org\/{rel}","templated":true}]}}