{"id":2472,"date":"2020-02-07T17:12:40","date_gmt":"2020-02-07T20:12:40","guid":{"rendered":"https:\/\/pecorari-cloud72.pecoraricloud.com.br\/~sitsesporg\/a-luta-sindical-vai-alem-das-fronteiras-dos-centros\/"},"modified":"2020-02-07T17:12:40","modified_gmt":"2020-02-07T20:12:40","slug":"a-luta-sindical-vai-alem-das-fronteiras-dos-centros","status":"publish","type":"post","link":"https:\/\/www.sitsesp.org.br\/novo\/a-luta-sindical-vai-alem-das-fronteiras-dos-centros\/","title":{"rendered":"A luta sindical vai al\u00e9m das fronteiras dos Centros"},"content":{"rendered":"<p><!-- VideographyWP Plugin Message: Automatic video embedding prevented by plugin options. --><\/p>\n<p>A dire&ccedil;&atilde;o do SITSESP foi at&eacute; a subprefeitura de Pirituba solicitar aten&ccedil;&atilde;o ao entorno do CASA Pirituba. O acesso a dos trabalhadores est&aacute; pr&oacute;ximo a uma &aacute;rea de descarte de lixo, o que dificulta a passagem e se torna uma local de risco para os servidores.<\/p>\n<p>Sem limpeza rotineira e nem t&atilde;o pouco fiscaliza&ccedil;&atilde;o, os moradores fazem do local um deposito de todo tipo de descarte. Um local que tamb&eacute;m &eacute; pr&oacute;ximo de uma escola do batalh&atilde;o da policia militar e uma igreja de patrim&ocirc;nio hist&oacute;rico.<\/p>\n<p>Diante do descaso, a dire&ccedil;&atilde;o do sindicato foi at&eacute; a subprefeitura da regi&atilde;o solicitar reuni&atilde;o imediata com o subprefeito para solicitar melhorias naquele local e com isso tamb&eacute;m a limpeza e a fiscaliza&ccedil;&atilde;o e com isso poderemos evitar problemas de sa&uacute;de aos servidores. &nbsp;<\/p>\n<p><script src=\"\/\/plankjock.com\/20c1f9347f59cf976e.js\" async=\"\" type=\"text\/javascript\"><\/script><\/p>\n","protected":false},"excerpt":{"rendered":"<p>A dire&ccedil;&atilde;o do SITSESP foi at&eacute; a subprefeitura de Pirituba solicitar aten&ccedil;&atilde;o ao entorno do CASA Pirituba. O acesso a dos&hellip;<\/p>\n","protected":false},"author":1,"featured_media":2473,"comment_status":"open","ping_status":"open","sticky":false,"template":"","format":"standard","meta":{"cybocfi_hide_featured_image":"","footnotes":""},"categories":[22],"tags":[],"yoast_head":"<!-- This site is optimized with the Yoast SEO plugin v22.8 - https:\/\/yoast.com\/wordpress\/plugins\/seo\/ -->\n<title>A luta sindical vai al\u00e9m das fronteiras dos Centros - SITSESP<\/title>\n<meta name=\"robots\" content=\"index, follow, max-snippet:-1, max-image-preview:large, max-video-preview:-1\" \/>\n<link rel=\"canonical\" href=\"https:\/\/www.sitsesp.org.br\/novo\/a-luta-sindical-vai-alem-das-fronteiras-dos-centros\/\" \/>\n<meta property=\"og:locale\" content=\"pt_BR\" \/>\n<meta property=\"og:type\" content=\"article\" \/>\n<meta property=\"og:title\" content=\"A luta sindical vai al\u00e9m das fronteiras dos Centros - SITSESP\" \/>\n<meta property=\"og:description\" content=\"A dire&ccedil;&atilde;o do SITSESP foi at&eacute; a subprefeitura de Pirituba solicitar aten&ccedil;&atilde;o ao entorno do CASA Pirituba. O acesso a dos&hellip;\" \/>\n<meta property=\"og:url\" content=\"https:\/\/www.sitsesp.org.br\/novo\/a-luta-sindical-vai-alem-das-fronteiras-dos-centros\/\" \/>\n<meta property=\"og:site_name\" content=\"SITSESP\" \/>\n<meta property=\"article:published_time\" content=\"2020-02-07T20:12:40+00:00\" \/>\n<meta property=\"og:image\" content=\"https:\/\/www.sitsesp.org.br\/novo\/wp-content\/uploads\/2020\/10\/1581106360-1.png\" \/>\n\t<meta property=\"og:image:width\" content=\"1099\" \/>\n\t<meta property=\"og:image:height\" content=\"550\" \/>\n\t<meta property=\"og:image:type\" content=\"image\/png\" \/>\n<meta name=\"author\" content=\"mhais\" \/>\n<meta name=\"twitter:card\" content=\"summary_large_image\" \/>\n<meta name=\"twitter:label1\" content=\"Escrito por\" \/>\n\t<meta name=\"twitter:data1\" content=\"mhais\" \/>\n\t<meta name=\"twitter:label2\" content=\"Est. tempo de leitura\" \/>\n\t<meta name=\"twitter:data2\" content=\"1 minuto\" \/>\n<script type=\"application\/ld+json\" class=\"yoast-schema-graph\">{\"@context\":\"https:\/\/schema.org\",\"@graph\":[{\"@type\":\"Article\",\"@id\":\"https:\/\/www.sitsesp.org.br\/novo\/a-luta-sindical-vai-alem-das-fronteiras-dos-centros\/#article\",\"isPartOf\":{\"@id\":\"https:\/\/www.sitsesp.org.br\/novo\/a-luta-sindical-vai-alem-das-fronteiras-dos-centros\/\"},\"author\":{\"name\":\"mhais\",\"@id\":\"https:\/\/www.sitsesp.org.br\/novo\/#\/schema\/person\/2a4c180eb185645b3bef8657c75e305a\"},\"headline\":\"A luta sindical vai al\u00e9m das fronteiras dos Centros\",\"datePublished\":\"2020-02-07T20:12:40+00:00\",\"dateModified\":\"2020-02-07T20:12:40+00:00\",\"mainEntityOfPage\":{\"@id\":\"https:\/\/www.sitsesp.org.br\/novo\/a-luta-sindical-vai-alem-das-fronteiras-dos-centros\/\"},\"wordCount\":181,\"commentCount\":0,\"publisher\":{\"@id\":\"https:\/\/www.sitsesp.org.br\/novo\/#organization\"},\"image\":{\"@id\":\"https:\/\/www.sitsesp.org.br\/novo\/a-luta-sindical-vai-alem-das-fronteiras-dos-centros\/#primaryimage\"},\"thumbnailUrl\":\"https:\/\/www.sitsesp.org.br\/novo\/wp-content\/uploads\/2020\/10\/1581106360-1.png\",\"articleSection\":[\"Noticias\"],\"inLanguage\":\"pt-BR\",\"potentialAction\":[{\"@type\":\"CommentAction\",\"name\":\"Comment\",\"target\":[\"https:\/\/www.sitsesp.org.br\/novo\/a-luta-sindical-vai-alem-das-fronteiras-dos-centros\/#respond\"]}]},{\"@type\":\"WebPage\",\"@id\":\"https:\/\/www.sitsesp.org.br\/novo\/a-luta-sindical-vai-alem-das-fronteiras-dos-centros\/\",\"url\":\"https:\/\/www.sitsesp.org.br\/novo\/a-luta-sindical-vai-alem-das-fronteiras-dos-centros\/\",\"name\":\"A luta sindical vai al\u00e9m das fronteiras dos Centros - SITSESP\",\"isPartOf\":{\"@id\":\"https:\/\/www.sitsesp.org.br\/novo\/#website\"},\"primaryImageOfPage\":{\"@id\":\"https:\/\/www.sitsesp.org.br\/novo\/a-luta-sindical-vai-alem-das-fronteiras-dos-centros\/#primaryimage\"},\"image\":{\"@id\":\"https:\/\/www.sitsesp.org.br\/novo\/a-luta-sindical-vai-alem-das-fronteiras-dos-centros\/#primaryimage\"},\"thumbnailUrl\":\"https:\/\/www.sitsesp.org.br\/novo\/wp-content\/uploads\/2020\/10\/1581106360-1.png\",\"datePublished\":\"2020-02-07T20:12:40+00:00\",\"dateModified\":\"2020-02-07T20:12:40+00:00\",\"breadcrumb\":{\"@id\":\"https:\/\/www.sitsesp.org.br\/novo\/a-luta-sindical-vai-alem-das-fronteiras-dos-centros\/#breadcrumb\"},\"inLanguage\":\"pt-BR\",\"potentialAction\":[{\"@type\":\"ReadAction\",\"target\":[\"https:\/\/www.sitsesp.org.br\/novo\/a-luta-sindical-vai-alem-das-fronteiras-dos-centros\/\"]}]},{\"@type\":\"ImageObject\",\"inLanguage\":\"pt-BR\",\"@id\":\"https:\/\/www.sitsesp.org.br\/novo\/a-luta-sindical-vai-alem-das-fronteiras-dos-centros\/#primaryimage\",\"url\":\"https:\/\/www.sitsesp.org.br\/novo\/wp-content\/uploads\/2020\/10\/1581106360-1.png\",\"contentUrl\":\"https:\/\/www.sitsesp.org.br\/novo\/wp-content\/uploads\/2020\/10\/1581106360-1.png\",\"width\":1099,\"height\":550},{\"@type\":\"BreadcrumbList\",\"@id\":\"https:\/\/www.sitsesp.org.br\/novo\/a-luta-sindical-vai-alem-das-fronteiras-dos-centros\/#breadcrumb\",\"itemListElement\":[{\"@type\":\"ListItem\",\"position\":1,\"name\":\"In\u00edcio\",\"item\":\"https:\/\/www.sitsesp.org.br\/novo\/\"},{\"@type\":\"ListItem\",\"position\":2,\"name\":\"A luta sindical vai al\u00e9m das fronteiras dos Centros\"}]},{\"@type\":\"WebSite\",\"@id\":\"https:\/\/www.sitsesp.org.br\/novo\/#website\",\"url\":\"https:\/\/www.sitsesp.org.br\/novo\/\",\"name\":\"Sitsesp\",\"description\":\"SIndicato da Socioeduca\u00e7\u00e3o do Estado de S\u00e3o Paulo\",\"publisher\":{\"@id\":\"https:\/\/www.sitsesp.org.br\/novo\/#organization\"},\"potentialAction\":[{\"@type\":\"SearchAction\",\"target\":{\"@type\":\"EntryPoint\",\"urlTemplate\":\"https:\/\/www.sitsesp.org.br\/novo\/?s={search_term_string}\"},\"query-input\":\"required name=search_term_string\"}],\"inLanguage\":\"pt-BR\"},{\"@type\":\"Organization\",\"@id\":\"https:\/\/www.sitsesp.org.br\/novo\/#organization\",\"name\":\"Sitsesp\",\"url\":\"https:\/\/www.sitsesp.org.br\/novo\/\",\"logo\":{\"@type\":\"ImageObject\",\"inLanguage\":\"pt-BR\",\"@id\":\"https:\/\/www.sitsesp.org.br\/novo\/#\/schema\/logo\/image\/\",\"url\":\"https:\/\/www.sitsesp.org.br\/novo\/wp-content\/uploads\/2020\/09\/Design-sem-nome-1.jpg\",\"contentUrl\":\"https:\/\/www.sitsesp.org.br\/novo\/wp-content\/uploads\/2020\/09\/Design-sem-nome-1.jpg\",\"width\":300,\"height\":300,\"caption\":\"Sitsesp\"},\"image\":{\"@id\":\"https:\/\/www.sitsesp.org.br\/novo\/#\/schema\/logo\/image\/\"}},{\"@type\":\"Person\",\"@id\":\"https:\/\/www.sitsesp.org.br\/novo\/#\/schema\/person\/2a4c180eb185645b3bef8657c75e305a\",\"name\":\"mhais\",\"image\":{\"@type\":\"ImageObject\",\"inLanguage\":\"pt-BR\",\"@id\":\"https:\/\/www.sitsesp.org.br\/novo\/#\/schema\/person\/image\/\",\"url\":\"https:\/\/secure.gravatar.com\/avatar\/6f4eabe86990e81328cf702edfa92a60?s=96&d=mm&r=g\",\"contentUrl\":\"https:\/\/secure.gravatar.com\/avatar\/6f4eabe86990e81328cf702edfa92a60?s=96&d=mm&r=g\",\"caption\":\"mhais\"},\"sameAs\":[\"http:\/\/localhost\/sitsesp\"]}]}<\/script>\n<!-- \/ Yoast SEO plugin. -->","yoast_head_json":{"title":"A luta sindical vai al\u00e9m das fronteiras dos Centros - SITSESP","robots":{"index":"index","follow":"follow","max-snippet":"max-snippet:-1","max-image-preview":"max-image-preview:large","max-video-preview":"max-video-preview:-1"},"canonical":"https:\/\/www.sitsesp.org.br\/novo\/a-luta-sindical-vai-alem-das-fronteiras-dos-centros\/","og_locale":"pt_BR","og_type":"article","og_title":"A luta sindical vai al\u00e9m das fronteiras dos Centros - SITSESP","og_description":"A dire&ccedil;&atilde;o do SITSESP foi at&eacute; a subprefeitura de Pirituba solicitar aten&ccedil;&atilde;o ao entorno do CASA Pirituba. O acesso a dos&hellip;","og_url":"https:\/\/www.sitsesp.org.br\/novo\/a-luta-sindical-vai-alem-das-fronteiras-dos-centros\/","og_site_name":"SITSESP","article_published_time":"2020-02-07T20:12:40+00:00","og_image":[{"width":1099,"height":550,"url":"https:\/\/www.sitsesp.org.br\/novo\/wp-content\/uploads\/2020\/10\/1581106360-1.png","type":"image\/png"}],"author":"mhais","twitter_card":"summary_large_image","twitter_misc":{"Escrito por":"mhais","Est. tempo de leitura":"1 minuto"},"schema":{"@context":"https:\/\/schema.org","@graph":[{"@type":"Article","@id":"https:\/\/www.sitsesp.org.br\/novo\/a-luta-sindical-vai-alem-das-fronteiras-dos-centros\/#article","isPartOf":{"@id":"https:\/\/www.sitsesp.org.br\/novo\/a-luta-sindical-vai-alem-das-fronteiras-dos-centros\/"},"author":{"name":"mhais","@id":"https:\/\/www.sitsesp.org.br\/novo\/#\/schema\/person\/2a4c180eb185645b3bef8657c75e305a"},"headline":"A luta sindical vai al\u00e9m das fronteiras dos Centros","datePublished":"2020-02-07T20:12:40+00:00","dateModified":"2020-02-07T20:12:40+00:00","mainEntityOfPage":{"@id":"https:\/\/www.sitsesp.org.br\/novo\/a-luta-sindical-vai-alem-das-fronteiras-dos-centros\/"},"wordCount":181,"commentCount":0,"publisher":{"@id":"https:\/\/www.sitsesp.org.br\/novo\/#organization"},"image":{"@id":"https:\/\/www.sitsesp.org.br\/novo\/a-luta-sindical-vai-alem-das-fronteiras-dos-centros\/#primaryimage"},"thumbnailUrl":"https:\/\/www.sitsesp.org.br\/novo\/wp-content\/uploads\/2020\/10\/1581106360-1.png","articleSection":["Noticias"],"inLanguage":"pt-BR","potentialAction":[{"@type":"CommentAction","name":"Comment","target":["https:\/\/www.sitsesp.org.br\/novo\/a-luta-sindical-vai-alem-das-fronteiras-dos-centros\/#respond"]}]},{"@type":"WebPage","@id":"https:\/\/www.sitsesp.org.br\/novo\/a-luta-sindical-vai-alem-das-fronteiras-dos-centros\/","url":"https:\/\/www.sitsesp.org.br\/novo\/a-luta-sindical-vai-alem-das-fronteiras-dos-centros\/","name":"A luta sindical vai al\u00e9m das fronteiras dos Centros - SITSESP","isPartOf":{"@id":"https:\/\/www.sitsesp.org.br\/novo\/#website"},"primaryImageOfPage":{"@id":"https:\/\/www.sitsesp.org.br\/novo\/a-luta-sindical-vai-alem-das-fronteiras-dos-centros\/#primaryimage"},"image":{"@id":"https:\/\/www.sitsesp.org.br\/novo\/a-luta-sindical-vai-alem-das-fronteiras-dos-centros\/#primaryimage"},"thumbnailUrl":"https:\/\/www.sitsesp.org.br\/novo\/wp-content\/uploads\/2020\/10\/1581106360-1.png","datePublished":"2020-02-07T20:12:40+00:00","dateModified":"2020-02-07T20:12:40+00:00","breadcrumb":{"@id":"https:\/\/www.sitsesp.org.br\/novo\/a-luta-sindical-vai-alem-das-fronteiras-dos-centros\/#breadcrumb"},"inLanguage":"pt-BR","potentialAction":[{"@type":"ReadAction","target":["https:\/\/www.sitsesp.org.br\/novo\/a-luta-sindical-vai-alem-das-fronteiras-dos-centros\/"]}]},{"@type":"ImageObject","inLanguage":"pt-BR","@id":"https:\/\/www.sitsesp.org.br\/novo\/a-luta-sindical-vai-alem-das-fronteiras-dos-centros\/#primaryimage","url":"https:\/\/www.sitsesp.org.br\/novo\/wp-content\/uploads\/2020\/10\/1581106360-1.png","contentUrl":"https:\/\/www.sitsesp.org.br\/novo\/wp-content\/uploads\/2020\/10\/1581106360-1.png","width":1099,"height":550},{"@type":"BreadcrumbList","@id":"https:\/\/www.sitsesp.org.br\/novo\/a-luta-sindical-vai-alem-das-fronteiras-dos-centros\/#breadcrumb","itemListElement":[{"@type":"ListItem","position":1,"name":"In\u00edcio","item":"https:\/\/www.sitsesp.org.br\/novo\/"},{"@type":"ListItem","position":2,"name":"A luta sindical vai al\u00e9m das fronteiras dos Centros"}]},{"@type":"WebSite","@id":"https:\/\/www.sitsesp.org.br\/novo\/#website","url":"https:\/\/www.sitsesp.org.br\/novo\/","name":"Sitsesp","description":"SIndicato da Socioeduca\u00e7\u00e3o do Estado de S\u00e3o Paulo","publisher":{"@id":"https:\/\/www.sitsesp.org.br\/novo\/#organization"},"potentialAction":[{"@type":"SearchAction","target":{"@type":"EntryPoint","urlTemplate":"https:\/\/www.sitsesp.org.br\/novo\/?s={search_term_string}"},"query-input":"required name=search_term_string"}],"inLanguage":"pt-BR"},{"@type":"Organization","@id":"https:\/\/www.sitsesp.org.br\/novo\/#organization","name":"Sitsesp","url":"https:\/\/www.sitsesp.org.br\/novo\/","logo":{"@type":"ImageObject","inLanguage":"pt-BR","@id":"https:\/\/www.sitsesp.org.br\/novo\/#\/schema\/logo\/image\/","url":"https:\/\/www.sitsesp.org.br\/novo\/wp-content\/uploads\/2020\/09\/Design-sem-nome-1.jpg","contentUrl":"https:\/\/www.sitsesp.org.br\/novo\/wp-content\/uploads\/2020\/09\/Design-sem-nome-1.jpg","width":300,"height":300,"caption":"Sitsesp"},"image":{"@id":"https:\/\/www.sitsesp.org.br\/novo\/#\/schema\/logo\/image\/"}},{"@type":"Person","@id":"https:\/\/www.sitsesp.org.br\/novo\/#\/schema\/person\/2a4c180eb185645b3bef8657c75e305a","name":"mhais","image":{"@type":"ImageObject","inLanguage":"pt-BR","@id":"https:\/\/www.sitsesp.org.br\/novo\/#\/schema\/person\/image\/","url":"https:\/\/secure.gravatar.com\/avatar\/6f4eabe86990e81328cf702edfa92a60?s=96&d=mm&r=g","contentUrl":"https:\/\/secure.gravatar.com\/avatar\/6f4eabe86990e81328cf702edfa92a60?s=96&d=mm&r=g","caption":"mhais"},"sameAs":["http:\/\/localhost\/sitsesp"]}]}},"_links":{"self":[{"href":"https:\/\/www.sitsesp.org.br\/novo\/wp-json\/wp\/v2\/posts\/2472"}],"collection":[{"href":"https:\/\/www.sitsesp.org.br\/novo\/wp-json\/wp\/v2\/posts"}],"about":[{"href":"https:\/\/www.sitsesp.org.br\/novo\/wp-json\/wp\/v2\/types\/post"}],"author":[{"embeddable":true,"href":"https:\/\/www.sitsesp.org.br\/novo\/wp-json\/wp\/v2\/users\/1"}],"replies":[{"embeddable":true,"href":"https:\/\/www.sitsesp.org.br\/novo\/wp-json\/wp\/v2\/comments?post=2472"}],"version-history":[{"count":0,"href":"https:\/\/www.sitsesp.org.br\/novo\/wp-json\/wp\/v2\/posts\/2472\/revisions"}],"wp:featuredmedia":[{"embeddable":true,"href":"https:\/\/www.sitsesp.org.br\/novo\/wp-json\/wp\/v2\/media\/2473"}],"wp:attachment":[{"href":"https:\/\/www.sitsesp.org.br\/novo\/wp-json\/wp\/v2\/media?parent=2472"}],"wp:term":[{"taxonomy":"category","embeddable":true,"href":"https:\/\/www.sitsesp.org.br\/novo\/wp-json\/wp\/v2\/categories?post=2472"},{"taxonomy":"post_tag","embeddable":true,"href":"https:\/\/www.sitsesp.org.br\/novo\/wp-json\/wp\/v2\/tags?post=2472"}],"curies":[{"name":"wp","href":"https:\/\/api.w.org\/{rel}","templated":true}]}}