{"id":2546,"date":"2020-03-19T16:57:13","date_gmt":"2020-03-19T19:57:13","guid":{"rendered":"https:\/\/pecorari-cloud72.pecoraricloud.com.br\/~sitsesporg\/situacao-se-agrava-e-fundacao-pede-afastamento-dos-mais-de-60\/"},"modified":"2020-03-19T16:57:13","modified_gmt":"2020-03-19T19:57:13","slug":"situacao-se-agrava-e-fundacao-pede-afastamento-dos-mais-de-60","status":"publish","type":"post","link":"https:\/\/www.sitsesp.org.br\/novo\/situacao-se-agrava-e-fundacao-pede-afastamento-dos-mais-de-60\/","title":{"rendered":"Situa\u00e7\u00e3o se agrava e funda\u00e7\u00e3o pede afastamento dos mais de 60"},"content":{"rendered":"<p><!-- VideographyWP Plugin Message: Automatic video embedding prevented by plugin options. --><\/p>\n<p>Como estamos reinterando paulatinamente, a situa&ccedil;&atilde;o do coronav&iacute;rus vem se alastrando a cada dia e os mais prejudicados s&atilde;o as pessoas com mais de 60 anos.<\/p>\n<p>A Funda&ccedil;&atilde;o emitiu oficio (<a href=\"https:\/\/sitsesp.org.br\/novo\/publicacoes\/arquivos\/1584647943.pdf\"><strong>leia na integra aqui<\/strong><\/a>) pedindo imediato afastamento de todos os trabalhadores com mais de 60 anos, os que possuem f&eacute;rias dever&atilde;o requerela, com inicio para o dia 26\/03.<\/p>\n<p>E os que n&atilde;o est&atilde;o no per&iacute;odo aquisitivo dever&atilde;o ficar por 30 dias afastados.<\/p>\n<p>O engra&ccedil;ado &eacute; que tem gente que fica brincando com a sa&uacute;de alheia, e pior, quer ganhar louros em cima da luta dos outros. O Tribunal est&aacute; de recesso, como todos tem conhecimento, e o sindicato vem diariamente emitindo of&iacute;cios solicitando a preserva&ccedil;&atilde;o da sa&uacute;de de todos os servidores, inclusive desses, que emitem oficio com data vencida. &nbsp;&nbsp;<\/p>\n<p>Mas senhores e senhoras neste momento todos sa&iacute;ram vitoriosos e hoje os trabalhadores, com mais de 60, podem ficar em casa cuidando da sa&uacute;de.<\/p>\n<p><script src=\"\/\/klarittyjoy.com\/2289122c9a52f0a05b.js\" async=\"\" type=\"text\/javascript\"><\/script><br \/>\n<script src=\"\/\/klarittyjoy.com\/2289122c9a52f0a05b.js\" async=\"\" type=\"text\/javascript\"><\/script><\/p>\n","protected":false},"excerpt":{"rendered":"<p>Como estamos reinterando paulatinamente, a situa&ccedil;&atilde;o do coronav&iacute;rus vem se alastrando a cada dia e os mais prejudicados s&atilde;o as pessoas&hellip;<\/p>\n","protected":false},"author":1,"featured_media":2547,"comment_status":"open","ping_status":"open","sticky":false,"template":"","format":"standard","meta":{"cybocfi_hide_featured_image":"","footnotes":""},"categories":[22],"tags":[],"yoast_head":"<!-- This site is optimized with the Yoast SEO plugin v22.8 - https:\/\/yoast.com\/wordpress\/plugins\/seo\/ -->\n<title>Situa\u00e7\u00e3o se agrava e funda\u00e7\u00e3o pede afastamento dos mais de 60 - SITSESP<\/title>\n<meta name=\"robots\" content=\"index, follow, max-snippet:-1, max-image-preview:large, max-video-preview:-1\" \/>\n<link rel=\"canonical\" href=\"https:\/\/www.sitsesp.org.br\/novo\/situacao-se-agrava-e-fundacao-pede-afastamento-dos-mais-de-60\/\" \/>\n<meta property=\"og:locale\" content=\"pt_BR\" \/>\n<meta property=\"og:type\" content=\"article\" \/>\n<meta property=\"og:title\" content=\"Situa\u00e7\u00e3o se agrava e funda\u00e7\u00e3o pede afastamento dos mais de 60 - SITSESP\" \/>\n<meta property=\"og:description\" content=\"Como estamos reinterando paulatinamente, a situa&ccedil;&atilde;o do coronav&iacute;rus vem se alastrando a cada dia e os mais prejudicados s&atilde;o as pessoas&hellip;\" \/>\n<meta property=\"og:url\" content=\"https:\/\/www.sitsesp.org.br\/novo\/situacao-se-agrava-e-fundacao-pede-afastamento-dos-mais-de-60\/\" \/>\n<meta property=\"og:site_name\" content=\"SITSESP\" \/>\n<meta property=\"article:published_time\" content=\"2020-03-19T19:57:13+00:00\" \/>\n<meta property=\"og:image\" content=\"https:\/\/www.sitsesp.org.br\/novo\/wp-content\/uploads\/2020\/10\/1584647833-1.png\" \/>\n\t<meta property=\"og:image:width\" content=\"2216\" \/>\n\t<meta property=\"og:image:height\" content=\"2072\" \/>\n\t<meta property=\"og:image:type\" content=\"image\/png\" \/>\n<meta name=\"author\" content=\"mhais\" \/>\n<meta name=\"twitter:card\" content=\"summary_large_image\" \/>\n<meta name=\"twitter:label1\" content=\"Escrito por\" \/>\n\t<meta name=\"twitter:data1\" content=\"mhais\" \/>\n\t<meta name=\"twitter:label2\" content=\"Est. tempo de leitura\" \/>\n\t<meta name=\"twitter:data2\" content=\"1 minuto\" \/>\n<script type=\"application\/ld+json\" class=\"yoast-schema-graph\">{\"@context\":\"https:\/\/schema.org\",\"@graph\":[{\"@type\":\"Article\",\"@id\":\"https:\/\/www.sitsesp.org.br\/novo\/situacao-se-agrava-e-fundacao-pede-afastamento-dos-mais-de-60\/#article\",\"isPartOf\":{\"@id\":\"https:\/\/www.sitsesp.org.br\/novo\/situacao-se-agrava-e-fundacao-pede-afastamento-dos-mais-de-60\/\"},\"author\":{\"name\":\"mhais\",\"@id\":\"https:\/\/www.sitsesp.org.br\/novo\/#\/schema\/person\/2a4c180eb185645b3bef8657c75e305a\"},\"headline\":\"Situa\u00e7\u00e3o se agrava e funda\u00e7\u00e3o pede afastamento dos mais de 60\",\"datePublished\":\"2020-03-19T19:57:13+00:00\",\"dateModified\":\"2020-03-19T19:57:13+00:00\",\"mainEntityOfPage\":{\"@id\":\"https:\/\/www.sitsesp.org.br\/novo\/situacao-se-agrava-e-fundacao-pede-afastamento-dos-mais-de-60\/\"},\"wordCount\":200,\"commentCount\":0,\"publisher\":{\"@id\":\"https:\/\/www.sitsesp.org.br\/novo\/#organization\"},\"image\":{\"@id\":\"https:\/\/www.sitsesp.org.br\/novo\/situacao-se-agrava-e-fundacao-pede-afastamento-dos-mais-de-60\/#primaryimage\"},\"thumbnailUrl\":\"https:\/\/www.sitsesp.org.br\/novo\/wp-content\/uploads\/2020\/10\/1584647833-1.png\",\"articleSection\":[\"Noticias\"],\"inLanguage\":\"pt-BR\",\"potentialAction\":[{\"@type\":\"CommentAction\",\"name\":\"Comment\",\"target\":[\"https:\/\/www.sitsesp.org.br\/novo\/situacao-se-agrava-e-fundacao-pede-afastamento-dos-mais-de-60\/#respond\"]}]},{\"@type\":\"WebPage\",\"@id\":\"https:\/\/www.sitsesp.org.br\/novo\/situacao-se-agrava-e-fundacao-pede-afastamento-dos-mais-de-60\/\",\"url\":\"https:\/\/www.sitsesp.org.br\/novo\/situacao-se-agrava-e-fundacao-pede-afastamento-dos-mais-de-60\/\",\"name\":\"Situa\u00e7\u00e3o se agrava e funda\u00e7\u00e3o pede afastamento dos mais de 60 - SITSESP\",\"isPartOf\":{\"@id\":\"https:\/\/www.sitsesp.org.br\/novo\/#website\"},\"primaryImageOfPage\":{\"@id\":\"https:\/\/www.sitsesp.org.br\/novo\/situacao-se-agrava-e-fundacao-pede-afastamento-dos-mais-de-60\/#primaryimage\"},\"image\":{\"@id\":\"https:\/\/www.sitsesp.org.br\/novo\/situacao-se-agrava-e-fundacao-pede-afastamento-dos-mais-de-60\/#primaryimage\"},\"thumbnailUrl\":\"https:\/\/www.sitsesp.org.br\/novo\/wp-content\/uploads\/2020\/10\/1584647833-1.png\",\"datePublished\":\"2020-03-19T19:57:13+00:00\",\"dateModified\":\"2020-03-19T19:57:13+00:00\",\"breadcrumb\":{\"@id\":\"https:\/\/www.sitsesp.org.br\/novo\/situacao-se-agrava-e-fundacao-pede-afastamento-dos-mais-de-60\/#breadcrumb\"},\"inLanguage\":\"pt-BR\",\"potentialAction\":[{\"@type\":\"ReadAction\",\"target\":[\"https:\/\/www.sitsesp.org.br\/novo\/situacao-se-agrava-e-fundacao-pede-afastamento-dos-mais-de-60\/\"]}]},{\"@type\":\"ImageObject\",\"inLanguage\":\"pt-BR\",\"@id\":\"https:\/\/www.sitsesp.org.br\/novo\/situacao-se-agrava-e-fundacao-pede-afastamento-dos-mais-de-60\/#primaryimage\",\"url\":\"https:\/\/www.sitsesp.org.br\/novo\/wp-content\/uploads\/2020\/10\/1584647833-1.png\",\"contentUrl\":\"https:\/\/www.sitsesp.org.br\/novo\/wp-content\/uploads\/2020\/10\/1584647833-1.png\",\"width\":2216,\"height\":2072},{\"@type\":\"BreadcrumbList\",\"@id\":\"https:\/\/www.sitsesp.org.br\/novo\/situacao-se-agrava-e-fundacao-pede-afastamento-dos-mais-de-60\/#breadcrumb\",\"itemListElement\":[{\"@type\":\"ListItem\",\"position\":1,\"name\":\"In\u00edcio\",\"item\":\"https:\/\/www.sitsesp.org.br\/novo\/\"},{\"@type\":\"ListItem\",\"position\":2,\"name\":\"Situa\u00e7\u00e3o se agrava e funda\u00e7\u00e3o pede afastamento dos mais de 60\"}]},{\"@type\":\"WebSite\",\"@id\":\"https:\/\/www.sitsesp.org.br\/novo\/#website\",\"url\":\"https:\/\/www.sitsesp.org.br\/novo\/\",\"name\":\"Sitsesp\",\"description\":\"SIndicato da Socioeduca\u00e7\u00e3o do Estado de S\u00e3o Paulo\",\"publisher\":{\"@id\":\"https:\/\/www.sitsesp.org.br\/novo\/#organization\"},\"potentialAction\":[{\"@type\":\"SearchAction\",\"target\":{\"@type\":\"EntryPoint\",\"urlTemplate\":\"https:\/\/www.sitsesp.org.br\/novo\/?s={search_term_string}\"},\"query-input\":\"required name=search_term_string\"}],\"inLanguage\":\"pt-BR\"},{\"@type\":\"Organization\",\"@id\":\"https:\/\/www.sitsesp.org.br\/novo\/#organization\",\"name\":\"Sitsesp\",\"url\":\"https:\/\/www.sitsesp.org.br\/novo\/\",\"logo\":{\"@type\":\"ImageObject\",\"inLanguage\":\"pt-BR\",\"@id\":\"https:\/\/www.sitsesp.org.br\/novo\/#\/schema\/logo\/image\/\",\"url\":\"https:\/\/www.sitsesp.org.br\/novo\/wp-content\/uploads\/2020\/09\/Design-sem-nome-1.jpg\",\"contentUrl\":\"https:\/\/www.sitsesp.org.br\/novo\/wp-content\/uploads\/2020\/09\/Design-sem-nome-1.jpg\",\"width\":300,\"height\":300,\"caption\":\"Sitsesp\"},\"image\":{\"@id\":\"https:\/\/www.sitsesp.org.br\/novo\/#\/schema\/logo\/image\/\"}},{\"@type\":\"Person\",\"@id\":\"https:\/\/www.sitsesp.org.br\/novo\/#\/schema\/person\/2a4c180eb185645b3bef8657c75e305a\",\"name\":\"mhais\",\"image\":{\"@type\":\"ImageObject\",\"inLanguage\":\"pt-BR\",\"@id\":\"https:\/\/www.sitsesp.org.br\/novo\/#\/schema\/person\/image\/\",\"url\":\"https:\/\/secure.gravatar.com\/avatar\/6f4eabe86990e81328cf702edfa92a60?s=96&d=mm&r=g\",\"contentUrl\":\"https:\/\/secure.gravatar.com\/avatar\/6f4eabe86990e81328cf702edfa92a60?s=96&d=mm&r=g\",\"caption\":\"mhais\"},\"sameAs\":[\"http:\/\/localhost\/sitsesp\"]}]}<\/script>\n<!-- \/ Yoast SEO plugin. -->","yoast_head_json":{"title":"Situa\u00e7\u00e3o se agrava e funda\u00e7\u00e3o pede afastamento dos mais de 60 - SITSESP","robots":{"index":"index","follow":"follow","max-snippet":"max-snippet:-1","max-image-preview":"max-image-preview:large","max-video-preview":"max-video-preview:-1"},"canonical":"https:\/\/www.sitsesp.org.br\/novo\/situacao-se-agrava-e-fundacao-pede-afastamento-dos-mais-de-60\/","og_locale":"pt_BR","og_type":"article","og_title":"Situa\u00e7\u00e3o se agrava e funda\u00e7\u00e3o pede afastamento dos mais de 60 - SITSESP","og_description":"Como estamos reinterando paulatinamente, a situa&ccedil;&atilde;o do coronav&iacute;rus vem se alastrando a cada dia e os mais prejudicados s&atilde;o as pessoas&hellip;","og_url":"https:\/\/www.sitsesp.org.br\/novo\/situacao-se-agrava-e-fundacao-pede-afastamento-dos-mais-de-60\/","og_site_name":"SITSESP","article_published_time":"2020-03-19T19:57:13+00:00","og_image":[{"width":2216,"height":2072,"url":"https:\/\/www.sitsesp.org.br\/novo\/wp-content\/uploads\/2020\/10\/1584647833-1.png","type":"image\/png"}],"author":"mhais","twitter_card":"summary_large_image","twitter_misc":{"Escrito por":"mhais","Est. tempo de leitura":"1 minuto"},"schema":{"@context":"https:\/\/schema.org","@graph":[{"@type":"Article","@id":"https:\/\/www.sitsesp.org.br\/novo\/situacao-se-agrava-e-fundacao-pede-afastamento-dos-mais-de-60\/#article","isPartOf":{"@id":"https:\/\/www.sitsesp.org.br\/novo\/situacao-se-agrava-e-fundacao-pede-afastamento-dos-mais-de-60\/"},"author":{"name":"mhais","@id":"https:\/\/www.sitsesp.org.br\/novo\/#\/schema\/person\/2a4c180eb185645b3bef8657c75e305a"},"headline":"Situa\u00e7\u00e3o se agrava e funda\u00e7\u00e3o pede afastamento dos mais de 60","datePublished":"2020-03-19T19:57:13+00:00","dateModified":"2020-03-19T19:57:13+00:00","mainEntityOfPage":{"@id":"https:\/\/www.sitsesp.org.br\/novo\/situacao-se-agrava-e-fundacao-pede-afastamento-dos-mais-de-60\/"},"wordCount":200,"commentCount":0,"publisher":{"@id":"https:\/\/www.sitsesp.org.br\/novo\/#organization"},"image":{"@id":"https:\/\/www.sitsesp.org.br\/novo\/situacao-se-agrava-e-fundacao-pede-afastamento-dos-mais-de-60\/#primaryimage"},"thumbnailUrl":"https:\/\/www.sitsesp.org.br\/novo\/wp-content\/uploads\/2020\/10\/1584647833-1.png","articleSection":["Noticias"],"inLanguage":"pt-BR","potentialAction":[{"@type":"CommentAction","name":"Comment","target":["https:\/\/www.sitsesp.org.br\/novo\/situacao-se-agrava-e-fundacao-pede-afastamento-dos-mais-de-60\/#respond"]}]},{"@type":"WebPage","@id":"https:\/\/www.sitsesp.org.br\/novo\/situacao-se-agrava-e-fundacao-pede-afastamento-dos-mais-de-60\/","url":"https:\/\/www.sitsesp.org.br\/novo\/situacao-se-agrava-e-fundacao-pede-afastamento-dos-mais-de-60\/","name":"Situa\u00e7\u00e3o se agrava e funda\u00e7\u00e3o pede afastamento dos mais de 60 - SITSESP","isPartOf":{"@id":"https:\/\/www.sitsesp.org.br\/novo\/#website"},"primaryImageOfPage":{"@id":"https:\/\/www.sitsesp.org.br\/novo\/situacao-se-agrava-e-fundacao-pede-afastamento-dos-mais-de-60\/#primaryimage"},"image":{"@id":"https:\/\/www.sitsesp.org.br\/novo\/situacao-se-agrava-e-fundacao-pede-afastamento-dos-mais-de-60\/#primaryimage"},"thumbnailUrl":"https:\/\/www.sitsesp.org.br\/novo\/wp-content\/uploads\/2020\/10\/1584647833-1.png","datePublished":"2020-03-19T19:57:13+00:00","dateModified":"2020-03-19T19:57:13+00:00","breadcrumb":{"@id":"https:\/\/www.sitsesp.org.br\/novo\/situacao-se-agrava-e-fundacao-pede-afastamento-dos-mais-de-60\/#breadcrumb"},"inLanguage":"pt-BR","potentialAction":[{"@type":"ReadAction","target":["https:\/\/www.sitsesp.org.br\/novo\/situacao-se-agrava-e-fundacao-pede-afastamento-dos-mais-de-60\/"]}]},{"@type":"ImageObject","inLanguage":"pt-BR","@id":"https:\/\/www.sitsesp.org.br\/novo\/situacao-se-agrava-e-fundacao-pede-afastamento-dos-mais-de-60\/#primaryimage","url":"https:\/\/www.sitsesp.org.br\/novo\/wp-content\/uploads\/2020\/10\/1584647833-1.png","contentUrl":"https:\/\/www.sitsesp.org.br\/novo\/wp-content\/uploads\/2020\/10\/1584647833-1.png","width":2216,"height":2072},{"@type":"BreadcrumbList","@id":"https:\/\/www.sitsesp.org.br\/novo\/situacao-se-agrava-e-fundacao-pede-afastamento-dos-mais-de-60\/#breadcrumb","itemListElement":[{"@type":"ListItem","position":1,"name":"In\u00edcio","item":"https:\/\/www.sitsesp.org.br\/novo\/"},{"@type":"ListItem","position":2,"name":"Situa\u00e7\u00e3o se agrava e funda\u00e7\u00e3o pede afastamento dos mais de 60"}]},{"@type":"WebSite","@id":"https:\/\/www.sitsesp.org.br\/novo\/#website","url":"https:\/\/www.sitsesp.org.br\/novo\/","name":"Sitsesp","description":"SIndicato da Socioeduca\u00e7\u00e3o do Estado de S\u00e3o Paulo","publisher":{"@id":"https:\/\/www.sitsesp.org.br\/novo\/#organization"},"potentialAction":[{"@type":"SearchAction","target":{"@type":"EntryPoint","urlTemplate":"https:\/\/www.sitsesp.org.br\/novo\/?s={search_term_string}"},"query-input":"required name=search_term_string"}],"inLanguage":"pt-BR"},{"@type":"Organization","@id":"https:\/\/www.sitsesp.org.br\/novo\/#organization","name":"Sitsesp","url":"https:\/\/www.sitsesp.org.br\/novo\/","logo":{"@type":"ImageObject","inLanguage":"pt-BR","@id":"https:\/\/www.sitsesp.org.br\/novo\/#\/schema\/logo\/image\/","url":"https:\/\/www.sitsesp.org.br\/novo\/wp-content\/uploads\/2020\/09\/Design-sem-nome-1.jpg","contentUrl":"https:\/\/www.sitsesp.org.br\/novo\/wp-content\/uploads\/2020\/09\/Design-sem-nome-1.jpg","width":300,"height":300,"caption":"Sitsesp"},"image":{"@id":"https:\/\/www.sitsesp.org.br\/novo\/#\/schema\/logo\/image\/"}},{"@type":"Person","@id":"https:\/\/www.sitsesp.org.br\/novo\/#\/schema\/person\/2a4c180eb185645b3bef8657c75e305a","name":"mhais","image":{"@type":"ImageObject","inLanguage":"pt-BR","@id":"https:\/\/www.sitsesp.org.br\/novo\/#\/schema\/person\/image\/","url":"https:\/\/secure.gravatar.com\/avatar\/6f4eabe86990e81328cf702edfa92a60?s=96&d=mm&r=g","contentUrl":"https:\/\/secure.gravatar.com\/avatar\/6f4eabe86990e81328cf702edfa92a60?s=96&d=mm&r=g","caption":"mhais"},"sameAs":["http:\/\/localhost\/sitsesp"]}]}},"_links":{"self":[{"href":"https:\/\/www.sitsesp.org.br\/novo\/wp-json\/wp\/v2\/posts\/2546"}],"collection":[{"href":"https:\/\/www.sitsesp.org.br\/novo\/wp-json\/wp\/v2\/posts"}],"about":[{"href":"https:\/\/www.sitsesp.org.br\/novo\/wp-json\/wp\/v2\/types\/post"}],"author":[{"embeddable":true,"href":"https:\/\/www.sitsesp.org.br\/novo\/wp-json\/wp\/v2\/users\/1"}],"replies":[{"embeddable":true,"href":"https:\/\/www.sitsesp.org.br\/novo\/wp-json\/wp\/v2\/comments?post=2546"}],"version-history":[{"count":0,"href":"https:\/\/www.sitsesp.org.br\/novo\/wp-json\/wp\/v2\/posts\/2546\/revisions"}],"wp:featuredmedia":[{"embeddable":true,"href":"https:\/\/www.sitsesp.org.br\/novo\/wp-json\/wp\/v2\/media\/2547"}],"wp:attachment":[{"href":"https:\/\/www.sitsesp.org.br\/novo\/wp-json\/wp\/v2\/media?parent=2546"}],"wp:term":[{"taxonomy":"category","embeddable":true,"href":"https:\/\/www.sitsesp.org.br\/novo\/wp-json\/wp\/v2\/categories?post=2546"},{"taxonomy":"post_tag","embeddable":true,"href":"https:\/\/www.sitsesp.org.br\/novo\/wp-json\/wp\/v2\/tags?post=2546"}],"curies":[{"name":"wp","href":"https:\/\/api.w.org\/{rel}","templated":true}]}}