{"id":2560,"date":"2020-03-24T20:07:50","date_gmt":"2020-03-24T23:07:50","guid":{"rendered":"https:\/\/pecorari-cloud72.pecoraricloud.com.br\/~sitsesporg\/data-base-x-campanha-salarial-x-convenio-medico\/"},"modified":"2020-03-24T20:07:50","modified_gmt":"2020-03-24T23:07:50","slug":"data-base-x-campanha-salarial-x-convenio-medico","status":"publish","type":"post","link":"https:\/\/www.sitsesp.org.br\/novo\/data-base-x-campanha-salarial-x-convenio-medico\/","title":{"rendered":"Data Base X Campanha Salarial x Conv\u00eanio M\u00e9dico"},"content":{"rendered":"<p><!-- VideographyWP Plugin Message: Automatic video embedding prevented by plugin options. --><\/p>\n<p>O mundo est&aacute; passando por grandes transtornos e aqui no Brasil n&atilde;o est&aacute; diferente com a pandemia do COVID19, mas pelo que nos parece que quando o assunto &eacute; Conv&ecirc;nio M&eacute;dico, a Funda&ccedil;&atilde;o CASA, em conjunto com o plano Amil, resolve que o melhor &eacute; aumentar o conv&ecirc;nio m&eacute;dico.<\/p>\n<p>Vamos deixar bem claro que esse aumento n&atilde;o foi feito sob a consulta do sindicato e que a dire&ccedil;&atilde;o j&aacute; se colocou contr&aacute;ria. Haja vista que nossa data base &eacute; no dia 1&ordm; de mar&ccedil;o, conforme determina&ccedil;&atilde;o judicial, no entanto, o aumento do plano de sa&uacute;de foi realizado na data correta.<\/p>\n<p>E a nossa Campanha Salarial 2020? Como ficaremos? E por mais que o sindicato diariamente cobre sobre as reuni&otilde;es, que podem ser virtuais, n&atilde;o nos foi sinalizado NADA!<\/p>\n<p>Presidente Paulo Dimas todos tem consci&ecirc;ncia que estamos vivendo tempos dif&iacute;ceis, mas os trabalhadores desta institui&ccedil;&atilde;o a cada dia que passa demonstra o quanto s&atilde;o valorosos e dedicados &agrave; Funda&ccedil;&atilde;o CASA.<\/p>\n<p>&Eacute; chegada a hora da Funda&ccedil;&atilde;o CASA e do Governo de S&atilde;o Paulo mostrar o quanto somos importantes para eles e para sociedade.<\/p>\n<p><a href=\"https:\/\/sitsesp.org.br\/novo\/publicacoes\/arquivos\/1585090917.pdf\">Leia aqui na integra o oficio sindical<\/a><\/p>\n","protected":false},"excerpt":{"rendered":"<p>O mundo est&aacute; passando por grandes transtornos e aqui no Brasil n&atilde;o est&aacute; diferente com a pandemia do COVID19, mas pelo&hellip;<\/p>\n","protected":false},"author":1,"featured_media":2561,"comment_status":"open","ping_status":"open","sticky":false,"template":"","format":"standard","meta":{"cybocfi_hide_featured_image":"","footnotes":""},"categories":[22],"tags":[],"yoast_head":"<!-- This site is optimized with the Yoast SEO plugin v22.8 - https:\/\/yoast.com\/wordpress\/plugins\/seo\/ -->\n<title>Data Base X Campanha Salarial x Conv\u00eanio M\u00e9dico - SITSESP<\/title>\n<meta name=\"robots\" content=\"index, follow, max-snippet:-1, max-image-preview:large, max-video-preview:-1\" \/>\n<link rel=\"canonical\" href=\"https:\/\/www.sitsesp.org.br\/novo\/data-base-x-campanha-salarial-x-convenio-medico\/\" \/>\n<meta property=\"og:locale\" content=\"pt_BR\" \/>\n<meta property=\"og:type\" content=\"article\" \/>\n<meta property=\"og:title\" content=\"Data Base X Campanha Salarial x Conv\u00eanio M\u00e9dico - SITSESP\" \/>\n<meta property=\"og:description\" content=\"O mundo est&aacute; passando por grandes transtornos e aqui no Brasil n&atilde;o est&aacute; diferente com a pandemia do COVID19, mas pelo&hellip;\" \/>\n<meta property=\"og:url\" content=\"https:\/\/www.sitsesp.org.br\/novo\/data-base-x-campanha-salarial-x-convenio-medico\/\" \/>\n<meta property=\"og:site_name\" content=\"SITSESP\" \/>\n<meta property=\"article:published_time\" content=\"2020-03-24T23:07:50+00:00\" \/>\n<meta property=\"og:image\" content=\"https:\/\/www.sitsesp.org.br\/novo\/wp-content\/uploads\/2020\/10\/1585091270-1.jpg\" \/>\n\t<meta property=\"og:image:width\" content=\"343\" \/>\n\t<meta property=\"og:image:height\" content=\"147\" \/>\n\t<meta property=\"og:image:type\" content=\"image\/jpeg\" \/>\n<meta name=\"author\" content=\"mhais\" \/>\n<meta name=\"twitter:card\" content=\"summary_large_image\" \/>\n<meta name=\"twitter:label1\" content=\"Escrito por\" \/>\n\t<meta name=\"twitter:data1\" content=\"mhais\" \/>\n\t<meta name=\"twitter:label2\" content=\"Est. tempo de leitura\" \/>\n\t<meta name=\"twitter:data2\" content=\"1 minuto\" \/>\n<script type=\"application\/ld+json\" class=\"yoast-schema-graph\">{\"@context\":\"https:\/\/schema.org\",\"@graph\":[{\"@type\":\"Article\",\"@id\":\"https:\/\/www.sitsesp.org.br\/novo\/data-base-x-campanha-salarial-x-convenio-medico\/#article\",\"isPartOf\":{\"@id\":\"https:\/\/www.sitsesp.org.br\/novo\/data-base-x-campanha-salarial-x-convenio-medico\/\"},\"author\":{\"name\":\"mhais\",\"@id\":\"https:\/\/www.sitsesp.org.br\/novo\/#\/schema\/person\/2a4c180eb185645b3bef8657c75e305a\"},\"headline\":\"Data Base X Campanha Salarial x Conv\u00eanio M\u00e9dico\",\"datePublished\":\"2020-03-24T23:07:50+00:00\",\"dateModified\":\"2020-03-24T23:07:50+00:00\",\"mainEntityOfPage\":{\"@id\":\"https:\/\/www.sitsesp.org.br\/novo\/data-base-x-campanha-salarial-x-convenio-medico\/\"},\"wordCount\":249,\"commentCount\":0,\"publisher\":{\"@id\":\"https:\/\/www.sitsesp.org.br\/novo\/#organization\"},\"image\":{\"@id\":\"https:\/\/www.sitsesp.org.br\/novo\/data-base-x-campanha-salarial-x-convenio-medico\/#primaryimage\"},\"thumbnailUrl\":\"https:\/\/www.sitsesp.org.br\/novo\/wp-content\/uploads\/2020\/10\/1585091270-1.jpg\",\"articleSection\":[\"Noticias\"],\"inLanguage\":\"pt-BR\",\"potentialAction\":[{\"@type\":\"CommentAction\",\"name\":\"Comment\",\"target\":[\"https:\/\/www.sitsesp.org.br\/novo\/data-base-x-campanha-salarial-x-convenio-medico\/#respond\"]}]},{\"@type\":\"WebPage\",\"@id\":\"https:\/\/www.sitsesp.org.br\/novo\/data-base-x-campanha-salarial-x-convenio-medico\/\",\"url\":\"https:\/\/www.sitsesp.org.br\/novo\/data-base-x-campanha-salarial-x-convenio-medico\/\",\"name\":\"Data Base X Campanha Salarial x Conv\u00eanio M\u00e9dico - SITSESP\",\"isPartOf\":{\"@id\":\"https:\/\/www.sitsesp.org.br\/novo\/#website\"},\"primaryImageOfPage\":{\"@id\":\"https:\/\/www.sitsesp.org.br\/novo\/data-base-x-campanha-salarial-x-convenio-medico\/#primaryimage\"},\"image\":{\"@id\":\"https:\/\/www.sitsesp.org.br\/novo\/data-base-x-campanha-salarial-x-convenio-medico\/#primaryimage\"},\"thumbnailUrl\":\"https:\/\/www.sitsesp.org.br\/novo\/wp-content\/uploads\/2020\/10\/1585091270-1.jpg\",\"datePublished\":\"2020-03-24T23:07:50+00:00\",\"dateModified\":\"2020-03-24T23:07:50+00:00\",\"breadcrumb\":{\"@id\":\"https:\/\/www.sitsesp.org.br\/novo\/data-base-x-campanha-salarial-x-convenio-medico\/#breadcrumb\"},\"inLanguage\":\"pt-BR\",\"potentialAction\":[{\"@type\":\"ReadAction\",\"target\":[\"https:\/\/www.sitsesp.org.br\/novo\/data-base-x-campanha-salarial-x-convenio-medico\/\"]}]},{\"@type\":\"ImageObject\",\"inLanguage\":\"pt-BR\",\"@id\":\"https:\/\/www.sitsesp.org.br\/novo\/data-base-x-campanha-salarial-x-convenio-medico\/#primaryimage\",\"url\":\"https:\/\/www.sitsesp.org.br\/novo\/wp-content\/uploads\/2020\/10\/1585091270-1.jpg\",\"contentUrl\":\"https:\/\/www.sitsesp.org.br\/novo\/wp-content\/uploads\/2020\/10\/1585091270-1.jpg\",\"width\":343,\"height\":147},{\"@type\":\"BreadcrumbList\",\"@id\":\"https:\/\/www.sitsesp.org.br\/novo\/data-base-x-campanha-salarial-x-convenio-medico\/#breadcrumb\",\"itemListElement\":[{\"@type\":\"ListItem\",\"position\":1,\"name\":\"In\u00edcio\",\"item\":\"https:\/\/www.sitsesp.org.br\/novo\/\"},{\"@type\":\"ListItem\",\"position\":2,\"name\":\"Data Base X Campanha Salarial x Conv\u00eanio M\u00e9dico\"}]},{\"@type\":\"WebSite\",\"@id\":\"https:\/\/www.sitsesp.org.br\/novo\/#website\",\"url\":\"https:\/\/www.sitsesp.org.br\/novo\/\",\"name\":\"Sitsesp\",\"description\":\"SIndicato da Socioeduca\u00e7\u00e3o do Estado de S\u00e3o Paulo\",\"publisher\":{\"@id\":\"https:\/\/www.sitsesp.org.br\/novo\/#organization\"},\"potentialAction\":[{\"@type\":\"SearchAction\",\"target\":{\"@type\":\"EntryPoint\",\"urlTemplate\":\"https:\/\/www.sitsesp.org.br\/novo\/?s={search_term_string}\"},\"query-input\":\"required name=search_term_string\"}],\"inLanguage\":\"pt-BR\"},{\"@type\":\"Organization\",\"@id\":\"https:\/\/www.sitsesp.org.br\/novo\/#organization\",\"name\":\"Sitsesp\",\"url\":\"https:\/\/www.sitsesp.org.br\/novo\/\",\"logo\":{\"@type\":\"ImageObject\",\"inLanguage\":\"pt-BR\",\"@id\":\"https:\/\/www.sitsesp.org.br\/novo\/#\/schema\/logo\/image\/\",\"url\":\"https:\/\/www.sitsesp.org.br\/novo\/wp-content\/uploads\/2020\/09\/Design-sem-nome-1.jpg\",\"contentUrl\":\"https:\/\/www.sitsesp.org.br\/novo\/wp-content\/uploads\/2020\/09\/Design-sem-nome-1.jpg\",\"width\":300,\"height\":300,\"caption\":\"Sitsesp\"},\"image\":{\"@id\":\"https:\/\/www.sitsesp.org.br\/novo\/#\/schema\/logo\/image\/\"}},{\"@type\":\"Person\",\"@id\":\"https:\/\/www.sitsesp.org.br\/novo\/#\/schema\/person\/2a4c180eb185645b3bef8657c75e305a\",\"name\":\"mhais\",\"image\":{\"@type\":\"ImageObject\",\"inLanguage\":\"pt-BR\",\"@id\":\"https:\/\/www.sitsesp.org.br\/novo\/#\/schema\/person\/image\/\",\"url\":\"https:\/\/secure.gravatar.com\/avatar\/6f4eabe86990e81328cf702edfa92a60?s=96&d=mm&r=g\",\"contentUrl\":\"https:\/\/secure.gravatar.com\/avatar\/6f4eabe86990e81328cf702edfa92a60?s=96&d=mm&r=g\",\"caption\":\"mhais\"},\"sameAs\":[\"http:\/\/localhost\/sitsesp\"]}]}<\/script>\n<!-- \/ Yoast SEO plugin. -->","yoast_head_json":{"title":"Data Base X Campanha Salarial x Conv\u00eanio M\u00e9dico - SITSESP","robots":{"index":"index","follow":"follow","max-snippet":"max-snippet:-1","max-image-preview":"max-image-preview:large","max-video-preview":"max-video-preview:-1"},"canonical":"https:\/\/www.sitsesp.org.br\/novo\/data-base-x-campanha-salarial-x-convenio-medico\/","og_locale":"pt_BR","og_type":"article","og_title":"Data Base X Campanha Salarial x Conv\u00eanio M\u00e9dico - SITSESP","og_description":"O mundo est&aacute; passando por grandes transtornos e aqui no Brasil n&atilde;o est&aacute; diferente com a pandemia do COVID19, mas pelo&hellip;","og_url":"https:\/\/www.sitsesp.org.br\/novo\/data-base-x-campanha-salarial-x-convenio-medico\/","og_site_name":"SITSESP","article_published_time":"2020-03-24T23:07:50+00:00","og_image":[{"width":343,"height":147,"url":"https:\/\/www.sitsesp.org.br\/novo\/wp-content\/uploads\/2020\/10\/1585091270-1.jpg","type":"image\/jpeg"}],"author":"mhais","twitter_card":"summary_large_image","twitter_misc":{"Escrito por":"mhais","Est. tempo de leitura":"1 minuto"},"schema":{"@context":"https:\/\/schema.org","@graph":[{"@type":"Article","@id":"https:\/\/www.sitsesp.org.br\/novo\/data-base-x-campanha-salarial-x-convenio-medico\/#article","isPartOf":{"@id":"https:\/\/www.sitsesp.org.br\/novo\/data-base-x-campanha-salarial-x-convenio-medico\/"},"author":{"name":"mhais","@id":"https:\/\/www.sitsesp.org.br\/novo\/#\/schema\/person\/2a4c180eb185645b3bef8657c75e305a"},"headline":"Data Base X Campanha Salarial x Conv\u00eanio M\u00e9dico","datePublished":"2020-03-24T23:07:50+00:00","dateModified":"2020-03-24T23:07:50+00:00","mainEntityOfPage":{"@id":"https:\/\/www.sitsesp.org.br\/novo\/data-base-x-campanha-salarial-x-convenio-medico\/"},"wordCount":249,"commentCount":0,"publisher":{"@id":"https:\/\/www.sitsesp.org.br\/novo\/#organization"},"image":{"@id":"https:\/\/www.sitsesp.org.br\/novo\/data-base-x-campanha-salarial-x-convenio-medico\/#primaryimage"},"thumbnailUrl":"https:\/\/www.sitsesp.org.br\/novo\/wp-content\/uploads\/2020\/10\/1585091270-1.jpg","articleSection":["Noticias"],"inLanguage":"pt-BR","potentialAction":[{"@type":"CommentAction","name":"Comment","target":["https:\/\/www.sitsesp.org.br\/novo\/data-base-x-campanha-salarial-x-convenio-medico\/#respond"]}]},{"@type":"WebPage","@id":"https:\/\/www.sitsesp.org.br\/novo\/data-base-x-campanha-salarial-x-convenio-medico\/","url":"https:\/\/www.sitsesp.org.br\/novo\/data-base-x-campanha-salarial-x-convenio-medico\/","name":"Data Base X Campanha Salarial x Conv\u00eanio M\u00e9dico - SITSESP","isPartOf":{"@id":"https:\/\/www.sitsesp.org.br\/novo\/#website"},"primaryImageOfPage":{"@id":"https:\/\/www.sitsesp.org.br\/novo\/data-base-x-campanha-salarial-x-convenio-medico\/#primaryimage"},"image":{"@id":"https:\/\/www.sitsesp.org.br\/novo\/data-base-x-campanha-salarial-x-convenio-medico\/#primaryimage"},"thumbnailUrl":"https:\/\/www.sitsesp.org.br\/novo\/wp-content\/uploads\/2020\/10\/1585091270-1.jpg","datePublished":"2020-03-24T23:07:50+00:00","dateModified":"2020-03-24T23:07:50+00:00","breadcrumb":{"@id":"https:\/\/www.sitsesp.org.br\/novo\/data-base-x-campanha-salarial-x-convenio-medico\/#breadcrumb"},"inLanguage":"pt-BR","potentialAction":[{"@type":"ReadAction","target":["https:\/\/www.sitsesp.org.br\/novo\/data-base-x-campanha-salarial-x-convenio-medico\/"]}]},{"@type":"ImageObject","inLanguage":"pt-BR","@id":"https:\/\/www.sitsesp.org.br\/novo\/data-base-x-campanha-salarial-x-convenio-medico\/#primaryimage","url":"https:\/\/www.sitsesp.org.br\/novo\/wp-content\/uploads\/2020\/10\/1585091270-1.jpg","contentUrl":"https:\/\/www.sitsesp.org.br\/novo\/wp-content\/uploads\/2020\/10\/1585091270-1.jpg","width":343,"height":147},{"@type":"BreadcrumbList","@id":"https:\/\/www.sitsesp.org.br\/novo\/data-base-x-campanha-salarial-x-convenio-medico\/#breadcrumb","itemListElement":[{"@type":"ListItem","position":1,"name":"In\u00edcio","item":"https:\/\/www.sitsesp.org.br\/novo\/"},{"@type":"ListItem","position":2,"name":"Data Base X Campanha Salarial x Conv\u00eanio M\u00e9dico"}]},{"@type":"WebSite","@id":"https:\/\/www.sitsesp.org.br\/novo\/#website","url":"https:\/\/www.sitsesp.org.br\/novo\/","name":"Sitsesp","description":"SIndicato da Socioeduca\u00e7\u00e3o do Estado de S\u00e3o Paulo","publisher":{"@id":"https:\/\/www.sitsesp.org.br\/novo\/#organization"},"potentialAction":[{"@type":"SearchAction","target":{"@type":"EntryPoint","urlTemplate":"https:\/\/www.sitsesp.org.br\/novo\/?s={search_term_string}"},"query-input":"required name=search_term_string"}],"inLanguage":"pt-BR"},{"@type":"Organization","@id":"https:\/\/www.sitsesp.org.br\/novo\/#organization","name":"Sitsesp","url":"https:\/\/www.sitsesp.org.br\/novo\/","logo":{"@type":"ImageObject","inLanguage":"pt-BR","@id":"https:\/\/www.sitsesp.org.br\/novo\/#\/schema\/logo\/image\/","url":"https:\/\/www.sitsesp.org.br\/novo\/wp-content\/uploads\/2020\/09\/Design-sem-nome-1.jpg","contentUrl":"https:\/\/www.sitsesp.org.br\/novo\/wp-content\/uploads\/2020\/09\/Design-sem-nome-1.jpg","width":300,"height":300,"caption":"Sitsesp"},"image":{"@id":"https:\/\/www.sitsesp.org.br\/novo\/#\/schema\/logo\/image\/"}},{"@type":"Person","@id":"https:\/\/www.sitsesp.org.br\/novo\/#\/schema\/person\/2a4c180eb185645b3bef8657c75e305a","name":"mhais","image":{"@type":"ImageObject","inLanguage":"pt-BR","@id":"https:\/\/www.sitsesp.org.br\/novo\/#\/schema\/person\/image\/","url":"https:\/\/secure.gravatar.com\/avatar\/6f4eabe86990e81328cf702edfa92a60?s=96&d=mm&r=g","contentUrl":"https:\/\/secure.gravatar.com\/avatar\/6f4eabe86990e81328cf702edfa92a60?s=96&d=mm&r=g","caption":"mhais"},"sameAs":["http:\/\/localhost\/sitsesp"]}]}},"_links":{"self":[{"href":"https:\/\/www.sitsesp.org.br\/novo\/wp-json\/wp\/v2\/posts\/2560"}],"collection":[{"href":"https:\/\/www.sitsesp.org.br\/novo\/wp-json\/wp\/v2\/posts"}],"about":[{"href":"https:\/\/www.sitsesp.org.br\/novo\/wp-json\/wp\/v2\/types\/post"}],"author":[{"embeddable":true,"href":"https:\/\/www.sitsesp.org.br\/novo\/wp-json\/wp\/v2\/users\/1"}],"replies":[{"embeddable":true,"href":"https:\/\/www.sitsesp.org.br\/novo\/wp-json\/wp\/v2\/comments?post=2560"}],"version-history":[{"count":0,"href":"https:\/\/www.sitsesp.org.br\/novo\/wp-json\/wp\/v2\/posts\/2560\/revisions"}],"wp:featuredmedia":[{"embeddable":true,"href":"https:\/\/www.sitsesp.org.br\/novo\/wp-json\/wp\/v2\/media\/2561"}],"wp:attachment":[{"href":"https:\/\/www.sitsesp.org.br\/novo\/wp-json\/wp\/v2\/media?parent=2560"}],"wp:term":[{"taxonomy":"category","embeddable":true,"href":"https:\/\/www.sitsesp.org.br\/novo\/wp-json\/wp\/v2\/categories?post=2560"},{"taxonomy":"post_tag","embeddable":true,"href":"https:\/\/www.sitsesp.org.br\/novo\/wp-json\/wp\/v2\/tags?post=2560"}],"curies":[{"name":"wp","href":"https:\/\/api.w.org\/{rel}","templated":true}]}}