{"id":2592,"date":"2020-07-13T10:40:13","date_gmt":"2020-07-13T13:40:13","guid":{"rendered":"https:\/\/pecorari-cloud72.pecoraricloud.com.br\/~sitsesporg\/entrevista-com-antonia-souza-dirigente-sindical-do-sitsesp-sec-de-saude-do-trabalhador\/"},"modified":"2020-07-13T10:40:13","modified_gmt":"2020-07-13T13:40:13","slug":"entrevista-com-antonia-souza-dirigente-sindical-do-sitsesp-sec-de-saude-do-trabalhador","status":"publish","type":"post","link":"https:\/\/www.sitsesp.org.br\/novo\/entrevista-com-antonia-souza-dirigente-sindical-do-sitsesp-sec-de-saude-do-trabalhador\/","title":{"rendered":"ENTREVISTA COM ANT\u00d4NIA SOUZA \u2013 DIRIGENTE SINDICAL DO SITSESP &#8211; SEC. DE SA\u00daDE DO TRABALHADOR"},"content":{"rendered":"<p><!-- VideographyWP Plugin Message: Automatic video embedding prevented by plugin options. --><\/p>\n<p><strong>COMO A COVID-19 AFETA A CATEGORIA E COMO SE ENCONTRA O SESMT (SERVI&Ccedil;O ESPECIALIZADO EM ENGENHARIA DE SEGURAN&Ccedil;A E EM MEDICINA DO TRABALHO) PARA OS TRABALHADORES DO SISTEMA SOCIOEDUCATIVO?<\/strong><\/p>\n<p>A: Os efeitos da pandemia dentro da Funda&ccedil;&atilde;o CASA s&atilde;o terr&iacute;veis, j&aacute; existem mais de 800 servidores contaminados com o corona v&iacute;rus, muitos j&aacute; se recuperaram e retornaram ao trabalho, outros est&atilde;o internados, alguns na UTI entubados em estado muito grave. Tivemos funcion&aacute;rios que permaneceram por mais de 25 dias na interna&ccedil;&atilde;o. Por exemplo, h&aacute; casos no hospital Carlos Chagas em Guarulhos e no hospital Aviccena no Tatuap&eacute;. &nbsp;A Funda&ccedil;&atilde;o n&atilde;o est&aacute; dando nenhum suporte aos trabalhadores internados. Eu, Ant&ocirc;nia, representando o SITSESP venho acompanhando alguns colegas internados, casos graves em UTI, onde os trabalhadores se encontram extremamente debilitados e tenho perguntado a eles e aos seus familiares se a Funda&ccedil;&atilde;o tem entrado em contato, por&eacute;m, somente a divis&atilde;o Vila Maria est&aacute; acompanhado os servidores internados atrav&eacute;s da assist&ecirc;ncia social.<\/p>\n<p>A categoria ainda deve enfrentar a neglig&ecirc;ncia da Funda&ccedil;&atilde;o que n&atilde;o est&aacute; abrindo o CAT, os setores administrativos das unidades se recusam a receber o requerimento de abertura do CAT. O SITSESP enfrenta essa injusti&ccedil;a recorrendo ao Minist&eacute;rio P&uacute;blico com den&uacute;ncias e tamb&eacute;m encaminhando e-mail &agrave; Funda&ccedil;&atilde;o CASA para exigir procedimentos efetivos para os funcion&aacute;rios adoecidos. A Funda&ccedil;&atilde;o at&eacute; o momento n&atilde;o respondeu se vai abrir ou n&atilde;o o CAT. Esclare&ccedil;o que em decis&atilde;o do STF, o corona v&iacute;rus &eacute; considerado doen&ccedil;a ocupacional, j&aacute; que os trabalhadores podem se contagiar no servi&ccedil;o, ou ainda no trajeto resid&ecirc;ncia-servi&ccedil;o ou servi&ccedil;o-resid&ecirc;ncia. A gente percebe que na sede da Funda&ccedil;&atilde;o os profissionais da &aacute;rea de sa&uacute;de n&atilde;o est&atilde;o fazendo absolutamente nada, nenhum desses profissionais foram disponibilizados para realizarem a abertura do CAT.<\/p>\n<p><strong><br \/>A TESTAGEM GERAL EST&Aacute; PROGRAMADA? QUAIS &nbsp;OS MECANISMOS DE PROTE&Ccedil;&Atilde;O OFERECIDOS AO TRABALHADOR PARA EVITAR O CONTAGIO E A PROLIFERA&Ccedil;&Atilde;O DO V&Iacute;RUS?<\/strong><\/p>\n<p>A: O v&iacute;rus tomou conta das unidades da Funda&ccedil;&atilde;o CASA, como acontece nos complexos do Br&aacute;s, nas unidades de Raposo Tavares, Leopoldina, CASA&rsquo;s S&atilde;o Luiz I e II e na divis&atilde;o do interior DRO. A Funda&ccedil;&atilde;o fez a testagem nessas unidades porque os educados apresentaram a COVID-19.<\/p>\n<p>A testagem geral n&atilde;o est&aacute; sendo considerada pela Funda&ccedil;&atilde;o CASA, n&atilde;o existe um cronograma para atender a demanda da categoria que exige testagem geral. E, ainda pior, o descaso da Funda&ccedil;&atilde;o chega ao ponto de terem disponibilizado m&aacute;scaras cir&uacute;rgicas somente para a realiza&ccedil;&atilde;o de procedimentos externos, por exemplo, levar um educado para atendimento cl&iacute;nico. J&aacute; para o dia a dia dos trabalhadores, as m&aacute;scaras que est&atilde;o sendo usadas s&atilde;o m&aacute;scaras de tecido simples provenientes de doa&ccedil;&atilde;o de uma institui&ccedil;&atilde;o religiosa. Tamb&eacute;m sofremos com a demora do equipamento para medir a temperatura dos trabalhadores e a divis&atilde;o do Br&aacute;s ainda n&atilde;o realizava a medi&ccedil;&atilde;o da temperatura, por n&atilde;o terem recebido treinamento. Contudo, em reuni&atilde;o do sindicato com esta divis&atilde;o, lembramos que quando foram instalados os scanners que emitem radia&ccedil;&atilde;o nas entradas dos complexos, em menos de 3 dias a Funda&ccedil;&atilde;o realizou o treinamento para manusear o equipamento e submeter os trabalhadores a esse procedimento.<\/p>\n<p><strong><br \/>QUAIS S&Atilde;O OS PROBLEMAS COM O CONV&Ecirc;NIO M&Eacute;DICO?<\/strong><\/p>\n<p> A: O conv&ecirc;nio m&eacute;dico dos servidores &eacute; de coparticipa&ccedil;&atilde;o com a Amil 400 e, na crise sanit&aacute;ria provocada pela COVID-19, est&aacute; sendo muito dif&iacute;cil contar com um plano de sa&uacute;de digno. A Amil 400 n&atilde;o est&aacute; realizando o teste da COVID, os realiza apenas em casos de extrema gravidade, quando o trabalhador apresenta sintomas graves que indicam a necessidade de interna&ccedil;&atilde;o. Temos casos de trabalhadores que solicitaram o teste por apresentarem temperatura elevada, por&eacute;m os hospitais n&atilde;o tem autoriza&ccedil;&atilde;o para realizar o teste. H&aacute; hospitais parceiros da Amil que cobram para realizar o teste, como, por exemplo, o hospital de Itaquera. A categoria ainda sofre com o reajuste abusivo de quase 14% que ocorreu em janeiro deste ano no plano de sa&uacute;de.<\/p>\n<p><strong><br \/>COMO EST&Aacute; A CATEGORIA NESTE MOMENTO?<\/strong><\/p>\n<p>&nbsp;<\/p>\n<p>A: P&acirc;nico, a gente est&aacute; a metros de cair num abismo, &eacute; essa a sensa&ccedil;&atilde;o que estou sentindo. A categoria est&aacute; angustiada, n&atilde;o s&oacute; pelo fato da gente n&atilde;o ter tido um aumento, um diss&iacute;dio, mas pelo que j&aacute; aconteceu, como por exemplo o aumento do conv&ecirc;nio m&eacute;dico e em seguida a pandemia que adoeceu centenas de servidores. E agora um estresse muito grande porque a Funda&ccedil;&atilde;o est&aacute; demitindo os profissionais aposentados. Isso t&aacute; criando muita angustia, n&atilde;o somente nos demitidos, mas tamb&eacute;m naqueles profissionais que est&atilde;o pr&oacute;ximos a alcan&ccedil;ar a aposentadoria e tamb&eacute;m em outros profissionais que se aposentaram apressadamente para tentar fugir da reforma da previd&ecirc;ncia, por&eacute;m foram aposentados com 70% do sal&aacute;rio. O sal&aacute;rio dos trabalhadores do sistema socioeducativo n&atilde;o &eacute; bom e, quando aposentados, a renda &eacute; ainda menor. Como n&oacute;s trabalhadores, que damos nossa vida ao sistema socioeducativo vamos viver com 70% ou 80% do sal&aacute;rio?<\/p>\n","protected":false},"excerpt":{"rendered":"<p>COMO A COVID-19 AFETA A CATEGORIA E COMO SE ENCONTRA O SESMT (SERVI&Ccedil;O ESPECIALIZADO EM ENGENHARIA DE SEGURAN&Ccedil;A E EM MEDICINA&hellip;<\/p>\n","protected":false},"author":1,"featured_media":2593,"comment_status":"open","ping_status":"open","sticky":false,"template":"","format":"standard","meta":{"cybocfi_hide_featured_image":"","footnotes":""},"categories":[22],"tags":[],"yoast_head":"<!-- This site is optimized with the Yoast SEO plugin v22.8 - https:\/\/yoast.com\/wordpress\/plugins\/seo\/ -->\n<title>ENTREVISTA COM ANT\u00d4NIA SOUZA \u2013 DIRIGENTE SINDICAL DO SITSESP - SEC. DE SA\u00daDE DO TRABALHADOR - SITSESP<\/title>\n<meta name=\"robots\" content=\"index, follow, max-snippet:-1, max-image-preview:large, max-video-preview:-1\" \/>\n<link rel=\"canonical\" href=\"https:\/\/www.sitsesp.org.br\/novo\/entrevista-com-antonia-souza-dirigente-sindical-do-sitsesp-sec-de-saude-do-trabalhador\/\" \/>\n<meta property=\"og:locale\" content=\"pt_BR\" \/>\n<meta property=\"og:type\" content=\"article\" \/>\n<meta property=\"og:title\" content=\"ENTREVISTA COM ANT\u00d4NIA SOUZA \u2013 DIRIGENTE SINDICAL DO SITSESP - SEC. DE SA\u00daDE DO TRABALHADOR - SITSESP\" \/>\n<meta property=\"og:description\" content=\"COMO A COVID-19 AFETA A CATEGORIA E COMO SE ENCONTRA O SESMT (SERVI&Ccedil;O ESPECIALIZADO EM ENGENHARIA DE SEGURAN&Ccedil;A E EM MEDICINA&hellip;\" \/>\n<meta property=\"og:url\" content=\"https:\/\/www.sitsesp.org.br\/novo\/entrevista-com-antonia-souza-dirigente-sindical-do-sitsesp-sec-de-saude-do-trabalhador\/\" \/>\n<meta property=\"og:site_name\" content=\"SITSESP\" \/>\n<meta property=\"article:published_time\" content=\"2020-07-13T13:40:13+00:00\" \/>\n<meta property=\"og:image\" content=\"https:\/\/www.sitsesp.org.br\/novo\/wp-content\/uploads\/2020\/10\/1594647926-1.gif\" \/>\n\t<meta property=\"og:image:width\" content=\"2000\" \/>\n\t<meta property=\"og:image:height\" content=\"2000\" \/>\n\t<meta property=\"og:image:type\" content=\"image\/gif\" \/>\n<meta name=\"author\" content=\"mhais\" \/>\n<meta name=\"twitter:card\" content=\"summary_large_image\" \/>\n<meta name=\"twitter:label1\" content=\"Escrito por\" \/>\n\t<meta name=\"twitter:data1\" content=\"mhais\" \/>\n\t<meta name=\"twitter:label2\" content=\"Est. tempo de leitura\" \/>\n\t<meta name=\"twitter:data2\" content=\"5 minutos\" \/>\n<script type=\"application\/ld+json\" class=\"yoast-schema-graph\">{\"@context\":\"https:\/\/schema.org\",\"@graph\":[{\"@type\":\"Article\",\"@id\":\"https:\/\/www.sitsesp.org.br\/novo\/entrevista-com-antonia-souza-dirigente-sindical-do-sitsesp-sec-de-saude-do-trabalhador\/#article\",\"isPartOf\":{\"@id\":\"https:\/\/www.sitsesp.org.br\/novo\/entrevista-com-antonia-souza-dirigente-sindical-do-sitsesp-sec-de-saude-do-trabalhador\/\"},\"author\":{\"name\":\"mhais\",\"@id\":\"https:\/\/www.sitsesp.org.br\/novo\/#\/schema\/person\/2a4c180eb185645b3bef8657c75e305a\"},\"headline\":\"ENTREVISTA COM ANT\u00d4NIA SOUZA \u2013 DIRIGENTE SINDICAL DO SITSESP &#8211; SEC. DE SA\u00daDE DO TRABALHADOR\",\"datePublished\":\"2020-07-13T13:40:13+00:00\",\"dateModified\":\"2020-07-13T13:40:13+00:00\",\"mainEntityOfPage\":{\"@id\":\"https:\/\/www.sitsesp.org.br\/novo\/entrevista-com-antonia-souza-dirigente-sindical-do-sitsesp-sec-de-saude-do-trabalhador\/\"},\"wordCount\":1081,\"commentCount\":0,\"publisher\":{\"@id\":\"https:\/\/www.sitsesp.org.br\/novo\/#organization\"},\"image\":{\"@id\":\"https:\/\/www.sitsesp.org.br\/novo\/entrevista-com-antonia-souza-dirigente-sindical-do-sitsesp-sec-de-saude-do-trabalhador\/#primaryimage\"},\"thumbnailUrl\":\"https:\/\/www.sitsesp.org.br\/novo\/wp-content\/uploads\/2020\/10\/1594647926-1.gif\",\"articleSection\":[\"Noticias\"],\"inLanguage\":\"pt-BR\",\"potentialAction\":[{\"@type\":\"CommentAction\",\"name\":\"Comment\",\"target\":[\"https:\/\/www.sitsesp.org.br\/novo\/entrevista-com-antonia-souza-dirigente-sindical-do-sitsesp-sec-de-saude-do-trabalhador\/#respond\"]}]},{\"@type\":\"WebPage\",\"@id\":\"https:\/\/www.sitsesp.org.br\/novo\/entrevista-com-antonia-souza-dirigente-sindical-do-sitsesp-sec-de-saude-do-trabalhador\/\",\"url\":\"https:\/\/www.sitsesp.org.br\/novo\/entrevista-com-antonia-souza-dirigente-sindical-do-sitsesp-sec-de-saude-do-trabalhador\/\",\"name\":\"ENTREVISTA COM ANT\u00d4NIA SOUZA \u2013 DIRIGENTE SINDICAL DO SITSESP - SEC. DE SA\u00daDE DO TRABALHADOR - SITSESP\",\"isPartOf\":{\"@id\":\"https:\/\/www.sitsesp.org.br\/novo\/#website\"},\"primaryImageOfPage\":{\"@id\":\"https:\/\/www.sitsesp.org.br\/novo\/entrevista-com-antonia-souza-dirigente-sindical-do-sitsesp-sec-de-saude-do-trabalhador\/#primaryimage\"},\"image\":{\"@id\":\"https:\/\/www.sitsesp.org.br\/novo\/entrevista-com-antonia-souza-dirigente-sindical-do-sitsesp-sec-de-saude-do-trabalhador\/#primaryimage\"},\"thumbnailUrl\":\"https:\/\/www.sitsesp.org.br\/novo\/wp-content\/uploads\/2020\/10\/1594647926-1.gif\",\"datePublished\":\"2020-07-13T13:40:13+00:00\",\"dateModified\":\"2020-07-13T13:40:13+00:00\",\"breadcrumb\":{\"@id\":\"https:\/\/www.sitsesp.org.br\/novo\/entrevista-com-antonia-souza-dirigente-sindical-do-sitsesp-sec-de-saude-do-trabalhador\/#breadcrumb\"},\"inLanguage\":\"pt-BR\",\"potentialAction\":[{\"@type\":\"ReadAction\",\"target\":[\"https:\/\/www.sitsesp.org.br\/novo\/entrevista-com-antonia-souza-dirigente-sindical-do-sitsesp-sec-de-saude-do-trabalhador\/\"]}]},{\"@type\":\"ImageObject\",\"inLanguage\":\"pt-BR\",\"@id\":\"https:\/\/www.sitsesp.org.br\/novo\/entrevista-com-antonia-souza-dirigente-sindical-do-sitsesp-sec-de-saude-do-trabalhador\/#primaryimage\",\"url\":\"https:\/\/www.sitsesp.org.br\/novo\/wp-content\/uploads\/2020\/10\/1594647926-1.gif\",\"contentUrl\":\"https:\/\/www.sitsesp.org.br\/novo\/wp-content\/uploads\/2020\/10\/1594647926-1.gif\",\"width\":2000,\"height\":2000},{\"@type\":\"BreadcrumbList\",\"@id\":\"https:\/\/www.sitsesp.org.br\/novo\/entrevista-com-antonia-souza-dirigente-sindical-do-sitsesp-sec-de-saude-do-trabalhador\/#breadcrumb\",\"itemListElement\":[{\"@type\":\"ListItem\",\"position\":1,\"name\":\"In\u00edcio\",\"item\":\"https:\/\/www.sitsesp.org.br\/novo\/\"},{\"@type\":\"ListItem\",\"position\":2,\"name\":\"ENTREVISTA COM ANT\u00d4NIA SOUZA \u2013 DIRIGENTE SINDICAL DO SITSESP &#8211; SEC. DE SA\u00daDE DO TRABALHADOR\"}]},{\"@type\":\"WebSite\",\"@id\":\"https:\/\/www.sitsesp.org.br\/novo\/#website\",\"url\":\"https:\/\/www.sitsesp.org.br\/novo\/\",\"name\":\"Sitsesp\",\"description\":\"SIndicato da Socioeduca\u00e7\u00e3o do Estado de S\u00e3o Paulo\",\"publisher\":{\"@id\":\"https:\/\/www.sitsesp.org.br\/novo\/#organization\"},\"potentialAction\":[{\"@type\":\"SearchAction\",\"target\":{\"@type\":\"EntryPoint\",\"urlTemplate\":\"https:\/\/www.sitsesp.org.br\/novo\/?s={search_term_string}\"},\"query-input\":\"required name=search_term_string\"}],\"inLanguage\":\"pt-BR\"},{\"@type\":\"Organization\",\"@id\":\"https:\/\/www.sitsesp.org.br\/novo\/#organization\",\"name\":\"Sitsesp\",\"url\":\"https:\/\/www.sitsesp.org.br\/novo\/\",\"logo\":{\"@type\":\"ImageObject\",\"inLanguage\":\"pt-BR\",\"@id\":\"https:\/\/www.sitsesp.org.br\/novo\/#\/schema\/logo\/image\/\",\"url\":\"https:\/\/www.sitsesp.org.br\/novo\/wp-content\/uploads\/2020\/09\/Design-sem-nome-1.jpg\",\"contentUrl\":\"https:\/\/www.sitsesp.org.br\/novo\/wp-content\/uploads\/2020\/09\/Design-sem-nome-1.jpg\",\"width\":300,\"height\":300,\"caption\":\"Sitsesp\"},\"image\":{\"@id\":\"https:\/\/www.sitsesp.org.br\/novo\/#\/schema\/logo\/image\/\"}},{\"@type\":\"Person\",\"@id\":\"https:\/\/www.sitsesp.org.br\/novo\/#\/schema\/person\/2a4c180eb185645b3bef8657c75e305a\",\"name\":\"mhais\",\"image\":{\"@type\":\"ImageObject\",\"inLanguage\":\"pt-BR\",\"@id\":\"https:\/\/www.sitsesp.org.br\/novo\/#\/schema\/person\/image\/\",\"url\":\"https:\/\/secure.gravatar.com\/avatar\/6f4eabe86990e81328cf702edfa92a60?s=96&d=mm&r=g\",\"contentUrl\":\"https:\/\/secure.gravatar.com\/avatar\/6f4eabe86990e81328cf702edfa92a60?s=96&d=mm&r=g\",\"caption\":\"mhais\"},\"sameAs\":[\"http:\/\/localhost\/sitsesp\"]}]}<\/script>\n<!-- \/ Yoast SEO plugin. -->","yoast_head_json":{"title":"ENTREVISTA COM ANT\u00d4NIA SOUZA \u2013 DIRIGENTE SINDICAL DO SITSESP - SEC. DE SA\u00daDE DO TRABALHADOR - SITSESP","robots":{"index":"index","follow":"follow","max-snippet":"max-snippet:-1","max-image-preview":"max-image-preview:large","max-video-preview":"max-video-preview:-1"},"canonical":"https:\/\/www.sitsesp.org.br\/novo\/entrevista-com-antonia-souza-dirigente-sindical-do-sitsesp-sec-de-saude-do-trabalhador\/","og_locale":"pt_BR","og_type":"article","og_title":"ENTREVISTA COM ANT\u00d4NIA SOUZA \u2013 DIRIGENTE SINDICAL DO SITSESP - SEC. DE SA\u00daDE DO TRABALHADOR - SITSESP","og_description":"COMO A COVID-19 AFETA A CATEGORIA E COMO SE ENCONTRA O SESMT (SERVI&Ccedil;O ESPECIALIZADO EM ENGENHARIA DE SEGURAN&Ccedil;A E EM MEDICINA&hellip;","og_url":"https:\/\/www.sitsesp.org.br\/novo\/entrevista-com-antonia-souza-dirigente-sindical-do-sitsesp-sec-de-saude-do-trabalhador\/","og_site_name":"SITSESP","article_published_time":"2020-07-13T13:40:13+00:00","og_image":[{"width":2000,"height":2000,"url":"https:\/\/www.sitsesp.org.br\/novo\/wp-content\/uploads\/2020\/10\/1594647926-1.gif","type":"image\/gif"}],"author":"mhais","twitter_card":"summary_large_image","twitter_misc":{"Escrito por":"mhais","Est. tempo de leitura":"5 minutos"},"schema":{"@context":"https:\/\/schema.org","@graph":[{"@type":"Article","@id":"https:\/\/www.sitsesp.org.br\/novo\/entrevista-com-antonia-souza-dirigente-sindical-do-sitsesp-sec-de-saude-do-trabalhador\/#article","isPartOf":{"@id":"https:\/\/www.sitsesp.org.br\/novo\/entrevista-com-antonia-souza-dirigente-sindical-do-sitsesp-sec-de-saude-do-trabalhador\/"},"author":{"name":"mhais","@id":"https:\/\/www.sitsesp.org.br\/novo\/#\/schema\/person\/2a4c180eb185645b3bef8657c75e305a"},"headline":"ENTREVISTA COM ANT\u00d4NIA SOUZA \u2013 DIRIGENTE SINDICAL DO SITSESP &#8211; SEC. DE SA\u00daDE DO TRABALHADOR","datePublished":"2020-07-13T13:40:13+00:00","dateModified":"2020-07-13T13:40:13+00:00","mainEntityOfPage":{"@id":"https:\/\/www.sitsesp.org.br\/novo\/entrevista-com-antonia-souza-dirigente-sindical-do-sitsesp-sec-de-saude-do-trabalhador\/"},"wordCount":1081,"commentCount":0,"publisher":{"@id":"https:\/\/www.sitsesp.org.br\/novo\/#organization"},"image":{"@id":"https:\/\/www.sitsesp.org.br\/novo\/entrevista-com-antonia-souza-dirigente-sindical-do-sitsesp-sec-de-saude-do-trabalhador\/#primaryimage"},"thumbnailUrl":"https:\/\/www.sitsesp.org.br\/novo\/wp-content\/uploads\/2020\/10\/1594647926-1.gif","articleSection":["Noticias"],"inLanguage":"pt-BR","potentialAction":[{"@type":"CommentAction","name":"Comment","target":["https:\/\/www.sitsesp.org.br\/novo\/entrevista-com-antonia-souza-dirigente-sindical-do-sitsesp-sec-de-saude-do-trabalhador\/#respond"]}]},{"@type":"WebPage","@id":"https:\/\/www.sitsesp.org.br\/novo\/entrevista-com-antonia-souza-dirigente-sindical-do-sitsesp-sec-de-saude-do-trabalhador\/","url":"https:\/\/www.sitsesp.org.br\/novo\/entrevista-com-antonia-souza-dirigente-sindical-do-sitsesp-sec-de-saude-do-trabalhador\/","name":"ENTREVISTA COM ANT\u00d4NIA SOUZA \u2013 DIRIGENTE SINDICAL DO SITSESP - SEC. DE SA\u00daDE DO TRABALHADOR - SITSESP","isPartOf":{"@id":"https:\/\/www.sitsesp.org.br\/novo\/#website"},"primaryImageOfPage":{"@id":"https:\/\/www.sitsesp.org.br\/novo\/entrevista-com-antonia-souza-dirigente-sindical-do-sitsesp-sec-de-saude-do-trabalhador\/#primaryimage"},"image":{"@id":"https:\/\/www.sitsesp.org.br\/novo\/entrevista-com-antonia-souza-dirigente-sindical-do-sitsesp-sec-de-saude-do-trabalhador\/#primaryimage"},"thumbnailUrl":"https:\/\/www.sitsesp.org.br\/novo\/wp-content\/uploads\/2020\/10\/1594647926-1.gif","datePublished":"2020-07-13T13:40:13+00:00","dateModified":"2020-07-13T13:40:13+00:00","breadcrumb":{"@id":"https:\/\/www.sitsesp.org.br\/novo\/entrevista-com-antonia-souza-dirigente-sindical-do-sitsesp-sec-de-saude-do-trabalhador\/#breadcrumb"},"inLanguage":"pt-BR","potentialAction":[{"@type":"ReadAction","target":["https:\/\/www.sitsesp.org.br\/novo\/entrevista-com-antonia-souza-dirigente-sindical-do-sitsesp-sec-de-saude-do-trabalhador\/"]}]},{"@type":"ImageObject","inLanguage":"pt-BR","@id":"https:\/\/www.sitsesp.org.br\/novo\/entrevista-com-antonia-souza-dirigente-sindical-do-sitsesp-sec-de-saude-do-trabalhador\/#primaryimage","url":"https:\/\/www.sitsesp.org.br\/novo\/wp-content\/uploads\/2020\/10\/1594647926-1.gif","contentUrl":"https:\/\/www.sitsesp.org.br\/novo\/wp-content\/uploads\/2020\/10\/1594647926-1.gif","width":2000,"height":2000},{"@type":"BreadcrumbList","@id":"https:\/\/www.sitsesp.org.br\/novo\/entrevista-com-antonia-souza-dirigente-sindical-do-sitsesp-sec-de-saude-do-trabalhador\/#breadcrumb","itemListElement":[{"@type":"ListItem","position":1,"name":"In\u00edcio","item":"https:\/\/www.sitsesp.org.br\/novo\/"},{"@type":"ListItem","position":2,"name":"ENTREVISTA COM ANT\u00d4NIA SOUZA \u2013 DIRIGENTE SINDICAL DO SITSESP &#8211; SEC. DE SA\u00daDE DO TRABALHADOR"}]},{"@type":"WebSite","@id":"https:\/\/www.sitsesp.org.br\/novo\/#website","url":"https:\/\/www.sitsesp.org.br\/novo\/","name":"Sitsesp","description":"SIndicato da Socioeduca\u00e7\u00e3o do Estado de S\u00e3o Paulo","publisher":{"@id":"https:\/\/www.sitsesp.org.br\/novo\/#organization"},"potentialAction":[{"@type":"SearchAction","target":{"@type":"EntryPoint","urlTemplate":"https:\/\/www.sitsesp.org.br\/novo\/?s={search_term_string}"},"query-input":"required name=search_term_string"}],"inLanguage":"pt-BR"},{"@type":"Organization","@id":"https:\/\/www.sitsesp.org.br\/novo\/#organization","name":"Sitsesp","url":"https:\/\/www.sitsesp.org.br\/novo\/","logo":{"@type":"ImageObject","inLanguage":"pt-BR","@id":"https:\/\/www.sitsesp.org.br\/novo\/#\/schema\/logo\/image\/","url":"https:\/\/www.sitsesp.org.br\/novo\/wp-content\/uploads\/2020\/09\/Design-sem-nome-1.jpg","contentUrl":"https:\/\/www.sitsesp.org.br\/novo\/wp-content\/uploads\/2020\/09\/Design-sem-nome-1.jpg","width":300,"height":300,"caption":"Sitsesp"},"image":{"@id":"https:\/\/www.sitsesp.org.br\/novo\/#\/schema\/logo\/image\/"}},{"@type":"Person","@id":"https:\/\/www.sitsesp.org.br\/novo\/#\/schema\/person\/2a4c180eb185645b3bef8657c75e305a","name":"mhais","image":{"@type":"ImageObject","inLanguage":"pt-BR","@id":"https:\/\/www.sitsesp.org.br\/novo\/#\/schema\/person\/image\/","url":"https:\/\/secure.gravatar.com\/avatar\/6f4eabe86990e81328cf702edfa92a60?s=96&d=mm&r=g","contentUrl":"https:\/\/secure.gravatar.com\/avatar\/6f4eabe86990e81328cf702edfa92a60?s=96&d=mm&r=g","caption":"mhais"},"sameAs":["http:\/\/localhost\/sitsesp"]}]}},"_links":{"self":[{"href":"https:\/\/www.sitsesp.org.br\/novo\/wp-json\/wp\/v2\/posts\/2592"}],"collection":[{"href":"https:\/\/www.sitsesp.org.br\/novo\/wp-json\/wp\/v2\/posts"}],"about":[{"href":"https:\/\/www.sitsesp.org.br\/novo\/wp-json\/wp\/v2\/types\/post"}],"author":[{"embeddable":true,"href":"https:\/\/www.sitsesp.org.br\/novo\/wp-json\/wp\/v2\/users\/1"}],"replies":[{"embeddable":true,"href":"https:\/\/www.sitsesp.org.br\/novo\/wp-json\/wp\/v2\/comments?post=2592"}],"version-history":[{"count":0,"href":"https:\/\/www.sitsesp.org.br\/novo\/wp-json\/wp\/v2\/posts\/2592\/revisions"}],"wp:featuredmedia":[{"embeddable":true,"href":"https:\/\/www.sitsesp.org.br\/novo\/wp-json\/wp\/v2\/media\/2593"}],"wp:attachment":[{"href":"https:\/\/www.sitsesp.org.br\/novo\/wp-json\/wp\/v2\/media?parent=2592"}],"wp:term":[{"taxonomy":"category","embeddable":true,"href":"https:\/\/www.sitsesp.org.br\/novo\/wp-json\/wp\/v2\/categories?post=2592"},{"taxonomy":"post_tag","embeddable":true,"href":"https:\/\/www.sitsesp.org.br\/novo\/wp-json\/wp\/v2\/tags?post=2592"}],"curies":[{"name":"wp","href":"https:\/\/api.w.org\/{rel}","templated":true}]}}