{"id":2640,"date":"2020-08-20T09:48:08","date_gmt":"2020-08-20T12:48:08","guid":{"rendered":"https:\/\/pecorari-cloud72.pecoraricloud.com.br\/~sitsesporg\/informe-reuniao-sitsesp-e-fundacao\/"},"modified":"2020-08-20T09:48:08","modified_gmt":"2020-08-20T12:48:08","slug":"informe-reuniao-sitsesp-e-fundacao","status":"publish","type":"post","link":"https:\/\/www.sitsesp.org.br\/novo\/informe-reuniao-sitsesp-e-fundacao\/","title":{"rendered":"INFORME: Reuni\u00e3o SITSESP E FUNDA\u00c7\u00c3O"},"content":{"rendered":"<p><!-- VideographyWP Plugin Message: Automatic video embedding prevented by plugin options. --><br \/>\nNo dia 17\/08\/2020, o SITSESP participou da reuni&atilde;o Bipartite com a Funda&ccedil;&atilde;o Casa, fomos informados que com as testagens de covid19, nos Complexos de Lins, Mar&iacute;lia e Bauru, a institui&ccedil;&atilde;o completaria a testagens de todos os centros. A dificuldade em realizar com maior agilidade, foi pela obrigatoriedade de seguir o cronograma do Instituto do Butant&atilde;. <\/p>\n<p>O Sindicato requereu a informa&ccedil;&atilde;o quantitativa das testagens positivas dos funcion&aacute;rios e adolescentes por centro. Posicionamos a Funda&ccedil;&atilde;o Casa, da necessidade de uma testagem massiva antes do retorno dos servidores afastados compulsoriamente, para que tenhamos certeza que o ambiente esteja o mais seguro poss&iacute;vel para a retomada das atividades destes trabalhadores. <\/p>\n<p>Em rela&ccedil;&atilde;o Comunica&ccedil;&atilde;o de Acidente de Trabalho, a Funda&ccedil;&atilde;o CASA informou que recebeu 26 requerimentos e que o setor GSMT est&aacute; analisando a emiss&atilde;o dos mesmos. O Sindicato contrap&ocirc;s informando que diversos requerimentos de abertura foram enviados por e-mail, diante da recusa das unidades em protocolar estes pedidos, e que estes e-mails encontram-se ainda sem resposta da GSMT. Se comprometeram a fazer um levantamento destes requerimentos enviados por e-mail, e que refor&ccedil;aria juntos aos centros a receberem os pedidos de CAT dos servidores. <\/p>\n<p>Quantos aos servidores afastados durante o per&iacute;odo da Pandemia, que tiveram problemas junto ao INSS, para que relat&aacute;ssemos ou orient&aacute;ssemos os trabalhadores a entrar em contato com RH da sede para an&aacute;lise de caso a caso. Posteriormente divulgaremos a Ata desta reuni&atilde;o, que at&eacute; a presente data n&atilde;o nos foi fornecida pela Funda&ccedil;&atilde;o casa.<\/p>\n<p>No dia 19\/08\/2020, &agrave;s 10HS estiveram reunidos na Sede da Funda&ccedil;&atilde;o CASA a Presidente do SITSESP Cl&aacute;udia Maria, o secret&aacute;rio de \u0003finan&ccedil;as Emerson Feitosa, o secret&aacute;rio jur&iacute;dico Cesar Horta, acompanhados pelo servidor J&uacute;lio Alves onde participaram de reuni&atilde;o para discutir a pauta da campanha salarial. <\/p>\n<p>Nesta oportunidade foi cobrado da Funda&ccedil;&atilde;o CASA, uma proposta para as cl&aacute;usulas econ&ocirc;micas. A Funda&ccedil;&atilde;o CASA por sua vez nos informou que ainda n&atilde;o havia recebido por parte do Governo uma devolutiva, &agrave;s nossas reivindica&ccedil;&otilde;es. Com rela&ccedil;&atilde;o &agrave;s cl&aacute;usulas sociais a Funda&ccedil;&atilde;o CASA demonstrou interesse em prorrogar o acordo de 2019\/2020 por mais um ano. <\/p>\n<p>Na oportunidade o SITSESP com objetivo de melhorar o presente acordo, prop&ocirc;s inova&ccedil;&otilde;es constantes na pauta de reivindica&ccedil;&otilde;es, que ser&atilde;o levadas para an&aacute;lise do Governo e que voltaram a serem discutidas na pr&oacute;xima rodada de negocia&ccedil;&otilde;es da campanha salarial. A ATA desta reuni&atilde;o est&aacute; dispon&iacute;vel no facebook do SITSESP.<\/p>\n","protected":false},"excerpt":{"rendered":"<p>No dia 17\/08\/2020, o SITSESP participou da reuni&atilde;o Bipartite com a Funda&ccedil;&atilde;o Casa, fomos informados que com as testagens de covid19,&hellip;<\/p>\n","protected":false},"author":1,"featured_media":2641,"comment_status":"open","ping_status":"open","sticky":false,"template":"","format":"standard","meta":{"cybocfi_hide_featured_image":"","footnotes":""},"categories":[22],"tags":[],"yoast_head":"<!-- This site is optimized with the Yoast SEO plugin v22.8 - https:\/\/yoast.com\/wordpress\/plugins\/seo\/ -->\n<title>INFORME: Reuni\u00e3o SITSESP E FUNDA\u00c7\u00c3O - SITSESP<\/title>\n<meta name=\"robots\" content=\"index, follow, max-snippet:-1, max-image-preview:large, max-video-preview:-1\" \/>\n<link rel=\"canonical\" href=\"https:\/\/www.sitsesp.org.br\/novo\/informe-reuniao-sitsesp-e-fundacao\/\" \/>\n<meta property=\"og:locale\" content=\"pt_BR\" \/>\n<meta property=\"og:type\" content=\"article\" \/>\n<meta property=\"og:title\" content=\"INFORME: Reuni\u00e3o SITSESP E FUNDA\u00c7\u00c3O - SITSESP\" \/>\n<meta property=\"og:description\" content=\"No dia 17\/08\/2020, o SITSESP participou da reuni&atilde;o Bipartite com a Funda&ccedil;&atilde;o Casa, fomos informados que com as testagens de covid19,&hellip;\" \/>\n<meta property=\"og:url\" content=\"https:\/\/www.sitsesp.org.br\/novo\/informe-reuniao-sitsesp-e-fundacao\/\" \/>\n<meta property=\"og:site_name\" content=\"SITSESP\" \/>\n<meta property=\"article:published_time\" content=\"2020-08-20T12:48:08+00:00\" \/>\n<meta property=\"og:image\" content=\"https:\/\/www.sitsesp.org.br\/novo\/wp-content\/uploads\/2020\/10\/1597927688-1-scaled.gif\" \/>\n\t<meta property=\"og:image:width\" content=\"1810\" \/>\n\t<meta property=\"og:image:height\" content=\"2560\" \/>\n\t<meta property=\"og:image:type\" content=\"image\/gif\" \/>\n<meta name=\"author\" content=\"mhais\" \/>\n<meta name=\"twitter:card\" content=\"summary_large_image\" \/>\n<meta name=\"twitter:label1\" content=\"Escrito por\" \/>\n\t<meta name=\"twitter:data1\" content=\"mhais\" \/>\n\t<meta name=\"twitter:label2\" content=\"Est. tempo de leitura\" \/>\n\t<meta name=\"twitter:data2\" content=\"3 minutos\" \/>\n<script type=\"application\/ld+json\" class=\"yoast-schema-graph\">{\"@context\":\"https:\/\/schema.org\",\"@graph\":[{\"@type\":\"Article\",\"@id\":\"https:\/\/www.sitsesp.org.br\/novo\/informe-reuniao-sitsesp-e-fundacao\/#article\",\"isPartOf\":{\"@id\":\"https:\/\/www.sitsesp.org.br\/novo\/informe-reuniao-sitsesp-e-fundacao\/\"},\"author\":{\"name\":\"mhais\",\"@id\":\"https:\/\/www.sitsesp.org.br\/novo\/#\/schema\/person\/2a4c180eb185645b3bef8657c75e305a\"},\"headline\":\"INFORME: Reuni\u00e3o SITSESP E FUNDA\u00c7\u00c3O\",\"datePublished\":\"2020-08-20T12:48:08+00:00\",\"dateModified\":\"2020-08-20T12:48:08+00:00\",\"mainEntityOfPage\":{\"@id\":\"https:\/\/www.sitsesp.org.br\/novo\/informe-reuniao-sitsesp-e-fundacao\/\"},\"wordCount\":513,\"commentCount\":0,\"publisher\":{\"@id\":\"https:\/\/www.sitsesp.org.br\/novo\/#organization\"},\"image\":{\"@id\":\"https:\/\/www.sitsesp.org.br\/novo\/informe-reuniao-sitsesp-e-fundacao\/#primaryimage\"},\"thumbnailUrl\":\"https:\/\/www.sitsesp.org.br\/novo\/wp-content\/uploads\/2020\/10\/1597927688-1-scaled.gif\",\"articleSection\":[\"Noticias\"],\"inLanguage\":\"pt-BR\",\"potentialAction\":[{\"@type\":\"CommentAction\",\"name\":\"Comment\",\"target\":[\"https:\/\/www.sitsesp.org.br\/novo\/informe-reuniao-sitsesp-e-fundacao\/#respond\"]}]},{\"@type\":\"WebPage\",\"@id\":\"https:\/\/www.sitsesp.org.br\/novo\/informe-reuniao-sitsesp-e-fundacao\/\",\"url\":\"https:\/\/www.sitsesp.org.br\/novo\/informe-reuniao-sitsesp-e-fundacao\/\",\"name\":\"INFORME: Reuni\u00e3o SITSESP E FUNDA\u00c7\u00c3O - SITSESP\",\"isPartOf\":{\"@id\":\"https:\/\/www.sitsesp.org.br\/novo\/#website\"},\"primaryImageOfPage\":{\"@id\":\"https:\/\/www.sitsesp.org.br\/novo\/informe-reuniao-sitsesp-e-fundacao\/#primaryimage\"},\"image\":{\"@id\":\"https:\/\/www.sitsesp.org.br\/novo\/informe-reuniao-sitsesp-e-fundacao\/#primaryimage\"},\"thumbnailUrl\":\"https:\/\/www.sitsesp.org.br\/novo\/wp-content\/uploads\/2020\/10\/1597927688-1-scaled.gif\",\"datePublished\":\"2020-08-20T12:48:08+00:00\",\"dateModified\":\"2020-08-20T12:48:08+00:00\",\"breadcrumb\":{\"@id\":\"https:\/\/www.sitsesp.org.br\/novo\/informe-reuniao-sitsesp-e-fundacao\/#breadcrumb\"},\"inLanguage\":\"pt-BR\",\"potentialAction\":[{\"@type\":\"ReadAction\",\"target\":[\"https:\/\/www.sitsesp.org.br\/novo\/informe-reuniao-sitsesp-e-fundacao\/\"]}]},{\"@type\":\"ImageObject\",\"inLanguage\":\"pt-BR\",\"@id\":\"https:\/\/www.sitsesp.org.br\/novo\/informe-reuniao-sitsesp-e-fundacao\/#primaryimage\",\"url\":\"https:\/\/www.sitsesp.org.br\/novo\/wp-content\/uploads\/2020\/10\/1597927688-1-scaled.gif\",\"contentUrl\":\"https:\/\/www.sitsesp.org.br\/novo\/wp-content\/uploads\/2020\/10\/1597927688-1-scaled.gif\",\"width\":1810,\"height\":2560},{\"@type\":\"BreadcrumbList\",\"@id\":\"https:\/\/www.sitsesp.org.br\/novo\/informe-reuniao-sitsesp-e-fundacao\/#breadcrumb\",\"itemListElement\":[{\"@type\":\"ListItem\",\"position\":1,\"name\":\"In\u00edcio\",\"item\":\"https:\/\/www.sitsesp.org.br\/novo\/\"},{\"@type\":\"ListItem\",\"position\":2,\"name\":\"INFORME: Reuni\u00e3o SITSESP E FUNDA\u00c7\u00c3O\"}]},{\"@type\":\"WebSite\",\"@id\":\"https:\/\/www.sitsesp.org.br\/novo\/#website\",\"url\":\"https:\/\/www.sitsesp.org.br\/novo\/\",\"name\":\"Sitsesp\",\"description\":\"SIndicato da Socioeduca\u00e7\u00e3o do Estado de S\u00e3o Paulo\",\"publisher\":{\"@id\":\"https:\/\/www.sitsesp.org.br\/novo\/#organization\"},\"potentialAction\":[{\"@type\":\"SearchAction\",\"target\":{\"@type\":\"EntryPoint\",\"urlTemplate\":\"https:\/\/www.sitsesp.org.br\/novo\/?s={search_term_string}\"},\"query-input\":\"required name=search_term_string\"}],\"inLanguage\":\"pt-BR\"},{\"@type\":\"Organization\",\"@id\":\"https:\/\/www.sitsesp.org.br\/novo\/#organization\",\"name\":\"Sitsesp\",\"url\":\"https:\/\/www.sitsesp.org.br\/novo\/\",\"logo\":{\"@type\":\"ImageObject\",\"inLanguage\":\"pt-BR\",\"@id\":\"https:\/\/www.sitsesp.org.br\/novo\/#\/schema\/logo\/image\/\",\"url\":\"https:\/\/www.sitsesp.org.br\/novo\/wp-content\/uploads\/2020\/09\/Design-sem-nome-1.jpg\",\"contentUrl\":\"https:\/\/www.sitsesp.org.br\/novo\/wp-content\/uploads\/2020\/09\/Design-sem-nome-1.jpg\",\"width\":300,\"height\":300,\"caption\":\"Sitsesp\"},\"image\":{\"@id\":\"https:\/\/www.sitsesp.org.br\/novo\/#\/schema\/logo\/image\/\"}},{\"@type\":\"Person\",\"@id\":\"https:\/\/www.sitsesp.org.br\/novo\/#\/schema\/person\/2a4c180eb185645b3bef8657c75e305a\",\"name\":\"mhais\",\"image\":{\"@type\":\"ImageObject\",\"inLanguage\":\"pt-BR\",\"@id\":\"https:\/\/www.sitsesp.org.br\/novo\/#\/schema\/person\/image\/\",\"url\":\"https:\/\/secure.gravatar.com\/avatar\/6f4eabe86990e81328cf702edfa92a60?s=96&d=mm&r=g\",\"contentUrl\":\"https:\/\/secure.gravatar.com\/avatar\/6f4eabe86990e81328cf702edfa92a60?s=96&d=mm&r=g\",\"caption\":\"mhais\"},\"sameAs\":[\"http:\/\/localhost\/sitsesp\"]}]}<\/script>\n<!-- \/ Yoast SEO plugin. -->","yoast_head_json":{"title":"INFORME: Reuni\u00e3o SITSESP E FUNDA\u00c7\u00c3O - SITSESP","robots":{"index":"index","follow":"follow","max-snippet":"max-snippet:-1","max-image-preview":"max-image-preview:large","max-video-preview":"max-video-preview:-1"},"canonical":"https:\/\/www.sitsesp.org.br\/novo\/informe-reuniao-sitsesp-e-fundacao\/","og_locale":"pt_BR","og_type":"article","og_title":"INFORME: Reuni\u00e3o SITSESP E FUNDA\u00c7\u00c3O - SITSESP","og_description":"No dia 17\/08\/2020, o SITSESP participou da reuni&atilde;o Bipartite com a Funda&ccedil;&atilde;o Casa, fomos informados que com as testagens de covid19,&hellip;","og_url":"https:\/\/www.sitsesp.org.br\/novo\/informe-reuniao-sitsesp-e-fundacao\/","og_site_name":"SITSESP","article_published_time":"2020-08-20T12:48:08+00:00","og_image":[{"width":1810,"height":2560,"url":"https:\/\/www.sitsesp.org.br\/novo\/wp-content\/uploads\/2020\/10\/1597927688-1-scaled.gif","type":"image\/gif"}],"author":"mhais","twitter_card":"summary_large_image","twitter_misc":{"Escrito por":"mhais","Est. tempo de leitura":"3 minutos"},"schema":{"@context":"https:\/\/schema.org","@graph":[{"@type":"Article","@id":"https:\/\/www.sitsesp.org.br\/novo\/informe-reuniao-sitsesp-e-fundacao\/#article","isPartOf":{"@id":"https:\/\/www.sitsesp.org.br\/novo\/informe-reuniao-sitsesp-e-fundacao\/"},"author":{"name":"mhais","@id":"https:\/\/www.sitsesp.org.br\/novo\/#\/schema\/person\/2a4c180eb185645b3bef8657c75e305a"},"headline":"INFORME: Reuni\u00e3o SITSESP E FUNDA\u00c7\u00c3O","datePublished":"2020-08-20T12:48:08+00:00","dateModified":"2020-08-20T12:48:08+00:00","mainEntityOfPage":{"@id":"https:\/\/www.sitsesp.org.br\/novo\/informe-reuniao-sitsesp-e-fundacao\/"},"wordCount":513,"commentCount":0,"publisher":{"@id":"https:\/\/www.sitsesp.org.br\/novo\/#organization"},"image":{"@id":"https:\/\/www.sitsesp.org.br\/novo\/informe-reuniao-sitsesp-e-fundacao\/#primaryimage"},"thumbnailUrl":"https:\/\/www.sitsesp.org.br\/novo\/wp-content\/uploads\/2020\/10\/1597927688-1-scaled.gif","articleSection":["Noticias"],"inLanguage":"pt-BR","potentialAction":[{"@type":"CommentAction","name":"Comment","target":["https:\/\/www.sitsesp.org.br\/novo\/informe-reuniao-sitsesp-e-fundacao\/#respond"]}]},{"@type":"WebPage","@id":"https:\/\/www.sitsesp.org.br\/novo\/informe-reuniao-sitsesp-e-fundacao\/","url":"https:\/\/www.sitsesp.org.br\/novo\/informe-reuniao-sitsesp-e-fundacao\/","name":"INFORME: Reuni\u00e3o SITSESP E FUNDA\u00c7\u00c3O - SITSESP","isPartOf":{"@id":"https:\/\/www.sitsesp.org.br\/novo\/#website"},"primaryImageOfPage":{"@id":"https:\/\/www.sitsesp.org.br\/novo\/informe-reuniao-sitsesp-e-fundacao\/#primaryimage"},"image":{"@id":"https:\/\/www.sitsesp.org.br\/novo\/informe-reuniao-sitsesp-e-fundacao\/#primaryimage"},"thumbnailUrl":"https:\/\/www.sitsesp.org.br\/novo\/wp-content\/uploads\/2020\/10\/1597927688-1-scaled.gif","datePublished":"2020-08-20T12:48:08+00:00","dateModified":"2020-08-20T12:48:08+00:00","breadcrumb":{"@id":"https:\/\/www.sitsesp.org.br\/novo\/informe-reuniao-sitsesp-e-fundacao\/#breadcrumb"},"inLanguage":"pt-BR","potentialAction":[{"@type":"ReadAction","target":["https:\/\/www.sitsesp.org.br\/novo\/informe-reuniao-sitsesp-e-fundacao\/"]}]},{"@type":"ImageObject","inLanguage":"pt-BR","@id":"https:\/\/www.sitsesp.org.br\/novo\/informe-reuniao-sitsesp-e-fundacao\/#primaryimage","url":"https:\/\/www.sitsesp.org.br\/novo\/wp-content\/uploads\/2020\/10\/1597927688-1-scaled.gif","contentUrl":"https:\/\/www.sitsesp.org.br\/novo\/wp-content\/uploads\/2020\/10\/1597927688-1-scaled.gif","width":1810,"height":2560},{"@type":"BreadcrumbList","@id":"https:\/\/www.sitsesp.org.br\/novo\/informe-reuniao-sitsesp-e-fundacao\/#breadcrumb","itemListElement":[{"@type":"ListItem","position":1,"name":"In\u00edcio","item":"https:\/\/www.sitsesp.org.br\/novo\/"},{"@type":"ListItem","position":2,"name":"INFORME: Reuni\u00e3o SITSESP E FUNDA\u00c7\u00c3O"}]},{"@type":"WebSite","@id":"https:\/\/www.sitsesp.org.br\/novo\/#website","url":"https:\/\/www.sitsesp.org.br\/novo\/","name":"Sitsesp","description":"SIndicato da Socioeduca\u00e7\u00e3o do Estado de S\u00e3o Paulo","publisher":{"@id":"https:\/\/www.sitsesp.org.br\/novo\/#organization"},"potentialAction":[{"@type":"SearchAction","target":{"@type":"EntryPoint","urlTemplate":"https:\/\/www.sitsesp.org.br\/novo\/?s={search_term_string}"},"query-input":"required name=search_term_string"}],"inLanguage":"pt-BR"},{"@type":"Organization","@id":"https:\/\/www.sitsesp.org.br\/novo\/#organization","name":"Sitsesp","url":"https:\/\/www.sitsesp.org.br\/novo\/","logo":{"@type":"ImageObject","inLanguage":"pt-BR","@id":"https:\/\/www.sitsesp.org.br\/novo\/#\/schema\/logo\/image\/","url":"https:\/\/www.sitsesp.org.br\/novo\/wp-content\/uploads\/2020\/09\/Design-sem-nome-1.jpg","contentUrl":"https:\/\/www.sitsesp.org.br\/novo\/wp-content\/uploads\/2020\/09\/Design-sem-nome-1.jpg","width":300,"height":300,"caption":"Sitsesp"},"image":{"@id":"https:\/\/www.sitsesp.org.br\/novo\/#\/schema\/logo\/image\/"}},{"@type":"Person","@id":"https:\/\/www.sitsesp.org.br\/novo\/#\/schema\/person\/2a4c180eb185645b3bef8657c75e305a","name":"mhais","image":{"@type":"ImageObject","inLanguage":"pt-BR","@id":"https:\/\/www.sitsesp.org.br\/novo\/#\/schema\/person\/image\/","url":"https:\/\/secure.gravatar.com\/avatar\/6f4eabe86990e81328cf702edfa92a60?s=96&d=mm&r=g","contentUrl":"https:\/\/secure.gravatar.com\/avatar\/6f4eabe86990e81328cf702edfa92a60?s=96&d=mm&r=g","caption":"mhais"},"sameAs":["http:\/\/localhost\/sitsesp"]}]}},"_links":{"self":[{"href":"https:\/\/www.sitsesp.org.br\/novo\/wp-json\/wp\/v2\/posts\/2640"}],"collection":[{"href":"https:\/\/www.sitsesp.org.br\/novo\/wp-json\/wp\/v2\/posts"}],"about":[{"href":"https:\/\/www.sitsesp.org.br\/novo\/wp-json\/wp\/v2\/types\/post"}],"author":[{"embeddable":true,"href":"https:\/\/www.sitsesp.org.br\/novo\/wp-json\/wp\/v2\/users\/1"}],"replies":[{"embeddable":true,"href":"https:\/\/www.sitsesp.org.br\/novo\/wp-json\/wp\/v2\/comments?post=2640"}],"version-history":[{"count":0,"href":"https:\/\/www.sitsesp.org.br\/novo\/wp-json\/wp\/v2\/posts\/2640\/revisions"}],"wp:featuredmedia":[{"embeddable":true,"href":"https:\/\/www.sitsesp.org.br\/novo\/wp-json\/wp\/v2\/media\/2641"}],"wp:attachment":[{"href":"https:\/\/www.sitsesp.org.br\/novo\/wp-json\/wp\/v2\/media?parent=2640"}],"wp:term":[{"taxonomy":"category","embeddable":true,"href":"https:\/\/www.sitsesp.org.br\/novo\/wp-json\/wp\/v2\/categories?post=2640"},{"taxonomy":"post_tag","embeddable":true,"href":"https:\/\/www.sitsesp.org.br\/novo\/wp-json\/wp\/v2\/tags?post=2640"}],"curies":[{"name":"wp","href":"https:\/\/api.w.org\/{rel}","templated":true}]}}