{"id":2642,"date":"2020-08-21T13:02:18","date_gmt":"2020-08-21T16:02:18","guid":{"rendered":"https:\/\/pecorari-cloud72.pecoraricloud.com.br\/~sitsesporg\/governador-joao-doria-inimigo-dos-servidores-publicos\/"},"modified":"2020-08-21T13:02:18","modified_gmt":"2020-08-21T16:02:18","slug":"governador-joao-doria-inimigo-dos-servidores-publicos","status":"publish","type":"post","link":"https:\/\/www.sitsesp.org.br\/novo\/governador-joao-doria-inimigo-dos-servidores-publicos\/","title":{"rendered":"GOVERNADOR JO\u00c3O DORIA INIMIGO DOS SERVIDORES P\u00daBLICOS!"},"content":{"rendered":"<p><!-- VideographyWP Plugin Message: Automatic video embedding prevented by plugin options. --><\/p>\n<p>No dia 12 de agosto o Governador Jo&atilde;o Doria encaminhou o &ldquo;PROJETO DE LEI N&ordm; 529, DE 2020&rdquo; &agrave; ALESP &#8211; Assembleia Legislativa do Estado de S&atilde;o Paulo, tal projeto &eacute; um ataque brutal aos servidores p&uacute;blicos e ao servi&ccedil;o p&uacute;blico de qualidade. Jo&atilde;o Doria tenta ferir a categoria dos servidores e ferir os cidad&atilde;os, sucateando e destruindo o patrim&ocirc;nio de todos. Doria, inimigo dos servidores, tem o objetivo de extinguir 10 empresas, autarquias e funda&ccedil;&otilde;es at&eacute; o in&iacute;cio 2021. N&atilde;o podemos aceitar, os sindicatos devem se unir, mobilizarem-se e exigir da ALESP que n&atilde;o aprove esse projeto. O SITSESP se solidariza com os servidores atingidos.<\/p>\n<p>&nbsp;<\/p>\n<p>O projeto implica o corte de 5600 vagas no funcionalismo p&uacute;blico, destruindo:<\/p>\n<p>&nbsp;<\/p>\n<p>Funda&ccedil;&atilde;o Parque Zool&oacute;gico de S&atilde;o Paulo; Furp (Funda&ccedil;&atilde;o para o Rem&eacute;dio Popular &ldquo;Chopin Tavares de Lima&rdquo;); Fosp (Funda&ccedil;&atilde;o Oncocentro de S&atilde;o Paulo); Instituto Florestal; CDHU (Companhia de Desenvolvimento Habitacional e Urbano de S&atilde;o Paulo); EMTU\/SP (Empresa Metropolitana de Transportes Urbanos de S&atilde;o Paulo S.A.); Sucen (Superintend&ecirc;ncia de Controle de Endemias); Imesc (Instituto de Medicina Social e de Criminologia); Daesp (Departamento Aerovi&aacute;rio do Estado de S&atilde;o Paulo); Itesp (Funda&ccedil;&atilde;o Instituto de Terras do Estado de S&atilde;o Paulo &ldquo;Jos&eacute; Gomes da Silva&rdquo; (ITESP).<\/p>\n<p>&nbsp;<\/p>\n<p>Jo&atilde;o Doria usa como pretexto os estudos realizados pela Secretaria de Projetos, Or&ccedil;amento e Gest&atilde;o, estudos de HENRIQUE MEIRELLES (Secret&aacute;rio da Fazenda e Planejamento) e MAURO RICARDO MACHADO COSTA (Secret&aacute;rio de Projetos, Or&ccedil;amento e Gest&atilde;o).<\/p>\n<p>&nbsp;<\/p>\n<p>O SITSESP, atrav&eacute;s da Gest&atilde;o Reconstru&ccedil;&atilde;o e Luta, deixa claro que a categoria &eacute; contr&aacute;ria a aprova&ccedil;&atilde;o desse projeto e n&atilde;o poupar&aacute; esfor&ccedil;os para impedir o avan&ccedil;o desse ataque. Tamb&eacute;m repudiamos a ofensa pronunciada por Henrique Meirelles e Ricardo Machado Costa, que afirmaram que os trabalhadores aposentados em exerc&iacute;cio &ldquo;Embora continuem a exercer suas atividades profissionais, o fazem com dificuldade ou sem interesse, desestimulando os demais servidores que desempenham suas atividades na Administra&ccedil;&atilde;o Direta, Indireta e Aut&aacute;rquica.&rdquo;<\/p>\n<p> Chega de desrespeito! Vamos defender nosso patrim&ocirc;nio e impedir o interesse privado de prevalecer sobre o interesse p&uacute;blico.<\/p>\n","protected":false},"excerpt":{"rendered":"<p>No dia 12 de agosto o Governador Jo&atilde;o Doria encaminhou o &ldquo;PROJETO DE LEI N&ordm; 529, DE 2020&rdquo; &agrave; ALESP &#8211;&hellip;<\/p>\n","protected":false},"author":1,"featured_media":2643,"comment_status":"open","ping_status":"open","sticky":false,"template":"","format":"standard","meta":{"cybocfi_hide_featured_image":"","footnotes":""},"categories":[22],"tags":[],"yoast_head":"<!-- This site is optimized with the Yoast SEO plugin v22.8 - https:\/\/yoast.com\/wordpress\/plugins\/seo\/ -->\n<title>GOVERNADOR JO\u00c3O DORIA INIMIGO DOS SERVIDORES P\u00daBLICOS! - SITSESP<\/title>\n<meta name=\"robots\" content=\"index, follow, max-snippet:-1, max-image-preview:large, max-video-preview:-1\" \/>\n<link rel=\"canonical\" href=\"https:\/\/www.sitsesp.org.br\/novo\/governador-joao-doria-inimigo-dos-servidores-publicos\/\" \/>\n<meta property=\"og:locale\" content=\"pt_BR\" \/>\n<meta property=\"og:type\" content=\"article\" \/>\n<meta property=\"og:title\" content=\"GOVERNADOR JO\u00c3O DORIA INIMIGO DOS SERVIDORES P\u00daBLICOS! - SITSESP\" \/>\n<meta property=\"og:description\" content=\"No dia 12 de agosto o Governador Jo&atilde;o Doria encaminhou o &ldquo;PROJETO DE LEI N&ordm; 529, DE 2020&rdquo; &agrave; ALESP &#8211;&hellip;\" \/>\n<meta property=\"og:url\" content=\"https:\/\/www.sitsesp.org.br\/novo\/governador-joao-doria-inimigo-dos-servidores-publicos\/\" \/>\n<meta property=\"og:site_name\" content=\"SITSESP\" \/>\n<meta property=\"article:published_time\" content=\"2020-08-21T16:02:18+00:00\" \/>\n<meta property=\"og:image\" content=\"https:\/\/www.sitsesp.org.br\/novo\/wp-content\/uploads\/2020\/10\/1598025738-1-scaled.gif\" \/>\n\t<meta property=\"og:image:width\" content=\"1810\" \/>\n\t<meta property=\"og:image:height\" content=\"2560\" \/>\n\t<meta property=\"og:image:type\" content=\"image\/gif\" \/>\n<meta name=\"author\" content=\"mhais\" \/>\n<meta name=\"twitter:card\" content=\"summary_large_image\" \/>\n<meta name=\"twitter:label1\" content=\"Escrito por\" \/>\n\t<meta name=\"twitter:data1\" content=\"mhais\" \/>\n\t<meta name=\"twitter:label2\" content=\"Est. tempo de leitura\" \/>\n\t<meta name=\"twitter:data2\" content=\"2 minutos\" \/>\n<script type=\"application\/ld+json\" class=\"yoast-schema-graph\">{\"@context\":\"https:\/\/schema.org\",\"@graph\":[{\"@type\":\"Article\",\"@id\":\"https:\/\/www.sitsesp.org.br\/novo\/governador-joao-doria-inimigo-dos-servidores-publicos\/#article\",\"isPartOf\":{\"@id\":\"https:\/\/www.sitsesp.org.br\/novo\/governador-joao-doria-inimigo-dos-servidores-publicos\/\"},\"author\":{\"name\":\"mhais\",\"@id\":\"https:\/\/www.sitsesp.org.br\/novo\/#\/schema\/person\/2a4c180eb185645b3bef8657c75e305a\"},\"headline\":\"GOVERNADOR JO\u00c3O DORIA INIMIGO DOS SERVIDORES P\u00daBLICOS!\",\"datePublished\":\"2020-08-21T16:02:18+00:00\",\"dateModified\":\"2020-08-21T16:02:18+00:00\",\"mainEntityOfPage\":{\"@id\":\"https:\/\/www.sitsesp.org.br\/novo\/governador-joao-doria-inimigo-dos-servidores-publicos\/\"},\"wordCount\":454,\"commentCount\":0,\"publisher\":{\"@id\":\"https:\/\/www.sitsesp.org.br\/novo\/#organization\"},\"image\":{\"@id\":\"https:\/\/www.sitsesp.org.br\/novo\/governador-joao-doria-inimigo-dos-servidores-publicos\/#primaryimage\"},\"thumbnailUrl\":\"https:\/\/www.sitsesp.org.br\/novo\/wp-content\/uploads\/2020\/10\/1598025738-1-scaled.gif\",\"articleSection\":[\"Noticias\"],\"inLanguage\":\"pt-BR\",\"potentialAction\":[{\"@type\":\"CommentAction\",\"name\":\"Comment\",\"target\":[\"https:\/\/www.sitsesp.org.br\/novo\/governador-joao-doria-inimigo-dos-servidores-publicos\/#respond\"]}]},{\"@type\":\"WebPage\",\"@id\":\"https:\/\/www.sitsesp.org.br\/novo\/governador-joao-doria-inimigo-dos-servidores-publicos\/\",\"url\":\"https:\/\/www.sitsesp.org.br\/novo\/governador-joao-doria-inimigo-dos-servidores-publicos\/\",\"name\":\"GOVERNADOR JO\u00c3O DORIA INIMIGO DOS SERVIDORES P\u00daBLICOS! - SITSESP\",\"isPartOf\":{\"@id\":\"https:\/\/www.sitsesp.org.br\/novo\/#website\"},\"primaryImageOfPage\":{\"@id\":\"https:\/\/www.sitsesp.org.br\/novo\/governador-joao-doria-inimigo-dos-servidores-publicos\/#primaryimage\"},\"image\":{\"@id\":\"https:\/\/www.sitsesp.org.br\/novo\/governador-joao-doria-inimigo-dos-servidores-publicos\/#primaryimage\"},\"thumbnailUrl\":\"https:\/\/www.sitsesp.org.br\/novo\/wp-content\/uploads\/2020\/10\/1598025738-1-scaled.gif\",\"datePublished\":\"2020-08-21T16:02:18+00:00\",\"dateModified\":\"2020-08-21T16:02:18+00:00\",\"breadcrumb\":{\"@id\":\"https:\/\/www.sitsesp.org.br\/novo\/governador-joao-doria-inimigo-dos-servidores-publicos\/#breadcrumb\"},\"inLanguage\":\"pt-BR\",\"potentialAction\":[{\"@type\":\"ReadAction\",\"target\":[\"https:\/\/www.sitsesp.org.br\/novo\/governador-joao-doria-inimigo-dos-servidores-publicos\/\"]}]},{\"@type\":\"ImageObject\",\"inLanguage\":\"pt-BR\",\"@id\":\"https:\/\/www.sitsesp.org.br\/novo\/governador-joao-doria-inimigo-dos-servidores-publicos\/#primaryimage\",\"url\":\"https:\/\/www.sitsesp.org.br\/novo\/wp-content\/uploads\/2020\/10\/1598025738-1-scaled.gif\",\"contentUrl\":\"https:\/\/www.sitsesp.org.br\/novo\/wp-content\/uploads\/2020\/10\/1598025738-1-scaled.gif\",\"width\":1810,\"height\":2560},{\"@type\":\"BreadcrumbList\",\"@id\":\"https:\/\/www.sitsesp.org.br\/novo\/governador-joao-doria-inimigo-dos-servidores-publicos\/#breadcrumb\",\"itemListElement\":[{\"@type\":\"ListItem\",\"position\":1,\"name\":\"In\u00edcio\",\"item\":\"https:\/\/www.sitsesp.org.br\/novo\/\"},{\"@type\":\"ListItem\",\"position\":2,\"name\":\"GOVERNADOR JO\u00c3O DORIA INIMIGO DOS SERVIDORES P\u00daBLICOS!\"}]},{\"@type\":\"WebSite\",\"@id\":\"https:\/\/www.sitsesp.org.br\/novo\/#website\",\"url\":\"https:\/\/www.sitsesp.org.br\/novo\/\",\"name\":\"Sitsesp\",\"description\":\"SIndicato da Socioeduca\u00e7\u00e3o do Estado de S\u00e3o Paulo\",\"publisher\":{\"@id\":\"https:\/\/www.sitsesp.org.br\/novo\/#organization\"},\"potentialAction\":[{\"@type\":\"SearchAction\",\"target\":{\"@type\":\"EntryPoint\",\"urlTemplate\":\"https:\/\/www.sitsesp.org.br\/novo\/?s={search_term_string}\"},\"query-input\":\"required name=search_term_string\"}],\"inLanguage\":\"pt-BR\"},{\"@type\":\"Organization\",\"@id\":\"https:\/\/www.sitsesp.org.br\/novo\/#organization\",\"name\":\"Sitsesp\",\"url\":\"https:\/\/www.sitsesp.org.br\/novo\/\",\"logo\":{\"@type\":\"ImageObject\",\"inLanguage\":\"pt-BR\",\"@id\":\"https:\/\/www.sitsesp.org.br\/novo\/#\/schema\/logo\/image\/\",\"url\":\"https:\/\/www.sitsesp.org.br\/novo\/wp-content\/uploads\/2020\/09\/Design-sem-nome-1.jpg\",\"contentUrl\":\"https:\/\/www.sitsesp.org.br\/novo\/wp-content\/uploads\/2020\/09\/Design-sem-nome-1.jpg\",\"width\":300,\"height\":300,\"caption\":\"Sitsesp\"},\"image\":{\"@id\":\"https:\/\/www.sitsesp.org.br\/novo\/#\/schema\/logo\/image\/\"}},{\"@type\":\"Person\",\"@id\":\"https:\/\/www.sitsesp.org.br\/novo\/#\/schema\/person\/2a4c180eb185645b3bef8657c75e305a\",\"name\":\"mhais\",\"image\":{\"@type\":\"ImageObject\",\"inLanguage\":\"pt-BR\",\"@id\":\"https:\/\/www.sitsesp.org.br\/novo\/#\/schema\/person\/image\/\",\"url\":\"https:\/\/secure.gravatar.com\/avatar\/6f4eabe86990e81328cf702edfa92a60?s=96&d=mm&r=g\",\"contentUrl\":\"https:\/\/secure.gravatar.com\/avatar\/6f4eabe86990e81328cf702edfa92a60?s=96&d=mm&r=g\",\"caption\":\"mhais\"},\"sameAs\":[\"http:\/\/localhost\/sitsesp\"]}]}<\/script>\n<!-- \/ Yoast SEO plugin. -->","yoast_head_json":{"title":"GOVERNADOR JO\u00c3O DORIA INIMIGO DOS SERVIDORES P\u00daBLICOS! - SITSESP","robots":{"index":"index","follow":"follow","max-snippet":"max-snippet:-1","max-image-preview":"max-image-preview:large","max-video-preview":"max-video-preview:-1"},"canonical":"https:\/\/www.sitsesp.org.br\/novo\/governador-joao-doria-inimigo-dos-servidores-publicos\/","og_locale":"pt_BR","og_type":"article","og_title":"GOVERNADOR JO\u00c3O DORIA INIMIGO DOS SERVIDORES P\u00daBLICOS! - SITSESP","og_description":"No dia 12 de agosto o Governador Jo&atilde;o Doria encaminhou o &ldquo;PROJETO DE LEI N&ordm; 529, DE 2020&rdquo; &agrave; ALESP &#8211;&hellip;","og_url":"https:\/\/www.sitsesp.org.br\/novo\/governador-joao-doria-inimigo-dos-servidores-publicos\/","og_site_name":"SITSESP","article_published_time":"2020-08-21T16:02:18+00:00","og_image":[{"width":1810,"height":2560,"url":"https:\/\/www.sitsesp.org.br\/novo\/wp-content\/uploads\/2020\/10\/1598025738-1-scaled.gif","type":"image\/gif"}],"author":"mhais","twitter_card":"summary_large_image","twitter_misc":{"Escrito por":"mhais","Est. tempo de leitura":"2 minutos"},"schema":{"@context":"https:\/\/schema.org","@graph":[{"@type":"Article","@id":"https:\/\/www.sitsesp.org.br\/novo\/governador-joao-doria-inimigo-dos-servidores-publicos\/#article","isPartOf":{"@id":"https:\/\/www.sitsesp.org.br\/novo\/governador-joao-doria-inimigo-dos-servidores-publicos\/"},"author":{"name":"mhais","@id":"https:\/\/www.sitsesp.org.br\/novo\/#\/schema\/person\/2a4c180eb185645b3bef8657c75e305a"},"headline":"GOVERNADOR JO\u00c3O DORIA INIMIGO DOS SERVIDORES P\u00daBLICOS!","datePublished":"2020-08-21T16:02:18+00:00","dateModified":"2020-08-21T16:02:18+00:00","mainEntityOfPage":{"@id":"https:\/\/www.sitsesp.org.br\/novo\/governador-joao-doria-inimigo-dos-servidores-publicos\/"},"wordCount":454,"commentCount":0,"publisher":{"@id":"https:\/\/www.sitsesp.org.br\/novo\/#organization"},"image":{"@id":"https:\/\/www.sitsesp.org.br\/novo\/governador-joao-doria-inimigo-dos-servidores-publicos\/#primaryimage"},"thumbnailUrl":"https:\/\/www.sitsesp.org.br\/novo\/wp-content\/uploads\/2020\/10\/1598025738-1-scaled.gif","articleSection":["Noticias"],"inLanguage":"pt-BR","potentialAction":[{"@type":"CommentAction","name":"Comment","target":["https:\/\/www.sitsesp.org.br\/novo\/governador-joao-doria-inimigo-dos-servidores-publicos\/#respond"]}]},{"@type":"WebPage","@id":"https:\/\/www.sitsesp.org.br\/novo\/governador-joao-doria-inimigo-dos-servidores-publicos\/","url":"https:\/\/www.sitsesp.org.br\/novo\/governador-joao-doria-inimigo-dos-servidores-publicos\/","name":"GOVERNADOR JO\u00c3O DORIA INIMIGO DOS SERVIDORES P\u00daBLICOS! - SITSESP","isPartOf":{"@id":"https:\/\/www.sitsesp.org.br\/novo\/#website"},"primaryImageOfPage":{"@id":"https:\/\/www.sitsesp.org.br\/novo\/governador-joao-doria-inimigo-dos-servidores-publicos\/#primaryimage"},"image":{"@id":"https:\/\/www.sitsesp.org.br\/novo\/governador-joao-doria-inimigo-dos-servidores-publicos\/#primaryimage"},"thumbnailUrl":"https:\/\/www.sitsesp.org.br\/novo\/wp-content\/uploads\/2020\/10\/1598025738-1-scaled.gif","datePublished":"2020-08-21T16:02:18+00:00","dateModified":"2020-08-21T16:02:18+00:00","breadcrumb":{"@id":"https:\/\/www.sitsesp.org.br\/novo\/governador-joao-doria-inimigo-dos-servidores-publicos\/#breadcrumb"},"inLanguage":"pt-BR","potentialAction":[{"@type":"ReadAction","target":["https:\/\/www.sitsesp.org.br\/novo\/governador-joao-doria-inimigo-dos-servidores-publicos\/"]}]},{"@type":"ImageObject","inLanguage":"pt-BR","@id":"https:\/\/www.sitsesp.org.br\/novo\/governador-joao-doria-inimigo-dos-servidores-publicos\/#primaryimage","url":"https:\/\/www.sitsesp.org.br\/novo\/wp-content\/uploads\/2020\/10\/1598025738-1-scaled.gif","contentUrl":"https:\/\/www.sitsesp.org.br\/novo\/wp-content\/uploads\/2020\/10\/1598025738-1-scaled.gif","width":1810,"height":2560},{"@type":"BreadcrumbList","@id":"https:\/\/www.sitsesp.org.br\/novo\/governador-joao-doria-inimigo-dos-servidores-publicos\/#breadcrumb","itemListElement":[{"@type":"ListItem","position":1,"name":"In\u00edcio","item":"https:\/\/www.sitsesp.org.br\/novo\/"},{"@type":"ListItem","position":2,"name":"GOVERNADOR JO\u00c3O DORIA INIMIGO DOS SERVIDORES P\u00daBLICOS!"}]},{"@type":"WebSite","@id":"https:\/\/www.sitsesp.org.br\/novo\/#website","url":"https:\/\/www.sitsesp.org.br\/novo\/","name":"Sitsesp","description":"SIndicato da Socioeduca\u00e7\u00e3o do Estado de S\u00e3o Paulo","publisher":{"@id":"https:\/\/www.sitsesp.org.br\/novo\/#organization"},"potentialAction":[{"@type":"SearchAction","target":{"@type":"EntryPoint","urlTemplate":"https:\/\/www.sitsesp.org.br\/novo\/?s={search_term_string}"},"query-input":"required name=search_term_string"}],"inLanguage":"pt-BR"},{"@type":"Organization","@id":"https:\/\/www.sitsesp.org.br\/novo\/#organization","name":"Sitsesp","url":"https:\/\/www.sitsesp.org.br\/novo\/","logo":{"@type":"ImageObject","inLanguage":"pt-BR","@id":"https:\/\/www.sitsesp.org.br\/novo\/#\/schema\/logo\/image\/","url":"https:\/\/www.sitsesp.org.br\/novo\/wp-content\/uploads\/2020\/09\/Design-sem-nome-1.jpg","contentUrl":"https:\/\/www.sitsesp.org.br\/novo\/wp-content\/uploads\/2020\/09\/Design-sem-nome-1.jpg","width":300,"height":300,"caption":"Sitsesp"},"image":{"@id":"https:\/\/www.sitsesp.org.br\/novo\/#\/schema\/logo\/image\/"}},{"@type":"Person","@id":"https:\/\/www.sitsesp.org.br\/novo\/#\/schema\/person\/2a4c180eb185645b3bef8657c75e305a","name":"mhais","image":{"@type":"ImageObject","inLanguage":"pt-BR","@id":"https:\/\/www.sitsesp.org.br\/novo\/#\/schema\/person\/image\/","url":"https:\/\/secure.gravatar.com\/avatar\/6f4eabe86990e81328cf702edfa92a60?s=96&d=mm&r=g","contentUrl":"https:\/\/secure.gravatar.com\/avatar\/6f4eabe86990e81328cf702edfa92a60?s=96&d=mm&r=g","caption":"mhais"},"sameAs":["http:\/\/localhost\/sitsesp"]}]}},"_links":{"self":[{"href":"https:\/\/www.sitsesp.org.br\/novo\/wp-json\/wp\/v2\/posts\/2642"}],"collection":[{"href":"https:\/\/www.sitsesp.org.br\/novo\/wp-json\/wp\/v2\/posts"}],"about":[{"href":"https:\/\/www.sitsesp.org.br\/novo\/wp-json\/wp\/v2\/types\/post"}],"author":[{"embeddable":true,"href":"https:\/\/www.sitsesp.org.br\/novo\/wp-json\/wp\/v2\/users\/1"}],"replies":[{"embeddable":true,"href":"https:\/\/www.sitsesp.org.br\/novo\/wp-json\/wp\/v2\/comments?post=2642"}],"version-history":[{"count":0,"href":"https:\/\/www.sitsesp.org.br\/novo\/wp-json\/wp\/v2\/posts\/2642\/revisions"}],"wp:featuredmedia":[{"embeddable":true,"href":"https:\/\/www.sitsesp.org.br\/novo\/wp-json\/wp\/v2\/media\/2643"}],"wp:attachment":[{"href":"https:\/\/www.sitsesp.org.br\/novo\/wp-json\/wp\/v2\/media?parent=2642"}],"wp:term":[{"taxonomy":"category","embeddable":true,"href":"https:\/\/www.sitsesp.org.br\/novo\/wp-json\/wp\/v2\/categories?post=2642"},{"taxonomy":"post_tag","embeddable":true,"href":"https:\/\/www.sitsesp.org.br\/novo\/wp-json\/wp\/v2\/tags?post=2642"}],"curies":[{"name":"wp","href":"https:\/\/api.w.org\/{rel}","templated":true}]}}