{"id":2644,"date":"2020-08-26T10:44:36","date_gmt":"2020-08-26T13:44:36","guid":{"rendered":"https:\/\/pecorari-cloud72.pecoraricloud.com.br\/~sitsesporg\/nota-de-repudio-a-fundacao-casa-menospreza-a-pandemia-possibilitando-o-retorno-dos-servidores-as-do-grupo-de-risco-maiores-de-60-anos\/"},"modified":"2020-08-26T10:44:36","modified_gmt":"2020-08-26T13:44:36","slug":"nota-de-repudio-a-fundacao-casa-menospreza-a-pandemia-possibilitando-o-retorno-dos-servidores-as-do-grupo-de-risco-maiores-de-60-anos","status":"publish","type":"post","link":"https:\/\/www.sitsesp.org.br\/novo\/nota-de-repudio-a-fundacao-casa-menospreza-a-pandemia-possibilitando-o-retorno-dos-servidores-as-do-grupo-de-risco-maiores-de-60-anos\/","title":{"rendered":"NOTA DE REP\u00daDIO | A FUNDA\u00c7\u00c3O CASA MENOSPREZA A PANDEMIA POSSIBILITANDO O RETORNO DOS SERVIDORES\/AS DO GRUPO DE RISCO MAIORES DE 60 ANOS"},"content":{"rendered":"<p><!-- VideographyWP Plugin Message: Automatic video embedding prevented by plugin options. --><\/p>\n<p>A Gest&atilde;o Reconstru&ccedil;&atilde;o e Luta &#8211; SITSESP, assim como os servidores e servidoras da Funda&ccedil;&atilde;o CASA, estamos em total desacordo com a delibera&ccedil;&atilde;o do &ldquo;Comit&ecirc; de Gerenciamento de Crise&rdquo;, assinado em 25 de agosto pelo Sr. Paulo Dimas Mascaretti (Presidente da Funda&ccedil;&atilde;o CASA), que possibilita o retorno ao trabalho dos\/as servidores\/as afastados\/as do grupo de risco (maiores de 60 anos).<\/p>\n<p>&nbsp;<\/p>\n<p>Tal delibera&ccedil;&atilde;o mostra, mais uma vez, que a Funda&ccedil;&atilde;o CASA n&atilde;o est&aacute; empenhada em dialogar com a categoria. &Eacute; evidente a falta de empatia e principalmente refor&ccedil;a que a Funda&ccedil;&atilde;o est&aacute; muito aqu&eacute;m de estabelecer rela&ccedil;&otilde;es humanizadas com a categoria que mant&eacute;m as atividades do sistema socioeducativo.<\/p>\n<p>&nbsp;<\/p>\n<p>O Brasil passa pela maior crise sanit&aacute;ria de todos os tempos. A covid-19, em n&uacute;meros oficiais, j&aacute; levou a &oacute;bito mais de 115 mil brasileiros\/as, entre eles tr&ecirc;s servidores do sistema socioeducativo no estado de S&atilde;o Paulo. N&atilde;o podemos naturalizar a morte, n&atilde;o podemos brincar com a pandemia.<\/p>\n<p>&nbsp;<\/p>\n<p>A Gest&atilde;o Reconstru&ccedil;&atilde;o e Luta n&atilde;o aceitar&aacute; que algum servidor\/a seja prejudicado\/a em seus vencimentos ou benef&iacute;cios caso opte por continuar afastado\/a em defesa da sua vida, da vida dos seus familiares e da vida dos seus colegas de trabalho.<\/p>\n<p>&nbsp;<\/p>\n<p>Estejamos sempre atentos, unidos e prontos para defender nossos direitos e proteger nossas vidas.<\/p>\n","protected":false},"excerpt":{"rendered":"<p>A Gest&atilde;o Reconstru&ccedil;&atilde;o e Luta &#8211; SITSESP, assim como os servidores e servidoras da Funda&ccedil;&atilde;o CASA, estamos em total desacordo com&hellip;<\/p>\n","protected":false},"author":1,"featured_media":2645,"comment_status":"open","ping_status":"open","sticky":false,"template":"","format":"standard","meta":{"cybocfi_hide_featured_image":"","footnotes":""},"categories":[22],"tags":[],"yoast_head":"<!-- This site is optimized with the Yoast SEO plugin v22.8 - https:\/\/yoast.com\/wordpress\/plugins\/seo\/ -->\n<title>NOTA DE REP\u00daDIO | A FUNDA\u00c7\u00c3O CASA MENOSPREZA A PANDEMIA POSSIBILITANDO O RETORNO DOS SERVIDORES\/AS DO GRUPO DE RISCO MAIORES DE 60 ANOS - SITSESP<\/title>\n<meta name=\"robots\" content=\"index, follow, max-snippet:-1, max-image-preview:large, max-video-preview:-1\" \/>\n<link rel=\"canonical\" href=\"https:\/\/www.sitsesp.org.br\/novo\/nota-de-repudio-a-fundacao-casa-menospreza-a-pandemia-possibilitando-o-retorno-dos-servidores-as-do-grupo-de-risco-maiores-de-60-anos\/\" \/>\n<meta property=\"og:locale\" content=\"pt_BR\" \/>\n<meta property=\"og:type\" content=\"article\" \/>\n<meta property=\"og:title\" content=\"NOTA DE REP\u00daDIO | A FUNDA\u00c7\u00c3O CASA MENOSPREZA A PANDEMIA POSSIBILITANDO O RETORNO DOS SERVIDORES\/AS DO GRUPO DE RISCO MAIORES DE 60 ANOS - SITSESP\" \/>\n<meta property=\"og:description\" content=\"A Gest&atilde;o Reconstru&ccedil;&atilde;o e Luta &#8211; SITSESP, assim como os servidores e servidoras da Funda&ccedil;&atilde;o CASA, estamos em total desacordo com&hellip;\" \/>\n<meta property=\"og:url\" content=\"https:\/\/www.sitsesp.org.br\/novo\/nota-de-repudio-a-fundacao-casa-menospreza-a-pandemia-possibilitando-o-retorno-dos-servidores-as-do-grupo-de-risco-maiores-de-60-anos\/\" \/>\n<meta property=\"og:site_name\" content=\"SITSESP\" \/>\n<meta property=\"article:published_time\" content=\"2020-08-26T13:44:36+00:00\" \/>\n<meta property=\"og:image\" content=\"https:\/\/www.sitsesp.org.br\/novo\/wp-content\/uploads\/2020\/10\/1598449476-1-scaled.gif\" \/>\n\t<meta property=\"og:image:width\" content=\"1810\" \/>\n\t<meta property=\"og:image:height\" content=\"2560\" \/>\n\t<meta property=\"og:image:type\" content=\"image\/gif\" \/>\n<meta name=\"author\" content=\"mhais\" \/>\n<meta name=\"twitter:card\" content=\"summary_large_image\" \/>\n<meta name=\"twitter:label1\" content=\"Escrito por\" \/>\n\t<meta name=\"twitter:data1\" content=\"mhais\" \/>\n\t<meta name=\"twitter:label2\" content=\"Est. tempo de leitura\" \/>\n\t<meta name=\"twitter:data2\" content=\"1 minuto\" \/>\n<script type=\"application\/ld+json\" class=\"yoast-schema-graph\">{\"@context\":\"https:\/\/schema.org\",\"@graph\":[{\"@type\":\"Article\",\"@id\":\"https:\/\/www.sitsesp.org.br\/novo\/nota-de-repudio-a-fundacao-casa-menospreza-a-pandemia-possibilitando-o-retorno-dos-servidores-as-do-grupo-de-risco-maiores-de-60-anos\/#article\",\"isPartOf\":{\"@id\":\"https:\/\/www.sitsesp.org.br\/novo\/nota-de-repudio-a-fundacao-casa-menospreza-a-pandemia-possibilitando-o-retorno-dos-servidores-as-do-grupo-de-risco-maiores-de-60-anos\/\"},\"author\":{\"name\":\"mhais\",\"@id\":\"https:\/\/www.sitsesp.org.br\/novo\/#\/schema\/person\/2a4c180eb185645b3bef8657c75e305a\"},\"headline\":\"NOTA DE REP\u00daDIO | A FUNDA\u00c7\u00c3O CASA MENOSPREZA A PANDEMIA POSSIBILITANDO O RETORNO DOS SERVIDORES\/AS DO GRUPO DE RISCO MAIORES DE 60 ANOS\",\"datePublished\":\"2020-08-26T13:44:36+00:00\",\"dateModified\":\"2020-08-26T13:44:36+00:00\",\"mainEntityOfPage\":{\"@id\":\"https:\/\/www.sitsesp.org.br\/novo\/nota-de-repudio-a-fundacao-casa-menospreza-a-pandemia-possibilitando-o-retorno-dos-servidores-as-do-grupo-de-risco-maiores-de-60-anos\/\"},\"wordCount\":304,\"commentCount\":0,\"publisher\":{\"@id\":\"https:\/\/www.sitsesp.org.br\/novo\/#organization\"},\"image\":{\"@id\":\"https:\/\/www.sitsesp.org.br\/novo\/nota-de-repudio-a-fundacao-casa-menospreza-a-pandemia-possibilitando-o-retorno-dos-servidores-as-do-grupo-de-risco-maiores-de-60-anos\/#primaryimage\"},\"thumbnailUrl\":\"https:\/\/www.sitsesp.org.br\/novo\/wp-content\/uploads\/2020\/10\/1598449476-1-scaled.gif\",\"articleSection\":[\"Noticias\"],\"inLanguage\":\"pt-BR\",\"potentialAction\":[{\"@type\":\"CommentAction\",\"name\":\"Comment\",\"target\":[\"https:\/\/www.sitsesp.org.br\/novo\/nota-de-repudio-a-fundacao-casa-menospreza-a-pandemia-possibilitando-o-retorno-dos-servidores-as-do-grupo-de-risco-maiores-de-60-anos\/#respond\"]}]},{\"@type\":\"WebPage\",\"@id\":\"https:\/\/www.sitsesp.org.br\/novo\/nota-de-repudio-a-fundacao-casa-menospreza-a-pandemia-possibilitando-o-retorno-dos-servidores-as-do-grupo-de-risco-maiores-de-60-anos\/\",\"url\":\"https:\/\/www.sitsesp.org.br\/novo\/nota-de-repudio-a-fundacao-casa-menospreza-a-pandemia-possibilitando-o-retorno-dos-servidores-as-do-grupo-de-risco-maiores-de-60-anos\/\",\"name\":\"NOTA DE REP\u00daDIO | A FUNDA\u00c7\u00c3O CASA MENOSPREZA A PANDEMIA POSSIBILITANDO O RETORNO DOS SERVIDORES\/AS DO GRUPO DE RISCO MAIORES DE 60 ANOS - SITSESP\",\"isPartOf\":{\"@id\":\"https:\/\/www.sitsesp.org.br\/novo\/#website\"},\"primaryImageOfPage\":{\"@id\":\"https:\/\/www.sitsesp.org.br\/novo\/nota-de-repudio-a-fundacao-casa-menospreza-a-pandemia-possibilitando-o-retorno-dos-servidores-as-do-grupo-de-risco-maiores-de-60-anos\/#primaryimage\"},\"image\":{\"@id\":\"https:\/\/www.sitsesp.org.br\/novo\/nota-de-repudio-a-fundacao-casa-menospreza-a-pandemia-possibilitando-o-retorno-dos-servidores-as-do-grupo-de-risco-maiores-de-60-anos\/#primaryimage\"},\"thumbnailUrl\":\"https:\/\/www.sitsesp.org.br\/novo\/wp-content\/uploads\/2020\/10\/1598449476-1-scaled.gif\",\"datePublished\":\"2020-08-26T13:44:36+00:00\",\"dateModified\":\"2020-08-26T13:44:36+00:00\",\"breadcrumb\":{\"@id\":\"https:\/\/www.sitsesp.org.br\/novo\/nota-de-repudio-a-fundacao-casa-menospreza-a-pandemia-possibilitando-o-retorno-dos-servidores-as-do-grupo-de-risco-maiores-de-60-anos\/#breadcrumb\"},\"inLanguage\":\"pt-BR\",\"potentialAction\":[{\"@type\":\"ReadAction\",\"target\":[\"https:\/\/www.sitsesp.org.br\/novo\/nota-de-repudio-a-fundacao-casa-menospreza-a-pandemia-possibilitando-o-retorno-dos-servidores-as-do-grupo-de-risco-maiores-de-60-anos\/\"]}]},{\"@type\":\"ImageObject\",\"inLanguage\":\"pt-BR\",\"@id\":\"https:\/\/www.sitsesp.org.br\/novo\/nota-de-repudio-a-fundacao-casa-menospreza-a-pandemia-possibilitando-o-retorno-dos-servidores-as-do-grupo-de-risco-maiores-de-60-anos\/#primaryimage\",\"url\":\"https:\/\/www.sitsesp.org.br\/novo\/wp-content\/uploads\/2020\/10\/1598449476-1-scaled.gif\",\"contentUrl\":\"https:\/\/www.sitsesp.org.br\/novo\/wp-content\/uploads\/2020\/10\/1598449476-1-scaled.gif\",\"width\":1810,\"height\":2560},{\"@type\":\"BreadcrumbList\",\"@id\":\"https:\/\/www.sitsesp.org.br\/novo\/nota-de-repudio-a-fundacao-casa-menospreza-a-pandemia-possibilitando-o-retorno-dos-servidores-as-do-grupo-de-risco-maiores-de-60-anos\/#breadcrumb\",\"itemListElement\":[{\"@type\":\"ListItem\",\"position\":1,\"name\":\"In\u00edcio\",\"item\":\"https:\/\/www.sitsesp.org.br\/novo\/\"},{\"@type\":\"ListItem\",\"position\":2,\"name\":\"NOTA DE REP\u00daDIO | A FUNDA\u00c7\u00c3O CASA MENOSPREZA A PANDEMIA POSSIBILITANDO O RETORNO DOS SERVIDORES\/AS DO GRUPO DE RISCO MAIORES DE 60 ANOS\"}]},{\"@type\":\"WebSite\",\"@id\":\"https:\/\/www.sitsesp.org.br\/novo\/#website\",\"url\":\"https:\/\/www.sitsesp.org.br\/novo\/\",\"name\":\"Sitsesp\",\"description\":\"SIndicato da Socioeduca\u00e7\u00e3o do Estado de S\u00e3o Paulo\",\"publisher\":{\"@id\":\"https:\/\/www.sitsesp.org.br\/novo\/#organization\"},\"potentialAction\":[{\"@type\":\"SearchAction\",\"target\":{\"@type\":\"EntryPoint\",\"urlTemplate\":\"https:\/\/www.sitsesp.org.br\/novo\/?s={search_term_string}\"},\"query-input\":\"required name=search_term_string\"}],\"inLanguage\":\"pt-BR\"},{\"@type\":\"Organization\",\"@id\":\"https:\/\/www.sitsesp.org.br\/novo\/#organization\",\"name\":\"Sitsesp\",\"url\":\"https:\/\/www.sitsesp.org.br\/novo\/\",\"logo\":{\"@type\":\"ImageObject\",\"inLanguage\":\"pt-BR\",\"@id\":\"https:\/\/www.sitsesp.org.br\/novo\/#\/schema\/logo\/image\/\",\"url\":\"https:\/\/www.sitsesp.org.br\/novo\/wp-content\/uploads\/2020\/09\/Design-sem-nome-1.jpg\",\"contentUrl\":\"https:\/\/www.sitsesp.org.br\/novo\/wp-content\/uploads\/2020\/09\/Design-sem-nome-1.jpg\",\"width\":300,\"height\":300,\"caption\":\"Sitsesp\"},\"image\":{\"@id\":\"https:\/\/www.sitsesp.org.br\/novo\/#\/schema\/logo\/image\/\"}},{\"@type\":\"Person\",\"@id\":\"https:\/\/www.sitsesp.org.br\/novo\/#\/schema\/person\/2a4c180eb185645b3bef8657c75e305a\",\"name\":\"mhais\",\"image\":{\"@type\":\"ImageObject\",\"inLanguage\":\"pt-BR\",\"@id\":\"https:\/\/www.sitsesp.org.br\/novo\/#\/schema\/person\/image\/\",\"url\":\"https:\/\/secure.gravatar.com\/avatar\/6f4eabe86990e81328cf702edfa92a60?s=96&d=mm&r=g\",\"contentUrl\":\"https:\/\/secure.gravatar.com\/avatar\/6f4eabe86990e81328cf702edfa92a60?s=96&d=mm&r=g\",\"caption\":\"mhais\"},\"sameAs\":[\"http:\/\/localhost\/sitsesp\"]}]}<\/script>\n<!-- \/ Yoast SEO plugin. -->","yoast_head_json":{"title":"NOTA DE REP\u00daDIO | A FUNDA\u00c7\u00c3O CASA MENOSPREZA A PANDEMIA POSSIBILITANDO O RETORNO DOS SERVIDORES\/AS DO GRUPO DE RISCO MAIORES DE 60 ANOS - SITSESP","robots":{"index":"index","follow":"follow","max-snippet":"max-snippet:-1","max-image-preview":"max-image-preview:large","max-video-preview":"max-video-preview:-1"},"canonical":"https:\/\/www.sitsesp.org.br\/novo\/nota-de-repudio-a-fundacao-casa-menospreza-a-pandemia-possibilitando-o-retorno-dos-servidores-as-do-grupo-de-risco-maiores-de-60-anos\/","og_locale":"pt_BR","og_type":"article","og_title":"NOTA DE REP\u00daDIO | A FUNDA\u00c7\u00c3O CASA MENOSPREZA A PANDEMIA POSSIBILITANDO O RETORNO DOS SERVIDORES\/AS DO GRUPO DE RISCO MAIORES DE 60 ANOS - SITSESP","og_description":"A Gest&atilde;o Reconstru&ccedil;&atilde;o e Luta &#8211; SITSESP, assim como os servidores e servidoras da Funda&ccedil;&atilde;o CASA, estamos em total desacordo com&hellip;","og_url":"https:\/\/www.sitsesp.org.br\/novo\/nota-de-repudio-a-fundacao-casa-menospreza-a-pandemia-possibilitando-o-retorno-dos-servidores-as-do-grupo-de-risco-maiores-de-60-anos\/","og_site_name":"SITSESP","article_published_time":"2020-08-26T13:44:36+00:00","og_image":[{"width":1810,"height":2560,"url":"https:\/\/www.sitsesp.org.br\/novo\/wp-content\/uploads\/2020\/10\/1598449476-1-scaled.gif","type":"image\/gif"}],"author":"mhais","twitter_card":"summary_large_image","twitter_misc":{"Escrito por":"mhais","Est. tempo de leitura":"1 minuto"},"schema":{"@context":"https:\/\/schema.org","@graph":[{"@type":"Article","@id":"https:\/\/www.sitsesp.org.br\/novo\/nota-de-repudio-a-fundacao-casa-menospreza-a-pandemia-possibilitando-o-retorno-dos-servidores-as-do-grupo-de-risco-maiores-de-60-anos\/#article","isPartOf":{"@id":"https:\/\/www.sitsesp.org.br\/novo\/nota-de-repudio-a-fundacao-casa-menospreza-a-pandemia-possibilitando-o-retorno-dos-servidores-as-do-grupo-de-risco-maiores-de-60-anos\/"},"author":{"name":"mhais","@id":"https:\/\/www.sitsesp.org.br\/novo\/#\/schema\/person\/2a4c180eb185645b3bef8657c75e305a"},"headline":"NOTA DE REP\u00daDIO | A FUNDA\u00c7\u00c3O CASA MENOSPREZA A PANDEMIA POSSIBILITANDO O RETORNO DOS SERVIDORES\/AS DO GRUPO DE RISCO MAIORES DE 60 ANOS","datePublished":"2020-08-26T13:44:36+00:00","dateModified":"2020-08-26T13:44:36+00:00","mainEntityOfPage":{"@id":"https:\/\/www.sitsesp.org.br\/novo\/nota-de-repudio-a-fundacao-casa-menospreza-a-pandemia-possibilitando-o-retorno-dos-servidores-as-do-grupo-de-risco-maiores-de-60-anos\/"},"wordCount":304,"commentCount":0,"publisher":{"@id":"https:\/\/www.sitsesp.org.br\/novo\/#organization"},"image":{"@id":"https:\/\/www.sitsesp.org.br\/novo\/nota-de-repudio-a-fundacao-casa-menospreza-a-pandemia-possibilitando-o-retorno-dos-servidores-as-do-grupo-de-risco-maiores-de-60-anos\/#primaryimage"},"thumbnailUrl":"https:\/\/www.sitsesp.org.br\/novo\/wp-content\/uploads\/2020\/10\/1598449476-1-scaled.gif","articleSection":["Noticias"],"inLanguage":"pt-BR","potentialAction":[{"@type":"CommentAction","name":"Comment","target":["https:\/\/www.sitsesp.org.br\/novo\/nota-de-repudio-a-fundacao-casa-menospreza-a-pandemia-possibilitando-o-retorno-dos-servidores-as-do-grupo-de-risco-maiores-de-60-anos\/#respond"]}]},{"@type":"WebPage","@id":"https:\/\/www.sitsesp.org.br\/novo\/nota-de-repudio-a-fundacao-casa-menospreza-a-pandemia-possibilitando-o-retorno-dos-servidores-as-do-grupo-de-risco-maiores-de-60-anos\/","url":"https:\/\/www.sitsesp.org.br\/novo\/nota-de-repudio-a-fundacao-casa-menospreza-a-pandemia-possibilitando-o-retorno-dos-servidores-as-do-grupo-de-risco-maiores-de-60-anos\/","name":"NOTA DE REP\u00daDIO | A FUNDA\u00c7\u00c3O CASA MENOSPREZA A PANDEMIA POSSIBILITANDO O RETORNO DOS SERVIDORES\/AS DO GRUPO DE RISCO MAIORES DE 60 ANOS - SITSESP","isPartOf":{"@id":"https:\/\/www.sitsesp.org.br\/novo\/#website"},"primaryImageOfPage":{"@id":"https:\/\/www.sitsesp.org.br\/novo\/nota-de-repudio-a-fundacao-casa-menospreza-a-pandemia-possibilitando-o-retorno-dos-servidores-as-do-grupo-de-risco-maiores-de-60-anos\/#primaryimage"},"image":{"@id":"https:\/\/www.sitsesp.org.br\/novo\/nota-de-repudio-a-fundacao-casa-menospreza-a-pandemia-possibilitando-o-retorno-dos-servidores-as-do-grupo-de-risco-maiores-de-60-anos\/#primaryimage"},"thumbnailUrl":"https:\/\/www.sitsesp.org.br\/novo\/wp-content\/uploads\/2020\/10\/1598449476-1-scaled.gif","datePublished":"2020-08-26T13:44:36+00:00","dateModified":"2020-08-26T13:44:36+00:00","breadcrumb":{"@id":"https:\/\/www.sitsesp.org.br\/novo\/nota-de-repudio-a-fundacao-casa-menospreza-a-pandemia-possibilitando-o-retorno-dos-servidores-as-do-grupo-de-risco-maiores-de-60-anos\/#breadcrumb"},"inLanguage":"pt-BR","potentialAction":[{"@type":"ReadAction","target":["https:\/\/www.sitsesp.org.br\/novo\/nota-de-repudio-a-fundacao-casa-menospreza-a-pandemia-possibilitando-o-retorno-dos-servidores-as-do-grupo-de-risco-maiores-de-60-anos\/"]}]},{"@type":"ImageObject","inLanguage":"pt-BR","@id":"https:\/\/www.sitsesp.org.br\/novo\/nota-de-repudio-a-fundacao-casa-menospreza-a-pandemia-possibilitando-o-retorno-dos-servidores-as-do-grupo-de-risco-maiores-de-60-anos\/#primaryimage","url":"https:\/\/www.sitsesp.org.br\/novo\/wp-content\/uploads\/2020\/10\/1598449476-1-scaled.gif","contentUrl":"https:\/\/www.sitsesp.org.br\/novo\/wp-content\/uploads\/2020\/10\/1598449476-1-scaled.gif","width":1810,"height":2560},{"@type":"BreadcrumbList","@id":"https:\/\/www.sitsesp.org.br\/novo\/nota-de-repudio-a-fundacao-casa-menospreza-a-pandemia-possibilitando-o-retorno-dos-servidores-as-do-grupo-de-risco-maiores-de-60-anos\/#breadcrumb","itemListElement":[{"@type":"ListItem","position":1,"name":"In\u00edcio","item":"https:\/\/www.sitsesp.org.br\/novo\/"},{"@type":"ListItem","position":2,"name":"NOTA DE REP\u00daDIO | A FUNDA\u00c7\u00c3O CASA MENOSPREZA A PANDEMIA POSSIBILITANDO O RETORNO DOS SERVIDORES\/AS DO GRUPO DE RISCO MAIORES DE 60 ANOS"}]},{"@type":"WebSite","@id":"https:\/\/www.sitsesp.org.br\/novo\/#website","url":"https:\/\/www.sitsesp.org.br\/novo\/","name":"Sitsesp","description":"SIndicato da Socioeduca\u00e7\u00e3o do Estado de S\u00e3o Paulo","publisher":{"@id":"https:\/\/www.sitsesp.org.br\/novo\/#organization"},"potentialAction":[{"@type":"SearchAction","target":{"@type":"EntryPoint","urlTemplate":"https:\/\/www.sitsesp.org.br\/novo\/?s={search_term_string}"},"query-input":"required name=search_term_string"}],"inLanguage":"pt-BR"},{"@type":"Organization","@id":"https:\/\/www.sitsesp.org.br\/novo\/#organization","name":"Sitsesp","url":"https:\/\/www.sitsesp.org.br\/novo\/","logo":{"@type":"ImageObject","inLanguage":"pt-BR","@id":"https:\/\/www.sitsesp.org.br\/novo\/#\/schema\/logo\/image\/","url":"https:\/\/www.sitsesp.org.br\/novo\/wp-content\/uploads\/2020\/09\/Design-sem-nome-1.jpg","contentUrl":"https:\/\/www.sitsesp.org.br\/novo\/wp-content\/uploads\/2020\/09\/Design-sem-nome-1.jpg","width":300,"height":300,"caption":"Sitsesp"},"image":{"@id":"https:\/\/www.sitsesp.org.br\/novo\/#\/schema\/logo\/image\/"}},{"@type":"Person","@id":"https:\/\/www.sitsesp.org.br\/novo\/#\/schema\/person\/2a4c180eb185645b3bef8657c75e305a","name":"mhais","image":{"@type":"ImageObject","inLanguage":"pt-BR","@id":"https:\/\/www.sitsesp.org.br\/novo\/#\/schema\/person\/image\/","url":"https:\/\/secure.gravatar.com\/avatar\/6f4eabe86990e81328cf702edfa92a60?s=96&d=mm&r=g","contentUrl":"https:\/\/secure.gravatar.com\/avatar\/6f4eabe86990e81328cf702edfa92a60?s=96&d=mm&r=g","caption":"mhais"},"sameAs":["http:\/\/localhost\/sitsesp"]}]}},"_links":{"self":[{"href":"https:\/\/www.sitsesp.org.br\/novo\/wp-json\/wp\/v2\/posts\/2644"}],"collection":[{"href":"https:\/\/www.sitsesp.org.br\/novo\/wp-json\/wp\/v2\/posts"}],"about":[{"href":"https:\/\/www.sitsesp.org.br\/novo\/wp-json\/wp\/v2\/types\/post"}],"author":[{"embeddable":true,"href":"https:\/\/www.sitsesp.org.br\/novo\/wp-json\/wp\/v2\/users\/1"}],"replies":[{"embeddable":true,"href":"https:\/\/www.sitsesp.org.br\/novo\/wp-json\/wp\/v2\/comments?post=2644"}],"version-history":[{"count":0,"href":"https:\/\/www.sitsesp.org.br\/novo\/wp-json\/wp\/v2\/posts\/2644\/revisions"}],"wp:featuredmedia":[{"embeddable":true,"href":"https:\/\/www.sitsesp.org.br\/novo\/wp-json\/wp\/v2\/media\/2645"}],"wp:attachment":[{"href":"https:\/\/www.sitsesp.org.br\/novo\/wp-json\/wp\/v2\/media?parent=2644"}],"wp:term":[{"taxonomy":"category","embeddable":true,"href":"https:\/\/www.sitsesp.org.br\/novo\/wp-json\/wp\/v2\/categories?post=2644"},{"taxonomy":"post_tag","embeddable":true,"href":"https:\/\/www.sitsesp.org.br\/novo\/wp-json\/wp\/v2\/tags?post=2644"}],"curies":[{"name":"wp","href":"https:\/\/api.w.org\/{rel}","templated":true}]}}