{"id":2688,"date":"2020-10-16T09:45:21","date_gmt":"2020-10-16T12:45:21","guid":{"rendered":"https:\/\/pecorari-cloud72.pecoraricloud.com.br\/~sitsesporg\/comunicado-da-diretoria-reconstrucao-e-luta-sitsesp\/"},"modified":"2020-10-30T01:15:14","modified_gmt":"2020-10-30T04:15:14","slug":"comunicado-da-diretoria-reconstrucao-e-luta-sitsesp","status":"publish","type":"post","link":"https:\/\/www.sitsesp.org.br\/novo\/comunicado-da-diretoria-reconstrucao-e-luta-sitsesp\/","title":{"rendered":"COMUNICADO DA DIRETORIA RECONSTRU\u00c7\u00c3O E LUTA SITSESP"},"content":{"rendered":"<p><!-- VideographyWP Plugin Message: Automatic video embedding prevented by plugin options. --><\/p>\n<p>A diretoria Reconstru&ccedil;&atilde;o e Luta SITSESP, vem comunicar a categoria que o nosso Vice-Presidente Mailson se encontra internado no Hospital Santa Filomena em Rio Claro com COVID-19.<\/p>\n<p>Guerreiro, correndo incansavelmente os Centros CASA&rsquo;s por todo Estado para levar demandas e ouvir questionamentos de servidores para implementar um sindicato verdadeiramente para o servidor da Funda&ccedil;&atilde;o CASA, nosso Vice Pres. Mailson, teve contatos em Centros com v&aacute;rios casos de COVID-19 para levar essas demandas ao sindicato e cobrar da Funda&ccedil;&atilde;o CASA aten&ccedil;&atilde;o para esses casos que, infelizmente, levou diversos companheiros.<\/p>\n<p>No dia 02 de outubro, nosso Vice-Pres. Come&ccedil;ou a sentir alguns sintomas de gripe e dores pelo corpo, prevenido como sempre, Mailson come&ccedil;ou a usar os servi&ccedil;os m&eacute;dicos para verificar o que estava acontecendo com sua sa&uacute;de, infelizmente suas consultas geravam em retorno para casa e medica&ccedil;&otilde;es alternativas. Na noite do dia 06 o quadro foi piorando e sua fam&iacute;lia resolveu seguir para Rio Claro onde foi constatado o quadro de COVID-19 sendo necess&aacute;rio sua interna&ccedil;&atilde;o nas primeiras horas do dia 07 de outubro.<\/p>\n<p>Em contato com sua esposa, os diretores Daniel Barrado e Israel Leal, vem monitorando os boletins m&eacute;dicos di&aacute;rios que sua esposa vem colocando a nossa disposi&ccedil;&atilde;o. O &uacute;ltimo boletim de ontem dia 15 de outubro, trouxe grandes esperan&ccedil;as na sua melhora.<\/p>\n<p>PEDIMOS A TODA CATEGORIA DE SERVIDORES DA FUNDA&Ccedil;&Atilde;O CASA, INDEPENDENTE DE IDEOLOGIA DE CREN&Ccedil;A QUE, OREM, REZEM, PESSAM AO CRIADOR COM MUITA F&Eacute; E FERVOR PELO NOSSO AMIGO E SERVIDOR MAILSON, BEM COMO, TODOS OS SERVIDORES E SERVIDORAS QUE SE ENCONTRAM NESSAS CONDI&Ccedil;&Otilde;ES TERR&Iacute;VEIS COM ESTA DOEN&Ccedil;A ASSUSTADORA.<\/p>\n","protected":false},"excerpt":{"rendered":"<p>A diretoria Reconstru&ccedil;&atilde;o e Luta SITSESP, vem comunicar a categoria que o nosso Vice-Presidente Mailson se encontra internado no Hospital Santa&hellip;<\/p>\n","protected":false},"author":1,"featured_media":2689,"comment_status":"open","ping_status":"open","sticky":false,"template":"","format":"standard","meta":{"cybocfi_hide_featured_image":"","footnotes":""},"categories":[28],"tags":[],"yoast_head":"<!-- This site is optimized with the Yoast SEO plugin v22.8 - https:\/\/yoast.com\/wordpress\/plugins\/seo\/ -->\n<title>COMUNICADO DA DIRETORIA RECONSTRU\u00c7\u00c3O E LUTA SITSESP - SITSESP<\/title>\n<meta name=\"robots\" content=\"index, follow, max-snippet:-1, max-image-preview:large, max-video-preview:-1\" \/>\n<link rel=\"canonical\" href=\"https:\/\/www.sitsesp.org.br\/novo\/comunicado-da-diretoria-reconstrucao-e-luta-sitsesp\/\" \/>\n<meta property=\"og:locale\" content=\"pt_BR\" \/>\n<meta property=\"og:type\" content=\"article\" \/>\n<meta property=\"og:title\" content=\"COMUNICADO DA DIRETORIA RECONSTRU\u00c7\u00c3O E LUTA SITSESP - SITSESP\" \/>\n<meta property=\"og:description\" content=\"A diretoria Reconstru&ccedil;&atilde;o e Luta SITSESP, vem comunicar a categoria que o nosso Vice-Presidente Mailson se encontra internado no Hospital Santa&hellip;\" \/>\n<meta property=\"og:url\" content=\"https:\/\/www.sitsesp.org.br\/novo\/comunicado-da-diretoria-reconstrucao-e-luta-sitsesp\/\" \/>\n<meta property=\"og:site_name\" content=\"SITSESP\" \/>\n<meta property=\"article:published_time\" content=\"2020-10-16T12:45:21+00:00\" \/>\n<meta property=\"article:modified_time\" content=\"2020-10-30T04:15:14+00:00\" \/>\n<meta property=\"og:image\" content=\"https:\/\/www.sitsesp.org.br\/novo\/wp-content\/uploads\/2020\/10\/1602852321-1-scaled.gif\" \/>\n\t<meta property=\"og:image:width\" content=\"1810\" \/>\n\t<meta property=\"og:image:height\" content=\"2560\" \/>\n\t<meta property=\"og:image:type\" content=\"image\/gif\" \/>\n<meta name=\"author\" content=\"mhais\" \/>\n<meta name=\"twitter:card\" content=\"summary_large_image\" \/>\n<meta name=\"twitter:label1\" content=\"Escrito por\" \/>\n\t<meta name=\"twitter:data1\" content=\"mhais\" \/>\n\t<meta name=\"twitter:label2\" content=\"Est. tempo de leitura\" \/>\n\t<meta name=\"twitter:data2\" content=\"2 minutos\" \/>\n<script type=\"application\/ld+json\" class=\"yoast-schema-graph\">{\"@context\":\"https:\/\/schema.org\",\"@graph\":[{\"@type\":\"Article\",\"@id\":\"https:\/\/www.sitsesp.org.br\/novo\/comunicado-da-diretoria-reconstrucao-e-luta-sitsesp\/#article\",\"isPartOf\":{\"@id\":\"https:\/\/www.sitsesp.org.br\/novo\/comunicado-da-diretoria-reconstrucao-e-luta-sitsesp\/\"},\"author\":{\"name\":\"mhais\",\"@id\":\"https:\/\/www.sitsesp.org.br\/novo\/#\/schema\/person\/2a4c180eb185645b3bef8657c75e305a\"},\"headline\":\"COMUNICADO DA DIRETORIA RECONSTRU\u00c7\u00c3O E LUTA SITSESP\",\"datePublished\":\"2020-10-16T12:45:21+00:00\",\"dateModified\":\"2020-10-30T04:15:14+00:00\",\"mainEntityOfPage\":{\"@id\":\"https:\/\/www.sitsesp.org.br\/novo\/comunicado-da-diretoria-reconstrucao-e-luta-sitsesp\/\"},\"wordCount\":324,\"commentCount\":0,\"publisher\":{\"@id\":\"https:\/\/www.sitsesp.org.br\/novo\/#organization\"},\"image\":{\"@id\":\"https:\/\/www.sitsesp.org.br\/novo\/comunicado-da-diretoria-reconstrucao-e-luta-sitsesp\/#primaryimage\"},\"thumbnailUrl\":\"https:\/\/www.sitsesp.org.br\/novo\/wp-content\/uploads\/2020\/10\/1602852321-1-scaled.gif\",\"articleSection\":[\"Destaque Lateral\"],\"inLanguage\":\"pt-BR\",\"potentialAction\":[{\"@type\":\"CommentAction\",\"name\":\"Comment\",\"target\":[\"https:\/\/www.sitsesp.org.br\/novo\/comunicado-da-diretoria-reconstrucao-e-luta-sitsesp\/#respond\"]}]},{\"@type\":\"WebPage\",\"@id\":\"https:\/\/www.sitsesp.org.br\/novo\/comunicado-da-diretoria-reconstrucao-e-luta-sitsesp\/\",\"url\":\"https:\/\/www.sitsesp.org.br\/novo\/comunicado-da-diretoria-reconstrucao-e-luta-sitsesp\/\",\"name\":\"COMUNICADO DA DIRETORIA RECONSTRU\u00c7\u00c3O E LUTA SITSESP - SITSESP\",\"isPartOf\":{\"@id\":\"https:\/\/www.sitsesp.org.br\/novo\/#website\"},\"primaryImageOfPage\":{\"@id\":\"https:\/\/www.sitsesp.org.br\/novo\/comunicado-da-diretoria-reconstrucao-e-luta-sitsesp\/#primaryimage\"},\"image\":{\"@id\":\"https:\/\/www.sitsesp.org.br\/novo\/comunicado-da-diretoria-reconstrucao-e-luta-sitsesp\/#primaryimage\"},\"thumbnailUrl\":\"https:\/\/www.sitsesp.org.br\/novo\/wp-content\/uploads\/2020\/10\/1602852321-1-scaled.gif\",\"datePublished\":\"2020-10-16T12:45:21+00:00\",\"dateModified\":\"2020-10-30T04:15:14+00:00\",\"breadcrumb\":{\"@id\":\"https:\/\/www.sitsesp.org.br\/novo\/comunicado-da-diretoria-reconstrucao-e-luta-sitsesp\/#breadcrumb\"},\"inLanguage\":\"pt-BR\",\"potentialAction\":[{\"@type\":\"ReadAction\",\"target\":[\"https:\/\/www.sitsesp.org.br\/novo\/comunicado-da-diretoria-reconstrucao-e-luta-sitsesp\/\"]}]},{\"@type\":\"ImageObject\",\"inLanguage\":\"pt-BR\",\"@id\":\"https:\/\/www.sitsesp.org.br\/novo\/comunicado-da-diretoria-reconstrucao-e-luta-sitsesp\/#primaryimage\",\"url\":\"https:\/\/www.sitsesp.org.br\/novo\/wp-content\/uploads\/2020\/10\/1602852321-1-scaled.gif\",\"contentUrl\":\"https:\/\/www.sitsesp.org.br\/novo\/wp-content\/uploads\/2020\/10\/1602852321-1-scaled.gif\",\"width\":1810,\"height\":2560},{\"@type\":\"BreadcrumbList\",\"@id\":\"https:\/\/www.sitsesp.org.br\/novo\/comunicado-da-diretoria-reconstrucao-e-luta-sitsesp\/#breadcrumb\",\"itemListElement\":[{\"@type\":\"ListItem\",\"position\":1,\"name\":\"In\u00edcio\",\"item\":\"https:\/\/www.sitsesp.org.br\/novo\/\"},{\"@type\":\"ListItem\",\"position\":2,\"name\":\"COMUNICADO DA DIRETORIA RECONSTRU\u00c7\u00c3O E LUTA SITSESP\"}]},{\"@type\":\"WebSite\",\"@id\":\"https:\/\/www.sitsesp.org.br\/novo\/#website\",\"url\":\"https:\/\/www.sitsesp.org.br\/novo\/\",\"name\":\"Sitsesp\",\"description\":\"SIndicato da Socioeduca\u00e7\u00e3o do Estado de S\u00e3o Paulo\",\"publisher\":{\"@id\":\"https:\/\/www.sitsesp.org.br\/novo\/#organization\"},\"potentialAction\":[{\"@type\":\"SearchAction\",\"target\":{\"@type\":\"EntryPoint\",\"urlTemplate\":\"https:\/\/www.sitsesp.org.br\/novo\/?s={search_term_string}\"},\"query-input\":\"required name=search_term_string\"}],\"inLanguage\":\"pt-BR\"},{\"@type\":\"Organization\",\"@id\":\"https:\/\/www.sitsesp.org.br\/novo\/#organization\",\"name\":\"Sitsesp\",\"url\":\"https:\/\/www.sitsesp.org.br\/novo\/\",\"logo\":{\"@type\":\"ImageObject\",\"inLanguage\":\"pt-BR\",\"@id\":\"https:\/\/www.sitsesp.org.br\/novo\/#\/schema\/logo\/image\/\",\"url\":\"https:\/\/www.sitsesp.org.br\/novo\/wp-content\/uploads\/2020\/09\/Design-sem-nome-1.jpg\",\"contentUrl\":\"https:\/\/www.sitsesp.org.br\/novo\/wp-content\/uploads\/2020\/09\/Design-sem-nome-1.jpg\",\"width\":300,\"height\":300,\"caption\":\"Sitsesp\"},\"image\":{\"@id\":\"https:\/\/www.sitsesp.org.br\/novo\/#\/schema\/logo\/image\/\"}},{\"@type\":\"Person\",\"@id\":\"https:\/\/www.sitsesp.org.br\/novo\/#\/schema\/person\/2a4c180eb185645b3bef8657c75e305a\",\"name\":\"mhais\",\"image\":{\"@type\":\"ImageObject\",\"inLanguage\":\"pt-BR\",\"@id\":\"https:\/\/www.sitsesp.org.br\/novo\/#\/schema\/person\/image\/\",\"url\":\"https:\/\/secure.gravatar.com\/avatar\/6f4eabe86990e81328cf702edfa92a60?s=96&d=mm&r=g\",\"contentUrl\":\"https:\/\/secure.gravatar.com\/avatar\/6f4eabe86990e81328cf702edfa92a60?s=96&d=mm&r=g\",\"caption\":\"mhais\"},\"sameAs\":[\"http:\/\/localhost\/sitsesp\"]}]}<\/script>\n<!-- \/ Yoast SEO plugin. -->","yoast_head_json":{"title":"COMUNICADO DA DIRETORIA RECONSTRU\u00c7\u00c3O E LUTA SITSESP - SITSESP","robots":{"index":"index","follow":"follow","max-snippet":"max-snippet:-1","max-image-preview":"max-image-preview:large","max-video-preview":"max-video-preview:-1"},"canonical":"https:\/\/www.sitsesp.org.br\/novo\/comunicado-da-diretoria-reconstrucao-e-luta-sitsesp\/","og_locale":"pt_BR","og_type":"article","og_title":"COMUNICADO DA DIRETORIA RECONSTRU\u00c7\u00c3O E LUTA SITSESP - SITSESP","og_description":"A diretoria Reconstru&ccedil;&atilde;o e Luta SITSESP, vem comunicar a categoria que o nosso Vice-Presidente Mailson se encontra internado no Hospital Santa&hellip;","og_url":"https:\/\/www.sitsesp.org.br\/novo\/comunicado-da-diretoria-reconstrucao-e-luta-sitsesp\/","og_site_name":"SITSESP","article_published_time":"2020-10-16T12:45:21+00:00","article_modified_time":"2020-10-30T04:15:14+00:00","og_image":[{"width":1810,"height":2560,"url":"https:\/\/www.sitsesp.org.br\/novo\/wp-content\/uploads\/2020\/10\/1602852321-1-scaled.gif","type":"image\/gif"}],"author":"mhais","twitter_card":"summary_large_image","twitter_misc":{"Escrito por":"mhais","Est. tempo de leitura":"2 minutos"},"schema":{"@context":"https:\/\/schema.org","@graph":[{"@type":"Article","@id":"https:\/\/www.sitsesp.org.br\/novo\/comunicado-da-diretoria-reconstrucao-e-luta-sitsesp\/#article","isPartOf":{"@id":"https:\/\/www.sitsesp.org.br\/novo\/comunicado-da-diretoria-reconstrucao-e-luta-sitsesp\/"},"author":{"name":"mhais","@id":"https:\/\/www.sitsesp.org.br\/novo\/#\/schema\/person\/2a4c180eb185645b3bef8657c75e305a"},"headline":"COMUNICADO DA DIRETORIA RECONSTRU\u00c7\u00c3O E LUTA SITSESP","datePublished":"2020-10-16T12:45:21+00:00","dateModified":"2020-10-30T04:15:14+00:00","mainEntityOfPage":{"@id":"https:\/\/www.sitsesp.org.br\/novo\/comunicado-da-diretoria-reconstrucao-e-luta-sitsesp\/"},"wordCount":324,"commentCount":0,"publisher":{"@id":"https:\/\/www.sitsesp.org.br\/novo\/#organization"},"image":{"@id":"https:\/\/www.sitsesp.org.br\/novo\/comunicado-da-diretoria-reconstrucao-e-luta-sitsesp\/#primaryimage"},"thumbnailUrl":"https:\/\/www.sitsesp.org.br\/novo\/wp-content\/uploads\/2020\/10\/1602852321-1-scaled.gif","articleSection":["Destaque Lateral"],"inLanguage":"pt-BR","potentialAction":[{"@type":"CommentAction","name":"Comment","target":["https:\/\/www.sitsesp.org.br\/novo\/comunicado-da-diretoria-reconstrucao-e-luta-sitsesp\/#respond"]}]},{"@type":"WebPage","@id":"https:\/\/www.sitsesp.org.br\/novo\/comunicado-da-diretoria-reconstrucao-e-luta-sitsesp\/","url":"https:\/\/www.sitsesp.org.br\/novo\/comunicado-da-diretoria-reconstrucao-e-luta-sitsesp\/","name":"COMUNICADO DA DIRETORIA RECONSTRU\u00c7\u00c3O E LUTA SITSESP - SITSESP","isPartOf":{"@id":"https:\/\/www.sitsesp.org.br\/novo\/#website"},"primaryImageOfPage":{"@id":"https:\/\/www.sitsesp.org.br\/novo\/comunicado-da-diretoria-reconstrucao-e-luta-sitsesp\/#primaryimage"},"image":{"@id":"https:\/\/www.sitsesp.org.br\/novo\/comunicado-da-diretoria-reconstrucao-e-luta-sitsesp\/#primaryimage"},"thumbnailUrl":"https:\/\/www.sitsesp.org.br\/novo\/wp-content\/uploads\/2020\/10\/1602852321-1-scaled.gif","datePublished":"2020-10-16T12:45:21+00:00","dateModified":"2020-10-30T04:15:14+00:00","breadcrumb":{"@id":"https:\/\/www.sitsesp.org.br\/novo\/comunicado-da-diretoria-reconstrucao-e-luta-sitsesp\/#breadcrumb"},"inLanguage":"pt-BR","potentialAction":[{"@type":"ReadAction","target":["https:\/\/www.sitsesp.org.br\/novo\/comunicado-da-diretoria-reconstrucao-e-luta-sitsesp\/"]}]},{"@type":"ImageObject","inLanguage":"pt-BR","@id":"https:\/\/www.sitsesp.org.br\/novo\/comunicado-da-diretoria-reconstrucao-e-luta-sitsesp\/#primaryimage","url":"https:\/\/www.sitsesp.org.br\/novo\/wp-content\/uploads\/2020\/10\/1602852321-1-scaled.gif","contentUrl":"https:\/\/www.sitsesp.org.br\/novo\/wp-content\/uploads\/2020\/10\/1602852321-1-scaled.gif","width":1810,"height":2560},{"@type":"BreadcrumbList","@id":"https:\/\/www.sitsesp.org.br\/novo\/comunicado-da-diretoria-reconstrucao-e-luta-sitsesp\/#breadcrumb","itemListElement":[{"@type":"ListItem","position":1,"name":"In\u00edcio","item":"https:\/\/www.sitsesp.org.br\/novo\/"},{"@type":"ListItem","position":2,"name":"COMUNICADO DA DIRETORIA RECONSTRU\u00c7\u00c3O E LUTA SITSESP"}]},{"@type":"WebSite","@id":"https:\/\/www.sitsesp.org.br\/novo\/#website","url":"https:\/\/www.sitsesp.org.br\/novo\/","name":"Sitsesp","description":"SIndicato da Socioeduca\u00e7\u00e3o do Estado de S\u00e3o Paulo","publisher":{"@id":"https:\/\/www.sitsesp.org.br\/novo\/#organization"},"potentialAction":[{"@type":"SearchAction","target":{"@type":"EntryPoint","urlTemplate":"https:\/\/www.sitsesp.org.br\/novo\/?s={search_term_string}"},"query-input":"required name=search_term_string"}],"inLanguage":"pt-BR"},{"@type":"Organization","@id":"https:\/\/www.sitsesp.org.br\/novo\/#organization","name":"Sitsesp","url":"https:\/\/www.sitsesp.org.br\/novo\/","logo":{"@type":"ImageObject","inLanguage":"pt-BR","@id":"https:\/\/www.sitsesp.org.br\/novo\/#\/schema\/logo\/image\/","url":"https:\/\/www.sitsesp.org.br\/novo\/wp-content\/uploads\/2020\/09\/Design-sem-nome-1.jpg","contentUrl":"https:\/\/www.sitsesp.org.br\/novo\/wp-content\/uploads\/2020\/09\/Design-sem-nome-1.jpg","width":300,"height":300,"caption":"Sitsesp"},"image":{"@id":"https:\/\/www.sitsesp.org.br\/novo\/#\/schema\/logo\/image\/"}},{"@type":"Person","@id":"https:\/\/www.sitsesp.org.br\/novo\/#\/schema\/person\/2a4c180eb185645b3bef8657c75e305a","name":"mhais","image":{"@type":"ImageObject","inLanguage":"pt-BR","@id":"https:\/\/www.sitsesp.org.br\/novo\/#\/schema\/person\/image\/","url":"https:\/\/secure.gravatar.com\/avatar\/6f4eabe86990e81328cf702edfa92a60?s=96&d=mm&r=g","contentUrl":"https:\/\/secure.gravatar.com\/avatar\/6f4eabe86990e81328cf702edfa92a60?s=96&d=mm&r=g","caption":"mhais"},"sameAs":["http:\/\/localhost\/sitsesp"]}]}},"_links":{"self":[{"href":"https:\/\/www.sitsesp.org.br\/novo\/wp-json\/wp\/v2\/posts\/2688"}],"collection":[{"href":"https:\/\/www.sitsesp.org.br\/novo\/wp-json\/wp\/v2\/posts"}],"about":[{"href":"https:\/\/www.sitsesp.org.br\/novo\/wp-json\/wp\/v2\/types\/post"}],"author":[{"embeddable":true,"href":"https:\/\/www.sitsesp.org.br\/novo\/wp-json\/wp\/v2\/users\/1"}],"replies":[{"embeddable":true,"href":"https:\/\/www.sitsesp.org.br\/novo\/wp-json\/wp\/v2\/comments?post=2688"}],"version-history":[{"count":1,"href":"https:\/\/www.sitsesp.org.br\/novo\/wp-json\/wp\/v2\/posts\/2688\/revisions"}],"predecessor-version":[{"id":2818,"href":"https:\/\/www.sitsesp.org.br\/novo\/wp-json\/wp\/v2\/posts\/2688\/revisions\/2818"}],"wp:featuredmedia":[{"embeddable":true,"href":"https:\/\/www.sitsesp.org.br\/novo\/wp-json\/wp\/v2\/media\/2689"}],"wp:attachment":[{"href":"https:\/\/www.sitsesp.org.br\/novo\/wp-json\/wp\/v2\/media?parent=2688"}],"wp:term":[{"taxonomy":"category","embeddable":true,"href":"https:\/\/www.sitsesp.org.br\/novo\/wp-json\/wp\/v2\/categories?post=2688"},{"taxonomy":"post_tag","embeddable":true,"href":"https:\/\/www.sitsesp.org.br\/novo\/wp-json\/wp\/v2\/tags?post=2688"}],"curies":[{"name":"wp","href":"https:\/\/api.w.org\/{rel}","templated":true}]}}