{"id":4628,"date":"2020-10-23T17:51:06","date_gmt":"2020-10-23T20:51:06","guid":{"rendered":"https:\/\/pecorari-cloud72.pecoraricloud.com.br\/~sitsesporg\/?p=4628"},"modified":"2020-11-02T17:53:52","modified_gmt":"2020-11-02T20:53:52","slug":"sitsesp-em-movimento-servidores-do-sistema-socioeducativo-demonstram-disposicao-de-luta","status":"publish","type":"post","link":"https:\/\/www.sitsesp.org.br\/novo\/sitsesp-em-movimento-servidores-do-sistema-socioeducativo-demonstram-disposicao-de-luta\/","title":{"rendered":"SITSESP EM MOVIMENTO | SERVIDORES DO SISTEMA SOCIOEDUCATIVO DEMONSTRAM DISPOSI\u00c7\u00c3O DE LUTA"},"content":{"rendered":"<!-- VideographyWP Plugin Message: Automatic video embedding prevented by plugin options. -->\n\n<p>Em 23 de outubro aconteceu um vitorioso ato em frente \u00e0 sede da Funda\u00e7\u00e3o CASA, a mobiliza\u00e7\u00e3o foi convocada pela Gest\u00e3o Reconstru\u00e7\u00e3o e Luta com o lema \u201cCONTRA O ENGAVETAMENTO DAS NOSSAS PAUTAS\u201d.<\/p>\n\n\n\n<p>O ato ocorreu no per\u00edodo da manh\u00e3 e contou com a presen\u00e7a de mais de 300 servidores do sistema socioeducativo, trabalhadores e trabalhadoras da capital e do interior do estado de S\u00e3o Paulo. A pol\u00edcia militar se fez presente e impediu o fechamento da rua, por\u00e9m a categoria n\u00e3o desanimou e levou de forma corajosa o justo ato, cobrando da Funda\u00e7\u00e3o CASA que respeite e d\u00ea andamento na negocia\u00e7\u00e3o salarial.<\/p>\n\n\n\n<p>Ao mesmo tempo que o ato ocorria em frente a sede da Funda\u00e7\u00e3o CASA, no interior do pr\u00e9dio ocorria uma reuni\u00e3o com dirigentes sindicais do SITSESP, reuni\u00e3o convocada pela administra\u00e7\u00e3o executiva da Funda\u00e7\u00e3o. A ata da mesma pode ser conferida AQUI.<\/p>\n\n\n\n<p>A luta continua, a atual gest\u00e3o do SITSESP vem, desde o in\u00edcio, enviando of\u00edcios para a Funda\u00e7\u00e3o CASA. Com o engavetamento das pautas foi necess\u00e1ria a manifesta\u00e7\u00e3o presencial, e, conforme o andamento das negocia\u00e7\u00f5es, ser\u00e3o tomadas outras iniciativas. Lembrando que a categoria nas \u00faltimas duas assembleias deflagrou o ESTADO DE GREVE e j\u00e1 est\u00e1 marcada a nova assembleia virtual para o dia 31 de outubro.<\/p>\n","protected":false},"excerpt":{"rendered":"<p>Em 23 de outubro aconteceu um vitorioso ato em frente \u00e0 sede da Funda\u00e7\u00e3o CASA, a mobiliza\u00e7\u00e3o foi convocada pela Gest\u00e3o&hellip;<\/p>\n","protected":false},"author":1,"featured_media":4630,"comment_status":"open","ping_status":"open","sticky":false,"template":"","format":"standard","meta":{"cybocfi_hide_featured_image":"","footnotes":""},"categories":[27],"tags":[],"yoast_head":"<!-- This site is optimized with the Yoast SEO plugin v22.8 - https:\/\/yoast.com\/wordpress\/plugins\/seo\/ -->\n<title>SITSESP EM MOVIMENTO | SERVIDORES DO SISTEMA SOCIOEDUCATIVO DEMONSTRAM DISPOSI\u00c7\u00c3O DE LUTA - SITSESP<\/title>\n<meta name=\"robots\" content=\"index, follow, max-snippet:-1, max-image-preview:large, max-video-preview:-1\" \/>\n<link rel=\"canonical\" href=\"https:\/\/www.sitsesp.org.br\/novo\/sitsesp-em-movimento-servidores-do-sistema-socioeducativo-demonstram-disposicao-de-luta\/\" \/>\n<meta property=\"og:locale\" content=\"pt_BR\" \/>\n<meta property=\"og:type\" content=\"article\" \/>\n<meta property=\"og:title\" content=\"SITSESP EM MOVIMENTO | SERVIDORES DO SISTEMA SOCIOEDUCATIVO DEMONSTRAM DISPOSI\u00c7\u00c3O DE LUTA - SITSESP\" \/>\n<meta property=\"og:description\" content=\"Em 23 de outubro aconteceu um vitorioso ato em frente \u00e0 sede da Funda\u00e7\u00e3o CASA, a mobiliza\u00e7\u00e3o foi convocada pela Gest\u00e3o&hellip;\" \/>\n<meta property=\"og:url\" content=\"https:\/\/www.sitsesp.org.br\/novo\/sitsesp-em-movimento-servidores-do-sistema-socioeducativo-demonstram-disposicao-de-luta\/\" \/>\n<meta property=\"og:site_name\" content=\"SITSESP\" \/>\n<meta property=\"article:published_time\" content=\"2020-10-23T20:51:06+00:00\" \/>\n<meta property=\"article:modified_time\" content=\"2020-11-02T20:53:52+00:00\" \/>\n<meta property=\"og:image\" content=\"https:\/\/www.sitsesp.org.br\/novo\/wp-content\/uploads\/2020\/11\/sitsesp-em-movimento.gif\" \/>\n\t<meta property=\"og:image:width\" content=\"566\" \/>\n\t<meta property=\"og:image:height\" content=\"800\" \/>\n\t<meta property=\"og:image:type\" content=\"image\/gif\" \/>\n<meta name=\"author\" content=\"mhais\" \/>\n<meta name=\"twitter:card\" content=\"summary_large_image\" \/>\n<meta name=\"twitter:label1\" content=\"Escrito por\" \/>\n\t<meta name=\"twitter:data1\" content=\"mhais\" \/>\n\t<meta name=\"twitter:label2\" content=\"Est. tempo de leitura\" \/>\n\t<meta name=\"twitter:data2\" content=\"1 minuto\" \/>\n<script type=\"application\/ld+json\" class=\"yoast-schema-graph\">{\"@context\":\"https:\/\/schema.org\",\"@graph\":[{\"@type\":\"Article\",\"@id\":\"https:\/\/www.sitsesp.org.br\/novo\/sitsesp-em-movimento-servidores-do-sistema-socioeducativo-demonstram-disposicao-de-luta\/#article\",\"isPartOf\":{\"@id\":\"https:\/\/www.sitsesp.org.br\/novo\/sitsesp-em-movimento-servidores-do-sistema-socioeducativo-demonstram-disposicao-de-luta\/\"},\"author\":{\"name\":\"mhais\",\"@id\":\"https:\/\/www.sitsesp.org.br\/novo\/#\/schema\/person\/2a4c180eb185645b3bef8657c75e305a\"},\"headline\":\"SITSESP EM MOVIMENTO | SERVIDORES DO SISTEMA SOCIOEDUCATIVO DEMONSTRAM DISPOSI\u00c7\u00c3O DE LUTA\",\"datePublished\":\"2020-10-23T20:51:06+00:00\",\"dateModified\":\"2020-11-02T20:53:52+00:00\",\"mainEntityOfPage\":{\"@id\":\"https:\/\/www.sitsesp.org.br\/novo\/sitsesp-em-movimento-servidores-do-sistema-socioeducativo-demonstram-disposicao-de-luta\/\"},\"wordCount\":243,\"commentCount\":0,\"publisher\":{\"@id\":\"https:\/\/www.sitsesp.org.br\/novo\/#organization\"},\"image\":{\"@id\":\"https:\/\/www.sitsesp.org.br\/novo\/sitsesp-em-movimento-servidores-do-sistema-socioeducativo-demonstram-disposicao-de-luta\/#primaryimage\"},\"thumbnailUrl\":\"https:\/\/www.sitsesp.org.br\/novo\/wp-content\/uploads\/2020\/11\/sitsesp-em-movimento.gif\",\"articleSection\":[\"Destaque\"],\"inLanguage\":\"pt-BR\",\"potentialAction\":[{\"@type\":\"CommentAction\",\"name\":\"Comment\",\"target\":[\"https:\/\/www.sitsesp.org.br\/novo\/sitsesp-em-movimento-servidores-do-sistema-socioeducativo-demonstram-disposicao-de-luta\/#respond\"]}]},{\"@type\":\"WebPage\",\"@id\":\"https:\/\/www.sitsesp.org.br\/novo\/sitsesp-em-movimento-servidores-do-sistema-socioeducativo-demonstram-disposicao-de-luta\/\",\"url\":\"https:\/\/www.sitsesp.org.br\/novo\/sitsesp-em-movimento-servidores-do-sistema-socioeducativo-demonstram-disposicao-de-luta\/\",\"name\":\"SITSESP EM MOVIMENTO | SERVIDORES DO SISTEMA SOCIOEDUCATIVO DEMONSTRAM DISPOSI\u00c7\u00c3O DE LUTA - SITSESP\",\"isPartOf\":{\"@id\":\"https:\/\/www.sitsesp.org.br\/novo\/#website\"},\"primaryImageOfPage\":{\"@id\":\"https:\/\/www.sitsesp.org.br\/novo\/sitsesp-em-movimento-servidores-do-sistema-socioeducativo-demonstram-disposicao-de-luta\/#primaryimage\"},\"image\":{\"@id\":\"https:\/\/www.sitsesp.org.br\/novo\/sitsesp-em-movimento-servidores-do-sistema-socioeducativo-demonstram-disposicao-de-luta\/#primaryimage\"},\"thumbnailUrl\":\"https:\/\/www.sitsesp.org.br\/novo\/wp-content\/uploads\/2020\/11\/sitsesp-em-movimento.gif\",\"datePublished\":\"2020-10-23T20:51:06+00:00\",\"dateModified\":\"2020-11-02T20:53:52+00:00\",\"breadcrumb\":{\"@id\":\"https:\/\/www.sitsesp.org.br\/novo\/sitsesp-em-movimento-servidores-do-sistema-socioeducativo-demonstram-disposicao-de-luta\/#breadcrumb\"},\"inLanguage\":\"pt-BR\",\"potentialAction\":[{\"@type\":\"ReadAction\",\"target\":[\"https:\/\/www.sitsesp.org.br\/novo\/sitsesp-em-movimento-servidores-do-sistema-socioeducativo-demonstram-disposicao-de-luta\/\"]}]},{\"@type\":\"ImageObject\",\"inLanguage\":\"pt-BR\",\"@id\":\"https:\/\/www.sitsesp.org.br\/novo\/sitsesp-em-movimento-servidores-do-sistema-socioeducativo-demonstram-disposicao-de-luta\/#primaryimage\",\"url\":\"https:\/\/www.sitsesp.org.br\/novo\/wp-content\/uploads\/2020\/11\/sitsesp-em-movimento.gif\",\"contentUrl\":\"https:\/\/www.sitsesp.org.br\/novo\/wp-content\/uploads\/2020\/11\/sitsesp-em-movimento.gif\",\"width\":566,\"height\":800},{\"@type\":\"BreadcrumbList\",\"@id\":\"https:\/\/www.sitsesp.org.br\/novo\/sitsesp-em-movimento-servidores-do-sistema-socioeducativo-demonstram-disposicao-de-luta\/#breadcrumb\",\"itemListElement\":[{\"@type\":\"ListItem\",\"position\":1,\"name\":\"In\u00edcio\",\"item\":\"https:\/\/www.sitsesp.org.br\/novo\/\"},{\"@type\":\"ListItem\",\"position\":2,\"name\":\"SITSESP EM MOVIMENTO | SERVIDORES DO SISTEMA SOCIOEDUCATIVO DEMONSTRAM DISPOSI\u00c7\u00c3O DE LUTA\"}]},{\"@type\":\"WebSite\",\"@id\":\"https:\/\/www.sitsesp.org.br\/novo\/#website\",\"url\":\"https:\/\/www.sitsesp.org.br\/novo\/\",\"name\":\"Sitsesp\",\"description\":\"SIndicato da Socioeduca\u00e7\u00e3o do Estado de S\u00e3o Paulo\",\"publisher\":{\"@id\":\"https:\/\/www.sitsesp.org.br\/novo\/#organization\"},\"potentialAction\":[{\"@type\":\"SearchAction\",\"target\":{\"@type\":\"EntryPoint\",\"urlTemplate\":\"https:\/\/www.sitsesp.org.br\/novo\/?s={search_term_string}\"},\"query-input\":\"required name=search_term_string\"}],\"inLanguage\":\"pt-BR\"},{\"@type\":\"Organization\",\"@id\":\"https:\/\/www.sitsesp.org.br\/novo\/#organization\",\"name\":\"Sitsesp\",\"url\":\"https:\/\/www.sitsesp.org.br\/novo\/\",\"logo\":{\"@type\":\"ImageObject\",\"inLanguage\":\"pt-BR\",\"@id\":\"https:\/\/www.sitsesp.org.br\/novo\/#\/schema\/logo\/image\/\",\"url\":\"https:\/\/www.sitsesp.org.br\/novo\/wp-content\/uploads\/2020\/09\/Design-sem-nome-1.jpg\",\"contentUrl\":\"https:\/\/www.sitsesp.org.br\/novo\/wp-content\/uploads\/2020\/09\/Design-sem-nome-1.jpg\",\"width\":300,\"height\":300,\"caption\":\"Sitsesp\"},\"image\":{\"@id\":\"https:\/\/www.sitsesp.org.br\/novo\/#\/schema\/logo\/image\/\"}},{\"@type\":\"Person\",\"@id\":\"https:\/\/www.sitsesp.org.br\/novo\/#\/schema\/person\/2a4c180eb185645b3bef8657c75e305a\",\"name\":\"mhais\",\"image\":{\"@type\":\"ImageObject\",\"inLanguage\":\"pt-BR\",\"@id\":\"https:\/\/www.sitsesp.org.br\/novo\/#\/schema\/person\/image\/\",\"url\":\"https:\/\/secure.gravatar.com\/avatar\/6f4eabe86990e81328cf702edfa92a60?s=96&d=mm&r=g\",\"contentUrl\":\"https:\/\/secure.gravatar.com\/avatar\/6f4eabe86990e81328cf702edfa92a60?s=96&d=mm&r=g\",\"caption\":\"mhais\"},\"sameAs\":[\"http:\/\/localhost\/sitsesp\"]}]}<\/script>\n<!-- \/ Yoast SEO plugin. -->","yoast_head_json":{"title":"SITSESP EM MOVIMENTO | SERVIDORES DO SISTEMA SOCIOEDUCATIVO DEMONSTRAM DISPOSI\u00c7\u00c3O DE LUTA - SITSESP","robots":{"index":"index","follow":"follow","max-snippet":"max-snippet:-1","max-image-preview":"max-image-preview:large","max-video-preview":"max-video-preview:-1"},"canonical":"https:\/\/www.sitsesp.org.br\/novo\/sitsesp-em-movimento-servidores-do-sistema-socioeducativo-demonstram-disposicao-de-luta\/","og_locale":"pt_BR","og_type":"article","og_title":"SITSESP EM MOVIMENTO | SERVIDORES DO SISTEMA SOCIOEDUCATIVO DEMONSTRAM DISPOSI\u00c7\u00c3O DE LUTA - SITSESP","og_description":"Em 23 de outubro aconteceu um vitorioso ato em frente \u00e0 sede da Funda\u00e7\u00e3o CASA, a mobiliza\u00e7\u00e3o foi convocada pela Gest\u00e3o&hellip;","og_url":"https:\/\/www.sitsesp.org.br\/novo\/sitsesp-em-movimento-servidores-do-sistema-socioeducativo-demonstram-disposicao-de-luta\/","og_site_name":"SITSESP","article_published_time":"2020-10-23T20:51:06+00:00","article_modified_time":"2020-11-02T20:53:52+00:00","og_image":[{"width":566,"height":800,"url":"https:\/\/www.sitsesp.org.br\/novo\/wp-content\/uploads\/2020\/11\/sitsesp-em-movimento.gif","type":"image\/gif"}],"author":"mhais","twitter_card":"summary_large_image","twitter_misc":{"Escrito por":"mhais","Est. tempo de leitura":"1 minuto"},"schema":{"@context":"https:\/\/schema.org","@graph":[{"@type":"Article","@id":"https:\/\/www.sitsesp.org.br\/novo\/sitsesp-em-movimento-servidores-do-sistema-socioeducativo-demonstram-disposicao-de-luta\/#article","isPartOf":{"@id":"https:\/\/www.sitsesp.org.br\/novo\/sitsesp-em-movimento-servidores-do-sistema-socioeducativo-demonstram-disposicao-de-luta\/"},"author":{"name":"mhais","@id":"https:\/\/www.sitsesp.org.br\/novo\/#\/schema\/person\/2a4c180eb185645b3bef8657c75e305a"},"headline":"SITSESP EM MOVIMENTO | SERVIDORES DO SISTEMA SOCIOEDUCATIVO DEMONSTRAM DISPOSI\u00c7\u00c3O DE LUTA","datePublished":"2020-10-23T20:51:06+00:00","dateModified":"2020-11-02T20:53:52+00:00","mainEntityOfPage":{"@id":"https:\/\/www.sitsesp.org.br\/novo\/sitsesp-em-movimento-servidores-do-sistema-socioeducativo-demonstram-disposicao-de-luta\/"},"wordCount":243,"commentCount":0,"publisher":{"@id":"https:\/\/www.sitsesp.org.br\/novo\/#organization"},"image":{"@id":"https:\/\/www.sitsesp.org.br\/novo\/sitsesp-em-movimento-servidores-do-sistema-socioeducativo-demonstram-disposicao-de-luta\/#primaryimage"},"thumbnailUrl":"https:\/\/www.sitsesp.org.br\/novo\/wp-content\/uploads\/2020\/11\/sitsesp-em-movimento.gif","articleSection":["Destaque"],"inLanguage":"pt-BR","potentialAction":[{"@type":"CommentAction","name":"Comment","target":["https:\/\/www.sitsesp.org.br\/novo\/sitsesp-em-movimento-servidores-do-sistema-socioeducativo-demonstram-disposicao-de-luta\/#respond"]}]},{"@type":"WebPage","@id":"https:\/\/www.sitsesp.org.br\/novo\/sitsesp-em-movimento-servidores-do-sistema-socioeducativo-demonstram-disposicao-de-luta\/","url":"https:\/\/www.sitsesp.org.br\/novo\/sitsesp-em-movimento-servidores-do-sistema-socioeducativo-demonstram-disposicao-de-luta\/","name":"SITSESP EM MOVIMENTO | SERVIDORES DO SISTEMA SOCIOEDUCATIVO DEMONSTRAM DISPOSI\u00c7\u00c3O DE LUTA - SITSESP","isPartOf":{"@id":"https:\/\/www.sitsesp.org.br\/novo\/#website"},"primaryImageOfPage":{"@id":"https:\/\/www.sitsesp.org.br\/novo\/sitsesp-em-movimento-servidores-do-sistema-socioeducativo-demonstram-disposicao-de-luta\/#primaryimage"},"image":{"@id":"https:\/\/www.sitsesp.org.br\/novo\/sitsesp-em-movimento-servidores-do-sistema-socioeducativo-demonstram-disposicao-de-luta\/#primaryimage"},"thumbnailUrl":"https:\/\/www.sitsesp.org.br\/novo\/wp-content\/uploads\/2020\/11\/sitsesp-em-movimento.gif","datePublished":"2020-10-23T20:51:06+00:00","dateModified":"2020-11-02T20:53:52+00:00","breadcrumb":{"@id":"https:\/\/www.sitsesp.org.br\/novo\/sitsesp-em-movimento-servidores-do-sistema-socioeducativo-demonstram-disposicao-de-luta\/#breadcrumb"},"inLanguage":"pt-BR","potentialAction":[{"@type":"ReadAction","target":["https:\/\/www.sitsesp.org.br\/novo\/sitsesp-em-movimento-servidores-do-sistema-socioeducativo-demonstram-disposicao-de-luta\/"]}]},{"@type":"ImageObject","inLanguage":"pt-BR","@id":"https:\/\/www.sitsesp.org.br\/novo\/sitsesp-em-movimento-servidores-do-sistema-socioeducativo-demonstram-disposicao-de-luta\/#primaryimage","url":"https:\/\/www.sitsesp.org.br\/novo\/wp-content\/uploads\/2020\/11\/sitsesp-em-movimento.gif","contentUrl":"https:\/\/www.sitsesp.org.br\/novo\/wp-content\/uploads\/2020\/11\/sitsesp-em-movimento.gif","width":566,"height":800},{"@type":"BreadcrumbList","@id":"https:\/\/www.sitsesp.org.br\/novo\/sitsesp-em-movimento-servidores-do-sistema-socioeducativo-demonstram-disposicao-de-luta\/#breadcrumb","itemListElement":[{"@type":"ListItem","position":1,"name":"In\u00edcio","item":"https:\/\/www.sitsesp.org.br\/novo\/"},{"@type":"ListItem","position":2,"name":"SITSESP EM MOVIMENTO | SERVIDORES DO SISTEMA SOCIOEDUCATIVO DEMONSTRAM DISPOSI\u00c7\u00c3O DE LUTA"}]},{"@type":"WebSite","@id":"https:\/\/www.sitsesp.org.br\/novo\/#website","url":"https:\/\/www.sitsesp.org.br\/novo\/","name":"Sitsesp","description":"SIndicato da Socioeduca\u00e7\u00e3o do Estado de S\u00e3o Paulo","publisher":{"@id":"https:\/\/www.sitsesp.org.br\/novo\/#organization"},"potentialAction":[{"@type":"SearchAction","target":{"@type":"EntryPoint","urlTemplate":"https:\/\/www.sitsesp.org.br\/novo\/?s={search_term_string}"},"query-input":"required name=search_term_string"}],"inLanguage":"pt-BR"},{"@type":"Organization","@id":"https:\/\/www.sitsesp.org.br\/novo\/#organization","name":"Sitsesp","url":"https:\/\/www.sitsesp.org.br\/novo\/","logo":{"@type":"ImageObject","inLanguage":"pt-BR","@id":"https:\/\/www.sitsesp.org.br\/novo\/#\/schema\/logo\/image\/","url":"https:\/\/www.sitsesp.org.br\/novo\/wp-content\/uploads\/2020\/09\/Design-sem-nome-1.jpg","contentUrl":"https:\/\/www.sitsesp.org.br\/novo\/wp-content\/uploads\/2020\/09\/Design-sem-nome-1.jpg","width":300,"height":300,"caption":"Sitsesp"},"image":{"@id":"https:\/\/www.sitsesp.org.br\/novo\/#\/schema\/logo\/image\/"}},{"@type":"Person","@id":"https:\/\/www.sitsesp.org.br\/novo\/#\/schema\/person\/2a4c180eb185645b3bef8657c75e305a","name":"mhais","image":{"@type":"ImageObject","inLanguage":"pt-BR","@id":"https:\/\/www.sitsesp.org.br\/novo\/#\/schema\/person\/image\/","url":"https:\/\/secure.gravatar.com\/avatar\/6f4eabe86990e81328cf702edfa92a60?s=96&d=mm&r=g","contentUrl":"https:\/\/secure.gravatar.com\/avatar\/6f4eabe86990e81328cf702edfa92a60?s=96&d=mm&r=g","caption":"mhais"},"sameAs":["http:\/\/localhost\/sitsesp"]}]}},"_links":{"self":[{"href":"https:\/\/www.sitsesp.org.br\/novo\/wp-json\/wp\/v2\/posts\/4628"}],"collection":[{"href":"https:\/\/www.sitsesp.org.br\/novo\/wp-json\/wp\/v2\/posts"}],"about":[{"href":"https:\/\/www.sitsesp.org.br\/novo\/wp-json\/wp\/v2\/types\/post"}],"author":[{"embeddable":true,"href":"https:\/\/www.sitsesp.org.br\/novo\/wp-json\/wp\/v2\/users\/1"}],"replies":[{"embeddable":true,"href":"https:\/\/www.sitsesp.org.br\/novo\/wp-json\/wp\/v2\/comments?post=4628"}],"version-history":[{"count":2,"href":"https:\/\/www.sitsesp.org.br\/novo\/wp-json\/wp\/v2\/posts\/4628\/revisions"}],"predecessor-version":[{"id":4632,"href":"https:\/\/www.sitsesp.org.br\/novo\/wp-json\/wp\/v2\/posts\/4628\/revisions\/4632"}],"wp:featuredmedia":[{"embeddable":true,"href":"https:\/\/www.sitsesp.org.br\/novo\/wp-json\/wp\/v2\/media\/4630"}],"wp:attachment":[{"href":"https:\/\/www.sitsesp.org.br\/novo\/wp-json\/wp\/v2\/media?parent=4628"}],"wp:term":[{"taxonomy":"category","embeddable":true,"href":"https:\/\/www.sitsesp.org.br\/novo\/wp-json\/wp\/v2\/categories?post=4628"},{"taxonomy":"post_tag","embeddable":true,"href":"https:\/\/www.sitsesp.org.br\/novo\/wp-json\/wp\/v2\/tags?post=4628"}],"curies":[{"name":"wp","href":"https:\/\/api.w.org\/{rel}","templated":true}]}}