{"id":4642,"date":"2020-10-31T18:15:28","date_gmt":"2020-10-31T21:15:28","guid":{"rendered":"https:\/\/pecorari-cloud72.pecoraricloud.com.br\/~sitsesporg\/?p=4642"},"modified":"2020-11-02T18:17:11","modified_gmt":"2020-11-02T21:17:11","slug":"servidores-da-fundacao-aprovam-a-manutencao-do-estado-de-greve","status":"publish","type":"post","link":"https:\/\/www.sitsesp.org.br\/novo\/servidores-da-fundacao-aprovam-a-manutencao-do-estado-de-greve\/","title":{"rendered":"SERVIDORES DA FUNDA\u00c7\u00c3O APROVAM A MANUTEN\u00c7\u00c3O DO ESTADO DE GREVE"},"content":{"rendered":"<!-- VideographyWP Plugin Message: Automatic video embedding prevented by plugin options. -->\n\n<p>Em assembleia realizada na manh\u00e3 desse dia 31 de outubro de 2020, os servidores da Funda\u00e7\u00e3o CASA resolveram manter o estado de greve at\u00e9 que a institui\u00e7\u00e3o analise as propostas decididas nesta assembleia.<\/p>\n\n\n\n<p>O sindicato tamb\u00e9m solicitou uma reuni\u00e3o urgente com a dire\u00e7\u00e3o da Funda\u00e7\u00e3o CASA para uma devolutiva, sendo chamada uma pr\u00f3xima assembleia com data ainda a ser definida para dar as respostas aos trabalhadores e definirem os rumos que ser\u00e3o tomados para a categoria.<\/p>\n\n\n\n<p>O SITSESP solicita dos servidores uma presen\u00e7a em massa na pr\u00f3xima assembleia para podermos tomar decis\u00f5es em conjunto, com grande maioria de trabalhadores participando, pois, o SITSESP \u00e9 de todos os servidores da Funda\u00e7\u00e3o CASA.<\/p>\n\n\n\n<p>FA\u00c7A VALER A LUTA, N\u00c3O ESPERE QUE OUTROS FA\u00c7AM POR VOC\u00ca! O SITSESP \u00c9 DE TODOS, PARA TODOS, LUTANDO COM TODOS!<\/p>\n","protected":false},"excerpt":{"rendered":"<p>Em assembleia realizada na manh\u00e3 desse dia 31 de outubro de 2020, os servidores da Funda\u00e7\u00e3o CASA resolveram manter o estado&hellip;<\/p>\n","protected":false},"author":1,"featured_media":4643,"comment_status":"open","ping_status":"open","sticky":false,"template":"","format":"standard","meta":{"cybocfi_hide_featured_image":"","footnotes":""},"categories":[22],"tags":[],"yoast_head":"<!-- This site is optimized with the Yoast SEO plugin v22.8 - https:\/\/yoast.com\/wordpress\/plugins\/seo\/ -->\n<title>SERVIDORES DA FUNDA\u00c7\u00c3O APROVAM A MANUTEN\u00c7\u00c3O DO ESTADO DE GREVE - SITSESP<\/title>\n<meta name=\"robots\" content=\"index, follow, max-snippet:-1, max-image-preview:large, max-video-preview:-1\" \/>\n<link rel=\"canonical\" href=\"https:\/\/www.sitsesp.org.br\/novo\/servidores-da-fundacao-aprovam-a-manutencao-do-estado-de-greve\/\" \/>\n<meta property=\"og:locale\" content=\"pt_BR\" \/>\n<meta property=\"og:type\" content=\"article\" \/>\n<meta property=\"og:title\" content=\"SERVIDORES DA FUNDA\u00c7\u00c3O APROVAM A MANUTEN\u00c7\u00c3O DO ESTADO DE GREVE - SITSESP\" \/>\n<meta property=\"og:description\" content=\"Em assembleia realizada na manh\u00e3 desse dia 31 de outubro de 2020, os servidores da Funda\u00e7\u00e3o CASA resolveram manter o estado&hellip;\" \/>\n<meta property=\"og:url\" content=\"https:\/\/www.sitsesp.org.br\/novo\/servidores-da-fundacao-aprovam-a-manutencao-do-estado-de-greve\/\" \/>\n<meta property=\"og:site_name\" content=\"SITSESP\" \/>\n<meta property=\"article:published_time\" content=\"2020-10-31T21:15:28+00:00\" \/>\n<meta property=\"article:modified_time\" content=\"2020-11-02T21:17:11+00:00\" \/>\n<meta property=\"og:image\" content=\"https:\/\/www.sitsesp.org.br\/novo\/wp-content\/uploads\/2020\/11\/servidores-da-fundacao-aprovam-a-manutencao.gif\" \/>\n\t<meta property=\"og:image:width\" content=\"800\" \/>\n\t<meta property=\"og:image:height\" content=\"800\" \/>\n\t<meta property=\"og:image:type\" content=\"image\/gif\" \/>\n<meta name=\"author\" content=\"mhais\" \/>\n<meta name=\"twitter:card\" content=\"summary_large_image\" \/>\n<meta name=\"twitter:label1\" content=\"Escrito por\" \/>\n\t<meta name=\"twitter:data1\" content=\"mhais\" \/>\n\t<meta name=\"twitter:label2\" content=\"Est. tempo de leitura\" \/>\n\t<meta name=\"twitter:data2\" content=\"1 minuto\" \/>\n<script type=\"application\/ld+json\" class=\"yoast-schema-graph\">{\"@context\":\"https:\/\/schema.org\",\"@graph\":[{\"@type\":\"Article\",\"@id\":\"https:\/\/www.sitsesp.org.br\/novo\/servidores-da-fundacao-aprovam-a-manutencao-do-estado-de-greve\/#article\",\"isPartOf\":{\"@id\":\"https:\/\/www.sitsesp.org.br\/novo\/servidores-da-fundacao-aprovam-a-manutencao-do-estado-de-greve\/\"},\"author\":{\"name\":\"mhais\",\"@id\":\"https:\/\/www.sitsesp.org.br\/novo\/#\/schema\/person\/2a4c180eb185645b3bef8657c75e305a\"},\"headline\":\"SERVIDORES DA FUNDA\u00c7\u00c3O APROVAM A MANUTEN\u00c7\u00c3O DO ESTADO DE GREVE\",\"datePublished\":\"2020-10-31T21:15:28+00:00\",\"dateModified\":\"2020-11-02T21:17:11+00:00\",\"mainEntityOfPage\":{\"@id\":\"https:\/\/www.sitsesp.org.br\/novo\/servidores-da-fundacao-aprovam-a-manutencao-do-estado-de-greve\/\"},\"wordCount\":155,\"commentCount\":0,\"publisher\":{\"@id\":\"https:\/\/www.sitsesp.org.br\/novo\/#organization\"},\"image\":{\"@id\":\"https:\/\/www.sitsesp.org.br\/novo\/servidores-da-fundacao-aprovam-a-manutencao-do-estado-de-greve\/#primaryimage\"},\"thumbnailUrl\":\"https:\/\/www.sitsesp.org.br\/novo\/wp-content\/uploads\/2020\/11\/servidores-da-fundacao-aprovam-a-manutencao.gif\",\"articleSection\":[\"Noticias\"],\"inLanguage\":\"pt-BR\",\"potentialAction\":[{\"@type\":\"CommentAction\",\"name\":\"Comment\",\"target\":[\"https:\/\/www.sitsesp.org.br\/novo\/servidores-da-fundacao-aprovam-a-manutencao-do-estado-de-greve\/#respond\"]}]},{\"@type\":\"WebPage\",\"@id\":\"https:\/\/www.sitsesp.org.br\/novo\/servidores-da-fundacao-aprovam-a-manutencao-do-estado-de-greve\/\",\"url\":\"https:\/\/www.sitsesp.org.br\/novo\/servidores-da-fundacao-aprovam-a-manutencao-do-estado-de-greve\/\",\"name\":\"SERVIDORES DA FUNDA\u00c7\u00c3O APROVAM A MANUTEN\u00c7\u00c3O DO ESTADO DE GREVE - SITSESP\",\"isPartOf\":{\"@id\":\"https:\/\/www.sitsesp.org.br\/novo\/#website\"},\"primaryImageOfPage\":{\"@id\":\"https:\/\/www.sitsesp.org.br\/novo\/servidores-da-fundacao-aprovam-a-manutencao-do-estado-de-greve\/#primaryimage\"},\"image\":{\"@id\":\"https:\/\/www.sitsesp.org.br\/novo\/servidores-da-fundacao-aprovam-a-manutencao-do-estado-de-greve\/#primaryimage\"},\"thumbnailUrl\":\"https:\/\/www.sitsesp.org.br\/novo\/wp-content\/uploads\/2020\/11\/servidores-da-fundacao-aprovam-a-manutencao.gif\",\"datePublished\":\"2020-10-31T21:15:28+00:00\",\"dateModified\":\"2020-11-02T21:17:11+00:00\",\"breadcrumb\":{\"@id\":\"https:\/\/www.sitsesp.org.br\/novo\/servidores-da-fundacao-aprovam-a-manutencao-do-estado-de-greve\/#breadcrumb\"},\"inLanguage\":\"pt-BR\",\"potentialAction\":[{\"@type\":\"ReadAction\",\"target\":[\"https:\/\/www.sitsesp.org.br\/novo\/servidores-da-fundacao-aprovam-a-manutencao-do-estado-de-greve\/\"]}]},{\"@type\":\"ImageObject\",\"inLanguage\":\"pt-BR\",\"@id\":\"https:\/\/www.sitsesp.org.br\/novo\/servidores-da-fundacao-aprovam-a-manutencao-do-estado-de-greve\/#primaryimage\",\"url\":\"https:\/\/www.sitsesp.org.br\/novo\/wp-content\/uploads\/2020\/11\/servidores-da-fundacao-aprovam-a-manutencao.gif\",\"contentUrl\":\"https:\/\/www.sitsesp.org.br\/novo\/wp-content\/uploads\/2020\/11\/servidores-da-fundacao-aprovam-a-manutencao.gif\",\"width\":800,\"height\":800},{\"@type\":\"BreadcrumbList\",\"@id\":\"https:\/\/www.sitsesp.org.br\/novo\/servidores-da-fundacao-aprovam-a-manutencao-do-estado-de-greve\/#breadcrumb\",\"itemListElement\":[{\"@type\":\"ListItem\",\"position\":1,\"name\":\"In\u00edcio\",\"item\":\"https:\/\/www.sitsesp.org.br\/novo\/\"},{\"@type\":\"ListItem\",\"position\":2,\"name\":\"SERVIDORES DA FUNDA\u00c7\u00c3O APROVAM A MANUTEN\u00c7\u00c3O DO ESTADO DE GREVE\"}]},{\"@type\":\"WebSite\",\"@id\":\"https:\/\/www.sitsesp.org.br\/novo\/#website\",\"url\":\"https:\/\/www.sitsesp.org.br\/novo\/\",\"name\":\"Sitsesp\",\"description\":\"SIndicato da Socioeduca\u00e7\u00e3o do Estado de S\u00e3o Paulo\",\"publisher\":{\"@id\":\"https:\/\/www.sitsesp.org.br\/novo\/#organization\"},\"potentialAction\":[{\"@type\":\"SearchAction\",\"target\":{\"@type\":\"EntryPoint\",\"urlTemplate\":\"https:\/\/www.sitsesp.org.br\/novo\/?s={search_term_string}\"},\"query-input\":\"required name=search_term_string\"}],\"inLanguage\":\"pt-BR\"},{\"@type\":\"Organization\",\"@id\":\"https:\/\/www.sitsesp.org.br\/novo\/#organization\",\"name\":\"Sitsesp\",\"url\":\"https:\/\/www.sitsesp.org.br\/novo\/\",\"logo\":{\"@type\":\"ImageObject\",\"inLanguage\":\"pt-BR\",\"@id\":\"https:\/\/www.sitsesp.org.br\/novo\/#\/schema\/logo\/image\/\",\"url\":\"https:\/\/www.sitsesp.org.br\/novo\/wp-content\/uploads\/2020\/09\/Design-sem-nome-1.jpg\",\"contentUrl\":\"https:\/\/www.sitsesp.org.br\/novo\/wp-content\/uploads\/2020\/09\/Design-sem-nome-1.jpg\",\"width\":300,\"height\":300,\"caption\":\"Sitsesp\"},\"image\":{\"@id\":\"https:\/\/www.sitsesp.org.br\/novo\/#\/schema\/logo\/image\/\"}},{\"@type\":\"Person\",\"@id\":\"https:\/\/www.sitsesp.org.br\/novo\/#\/schema\/person\/2a4c180eb185645b3bef8657c75e305a\",\"name\":\"mhais\",\"image\":{\"@type\":\"ImageObject\",\"inLanguage\":\"pt-BR\",\"@id\":\"https:\/\/www.sitsesp.org.br\/novo\/#\/schema\/person\/image\/\",\"url\":\"https:\/\/secure.gravatar.com\/avatar\/6f4eabe86990e81328cf702edfa92a60?s=96&d=mm&r=g\",\"contentUrl\":\"https:\/\/secure.gravatar.com\/avatar\/6f4eabe86990e81328cf702edfa92a60?s=96&d=mm&r=g\",\"caption\":\"mhais\"},\"sameAs\":[\"http:\/\/localhost\/sitsesp\"]}]}<\/script>\n<!-- \/ Yoast SEO plugin. -->","yoast_head_json":{"title":"SERVIDORES DA FUNDA\u00c7\u00c3O APROVAM A MANUTEN\u00c7\u00c3O DO ESTADO DE GREVE - SITSESP","robots":{"index":"index","follow":"follow","max-snippet":"max-snippet:-1","max-image-preview":"max-image-preview:large","max-video-preview":"max-video-preview:-1"},"canonical":"https:\/\/www.sitsesp.org.br\/novo\/servidores-da-fundacao-aprovam-a-manutencao-do-estado-de-greve\/","og_locale":"pt_BR","og_type":"article","og_title":"SERVIDORES DA FUNDA\u00c7\u00c3O APROVAM A MANUTEN\u00c7\u00c3O DO ESTADO DE GREVE - SITSESP","og_description":"Em assembleia realizada na manh\u00e3 desse dia 31 de outubro de 2020, os servidores da Funda\u00e7\u00e3o CASA resolveram manter o estado&hellip;","og_url":"https:\/\/www.sitsesp.org.br\/novo\/servidores-da-fundacao-aprovam-a-manutencao-do-estado-de-greve\/","og_site_name":"SITSESP","article_published_time":"2020-10-31T21:15:28+00:00","article_modified_time":"2020-11-02T21:17:11+00:00","og_image":[{"width":800,"height":800,"url":"https:\/\/www.sitsesp.org.br\/novo\/wp-content\/uploads\/2020\/11\/servidores-da-fundacao-aprovam-a-manutencao.gif","type":"image\/gif"}],"author":"mhais","twitter_card":"summary_large_image","twitter_misc":{"Escrito por":"mhais","Est. tempo de leitura":"1 minuto"},"schema":{"@context":"https:\/\/schema.org","@graph":[{"@type":"Article","@id":"https:\/\/www.sitsesp.org.br\/novo\/servidores-da-fundacao-aprovam-a-manutencao-do-estado-de-greve\/#article","isPartOf":{"@id":"https:\/\/www.sitsesp.org.br\/novo\/servidores-da-fundacao-aprovam-a-manutencao-do-estado-de-greve\/"},"author":{"name":"mhais","@id":"https:\/\/www.sitsesp.org.br\/novo\/#\/schema\/person\/2a4c180eb185645b3bef8657c75e305a"},"headline":"SERVIDORES DA FUNDA\u00c7\u00c3O APROVAM A MANUTEN\u00c7\u00c3O DO ESTADO DE GREVE","datePublished":"2020-10-31T21:15:28+00:00","dateModified":"2020-11-02T21:17:11+00:00","mainEntityOfPage":{"@id":"https:\/\/www.sitsesp.org.br\/novo\/servidores-da-fundacao-aprovam-a-manutencao-do-estado-de-greve\/"},"wordCount":155,"commentCount":0,"publisher":{"@id":"https:\/\/www.sitsesp.org.br\/novo\/#organization"},"image":{"@id":"https:\/\/www.sitsesp.org.br\/novo\/servidores-da-fundacao-aprovam-a-manutencao-do-estado-de-greve\/#primaryimage"},"thumbnailUrl":"https:\/\/www.sitsesp.org.br\/novo\/wp-content\/uploads\/2020\/11\/servidores-da-fundacao-aprovam-a-manutencao.gif","articleSection":["Noticias"],"inLanguage":"pt-BR","potentialAction":[{"@type":"CommentAction","name":"Comment","target":["https:\/\/www.sitsesp.org.br\/novo\/servidores-da-fundacao-aprovam-a-manutencao-do-estado-de-greve\/#respond"]}]},{"@type":"WebPage","@id":"https:\/\/www.sitsesp.org.br\/novo\/servidores-da-fundacao-aprovam-a-manutencao-do-estado-de-greve\/","url":"https:\/\/www.sitsesp.org.br\/novo\/servidores-da-fundacao-aprovam-a-manutencao-do-estado-de-greve\/","name":"SERVIDORES DA FUNDA\u00c7\u00c3O APROVAM A MANUTEN\u00c7\u00c3O DO ESTADO DE GREVE - SITSESP","isPartOf":{"@id":"https:\/\/www.sitsesp.org.br\/novo\/#website"},"primaryImageOfPage":{"@id":"https:\/\/www.sitsesp.org.br\/novo\/servidores-da-fundacao-aprovam-a-manutencao-do-estado-de-greve\/#primaryimage"},"image":{"@id":"https:\/\/www.sitsesp.org.br\/novo\/servidores-da-fundacao-aprovam-a-manutencao-do-estado-de-greve\/#primaryimage"},"thumbnailUrl":"https:\/\/www.sitsesp.org.br\/novo\/wp-content\/uploads\/2020\/11\/servidores-da-fundacao-aprovam-a-manutencao.gif","datePublished":"2020-10-31T21:15:28+00:00","dateModified":"2020-11-02T21:17:11+00:00","breadcrumb":{"@id":"https:\/\/www.sitsesp.org.br\/novo\/servidores-da-fundacao-aprovam-a-manutencao-do-estado-de-greve\/#breadcrumb"},"inLanguage":"pt-BR","potentialAction":[{"@type":"ReadAction","target":["https:\/\/www.sitsesp.org.br\/novo\/servidores-da-fundacao-aprovam-a-manutencao-do-estado-de-greve\/"]}]},{"@type":"ImageObject","inLanguage":"pt-BR","@id":"https:\/\/www.sitsesp.org.br\/novo\/servidores-da-fundacao-aprovam-a-manutencao-do-estado-de-greve\/#primaryimage","url":"https:\/\/www.sitsesp.org.br\/novo\/wp-content\/uploads\/2020\/11\/servidores-da-fundacao-aprovam-a-manutencao.gif","contentUrl":"https:\/\/www.sitsesp.org.br\/novo\/wp-content\/uploads\/2020\/11\/servidores-da-fundacao-aprovam-a-manutencao.gif","width":800,"height":800},{"@type":"BreadcrumbList","@id":"https:\/\/www.sitsesp.org.br\/novo\/servidores-da-fundacao-aprovam-a-manutencao-do-estado-de-greve\/#breadcrumb","itemListElement":[{"@type":"ListItem","position":1,"name":"In\u00edcio","item":"https:\/\/www.sitsesp.org.br\/novo\/"},{"@type":"ListItem","position":2,"name":"SERVIDORES DA FUNDA\u00c7\u00c3O APROVAM A MANUTEN\u00c7\u00c3O DO ESTADO DE GREVE"}]},{"@type":"WebSite","@id":"https:\/\/www.sitsesp.org.br\/novo\/#website","url":"https:\/\/www.sitsesp.org.br\/novo\/","name":"Sitsesp","description":"SIndicato da Socioeduca\u00e7\u00e3o do Estado de S\u00e3o Paulo","publisher":{"@id":"https:\/\/www.sitsesp.org.br\/novo\/#organization"},"potentialAction":[{"@type":"SearchAction","target":{"@type":"EntryPoint","urlTemplate":"https:\/\/www.sitsesp.org.br\/novo\/?s={search_term_string}"},"query-input":"required name=search_term_string"}],"inLanguage":"pt-BR"},{"@type":"Organization","@id":"https:\/\/www.sitsesp.org.br\/novo\/#organization","name":"Sitsesp","url":"https:\/\/www.sitsesp.org.br\/novo\/","logo":{"@type":"ImageObject","inLanguage":"pt-BR","@id":"https:\/\/www.sitsesp.org.br\/novo\/#\/schema\/logo\/image\/","url":"https:\/\/www.sitsesp.org.br\/novo\/wp-content\/uploads\/2020\/09\/Design-sem-nome-1.jpg","contentUrl":"https:\/\/www.sitsesp.org.br\/novo\/wp-content\/uploads\/2020\/09\/Design-sem-nome-1.jpg","width":300,"height":300,"caption":"Sitsesp"},"image":{"@id":"https:\/\/www.sitsesp.org.br\/novo\/#\/schema\/logo\/image\/"}},{"@type":"Person","@id":"https:\/\/www.sitsesp.org.br\/novo\/#\/schema\/person\/2a4c180eb185645b3bef8657c75e305a","name":"mhais","image":{"@type":"ImageObject","inLanguage":"pt-BR","@id":"https:\/\/www.sitsesp.org.br\/novo\/#\/schema\/person\/image\/","url":"https:\/\/secure.gravatar.com\/avatar\/6f4eabe86990e81328cf702edfa92a60?s=96&d=mm&r=g","contentUrl":"https:\/\/secure.gravatar.com\/avatar\/6f4eabe86990e81328cf702edfa92a60?s=96&d=mm&r=g","caption":"mhais"},"sameAs":["http:\/\/localhost\/sitsesp"]}]}},"_links":{"self":[{"href":"https:\/\/www.sitsesp.org.br\/novo\/wp-json\/wp\/v2\/posts\/4642"}],"collection":[{"href":"https:\/\/www.sitsesp.org.br\/novo\/wp-json\/wp\/v2\/posts"}],"about":[{"href":"https:\/\/www.sitsesp.org.br\/novo\/wp-json\/wp\/v2\/types\/post"}],"author":[{"embeddable":true,"href":"https:\/\/www.sitsesp.org.br\/novo\/wp-json\/wp\/v2\/users\/1"}],"replies":[{"embeddable":true,"href":"https:\/\/www.sitsesp.org.br\/novo\/wp-json\/wp\/v2\/comments?post=4642"}],"version-history":[{"count":1,"href":"https:\/\/www.sitsesp.org.br\/novo\/wp-json\/wp\/v2\/posts\/4642\/revisions"}],"predecessor-version":[{"id":4644,"href":"https:\/\/www.sitsesp.org.br\/novo\/wp-json\/wp\/v2\/posts\/4642\/revisions\/4644"}],"wp:featuredmedia":[{"embeddable":true,"href":"https:\/\/www.sitsesp.org.br\/novo\/wp-json\/wp\/v2\/media\/4643"}],"wp:attachment":[{"href":"https:\/\/www.sitsesp.org.br\/novo\/wp-json\/wp\/v2\/media?parent=4642"}],"wp:term":[{"taxonomy":"category","embeddable":true,"href":"https:\/\/www.sitsesp.org.br\/novo\/wp-json\/wp\/v2\/categories?post=4642"},{"taxonomy":"post_tag","embeddable":true,"href":"https:\/\/www.sitsesp.org.br\/novo\/wp-json\/wp\/v2\/tags?post=4642"}],"curies":[{"name":"wp","href":"https:\/\/api.w.org\/{rel}","templated":true}]}}