{"id":4845,"date":"2020-11-20T09:42:15","date_gmt":"2020-11-20T12:42:15","guid":{"rendered":"https:\/\/sitsesp.org.br\/novo\/?p=4845"},"modified":"2020-11-20T09:42:15","modified_gmt":"2020-11-20T12:42:15","slug":"20-de-novembro-dia-da-consciencia-negra","status":"publish","type":"post","link":"https:\/\/www.sitsesp.org.br\/novo\/20-de-novembro-dia-da-consciencia-negra\/","title":{"rendered":"20 de Novembro | Dia da Consci\u00eancia Negra"},"content":{"rendered":"<p><!-- VideographyWP Plugin Message: Automatic video embedding prevented by plugin options. --><br \/>\nEm 20 de Novembro, data de anivers\u00e1rio da morte do l\u00edder dos Palmares, Zumbi e Dia da Consci\u00eancia Negra. Nessa data relembramos a saga de Zumbi dos Palmares e de Dandara, na luta pela sobreviv\u00eancia do quilombo, onde habitavam os negros, os ind\u00edgenas e os brancos pobres.<\/p>\n<p>O sonho de Zumbi e Dandara continua vivo! Dando continuidade a luta de nossos (as) ancestrais, a Gest\u00e3o Reconstru\u00e7\u00e3o e Luta reafirma o compromisso de informar, discutir e estimular o debate, os protestos e as den\u00fancias contra a discrimina\u00e7\u00e3o racial no trabalho, e, em outros espa\u00e7os sociais.<\/p>\n<p>Passados 325 anos da morte de Zumbi dos Palmares, a popula\u00e7\u00e3o negra brasileira continua sendo alvo das discrimina\u00e7\u00f5es, dos preconceitos e da exclus\u00e3o social. No mundo do trabalho por exemplo continuam n\u00edtidas as discrep\u00e2ncias: o sal\u00e1rio do homem branco \u00e9 maior do que o da mulher branca, que ganha mais que o homem negro, nesta escala a mulher negra recebe menos que todos(as).<\/p>\n<p>Por essa raz\u00e3o, o movimento sindical, tem a responsabilidade de sensibilizar a classe trabalhadora, e o conjunto da sociedade para somar for\u00e7as na constru\u00e7\u00e3o de uma pol\u00edtica contra a discrimina\u00e7\u00e3o racial\u00a0 no mundo do trabalho e em outras esferas da sociedade. Esta luta n\u00e3o pode ser vista como uma luta solit\u00e1ria do povo negro, e sim uma luta solid\u00e1ria do povo n\u00e3o negro com o objetivo de construir outra sociedade sem privil\u00e9gios. Chega de racismo!<\/p>\n<p><strong>Chega de exclus\u00e3o! <\/strong><br \/>\n<strong>Chega de feminic\u00eddio! <\/strong><br \/>\n<strong>Chega de Machismo! <\/strong><br \/>\n<strong>Chega de explora\u00e7\u00e3o infantil! <\/strong><br \/>\n<strong>Chega de lgbtfobia! <\/strong><br \/>\n<strong>Chega de privil\u00e9gios para uma pequena parcela da sociedade! <\/strong><br \/>\n<strong>Viva o povo negro! <\/strong><br \/>\n<strong>Viva a classe trabalhadora!<\/strong><\/p>\n<p><em>Diretora Rosangela Mariano do Sitsesp <\/em><\/p>\n","protected":false},"excerpt":{"rendered":"<p>Em 20 de Novembro, data de anivers\u00e1rio da morte do l\u00edder dos Palmares, Zumbi e Dia da Consci\u00eancia Negra. Nessa data&hellip;<\/p>\n","protected":false},"author":5,"featured_media":4847,"comment_status":"open","ping_status":"open","sticky":false,"template":"","format":"standard","meta":{"cybocfi_hide_featured_image":"","footnotes":""},"categories":[27,22],"tags":[],"yoast_head":"<!-- This site is optimized with the Yoast SEO plugin v22.8 - https:\/\/yoast.com\/wordpress\/plugins\/seo\/ -->\n<title>20 de Novembro | Dia da Consci\u00eancia Negra - SITSESP<\/title>\n<meta name=\"robots\" content=\"index, follow, max-snippet:-1, max-image-preview:large, max-video-preview:-1\" \/>\n<link rel=\"canonical\" href=\"https:\/\/www.sitsesp.org.br\/novo\/20-de-novembro-dia-da-consciencia-negra\/\" \/>\n<meta property=\"og:locale\" content=\"pt_BR\" \/>\n<meta property=\"og:type\" content=\"article\" \/>\n<meta property=\"og:title\" content=\"20 de Novembro | Dia da Consci\u00eancia Negra - SITSESP\" \/>\n<meta property=\"og:description\" content=\"Em 20 de Novembro, data de anivers\u00e1rio da morte do l\u00edder dos Palmares, Zumbi e Dia da Consci\u00eancia Negra. Nessa data&hellip;\" \/>\n<meta property=\"og:url\" content=\"https:\/\/www.sitsesp.org.br\/novo\/20-de-novembro-dia-da-consciencia-negra\/\" \/>\n<meta property=\"og:site_name\" content=\"SITSESP\" \/>\n<meta property=\"article:published_time\" content=\"2020-11-20T12:42:15+00:00\" \/>\n<meta property=\"og:image\" content=\"https:\/\/www.sitsesp.org.br\/novo\/wp-content\/uploads\/2020\/11\/20nov-1.jpg\" \/>\n\t<meta property=\"og:image:width\" content=\"566\" \/>\n\t<meta property=\"og:image:height\" content=\"800\" \/>\n\t<meta property=\"og:image:type\" content=\"image\/jpeg\" \/>\n<meta name=\"author\" content=\"imprensa\" \/>\n<meta name=\"twitter:card\" content=\"summary_large_image\" \/>\n<meta name=\"twitter:label1\" content=\"Escrito por\" \/>\n\t<meta name=\"twitter:data1\" content=\"imprensa\" \/>\n\t<meta name=\"twitter:label2\" content=\"Est. tempo de leitura\" \/>\n\t<meta name=\"twitter:data2\" content=\"1 minuto\" \/>\n<script type=\"application\/ld+json\" class=\"yoast-schema-graph\">{\"@context\":\"https:\/\/schema.org\",\"@graph\":[{\"@type\":\"Article\",\"@id\":\"https:\/\/www.sitsesp.org.br\/novo\/20-de-novembro-dia-da-consciencia-negra\/#article\",\"isPartOf\":{\"@id\":\"https:\/\/www.sitsesp.org.br\/novo\/20-de-novembro-dia-da-consciencia-negra\/\"},\"author\":{\"name\":\"imprensa\",\"@id\":\"https:\/\/www.sitsesp.org.br\/novo\/#\/schema\/person\/28e42eec160f373e81d0183b3643edbf\"},\"headline\":\"20 de Novembro | Dia da Consci\u00eancia Negra\",\"datePublished\":\"2020-11-20T12:42:15+00:00\",\"dateModified\":\"2020-11-20T12:42:15+00:00\",\"mainEntityOfPage\":{\"@id\":\"https:\/\/www.sitsesp.org.br\/novo\/20-de-novembro-dia-da-consciencia-negra\/\"},\"wordCount\":305,\"commentCount\":0,\"publisher\":{\"@id\":\"https:\/\/www.sitsesp.org.br\/novo\/#organization\"},\"image\":{\"@id\":\"https:\/\/www.sitsesp.org.br\/novo\/20-de-novembro-dia-da-consciencia-negra\/#primaryimage\"},\"thumbnailUrl\":\"https:\/\/www.sitsesp.org.br\/novo\/wp-content\/uploads\/2020\/11\/20nov-1.jpg\",\"articleSection\":[\"Destaque\",\"Noticias\"],\"inLanguage\":\"pt-BR\",\"potentialAction\":[{\"@type\":\"CommentAction\",\"name\":\"Comment\",\"target\":[\"https:\/\/www.sitsesp.org.br\/novo\/20-de-novembro-dia-da-consciencia-negra\/#respond\"]}]},{\"@type\":\"WebPage\",\"@id\":\"https:\/\/www.sitsesp.org.br\/novo\/20-de-novembro-dia-da-consciencia-negra\/\",\"url\":\"https:\/\/www.sitsesp.org.br\/novo\/20-de-novembro-dia-da-consciencia-negra\/\",\"name\":\"20 de Novembro | Dia da Consci\u00eancia Negra - SITSESP\",\"isPartOf\":{\"@id\":\"https:\/\/www.sitsesp.org.br\/novo\/#website\"},\"primaryImageOfPage\":{\"@id\":\"https:\/\/www.sitsesp.org.br\/novo\/20-de-novembro-dia-da-consciencia-negra\/#primaryimage\"},\"image\":{\"@id\":\"https:\/\/www.sitsesp.org.br\/novo\/20-de-novembro-dia-da-consciencia-negra\/#primaryimage\"},\"thumbnailUrl\":\"https:\/\/www.sitsesp.org.br\/novo\/wp-content\/uploads\/2020\/11\/20nov-1.jpg\",\"datePublished\":\"2020-11-20T12:42:15+00:00\",\"dateModified\":\"2020-11-20T12:42:15+00:00\",\"breadcrumb\":{\"@id\":\"https:\/\/www.sitsesp.org.br\/novo\/20-de-novembro-dia-da-consciencia-negra\/#breadcrumb\"},\"inLanguage\":\"pt-BR\",\"potentialAction\":[{\"@type\":\"ReadAction\",\"target\":[\"https:\/\/www.sitsesp.org.br\/novo\/20-de-novembro-dia-da-consciencia-negra\/\"]}]},{\"@type\":\"ImageObject\",\"inLanguage\":\"pt-BR\",\"@id\":\"https:\/\/www.sitsesp.org.br\/novo\/20-de-novembro-dia-da-consciencia-negra\/#primaryimage\",\"url\":\"https:\/\/www.sitsesp.org.br\/novo\/wp-content\/uploads\/2020\/11\/20nov-1.jpg\",\"contentUrl\":\"https:\/\/www.sitsesp.org.br\/novo\/wp-content\/uploads\/2020\/11\/20nov-1.jpg\",\"width\":566,\"height\":800,\"caption\":\"20 de novembro dia da consci\u00eancia negra\"},{\"@type\":\"BreadcrumbList\",\"@id\":\"https:\/\/www.sitsesp.org.br\/novo\/20-de-novembro-dia-da-consciencia-negra\/#breadcrumb\",\"itemListElement\":[{\"@type\":\"ListItem\",\"position\":1,\"name\":\"In\u00edcio\",\"item\":\"https:\/\/www.sitsesp.org.br\/novo\/\"},{\"@type\":\"ListItem\",\"position\":2,\"name\":\"20 de Novembro | Dia da Consci\u00eancia Negra\"}]},{\"@type\":\"WebSite\",\"@id\":\"https:\/\/www.sitsesp.org.br\/novo\/#website\",\"url\":\"https:\/\/www.sitsesp.org.br\/novo\/\",\"name\":\"Sitsesp\",\"description\":\"SIndicato da Socioeduca\u00e7\u00e3o do Estado de S\u00e3o Paulo\",\"publisher\":{\"@id\":\"https:\/\/www.sitsesp.org.br\/novo\/#organization\"},\"potentialAction\":[{\"@type\":\"SearchAction\",\"target\":{\"@type\":\"EntryPoint\",\"urlTemplate\":\"https:\/\/www.sitsesp.org.br\/novo\/?s={search_term_string}\"},\"query-input\":\"required name=search_term_string\"}],\"inLanguage\":\"pt-BR\"},{\"@type\":\"Organization\",\"@id\":\"https:\/\/www.sitsesp.org.br\/novo\/#organization\",\"name\":\"Sitsesp\",\"url\":\"https:\/\/www.sitsesp.org.br\/novo\/\",\"logo\":{\"@type\":\"ImageObject\",\"inLanguage\":\"pt-BR\",\"@id\":\"https:\/\/www.sitsesp.org.br\/novo\/#\/schema\/logo\/image\/\",\"url\":\"https:\/\/www.sitsesp.org.br\/novo\/wp-content\/uploads\/2020\/09\/Design-sem-nome-1.jpg\",\"contentUrl\":\"https:\/\/www.sitsesp.org.br\/novo\/wp-content\/uploads\/2020\/09\/Design-sem-nome-1.jpg\",\"width\":300,\"height\":300,\"caption\":\"Sitsesp\"},\"image\":{\"@id\":\"https:\/\/www.sitsesp.org.br\/novo\/#\/schema\/logo\/image\/\"}},{\"@type\":\"Person\",\"@id\":\"https:\/\/www.sitsesp.org.br\/novo\/#\/schema\/person\/28e42eec160f373e81d0183b3643edbf\",\"name\":\"imprensa\",\"image\":{\"@type\":\"ImageObject\",\"inLanguage\":\"pt-BR\",\"@id\":\"https:\/\/www.sitsesp.org.br\/novo\/#\/schema\/person\/image\/\",\"url\":\"https:\/\/secure.gravatar.com\/avatar\/8d6ccd8d7d52b8959f34154e87d3fa29?s=96&d=mm&r=g\",\"contentUrl\":\"https:\/\/secure.gravatar.com\/avatar\/8d6ccd8d7d52b8959f34154e87d3fa29?s=96&d=mm&r=g\",\"caption\":\"imprensa\"}}]}<\/script>\n<!-- \/ Yoast SEO plugin. -->","yoast_head_json":{"title":"20 de Novembro | Dia da Consci\u00eancia Negra - SITSESP","robots":{"index":"index","follow":"follow","max-snippet":"max-snippet:-1","max-image-preview":"max-image-preview:large","max-video-preview":"max-video-preview:-1"},"canonical":"https:\/\/www.sitsesp.org.br\/novo\/20-de-novembro-dia-da-consciencia-negra\/","og_locale":"pt_BR","og_type":"article","og_title":"20 de Novembro | Dia da Consci\u00eancia Negra - SITSESP","og_description":"Em 20 de Novembro, data de anivers\u00e1rio da morte do l\u00edder dos Palmares, Zumbi e Dia da Consci\u00eancia Negra. Nessa data&hellip;","og_url":"https:\/\/www.sitsesp.org.br\/novo\/20-de-novembro-dia-da-consciencia-negra\/","og_site_name":"SITSESP","article_published_time":"2020-11-20T12:42:15+00:00","og_image":[{"width":566,"height":800,"url":"https:\/\/www.sitsesp.org.br\/novo\/wp-content\/uploads\/2020\/11\/20nov-1.jpg","type":"image\/jpeg"}],"author":"imprensa","twitter_card":"summary_large_image","twitter_misc":{"Escrito por":"imprensa","Est. tempo de leitura":"1 minuto"},"schema":{"@context":"https:\/\/schema.org","@graph":[{"@type":"Article","@id":"https:\/\/www.sitsesp.org.br\/novo\/20-de-novembro-dia-da-consciencia-negra\/#article","isPartOf":{"@id":"https:\/\/www.sitsesp.org.br\/novo\/20-de-novembro-dia-da-consciencia-negra\/"},"author":{"name":"imprensa","@id":"https:\/\/www.sitsesp.org.br\/novo\/#\/schema\/person\/28e42eec160f373e81d0183b3643edbf"},"headline":"20 de Novembro | Dia da Consci\u00eancia Negra","datePublished":"2020-11-20T12:42:15+00:00","dateModified":"2020-11-20T12:42:15+00:00","mainEntityOfPage":{"@id":"https:\/\/www.sitsesp.org.br\/novo\/20-de-novembro-dia-da-consciencia-negra\/"},"wordCount":305,"commentCount":0,"publisher":{"@id":"https:\/\/www.sitsesp.org.br\/novo\/#organization"},"image":{"@id":"https:\/\/www.sitsesp.org.br\/novo\/20-de-novembro-dia-da-consciencia-negra\/#primaryimage"},"thumbnailUrl":"https:\/\/www.sitsesp.org.br\/novo\/wp-content\/uploads\/2020\/11\/20nov-1.jpg","articleSection":["Destaque","Noticias"],"inLanguage":"pt-BR","potentialAction":[{"@type":"CommentAction","name":"Comment","target":["https:\/\/www.sitsesp.org.br\/novo\/20-de-novembro-dia-da-consciencia-negra\/#respond"]}]},{"@type":"WebPage","@id":"https:\/\/www.sitsesp.org.br\/novo\/20-de-novembro-dia-da-consciencia-negra\/","url":"https:\/\/www.sitsesp.org.br\/novo\/20-de-novembro-dia-da-consciencia-negra\/","name":"20 de Novembro | Dia da Consci\u00eancia Negra - SITSESP","isPartOf":{"@id":"https:\/\/www.sitsesp.org.br\/novo\/#website"},"primaryImageOfPage":{"@id":"https:\/\/www.sitsesp.org.br\/novo\/20-de-novembro-dia-da-consciencia-negra\/#primaryimage"},"image":{"@id":"https:\/\/www.sitsesp.org.br\/novo\/20-de-novembro-dia-da-consciencia-negra\/#primaryimage"},"thumbnailUrl":"https:\/\/www.sitsesp.org.br\/novo\/wp-content\/uploads\/2020\/11\/20nov-1.jpg","datePublished":"2020-11-20T12:42:15+00:00","dateModified":"2020-11-20T12:42:15+00:00","breadcrumb":{"@id":"https:\/\/www.sitsesp.org.br\/novo\/20-de-novembro-dia-da-consciencia-negra\/#breadcrumb"},"inLanguage":"pt-BR","potentialAction":[{"@type":"ReadAction","target":["https:\/\/www.sitsesp.org.br\/novo\/20-de-novembro-dia-da-consciencia-negra\/"]}]},{"@type":"ImageObject","inLanguage":"pt-BR","@id":"https:\/\/www.sitsesp.org.br\/novo\/20-de-novembro-dia-da-consciencia-negra\/#primaryimage","url":"https:\/\/www.sitsesp.org.br\/novo\/wp-content\/uploads\/2020\/11\/20nov-1.jpg","contentUrl":"https:\/\/www.sitsesp.org.br\/novo\/wp-content\/uploads\/2020\/11\/20nov-1.jpg","width":566,"height":800,"caption":"20 de novembro dia da consci\u00eancia negra"},{"@type":"BreadcrumbList","@id":"https:\/\/www.sitsesp.org.br\/novo\/20-de-novembro-dia-da-consciencia-negra\/#breadcrumb","itemListElement":[{"@type":"ListItem","position":1,"name":"In\u00edcio","item":"https:\/\/www.sitsesp.org.br\/novo\/"},{"@type":"ListItem","position":2,"name":"20 de Novembro | Dia da Consci\u00eancia Negra"}]},{"@type":"WebSite","@id":"https:\/\/www.sitsesp.org.br\/novo\/#website","url":"https:\/\/www.sitsesp.org.br\/novo\/","name":"Sitsesp","description":"SIndicato da Socioeduca\u00e7\u00e3o do Estado de S\u00e3o Paulo","publisher":{"@id":"https:\/\/www.sitsesp.org.br\/novo\/#organization"},"potentialAction":[{"@type":"SearchAction","target":{"@type":"EntryPoint","urlTemplate":"https:\/\/www.sitsesp.org.br\/novo\/?s={search_term_string}"},"query-input":"required name=search_term_string"}],"inLanguage":"pt-BR"},{"@type":"Organization","@id":"https:\/\/www.sitsesp.org.br\/novo\/#organization","name":"Sitsesp","url":"https:\/\/www.sitsesp.org.br\/novo\/","logo":{"@type":"ImageObject","inLanguage":"pt-BR","@id":"https:\/\/www.sitsesp.org.br\/novo\/#\/schema\/logo\/image\/","url":"https:\/\/www.sitsesp.org.br\/novo\/wp-content\/uploads\/2020\/09\/Design-sem-nome-1.jpg","contentUrl":"https:\/\/www.sitsesp.org.br\/novo\/wp-content\/uploads\/2020\/09\/Design-sem-nome-1.jpg","width":300,"height":300,"caption":"Sitsesp"},"image":{"@id":"https:\/\/www.sitsesp.org.br\/novo\/#\/schema\/logo\/image\/"}},{"@type":"Person","@id":"https:\/\/www.sitsesp.org.br\/novo\/#\/schema\/person\/28e42eec160f373e81d0183b3643edbf","name":"imprensa","image":{"@type":"ImageObject","inLanguage":"pt-BR","@id":"https:\/\/www.sitsesp.org.br\/novo\/#\/schema\/person\/image\/","url":"https:\/\/secure.gravatar.com\/avatar\/8d6ccd8d7d52b8959f34154e87d3fa29?s=96&d=mm&r=g","contentUrl":"https:\/\/secure.gravatar.com\/avatar\/8d6ccd8d7d52b8959f34154e87d3fa29?s=96&d=mm&r=g","caption":"imprensa"}}]}},"_links":{"self":[{"href":"https:\/\/www.sitsesp.org.br\/novo\/wp-json\/wp\/v2\/posts\/4845"}],"collection":[{"href":"https:\/\/www.sitsesp.org.br\/novo\/wp-json\/wp\/v2\/posts"}],"about":[{"href":"https:\/\/www.sitsesp.org.br\/novo\/wp-json\/wp\/v2\/types\/post"}],"author":[{"embeddable":true,"href":"https:\/\/www.sitsesp.org.br\/novo\/wp-json\/wp\/v2\/users\/5"}],"replies":[{"embeddable":true,"href":"https:\/\/www.sitsesp.org.br\/novo\/wp-json\/wp\/v2\/comments?post=4845"}],"version-history":[{"count":1,"href":"https:\/\/www.sitsesp.org.br\/novo\/wp-json\/wp\/v2\/posts\/4845\/revisions"}],"predecessor-version":[{"id":4848,"href":"https:\/\/www.sitsesp.org.br\/novo\/wp-json\/wp\/v2\/posts\/4845\/revisions\/4848"}],"wp:featuredmedia":[{"embeddable":true,"href":"https:\/\/www.sitsesp.org.br\/novo\/wp-json\/wp\/v2\/media\/4847"}],"wp:attachment":[{"href":"https:\/\/www.sitsesp.org.br\/novo\/wp-json\/wp\/v2\/media?parent=4845"}],"wp:term":[{"taxonomy":"category","embeddable":true,"href":"https:\/\/www.sitsesp.org.br\/novo\/wp-json\/wp\/v2\/categories?post=4845"},{"taxonomy":"post_tag","embeddable":true,"href":"https:\/\/www.sitsesp.org.br\/novo\/wp-json\/wp\/v2\/tags?post=4845"}],"curies":[{"name":"wp","href":"https:\/\/api.w.org\/{rel}","templated":true}]}}