{"id":4962,"date":"2020-12-02T10:17:23","date_gmt":"2020-12-02T13:17:23","guid":{"rendered":"https:\/\/sitsesp.org.br\/novo\/?p=4962"},"modified":"2020-12-02T10:18:20","modified_gmt":"2020-12-02T13:18:20","slug":"categoria-deflagra-greve-por-prazo-indeterminado-a-partir-do-dia-09-de-dezembro-para-garantir-seus-direitos","status":"publish","type":"post","link":"https:\/\/www.sitsesp.org.br\/novo\/categoria-deflagra-greve-por-prazo-indeterminado-a-partir-do-dia-09-de-dezembro-para-garantir-seus-direitos\/","title":{"rendered":"CATEGORIA DEFLAGRA GREVE POR PRAZO INDETERMINADO  A PARTIR DO DIA 09 DE DEZEMBRO PARA GARANTIR SEUS DIREITOS!"},"content":{"rendered":"<p><!-- VideographyWP Plugin Message: Automatic video embedding prevented by plugin options. --><br \/>\nEm 28 de novembro a assembleia do sistema socioeducativo de S\u00e3o Paulo deliberou em deflagrar greve a partir da zero hora do dia 09 de dezembro. Nova assembleia ser\u00e1 realizada no pr\u00f3ximo dia 05 de dezembro para ratifica\u00e7\u00e3o.<\/p>\n<p>A decis\u00e3o da categoria tem como finalidade deter o desmonte continuado dos direitos conquistados atrav\u00e9s de muita luta, trabalho e organiza\u00e7\u00e3o dos servidores do sistema socioeducativo.<\/p>\n<p>Importante esclarecer a Seguran\u00e7a Jur\u00eddica que est\u00e1 envolvida nessa luta. A data-base da categoria \u00e9 no dia 1\u00ba de mar\u00e7o de cada ano. No ano de 2015 o Tribunal Regional do Trabalho da 2\u00aa Regi\u00e3o em sede de diss\u00eddio coletivo fixou as cl\u00e1usulas sociais por quatro anos.<\/p>\n<p>Em 2019 a gest\u00e3o anterior formalizou um acordo coletivo que prorrogou por um ano as cl\u00e1usulas sociais, exatamente at\u00e9 o dia 28 de fevereiro de 2020.<\/p>\n<p>Em fevereiro de 2020, foi realizada assembleia da categoria para fixar a pauta de reivindica\u00e7\u00f5es e considerando a data-base da categoria, foi ingressado na sequencia com a\u00e7\u00e3o de protesto para manter a data base.<\/p>\n<p>No dia 26 de novembro o Tribunal Regional do Trabalho, ao julgar a a\u00e7\u00e3o judicial, manteve a nossa data-base no dia 1\u00ba de mar\u00e7o.<\/p>\n<p>A partir dessa decis\u00e3o do TRT o SITSESP tem 30 dias para instaurar um diss\u00eddio coletivo para manter as cl\u00e1usulas sociais.<\/p>\n<p><strong>CONFLITO DE INTERESSES <\/strong><\/p>\n<p>Para instaurar o diss\u00eddio a Constitui\u00e7\u00e3o Federal prev\u00ea a necessidade de haver comum acordo entre Sindicato e Patr\u00e3o, o que ofende cl\u00e1usula p\u00e9trea, porque nenhuma lei pode excluir de aprecia\u00e7\u00e3o do Poder Judici\u00e1rio nenhuma a\u00e7\u00e3o.<\/p>\n<p>Como a Funda\u00e7\u00e3o Casa n\u00e3o ir\u00e1 dar o comum acordo e foi intransigente nas negocia\u00e7\u00f5es coletivas ocorridas neste ano, \u00e9 muito importante o passo que a categoria est\u00e1 tomando, iniciando uma greve por prazo indeterminado at\u00e9 conseguir a conquista das justas reivindica\u00e7\u00f5es da categoria.<\/p>\n<p>Instaurando a Greve a Funda\u00e7\u00e3o CASA como toda patronal poder\u00e1 ingressar com a\u00e7\u00e3o para manter efetivos. Certos da nossa luta, categoria e a estrutura sindical devem estar unidos e dispostos a lutar por tempo indeterminado, sem arredar o p\u00e9.<\/p>\n<p><strong>FA\u00c7A VALER A LUTA, N\u00c3O ESPERE QUE OUTROS FA\u00c7AM POR VOC\u00ca! <\/strong><br \/>\n<strong>O SITSESP \u00c9 DE TODOS, PARA TODOS, LUTANDO COM TODOS!<\/strong><\/p>\n<p>Assista a Live Jur\u00eddica realizada em 01\/12 que tratou sobre a Greve que o sistema socioeducativo deliberou.<\/p>\n<p><a href=\"https:\/\/www.youtube.com\/watch?v=1VfQzlym4-w\">LIVE JUR\u00cdDICA | GREVE A PARTIR DO DIA 09 DE DEZEMBRO &#8211; YouTube<\/a><\/p>\n","protected":false},"excerpt":{"rendered":"<p>Instaurando a Greve a Funda\u00e7\u00e3o CASA como toda patronal poder\u00e1 ingressar com a\u00e7\u00e3o para manter efetivos. Certos da nossa luta, categoria e a estrutura sindical devem estar unidos e dispostos a lutar por tempo indeterminado, sem arredar o p\u00e9.<\/p>\n","protected":false},"author":5,"featured_media":4963,"comment_status":"open","ping_status":"open","sticky":false,"template":"","format":"standard","meta":{"cybocfi_hide_featured_image":"","footnotes":""},"categories":[28,22],"tags":[38,41,40,37,39],"yoast_head":"<!-- This site is optimized with the Yoast SEO plugin v22.8 - https:\/\/yoast.com\/wordpress\/plugins\/seo\/ -->\n<title>CATEGORIA DEFLAGRA GREVE POR PRAZO INDETERMINADO A PARTIR DO DIA 09 DE DEZEMBRO PARA GARANTIR SEUS DIREITOS! - SITSESP<\/title>\n<meta name=\"robots\" content=\"index, follow, max-snippet:-1, max-image-preview:large, max-video-preview:-1\" \/>\n<link rel=\"canonical\" href=\"https:\/\/www.sitsesp.org.br\/novo\/categoria-deflagra-greve-por-prazo-indeterminado-a-partir-do-dia-09-de-dezembro-para-garantir-seus-direitos\/\" \/>\n<meta property=\"og:locale\" content=\"pt_BR\" \/>\n<meta property=\"og:type\" content=\"article\" \/>\n<meta property=\"og:title\" content=\"CATEGORIA DEFLAGRA GREVE POR PRAZO INDETERMINADO A PARTIR DO DIA 09 DE DEZEMBRO PARA GARANTIR SEUS DIREITOS! - SITSESP\" \/>\n<meta property=\"og:description\" content=\"Instaurando a Greve a Funda\u00e7\u00e3o CASA como toda patronal poder\u00e1 ingressar com a\u00e7\u00e3o para manter efetivos. Certos da nossa luta, categoria e a estrutura sindical devem estar unidos e dispostos a lutar por tempo indeterminado, sem arredar o p\u00e9.\" \/>\n<meta property=\"og:url\" content=\"https:\/\/www.sitsesp.org.br\/novo\/categoria-deflagra-greve-por-prazo-indeterminado-a-partir-do-dia-09-de-dezembro-para-garantir-seus-direitos\/\" \/>\n<meta property=\"og:site_name\" content=\"SITSESP\" \/>\n<meta property=\"article:published_time\" content=\"2020-12-02T13:17:23+00:00\" \/>\n<meta property=\"article:modified_time\" content=\"2020-12-02T13:18:20+00:00\" \/>\n<meta property=\"og:image\" content=\"https:\/\/www.sitsesp.org.br\/novo\/wp-content\/uploads\/2020\/12\/0212.png\" \/>\n\t<meta property=\"og:image:width\" content=\"566\" \/>\n\t<meta property=\"og:image:height\" content=\"800\" \/>\n\t<meta property=\"og:image:type\" content=\"image\/png\" \/>\n<meta name=\"author\" content=\"imprensa\" \/>\n<meta name=\"twitter:card\" content=\"summary_large_image\" \/>\n<meta name=\"twitter:label1\" content=\"Escrito por\" \/>\n\t<meta name=\"twitter:data1\" content=\"imprensa\" \/>\n\t<meta name=\"twitter:label2\" content=\"Est. tempo de leitura\" \/>\n\t<meta name=\"twitter:data2\" content=\"2 minutos\" \/>\n<script type=\"application\/ld+json\" class=\"yoast-schema-graph\">{\"@context\":\"https:\/\/schema.org\",\"@graph\":[{\"@type\":\"Article\",\"@id\":\"https:\/\/www.sitsesp.org.br\/novo\/categoria-deflagra-greve-por-prazo-indeterminado-a-partir-do-dia-09-de-dezembro-para-garantir-seus-direitos\/#article\",\"isPartOf\":{\"@id\":\"https:\/\/www.sitsesp.org.br\/novo\/categoria-deflagra-greve-por-prazo-indeterminado-a-partir-do-dia-09-de-dezembro-para-garantir-seus-direitos\/\"},\"author\":{\"name\":\"imprensa\",\"@id\":\"https:\/\/www.sitsesp.org.br\/novo\/#\/schema\/person\/28e42eec160f373e81d0183b3643edbf\"},\"headline\":\"CATEGORIA DEFLAGRA GREVE POR PRAZO INDETERMINADO A PARTIR DO DIA 09 DE DEZEMBRO PARA GARANTIR SEUS DIREITOS!\",\"datePublished\":\"2020-12-02T13:17:23+00:00\",\"dateModified\":\"2020-12-02T13:18:20+00:00\",\"mainEntityOfPage\":{\"@id\":\"https:\/\/www.sitsesp.org.br\/novo\/categoria-deflagra-greve-por-prazo-indeterminado-a-partir-do-dia-09-de-dezembro-para-garantir-seus-direitos\/\"},\"wordCount\":425,\"commentCount\":0,\"publisher\":{\"@id\":\"https:\/\/www.sitsesp.org.br\/novo\/#organization\"},\"image\":{\"@id\":\"https:\/\/www.sitsesp.org.br\/novo\/categoria-deflagra-greve-por-prazo-indeterminado-a-partir-do-dia-09-de-dezembro-para-garantir-seus-direitos\/#primaryimage\"},\"thumbnailUrl\":\"https:\/\/www.sitsesp.org.br\/novo\/wp-content\/uploads\/2020\/12\/0212.png\",\"keywords\":[\"Funda\u00e7\u00e3o CASA\",\"GREVE\",\"SINDICATO\",\"SITSESP\",\"SOCIOEDUCA\u00c7\u00c3O\"],\"articleSection\":[\"Destaque Lateral\",\"Noticias\"],\"inLanguage\":\"pt-BR\",\"potentialAction\":[{\"@type\":\"CommentAction\",\"name\":\"Comment\",\"target\":[\"https:\/\/www.sitsesp.org.br\/novo\/categoria-deflagra-greve-por-prazo-indeterminado-a-partir-do-dia-09-de-dezembro-para-garantir-seus-direitos\/#respond\"]}]},{\"@type\":\"WebPage\",\"@id\":\"https:\/\/www.sitsesp.org.br\/novo\/categoria-deflagra-greve-por-prazo-indeterminado-a-partir-do-dia-09-de-dezembro-para-garantir-seus-direitos\/\",\"url\":\"https:\/\/www.sitsesp.org.br\/novo\/categoria-deflagra-greve-por-prazo-indeterminado-a-partir-do-dia-09-de-dezembro-para-garantir-seus-direitos\/\",\"name\":\"CATEGORIA DEFLAGRA GREVE POR PRAZO INDETERMINADO A PARTIR DO DIA 09 DE DEZEMBRO PARA GARANTIR SEUS DIREITOS! - SITSESP\",\"isPartOf\":{\"@id\":\"https:\/\/www.sitsesp.org.br\/novo\/#website\"},\"primaryImageOfPage\":{\"@id\":\"https:\/\/www.sitsesp.org.br\/novo\/categoria-deflagra-greve-por-prazo-indeterminado-a-partir-do-dia-09-de-dezembro-para-garantir-seus-direitos\/#primaryimage\"},\"image\":{\"@id\":\"https:\/\/www.sitsesp.org.br\/novo\/categoria-deflagra-greve-por-prazo-indeterminado-a-partir-do-dia-09-de-dezembro-para-garantir-seus-direitos\/#primaryimage\"},\"thumbnailUrl\":\"https:\/\/www.sitsesp.org.br\/novo\/wp-content\/uploads\/2020\/12\/0212.png\",\"datePublished\":\"2020-12-02T13:17:23+00:00\",\"dateModified\":\"2020-12-02T13:18:20+00:00\",\"breadcrumb\":{\"@id\":\"https:\/\/www.sitsesp.org.br\/novo\/categoria-deflagra-greve-por-prazo-indeterminado-a-partir-do-dia-09-de-dezembro-para-garantir-seus-direitos\/#breadcrumb\"},\"inLanguage\":\"pt-BR\",\"potentialAction\":[{\"@type\":\"ReadAction\",\"target\":[\"https:\/\/www.sitsesp.org.br\/novo\/categoria-deflagra-greve-por-prazo-indeterminado-a-partir-do-dia-09-de-dezembro-para-garantir-seus-direitos\/\"]}]},{\"@type\":\"ImageObject\",\"inLanguage\":\"pt-BR\",\"@id\":\"https:\/\/www.sitsesp.org.br\/novo\/categoria-deflagra-greve-por-prazo-indeterminado-a-partir-do-dia-09-de-dezembro-para-garantir-seus-direitos\/#primaryimage\",\"url\":\"https:\/\/www.sitsesp.org.br\/novo\/wp-content\/uploads\/2020\/12\/0212.png\",\"contentUrl\":\"https:\/\/www.sitsesp.org.br\/novo\/wp-content\/uploads\/2020\/12\/0212.png\",\"width\":566,\"height\":800},{\"@type\":\"BreadcrumbList\",\"@id\":\"https:\/\/www.sitsesp.org.br\/novo\/categoria-deflagra-greve-por-prazo-indeterminado-a-partir-do-dia-09-de-dezembro-para-garantir-seus-direitos\/#breadcrumb\",\"itemListElement\":[{\"@type\":\"ListItem\",\"position\":1,\"name\":\"In\u00edcio\",\"item\":\"https:\/\/www.sitsesp.org.br\/novo\/\"},{\"@type\":\"ListItem\",\"position\":2,\"name\":\"CATEGORIA DEFLAGRA GREVE POR PRAZO INDETERMINADO A PARTIR DO DIA 09 DE DEZEMBRO PARA GARANTIR SEUS DIREITOS!\"}]},{\"@type\":\"WebSite\",\"@id\":\"https:\/\/www.sitsesp.org.br\/novo\/#website\",\"url\":\"https:\/\/www.sitsesp.org.br\/novo\/\",\"name\":\"Sitsesp\",\"description\":\"SIndicato da Socioeduca\u00e7\u00e3o do Estado de S\u00e3o Paulo\",\"publisher\":{\"@id\":\"https:\/\/www.sitsesp.org.br\/novo\/#organization\"},\"potentialAction\":[{\"@type\":\"SearchAction\",\"target\":{\"@type\":\"EntryPoint\",\"urlTemplate\":\"https:\/\/www.sitsesp.org.br\/novo\/?s={search_term_string}\"},\"query-input\":\"required name=search_term_string\"}],\"inLanguage\":\"pt-BR\"},{\"@type\":\"Organization\",\"@id\":\"https:\/\/www.sitsesp.org.br\/novo\/#organization\",\"name\":\"Sitsesp\",\"url\":\"https:\/\/www.sitsesp.org.br\/novo\/\",\"logo\":{\"@type\":\"ImageObject\",\"inLanguage\":\"pt-BR\",\"@id\":\"https:\/\/www.sitsesp.org.br\/novo\/#\/schema\/logo\/image\/\",\"url\":\"https:\/\/www.sitsesp.org.br\/novo\/wp-content\/uploads\/2020\/09\/Design-sem-nome-1.jpg\",\"contentUrl\":\"https:\/\/www.sitsesp.org.br\/novo\/wp-content\/uploads\/2020\/09\/Design-sem-nome-1.jpg\",\"width\":300,\"height\":300,\"caption\":\"Sitsesp\"},\"image\":{\"@id\":\"https:\/\/www.sitsesp.org.br\/novo\/#\/schema\/logo\/image\/\"}},{\"@type\":\"Person\",\"@id\":\"https:\/\/www.sitsesp.org.br\/novo\/#\/schema\/person\/28e42eec160f373e81d0183b3643edbf\",\"name\":\"imprensa\",\"image\":{\"@type\":\"ImageObject\",\"inLanguage\":\"pt-BR\",\"@id\":\"https:\/\/www.sitsesp.org.br\/novo\/#\/schema\/person\/image\/\",\"url\":\"https:\/\/secure.gravatar.com\/avatar\/8d6ccd8d7d52b8959f34154e87d3fa29?s=96&d=mm&r=g\",\"contentUrl\":\"https:\/\/secure.gravatar.com\/avatar\/8d6ccd8d7d52b8959f34154e87d3fa29?s=96&d=mm&r=g\",\"caption\":\"imprensa\"}}]}<\/script>\n<!-- \/ Yoast SEO plugin. -->","yoast_head_json":{"title":"CATEGORIA DEFLAGRA GREVE POR PRAZO INDETERMINADO A PARTIR DO DIA 09 DE DEZEMBRO PARA GARANTIR SEUS DIREITOS! - SITSESP","robots":{"index":"index","follow":"follow","max-snippet":"max-snippet:-1","max-image-preview":"max-image-preview:large","max-video-preview":"max-video-preview:-1"},"canonical":"https:\/\/www.sitsesp.org.br\/novo\/categoria-deflagra-greve-por-prazo-indeterminado-a-partir-do-dia-09-de-dezembro-para-garantir-seus-direitos\/","og_locale":"pt_BR","og_type":"article","og_title":"CATEGORIA DEFLAGRA GREVE POR PRAZO INDETERMINADO A PARTIR DO DIA 09 DE DEZEMBRO PARA GARANTIR SEUS DIREITOS! - SITSESP","og_description":"Instaurando a Greve a Funda\u00e7\u00e3o CASA como toda patronal poder\u00e1 ingressar com a\u00e7\u00e3o para manter efetivos. Certos da nossa luta, categoria e a estrutura sindical devem estar unidos e dispostos a lutar por tempo indeterminado, sem arredar o p\u00e9.","og_url":"https:\/\/www.sitsesp.org.br\/novo\/categoria-deflagra-greve-por-prazo-indeterminado-a-partir-do-dia-09-de-dezembro-para-garantir-seus-direitos\/","og_site_name":"SITSESP","article_published_time":"2020-12-02T13:17:23+00:00","article_modified_time":"2020-12-02T13:18:20+00:00","og_image":[{"width":566,"height":800,"url":"https:\/\/www.sitsesp.org.br\/novo\/wp-content\/uploads\/2020\/12\/0212.png","type":"image\/png"}],"author":"imprensa","twitter_card":"summary_large_image","twitter_misc":{"Escrito por":"imprensa","Est. tempo de leitura":"2 minutos"},"schema":{"@context":"https:\/\/schema.org","@graph":[{"@type":"Article","@id":"https:\/\/www.sitsesp.org.br\/novo\/categoria-deflagra-greve-por-prazo-indeterminado-a-partir-do-dia-09-de-dezembro-para-garantir-seus-direitos\/#article","isPartOf":{"@id":"https:\/\/www.sitsesp.org.br\/novo\/categoria-deflagra-greve-por-prazo-indeterminado-a-partir-do-dia-09-de-dezembro-para-garantir-seus-direitos\/"},"author":{"name":"imprensa","@id":"https:\/\/www.sitsesp.org.br\/novo\/#\/schema\/person\/28e42eec160f373e81d0183b3643edbf"},"headline":"CATEGORIA DEFLAGRA GREVE POR PRAZO INDETERMINADO A PARTIR DO DIA 09 DE DEZEMBRO PARA GARANTIR SEUS DIREITOS!","datePublished":"2020-12-02T13:17:23+00:00","dateModified":"2020-12-02T13:18:20+00:00","mainEntityOfPage":{"@id":"https:\/\/www.sitsesp.org.br\/novo\/categoria-deflagra-greve-por-prazo-indeterminado-a-partir-do-dia-09-de-dezembro-para-garantir-seus-direitos\/"},"wordCount":425,"commentCount":0,"publisher":{"@id":"https:\/\/www.sitsesp.org.br\/novo\/#organization"},"image":{"@id":"https:\/\/www.sitsesp.org.br\/novo\/categoria-deflagra-greve-por-prazo-indeterminado-a-partir-do-dia-09-de-dezembro-para-garantir-seus-direitos\/#primaryimage"},"thumbnailUrl":"https:\/\/www.sitsesp.org.br\/novo\/wp-content\/uploads\/2020\/12\/0212.png","keywords":["Funda\u00e7\u00e3o CASA","GREVE","SINDICATO","SITSESP","SOCIOEDUCA\u00c7\u00c3O"],"articleSection":["Destaque Lateral","Noticias"],"inLanguage":"pt-BR","potentialAction":[{"@type":"CommentAction","name":"Comment","target":["https:\/\/www.sitsesp.org.br\/novo\/categoria-deflagra-greve-por-prazo-indeterminado-a-partir-do-dia-09-de-dezembro-para-garantir-seus-direitos\/#respond"]}]},{"@type":"WebPage","@id":"https:\/\/www.sitsesp.org.br\/novo\/categoria-deflagra-greve-por-prazo-indeterminado-a-partir-do-dia-09-de-dezembro-para-garantir-seus-direitos\/","url":"https:\/\/www.sitsesp.org.br\/novo\/categoria-deflagra-greve-por-prazo-indeterminado-a-partir-do-dia-09-de-dezembro-para-garantir-seus-direitos\/","name":"CATEGORIA DEFLAGRA GREVE POR PRAZO INDETERMINADO A PARTIR DO DIA 09 DE DEZEMBRO PARA GARANTIR SEUS DIREITOS! - SITSESP","isPartOf":{"@id":"https:\/\/www.sitsesp.org.br\/novo\/#website"},"primaryImageOfPage":{"@id":"https:\/\/www.sitsesp.org.br\/novo\/categoria-deflagra-greve-por-prazo-indeterminado-a-partir-do-dia-09-de-dezembro-para-garantir-seus-direitos\/#primaryimage"},"image":{"@id":"https:\/\/www.sitsesp.org.br\/novo\/categoria-deflagra-greve-por-prazo-indeterminado-a-partir-do-dia-09-de-dezembro-para-garantir-seus-direitos\/#primaryimage"},"thumbnailUrl":"https:\/\/www.sitsesp.org.br\/novo\/wp-content\/uploads\/2020\/12\/0212.png","datePublished":"2020-12-02T13:17:23+00:00","dateModified":"2020-12-02T13:18:20+00:00","breadcrumb":{"@id":"https:\/\/www.sitsesp.org.br\/novo\/categoria-deflagra-greve-por-prazo-indeterminado-a-partir-do-dia-09-de-dezembro-para-garantir-seus-direitos\/#breadcrumb"},"inLanguage":"pt-BR","potentialAction":[{"@type":"ReadAction","target":["https:\/\/www.sitsesp.org.br\/novo\/categoria-deflagra-greve-por-prazo-indeterminado-a-partir-do-dia-09-de-dezembro-para-garantir-seus-direitos\/"]}]},{"@type":"ImageObject","inLanguage":"pt-BR","@id":"https:\/\/www.sitsesp.org.br\/novo\/categoria-deflagra-greve-por-prazo-indeterminado-a-partir-do-dia-09-de-dezembro-para-garantir-seus-direitos\/#primaryimage","url":"https:\/\/www.sitsesp.org.br\/novo\/wp-content\/uploads\/2020\/12\/0212.png","contentUrl":"https:\/\/www.sitsesp.org.br\/novo\/wp-content\/uploads\/2020\/12\/0212.png","width":566,"height":800},{"@type":"BreadcrumbList","@id":"https:\/\/www.sitsesp.org.br\/novo\/categoria-deflagra-greve-por-prazo-indeterminado-a-partir-do-dia-09-de-dezembro-para-garantir-seus-direitos\/#breadcrumb","itemListElement":[{"@type":"ListItem","position":1,"name":"In\u00edcio","item":"https:\/\/www.sitsesp.org.br\/novo\/"},{"@type":"ListItem","position":2,"name":"CATEGORIA DEFLAGRA GREVE POR PRAZO INDETERMINADO A PARTIR DO DIA 09 DE DEZEMBRO PARA GARANTIR SEUS DIREITOS!"}]},{"@type":"WebSite","@id":"https:\/\/www.sitsesp.org.br\/novo\/#website","url":"https:\/\/www.sitsesp.org.br\/novo\/","name":"Sitsesp","description":"SIndicato da Socioeduca\u00e7\u00e3o do Estado de S\u00e3o Paulo","publisher":{"@id":"https:\/\/www.sitsesp.org.br\/novo\/#organization"},"potentialAction":[{"@type":"SearchAction","target":{"@type":"EntryPoint","urlTemplate":"https:\/\/www.sitsesp.org.br\/novo\/?s={search_term_string}"},"query-input":"required name=search_term_string"}],"inLanguage":"pt-BR"},{"@type":"Organization","@id":"https:\/\/www.sitsesp.org.br\/novo\/#organization","name":"Sitsesp","url":"https:\/\/www.sitsesp.org.br\/novo\/","logo":{"@type":"ImageObject","inLanguage":"pt-BR","@id":"https:\/\/www.sitsesp.org.br\/novo\/#\/schema\/logo\/image\/","url":"https:\/\/www.sitsesp.org.br\/novo\/wp-content\/uploads\/2020\/09\/Design-sem-nome-1.jpg","contentUrl":"https:\/\/www.sitsesp.org.br\/novo\/wp-content\/uploads\/2020\/09\/Design-sem-nome-1.jpg","width":300,"height":300,"caption":"Sitsesp"},"image":{"@id":"https:\/\/www.sitsesp.org.br\/novo\/#\/schema\/logo\/image\/"}},{"@type":"Person","@id":"https:\/\/www.sitsesp.org.br\/novo\/#\/schema\/person\/28e42eec160f373e81d0183b3643edbf","name":"imprensa","image":{"@type":"ImageObject","inLanguage":"pt-BR","@id":"https:\/\/www.sitsesp.org.br\/novo\/#\/schema\/person\/image\/","url":"https:\/\/secure.gravatar.com\/avatar\/8d6ccd8d7d52b8959f34154e87d3fa29?s=96&d=mm&r=g","contentUrl":"https:\/\/secure.gravatar.com\/avatar\/8d6ccd8d7d52b8959f34154e87d3fa29?s=96&d=mm&r=g","caption":"imprensa"}}]}},"_links":{"self":[{"href":"https:\/\/www.sitsesp.org.br\/novo\/wp-json\/wp\/v2\/posts\/4962"}],"collection":[{"href":"https:\/\/www.sitsesp.org.br\/novo\/wp-json\/wp\/v2\/posts"}],"about":[{"href":"https:\/\/www.sitsesp.org.br\/novo\/wp-json\/wp\/v2\/types\/post"}],"author":[{"embeddable":true,"href":"https:\/\/www.sitsesp.org.br\/novo\/wp-json\/wp\/v2\/users\/5"}],"replies":[{"embeddable":true,"href":"https:\/\/www.sitsesp.org.br\/novo\/wp-json\/wp\/v2\/comments?post=4962"}],"version-history":[{"count":2,"href":"https:\/\/www.sitsesp.org.br\/novo\/wp-json\/wp\/v2\/posts\/4962\/revisions"}],"predecessor-version":[{"id":4965,"href":"https:\/\/www.sitsesp.org.br\/novo\/wp-json\/wp\/v2\/posts\/4962\/revisions\/4965"}],"wp:featuredmedia":[{"embeddable":true,"href":"https:\/\/www.sitsesp.org.br\/novo\/wp-json\/wp\/v2\/media\/4963"}],"wp:attachment":[{"href":"https:\/\/www.sitsesp.org.br\/novo\/wp-json\/wp\/v2\/media?parent=4962"}],"wp:term":[{"taxonomy":"category","embeddable":true,"href":"https:\/\/www.sitsesp.org.br\/novo\/wp-json\/wp\/v2\/categories?post=4962"},{"taxonomy":"post_tag","embeddable":true,"href":"https:\/\/www.sitsesp.org.br\/novo\/wp-json\/wp\/v2\/tags?post=4962"}],"curies":[{"name":"wp","href":"https:\/\/api.w.org\/{rel}","templated":true}]}}