{"id":5006,"date":"2020-12-07T18:29:34","date_gmt":"2020-12-07T21:29:34","guid":{"rendered":"https:\/\/sitsesp.org.br\/novo\/?p=5006"},"modified":"2020-12-07T18:33:40","modified_gmt":"2020-12-07T21:33:40","slug":"mensagem-da-presidente-claudia-maria-agora-e-greve-a-partir-de-09-de-dezembro","status":"publish","type":"post","link":"https:\/\/www.sitsesp.org.br\/novo\/mensagem-da-presidente-claudia-maria-agora-e-greve-a-partir-de-09-de-dezembro\/","title":{"rendered":"MENSAGEM DA PRESIDENTE CLAUDIA MARIA | AGORA \u00c9 GREVE A PARTIR DE 09 DE DEZEMBRO"},"content":{"rendered":"<p><!-- VideographyWP Plugin Message: Automatic video embedding prevented by plugin options. --><br \/>\n<div style=\"width: 480px;\" class=\"wp-video\"><!--[if lt IE 9]><script>document.createElement('video');<\/script><![endif]-->\n<video class=\"wp-video-shortcode\" id=\"video-5006-1\" width=\"480\" height=\"320\" preload=\"metadata\" controls=\"controls\"><source type=\"video\/mp4\" src=\"https:\/\/sitsesp.org.br\/novo\/wp-content\/uploads\/2020\/12\/mensage.mp4?_=1\" \/><a href=\"https:\/\/sitsesp.org.br\/novo\/wp-content\/uploads\/2020\/12\/mensage.mp4\">https:\/\/sitsesp.org.br\/novo\/wp-content\/uploads\/2020\/12\/mensage.mp4<\/a><\/video><\/div><\/p>\n<p>MENSAGEM DA PRESIDENTE CLAUDIA MARIA | AGORA \u00c9 GREVE A PARTIR DE 09 DE DEZEMBRO<\/p>\n","protected":false},"excerpt":{"rendered":"<p>MENSAGEM DA PRESIDENTE CLAUDIA MARIA | AGORA \u00c9 GREVE A PARTIR DE 09 DE DEZEMBRO<\/p>\n","protected":false},"author":5,"featured_media":5008,"comment_status":"open","ping_status":"open","sticky":false,"template":"","format":"standard","meta":{"cybocfi_hide_featured_image":"","footnotes":""},"categories":[27,22,34],"tags":[],"yoast_head":"<!-- This site is optimized with the Yoast SEO plugin v22.8 - https:\/\/yoast.com\/wordpress\/plugins\/seo\/ -->\n<title>MENSAGEM DA PRESIDENTE CLAUDIA MARIA | AGORA \u00c9 GREVE A PARTIR DE 09 DE DEZEMBRO - SITSESP<\/title>\n<meta name=\"robots\" content=\"index, follow, max-snippet:-1, max-image-preview:large, max-video-preview:-1\" \/>\n<link rel=\"canonical\" href=\"https:\/\/www.sitsesp.org.br\/novo\/mensagem-da-presidente-claudia-maria-agora-e-greve-a-partir-de-09-de-dezembro\/\" \/>\n<meta property=\"og:locale\" content=\"pt_BR\" \/>\n<meta property=\"og:type\" content=\"article\" \/>\n<meta property=\"og:title\" content=\"MENSAGEM DA PRESIDENTE CLAUDIA MARIA | AGORA \u00c9 GREVE A PARTIR DE 09 DE DEZEMBRO - SITSESP\" \/>\n<meta property=\"og:description\" content=\"MENSAGEM DA PRESIDENTE CLAUDIA MARIA | AGORA \u00c9 GREVE A PARTIR DE 09 DE DEZEMBRO\" \/>\n<meta property=\"og:url\" content=\"https:\/\/www.sitsesp.org.br\/novo\/mensagem-da-presidente-claudia-maria-agora-e-greve-a-partir-de-09-de-dezembro\/\" \/>\n<meta property=\"og:site_name\" content=\"SITSESP\" \/>\n<meta property=\"article:published_time\" content=\"2020-12-07T21:29:34+00:00\" \/>\n<meta property=\"article:modified_time\" content=\"2020-12-07T21:33:40+00:00\" \/>\n<meta property=\"og:image\" content=\"https:\/\/www.sitsesp.org.br\/novo\/wp-content\/uploads\/2020\/12\/mar.jpg\" \/>\n\t<meta property=\"og:image:width\" content=\"800\" \/>\n\t<meta property=\"og:image:height\" content=\"600\" \/>\n\t<meta property=\"og:image:type\" content=\"image\/jpeg\" \/>\n<meta name=\"author\" content=\"imprensa\" \/>\n<meta name=\"twitter:card\" content=\"summary_large_image\" \/>\n<meta name=\"twitter:label1\" content=\"Escrito por\" \/>\n\t<meta name=\"twitter:data1\" content=\"imprensa\" \/>\n<script type=\"application\/ld+json\" class=\"yoast-schema-graph\">{\"@context\":\"https:\/\/schema.org\",\"@graph\":[{\"@type\":\"Article\",\"@id\":\"https:\/\/www.sitsesp.org.br\/novo\/mensagem-da-presidente-claudia-maria-agora-e-greve-a-partir-de-09-de-dezembro\/#article\",\"isPartOf\":{\"@id\":\"https:\/\/www.sitsesp.org.br\/novo\/mensagem-da-presidente-claudia-maria-agora-e-greve-a-partir-de-09-de-dezembro\/\"},\"author\":{\"name\":\"imprensa\",\"@id\":\"https:\/\/www.sitsesp.org.br\/novo\/#\/schema\/person\/28e42eec160f373e81d0183b3643edbf\"},\"headline\":\"MENSAGEM DA PRESIDENTE CLAUDIA MARIA | AGORA \u00c9 GREVE A PARTIR DE 09 DE DEZEMBRO\",\"datePublished\":\"2020-12-07T21:29:34+00:00\",\"dateModified\":\"2020-12-07T21:33:40+00:00\",\"mainEntityOfPage\":{\"@id\":\"https:\/\/www.sitsesp.org.br\/novo\/mensagem-da-presidente-claudia-maria-agora-e-greve-a-partir-de-09-de-dezembro\/\"},\"wordCount\":38,\"commentCount\":0,\"publisher\":{\"@id\":\"https:\/\/www.sitsesp.org.br\/novo\/#organization\"},\"image\":{\"@id\":\"https:\/\/www.sitsesp.org.br\/novo\/mensagem-da-presidente-claudia-maria-agora-e-greve-a-partir-de-09-de-dezembro\/#primaryimage\"},\"thumbnailUrl\":\"https:\/\/www.sitsesp.org.br\/novo\/wp-content\/uploads\/2020\/12\/mar.jpg\",\"articleSection\":[\"Destaque\",\"Noticias\",\"V\u00eddeos\"],\"inLanguage\":\"pt-BR\",\"potentialAction\":[{\"@type\":\"CommentAction\",\"name\":\"Comment\",\"target\":[\"https:\/\/www.sitsesp.org.br\/novo\/mensagem-da-presidente-claudia-maria-agora-e-greve-a-partir-de-09-de-dezembro\/#respond\"]}]},{\"@type\":\"WebPage\",\"@id\":\"https:\/\/www.sitsesp.org.br\/novo\/mensagem-da-presidente-claudia-maria-agora-e-greve-a-partir-de-09-de-dezembro\/\",\"url\":\"https:\/\/www.sitsesp.org.br\/novo\/mensagem-da-presidente-claudia-maria-agora-e-greve-a-partir-de-09-de-dezembro\/\",\"name\":\"MENSAGEM DA PRESIDENTE CLAUDIA MARIA | AGORA \u00c9 GREVE A PARTIR DE 09 DE DEZEMBRO - SITSESP\",\"isPartOf\":{\"@id\":\"https:\/\/www.sitsesp.org.br\/novo\/#website\"},\"primaryImageOfPage\":{\"@id\":\"https:\/\/www.sitsesp.org.br\/novo\/mensagem-da-presidente-claudia-maria-agora-e-greve-a-partir-de-09-de-dezembro\/#primaryimage\"},\"image\":{\"@id\":\"https:\/\/www.sitsesp.org.br\/novo\/mensagem-da-presidente-claudia-maria-agora-e-greve-a-partir-de-09-de-dezembro\/#primaryimage\"},\"thumbnailUrl\":\"https:\/\/www.sitsesp.org.br\/novo\/wp-content\/uploads\/2020\/12\/mar.jpg\",\"datePublished\":\"2020-12-07T21:29:34+00:00\",\"dateModified\":\"2020-12-07T21:33:40+00:00\",\"breadcrumb\":{\"@id\":\"https:\/\/www.sitsesp.org.br\/novo\/mensagem-da-presidente-claudia-maria-agora-e-greve-a-partir-de-09-de-dezembro\/#breadcrumb\"},\"inLanguage\":\"pt-BR\",\"potentialAction\":[{\"@type\":\"ReadAction\",\"target\":[\"https:\/\/www.sitsesp.org.br\/novo\/mensagem-da-presidente-claudia-maria-agora-e-greve-a-partir-de-09-de-dezembro\/\"]}]},{\"@type\":\"ImageObject\",\"inLanguage\":\"pt-BR\",\"@id\":\"https:\/\/www.sitsesp.org.br\/novo\/mensagem-da-presidente-claudia-maria-agora-e-greve-a-partir-de-09-de-dezembro\/#primaryimage\",\"url\":\"https:\/\/www.sitsesp.org.br\/novo\/wp-content\/uploads\/2020\/12\/mar.jpg\",\"contentUrl\":\"https:\/\/www.sitsesp.org.br\/novo\/wp-content\/uploads\/2020\/12\/mar.jpg\",\"width\":800,\"height\":600},{\"@type\":\"BreadcrumbList\",\"@id\":\"https:\/\/www.sitsesp.org.br\/novo\/mensagem-da-presidente-claudia-maria-agora-e-greve-a-partir-de-09-de-dezembro\/#breadcrumb\",\"itemListElement\":[{\"@type\":\"ListItem\",\"position\":1,\"name\":\"In\u00edcio\",\"item\":\"https:\/\/www.sitsesp.org.br\/novo\/\"},{\"@type\":\"ListItem\",\"position\":2,\"name\":\"MENSAGEM DA PRESIDENTE CLAUDIA MARIA | AGORA \u00c9 GREVE A PARTIR DE 09 DE DEZEMBRO\"}]},{\"@type\":\"WebSite\",\"@id\":\"https:\/\/www.sitsesp.org.br\/novo\/#website\",\"url\":\"https:\/\/www.sitsesp.org.br\/novo\/\",\"name\":\"Sitsesp\",\"description\":\"SIndicato da Socioeduca\u00e7\u00e3o do Estado de S\u00e3o Paulo\",\"publisher\":{\"@id\":\"https:\/\/www.sitsesp.org.br\/novo\/#organization\"},\"potentialAction\":[{\"@type\":\"SearchAction\",\"target\":{\"@type\":\"EntryPoint\",\"urlTemplate\":\"https:\/\/www.sitsesp.org.br\/novo\/?s={search_term_string}\"},\"query-input\":\"required name=search_term_string\"}],\"inLanguage\":\"pt-BR\"},{\"@type\":\"Organization\",\"@id\":\"https:\/\/www.sitsesp.org.br\/novo\/#organization\",\"name\":\"Sitsesp\",\"url\":\"https:\/\/www.sitsesp.org.br\/novo\/\",\"logo\":{\"@type\":\"ImageObject\",\"inLanguage\":\"pt-BR\",\"@id\":\"https:\/\/www.sitsesp.org.br\/novo\/#\/schema\/logo\/image\/\",\"url\":\"https:\/\/www.sitsesp.org.br\/novo\/wp-content\/uploads\/2020\/09\/Design-sem-nome-1.jpg\",\"contentUrl\":\"https:\/\/www.sitsesp.org.br\/novo\/wp-content\/uploads\/2020\/09\/Design-sem-nome-1.jpg\",\"width\":300,\"height\":300,\"caption\":\"Sitsesp\"},\"image\":{\"@id\":\"https:\/\/www.sitsesp.org.br\/novo\/#\/schema\/logo\/image\/\"}},{\"@type\":\"Person\",\"@id\":\"https:\/\/www.sitsesp.org.br\/novo\/#\/schema\/person\/28e42eec160f373e81d0183b3643edbf\",\"name\":\"imprensa\",\"image\":{\"@type\":\"ImageObject\",\"inLanguage\":\"pt-BR\",\"@id\":\"https:\/\/www.sitsesp.org.br\/novo\/#\/schema\/person\/image\/\",\"url\":\"https:\/\/secure.gravatar.com\/avatar\/8d6ccd8d7d52b8959f34154e87d3fa29?s=96&d=mm&r=g\",\"contentUrl\":\"https:\/\/secure.gravatar.com\/avatar\/8d6ccd8d7d52b8959f34154e87d3fa29?s=96&d=mm&r=g\",\"caption\":\"imprensa\"}}]}<\/script>\n<!-- \/ Yoast SEO plugin. -->","yoast_head_json":{"title":"MENSAGEM DA PRESIDENTE CLAUDIA MARIA | AGORA \u00c9 GREVE A PARTIR DE 09 DE DEZEMBRO - SITSESP","robots":{"index":"index","follow":"follow","max-snippet":"max-snippet:-1","max-image-preview":"max-image-preview:large","max-video-preview":"max-video-preview:-1"},"canonical":"https:\/\/www.sitsesp.org.br\/novo\/mensagem-da-presidente-claudia-maria-agora-e-greve-a-partir-de-09-de-dezembro\/","og_locale":"pt_BR","og_type":"article","og_title":"MENSAGEM DA PRESIDENTE CLAUDIA MARIA | AGORA \u00c9 GREVE A PARTIR DE 09 DE DEZEMBRO - SITSESP","og_description":"MENSAGEM DA PRESIDENTE CLAUDIA MARIA | AGORA \u00c9 GREVE A PARTIR DE 09 DE DEZEMBRO","og_url":"https:\/\/www.sitsesp.org.br\/novo\/mensagem-da-presidente-claudia-maria-agora-e-greve-a-partir-de-09-de-dezembro\/","og_site_name":"SITSESP","article_published_time":"2020-12-07T21:29:34+00:00","article_modified_time":"2020-12-07T21:33:40+00:00","og_image":[{"width":800,"height":600,"url":"https:\/\/www.sitsesp.org.br\/novo\/wp-content\/uploads\/2020\/12\/mar.jpg","type":"image\/jpeg"}],"author":"imprensa","twitter_card":"summary_large_image","twitter_misc":{"Escrito por":"imprensa"},"schema":{"@context":"https:\/\/schema.org","@graph":[{"@type":"Article","@id":"https:\/\/www.sitsesp.org.br\/novo\/mensagem-da-presidente-claudia-maria-agora-e-greve-a-partir-de-09-de-dezembro\/#article","isPartOf":{"@id":"https:\/\/www.sitsesp.org.br\/novo\/mensagem-da-presidente-claudia-maria-agora-e-greve-a-partir-de-09-de-dezembro\/"},"author":{"name":"imprensa","@id":"https:\/\/www.sitsesp.org.br\/novo\/#\/schema\/person\/28e42eec160f373e81d0183b3643edbf"},"headline":"MENSAGEM DA PRESIDENTE CLAUDIA MARIA | AGORA \u00c9 GREVE A PARTIR DE 09 DE DEZEMBRO","datePublished":"2020-12-07T21:29:34+00:00","dateModified":"2020-12-07T21:33:40+00:00","mainEntityOfPage":{"@id":"https:\/\/www.sitsesp.org.br\/novo\/mensagem-da-presidente-claudia-maria-agora-e-greve-a-partir-de-09-de-dezembro\/"},"wordCount":38,"commentCount":0,"publisher":{"@id":"https:\/\/www.sitsesp.org.br\/novo\/#organization"},"image":{"@id":"https:\/\/www.sitsesp.org.br\/novo\/mensagem-da-presidente-claudia-maria-agora-e-greve-a-partir-de-09-de-dezembro\/#primaryimage"},"thumbnailUrl":"https:\/\/www.sitsesp.org.br\/novo\/wp-content\/uploads\/2020\/12\/mar.jpg","articleSection":["Destaque","Noticias","V\u00eddeos"],"inLanguage":"pt-BR","potentialAction":[{"@type":"CommentAction","name":"Comment","target":["https:\/\/www.sitsesp.org.br\/novo\/mensagem-da-presidente-claudia-maria-agora-e-greve-a-partir-de-09-de-dezembro\/#respond"]}]},{"@type":"WebPage","@id":"https:\/\/www.sitsesp.org.br\/novo\/mensagem-da-presidente-claudia-maria-agora-e-greve-a-partir-de-09-de-dezembro\/","url":"https:\/\/www.sitsesp.org.br\/novo\/mensagem-da-presidente-claudia-maria-agora-e-greve-a-partir-de-09-de-dezembro\/","name":"MENSAGEM DA PRESIDENTE CLAUDIA MARIA | AGORA \u00c9 GREVE A PARTIR DE 09 DE DEZEMBRO - SITSESP","isPartOf":{"@id":"https:\/\/www.sitsesp.org.br\/novo\/#website"},"primaryImageOfPage":{"@id":"https:\/\/www.sitsesp.org.br\/novo\/mensagem-da-presidente-claudia-maria-agora-e-greve-a-partir-de-09-de-dezembro\/#primaryimage"},"image":{"@id":"https:\/\/www.sitsesp.org.br\/novo\/mensagem-da-presidente-claudia-maria-agora-e-greve-a-partir-de-09-de-dezembro\/#primaryimage"},"thumbnailUrl":"https:\/\/www.sitsesp.org.br\/novo\/wp-content\/uploads\/2020\/12\/mar.jpg","datePublished":"2020-12-07T21:29:34+00:00","dateModified":"2020-12-07T21:33:40+00:00","breadcrumb":{"@id":"https:\/\/www.sitsesp.org.br\/novo\/mensagem-da-presidente-claudia-maria-agora-e-greve-a-partir-de-09-de-dezembro\/#breadcrumb"},"inLanguage":"pt-BR","potentialAction":[{"@type":"ReadAction","target":["https:\/\/www.sitsesp.org.br\/novo\/mensagem-da-presidente-claudia-maria-agora-e-greve-a-partir-de-09-de-dezembro\/"]}]},{"@type":"ImageObject","inLanguage":"pt-BR","@id":"https:\/\/www.sitsesp.org.br\/novo\/mensagem-da-presidente-claudia-maria-agora-e-greve-a-partir-de-09-de-dezembro\/#primaryimage","url":"https:\/\/www.sitsesp.org.br\/novo\/wp-content\/uploads\/2020\/12\/mar.jpg","contentUrl":"https:\/\/www.sitsesp.org.br\/novo\/wp-content\/uploads\/2020\/12\/mar.jpg","width":800,"height":600},{"@type":"BreadcrumbList","@id":"https:\/\/www.sitsesp.org.br\/novo\/mensagem-da-presidente-claudia-maria-agora-e-greve-a-partir-de-09-de-dezembro\/#breadcrumb","itemListElement":[{"@type":"ListItem","position":1,"name":"In\u00edcio","item":"https:\/\/www.sitsesp.org.br\/novo\/"},{"@type":"ListItem","position":2,"name":"MENSAGEM DA PRESIDENTE CLAUDIA MARIA | AGORA \u00c9 GREVE A PARTIR DE 09 DE DEZEMBRO"}]},{"@type":"WebSite","@id":"https:\/\/www.sitsesp.org.br\/novo\/#website","url":"https:\/\/www.sitsesp.org.br\/novo\/","name":"Sitsesp","description":"SIndicato da Socioeduca\u00e7\u00e3o do Estado de S\u00e3o Paulo","publisher":{"@id":"https:\/\/www.sitsesp.org.br\/novo\/#organization"},"potentialAction":[{"@type":"SearchAction","target":{"@type":"EntryPoint","urlTemplate":"https:\/\/www.sitsesp.org.br\/novo\/?s={search_term_string}"},"query-input":"required name=search_term_string"}],"inLanguage":"pt-BR"},{"@type":"Organization","@id":"https:\/\/www.sitsesp.org.br\/novo\/#organization","name":"Sitsesp","url":"https:\/\/www.sitsesp.org.br\/novo\/","logo":{"@type":"ImageObject","inLanguage":"pt-BR","@id":"https:\/\/www.sitsesp.org.br\/novo\/#\/schema\/logo\/image\/","url":"https:\/\/www.sitsesp.org.br\/novo\/wp-content\/uploads\/2020\/09\/Design-sem-nome-1.jpg","contentUrl":"https:\/\/www.sitsesp.org.br\/novo\/wp-content\/uploads\/2020\/09\/Design-sem-nome-1.jpg","width":300,"height":300,"caption":"Sitsesp"},"image":{"@id":"https:\/\/www.sitsesp.org.br\/novo\/#\/schema\/logo\/image\/"}},{"@type":"Person","@id":"https:\/\/www.sitsesp.org.br\/novo\/#\/schema\/person\/28e42eec160f373e81d0183b3643edbf","name":"imprensa","image":{"@type":"ImageObject","inLanguage":"pt-BR","@id":"https:\/\/www.sitsesp.org.br\/novo\/#\/schema\/person\/image\/","url":"https:\/\/secure.gravatar.com\/avatar\/8d6ccd8d7d52b8959f34154e87d3fa29?s=96&d=mm&r=g","contentUrl":"https:\/\/secure.gravatar.com\/avatar\/8d6ccd8d7d52b8959f34154e87d3fa29?s=96&d=mm&r=g","caption":"imprensa"}}]}},"_links":{"self":[{"href":"https:\/\/www.sitsesp.org.br\/novo\/wp-json\/wp\/v2\/posts\/5006"}],"collection":[{"href":"https:\/\/www.sitsesp.org.br\/novo\/wp-json\/wp\/v2\/posts"}],"about":[{"href":"https:\/\/www.sitsesp.org.br\/novo\/wp-json\/wp\/v2\/types\/post"}],"author":[{"embeddable":true,"href":"https:\/\/www.sitsesp.org.br\/novo\/wp-json\/wp\/v2\/users\/5"}],"replies":[{"embeddable":true,"href":"https:\/\/www.sitsesp.org.br\/novo\/wp-json\/wp\/v2\/comments?post=5006"}],"version-history":[{"count":3,"href":"https:\/\/www.sitsesp.org.br\/novo\/wp-json\/wp\/v2\/posts\/5006\/revisions"}],"predecessor-version":[{"id":5011,"href":"https:\/\/www.sitsesp.org.br\/novo\/wp-json\/wp\/v2\/posts\/5006\/revisions\/5011"}],"wp:featuredmedia":[{"embeddable":true,"href":"https:\/\/www.sitsesp.org.br\/novo\/wp-json\/wp\/v2\/media\/5008"}],"wp:attachment":[{"href":"https:\/\/www.sitsesp.org.br\/novo\/wp-json\/wp\/v2\/media?parent=5006"}],"wp:term":[{"taxonomy":"category","embeddable":true,"href":"https:\/\/www.sitsesp.org.br\/novo\/wp-json\/wp\/v2\/categories?post=5006"},{"taxonomy":"post_tag","embeddable":true,"href":"https:\/\/www.sitsesp.org.br\/novo\/wp-json\/wp\/v2\/tags?post=5006"}],"curies":[{"name":"wp","href":"https:\/\/api.w.org\/{rel}","templated":true}]}}